{"id":80211,"date":"2010-06-24T15:01:53","date_gmt":"2010-06-24T15:01:53","guid":{"rendered":"https:\/\/dev.president-ksgov.net\/david-leddington-nezavisnost-kosova-je-utvrdjena-cinjenica-ne-moe-biti-povratka-natrag\/"},"modified":"2010-06-24T15:01:53","modified_gmt":"2010-06-24T15:01:53","slug":"david-leddington-nezavisnost-kosova-je-utvrdjena-cinjenica-ne-moe-biti-povratka-natrag","status":"publish","type":"post","link":"https:\/\/president-ksgov.net\/sr\/david-leddington-nezavisnost-kosova-je-utvrdjena-cinjenica-ne-moe-biti-povratka-natrag\/","title":{"rendered":"David Leddington: Nezavisnost Kosova je utvr\u0111ena \u010dinjenica, ne mo&#158;e biti povratka natrag"},"content":{"rendered":"<p>Predsednik Republike Kosova, dr. Fatmir Sejdiu je primio g-dina David Leddington, Ministar za Evropu Ujedinjenog Kraljevstva.<\/p>\n<p>Nakon &#353;to je izrazio ve\u010ditu zahvalnost naroda i institucija Kosova za stalnu podr&#353;ku koju je Ujedinjeno Kraljevstvo dala i daje Republici Kosova, Predsednik Sejdiu je \u010destitao novu du&#382;nost ministru i izrazio mu srda\u010dne \u010destitke za novog premijera Ujedinjenog Kraljevstva i za Njeno Veli\u0107antvo, Kraljicu Elizabeth.<\/p>\n<p>Na sastanku je prisustvovao i ministar Inostranih Poslova Republike Kosova, g-din Skender Hyseni.<\/p>\n<p>Predsednik Sejdiu i ministar David Leddington na sastanku su razgovarali aktualne procese kroz koje je prolazila Kosova, za izazove koje imamo pred sobom, ali i za do sada postignute rezultate.<\/p>\n<p>&#8220;Izrazili smo na&#353;u posve\u0107enost, kao i uvek, da Kosova jeste i osta\u0107e domovina svih gra\u0111ana, bez obzira na etni\u010dko poreklo, jer Kosova &#382;eli da ubrzano krene u evropsko-atlantske procese, jer je Kosova stvorila jednu ustrajnu strukturu zakonodavnog korpusa za inostrane investicije i za br&#382;i ekonomski razvoj&#8221;, naglasio je Predsednik Sejdiu.<\/p>\n<p>On je tako\u0111e istakao \u010dinjenicu da Kosova ima dobre odnose sa njenim susedima i da je interesovana da ovakve dobre odnose ima i sa Republikom Srbijom. <\/p>\n<p>&#8220;Verujem da \u0107e budu\u0107nost biti u korist ovoga, nezavisno od dosada&#353;njeg iracionalnog i napetog pristupa kojem se Srbija dr&#382;i spram Kosova&#8221;, potvrdio je Predsednik.<\/p>\n<p>Dok u vezi sa zadnjim izborima u novoj op&#353;tini Parte&#353;, Predsednik Sejdiu je rekao da veliko u\u010de&#353;\u0107e Srba u zadnjim izborima jeste dokaz dobrog anga&#382;ovanja institucija zemlje, gra\u0111ani i me\u0111unarodna zajednica da bismo imali dobar proces i opu&#353;tanja za dobre me\u0111unacionalne odnose na Kosovu.<\/p>\n<p>Na zajedni\u010dkoj konferenciji za medije sa ministrom David Leddington, Predsednik Sejdiu je odgovorio na pitanja novinara o &#8220;izlaznoj strategiji&#8221; Kosova, nakon odluke MSP, kojom prilikom re\u010de da &#8220;Kosova ima svoj izlaz na dan 17 Februar 2008 godine i pripojila se porodici slobodnih zemalja, te savetodavno mi&#353;ljenje MSP ne mo&#382;e biti protiv argumenata slobode jednog naroda&#8221;.<\/p>\n<p>&#8220;Kosova, nezavisna dr&#382;ava, ima njen me\u0111unarodno garantovani integritet i volju njenog naroda tako da trgovina koja se \u010dini u razno raznim zakulisnim odajama i \u0107o&#353;kovima je apsolutno neprihvatljiva&#8221;, istakao je Predsednik Sejdiu.<\/p>\n<p>Upitan od novinara da komentira pisanje nekih medija da slu&#382;bena poseta Predsednika Sejdiu pre nekoliko dana u dr&#382;avi Malavi, kao tobo&#382; je kori&#353;\u0107ena i za odre\u0111eni biznis, Predsednik Sejdiu je potvrdio &#8220;da je \u010ditao takve napise koji su pristup pojedinaca\/ljudi koji &#382;ele pisati u novinama&#8221;.<\/p>\n<p>&#8220;Nastavi\u0107u svoje puno anga&#382;ovanje za interese Republike Kosova, da bismo imali mogu\u0107nost razvoja saradnje sa zemljama raznih kontinenata za interese Republike Kosova, sa aspekta novih priznanja, ali i za njen ekonomski razvoj&#8221;, re\u010de on.<\/p>\n<p>&#8220;Ovo je vreme slobodnog tr&#382;i&#353;ta, izbora svakog sa kim &#382;eli da sara\u0111uje i u smislu interesa, govorim o gra\u0111anima, biznismenima i o svim drugima i sme&#353;no je ono &#353;to je napisano u takvom tipu novina. Znam ciljeve, nije ne&#353;to &#353;to me povla\u010di van koloseka fokus rada koji imam za interese zemlje koju predstavljam i na kraju ja sam imao sa sobom jednu ekipu dobrih ljudi koji su bili samnom i koji imaju potpune registracije sa te posete&#8221;, re\u010de Predsednik Sejdiu.<\/p>\n<p>Dok ministar David Leddington je naglasio da je ovo njegova prva poseta na Kosovu u svojstvu ministra za Evropu u Britanskoj Vladi.<\/p>\n<p>&#8220;Imao sam mogu\u0107nost da se zahvalim Predsedniku za njegovu dobrodo&#353;licu i da mu prenesem dobre li\u010dne &#382;elje za podr&#353;ku mog Premijera David Cameron i da ka&#382;em Predsedniku da \u0107e nova britanska vlada ostati odlu\u010dna u njenoj podr&#353;ci za nezavisnost Kosova i u njenom suprotstavljanju svakom razgovoru o podeli ili ponovnom razmatranju pitanja statusa Kosova&#8220;, re\u010de on.<\/p>\n<p>&#8222;Imao sam mogu\u0107nost da Predsedniku \u010destitan za uspele zadnje izbore u Parte&#353;u, koje su meni jako ohrabruju\u0107i signal razvoja programa decentralizacije i kao signal nade za budu\u0107nost Kosova kao demokratske multietni\u010dke dr&#382;ave. Nadam se da \u0107e nam o\u010dekivano mi&#353;ljenje MSP dati mogu\u0107nost da krenemo napred, da se ne zaokupljamo u novim diskusijama o stvarima o kojima je ve\u0107 ranije odlu\u010deno, odnosno o nezavisnosti Kosova, nego u dijalog izme\u0111u Kosova i Srbije o prakti\u010dnim pitanjima koja mogu promeniti &#382;ivot obi\u010dnih gra\u0111ana u obema zemljama. Uveravao sam Predsednika da Vlada Ujedinjenog Kraljevstva s nestrpljenje o\u010dekuje da podr&#382;ava Kosovo u njenim aspiracijama za \u010dlanstvo u Evropsku Zajednicu i NATO i da \u0107e mi mir, zajedno sa na&#353;i evropskim partnerima, raditi sa institucijama EZ-e da osiguramo jedan uspe&#353;an zavr&#353;etak ovog procesa \u010dlanstva&#8220;, re\u010de ministar David Leddingtom.<\/p>\n<p>&#8220;Nezavisnost Kosova je utvr\u0111ena \u010dinjenica. Ne mo&#382;e biti povratka natrag od ove \u010dinjenice. Britanija, zajedno se evropskim partnerima se sprema, sa Baronicom Eshton, sa Komisioneron Fuller i sa evropskim institucijama, za &#353;ta mi nameravamo da to bude jedna usagla&#353;ena reakcija od EZ, odmah nakon objavljivanja mi&#353;ljenja MSP, &#353;to bi imalo za cilj da stvari krenu napred i &#353;to bi podr&#382;alo jedan konstruktivni dijalog izme\u0111u Kosova i Srbije o prakti\u010dnim pitanjima: trgovini, slobodno kretanje gra\u0111ana&#8230; zajedni\u010dke ambicije dveju zemlja za \u010dlanstvo u Evropsku Zajednicu. O\u010dekujemo, s nestrpljenjem, dan kada \u0107e i Kosova i Srbija mo\u0107i da se u\u010dlane u Evropsku Zajednicu&#8221;, re\u010de u nastavku ministar David Leddington, odgovaraju\u0107i na pitanja novinara.<\/p>\n<p>Na dalje upitan o \u010dlanstvu Srbije u EZ, ministar Leddington da je to jedna vrlo rana etapa &#353;to se ti\u010de \u010dlanstva Srbije u EZ. &#8220;Mislim da je te&#353;ko zami&#353;ljati da Srbija mo&#382;e da se u\u010dlani u EZ, ukoliko postoji stanje neprijateljstva izme\u0111u Srbije i Kosova. Mislim da ono &#353;to je va&#382;no nagla&#353;avati u ovoj fazi- i &#353;to mi u Londonu, i &#353;to druge dr&#382;ave \u010dlanice ka&#382;u Beogradu &#8211; jeste da mi &#382;elimo da se vi potpuno u\u010dlanite u evropsku porodicu, s toga da po\u010dnemo ozbiljno razgovarati o na\u010dinu kako vi mo&#382;ete ovo posti\u0107i. Jedan deo ovog procesa uspostavljanja punih odnosa sa modernom Evropom se odnosi na iznala&#382;enje mirnog na\u010dina za re&#353;avanje suprotnosti sa va&#353;im susedima, a ne povratkom na stare prevazi\u0111ene na\u010dine pro&#353;losti. O\u010dekujemo od srpskih lidera da se priklju\u010de konstruktivnom dijalogu sa nama za iznala&#382;enje mirnog na\u010dina kretanja napred. Ne znam koliko \u0107e godina zatrebati, ali se nadan da \u0107e jednog dana u na&#353;em &#382;ivotu granica izme\u0111u Kosova i Srbije biti onoliko va&#382;na koliko i granica izme\u0111u Belgije i Luksemburga&#8221;, re\u010de on.<\/p>\n<p>Upitan da li je vreme da EULEX pokazuje konkretne rezultate u borbi protiv korupcije i organizovanog kriminala, ministar Leddington je odgovorio: &#8220;Ja mislim da je va&#382;no da EULEX ima uspeha. Imao sam jedan razgovor sa Yves de Kermabon ovog jutra o EULEX-u i jedna od poruka koju \u0107u ja preneti u London jeste da treba da mislimo vi&#353;e u Evropi kako da ja\u010damo misiju EULEX-a i profil EULEX-a na Kosovu, obuhvataju\u0107i i sever Kosova, gde je evidentno nai&#353;ao na pote&#353;ko\u0107e. Ja se nadam da \u0107e oni ubrzo posti\u0107i jedan vi&#353;i profil i da \u0107e biti aktivniji na severu Kosova nego &#353;to su bili do sada. Trebamo uklju\u010diti ljude na posao, naro\u010dito mlade, u celom Kosovu, bili oni Albanci ili Srbi; da im ponudimo karijeru koja \u0107e njima dati realnu nadu za njihovu budu\u0107nost. Bit \u0107emo uspe&#353;niji u privla\u010denje investicija u ovu zemlju, ukoliko ima politi\u010dke stabilnosti i ukoliko ima jasne podr&#353;ke svugde za vladanju zakona i za borbu protiv korupcije&#8221;. <\/p>\n<p>&#8220;Moja poruka u ovom slu\u010daju bi obuhvatila dve stvari. Pre svega, da je nezavisnost Kosova realnost, da ne\u0107e biti nekog povratka natrag, da je nezavisnost usvojena na slobodan na\u010din glasovima naroda Kosova i da &#8211; kao &#353;to su izbori u Parte&#353; dokazali &#8211; ovde se pru&#382;aju mogu\u0107nosti pripadnicima raznih etni\u010dkih zajednica da provode jedan uspe&#353;an &#382;ivot i da sami upravljaju svoje poslove unutar konteksta Republike Kosova&#8221;, naglasio je ministar Leddington.<\/p>\n","protected":false},"excerpt":{"rendered":"<p>Predsednik Republike Kosova, dr. Fatmir Sejdiu je primio g-dina David Leddington, Ministar za Evropu Ujedinjenog Kraljevstva.<\/p>\n","protected":false},"author":1,"featured_media":63758,"comment_status":"open","ping_status":"closed","sticky":false,"template":"","format":"standard","meta":{"_eb_attr":"","footnotes":""},"categories":[101],"tags":[],"class_list":["post-80211","post","type-post","status-publish","format-standard","has-post-thumbnail","hentry","category-vesti"],"yoast_head":"<!-- This site is optimized with the Yoast SEO plugin v23.5 - https:\/\/yoast.com\/wordpress\/plugins\/seo\/ -->\n<title>David Leddington: Nezavisnost Kosova je utvr\u0111ena \u010dinjenica, ne mo&#158;e biti povratka natrag - Predsednik Republike Kosovo - DR. VJOSA OSMANI - SADRIU<\/title>\n<meta name=\"description\" content=\"David Leddington: Nezavisnost Kosova je utvr\u0111ena \u010dinjenica, ne mo&#158;e biti povratka natrag - Predsednik Republike Kosovo - DR. VJOSA OSMANI - SADRIU -\" \/>\n<meta name=\"robots\" content=\"index, follow, max-snippet:-1, max-image-preview:large, max-video-preview:-1\" \/>\n<link rel=\"canonical\" href=\"https:\/\/president-ksgov.net\/david-leddington-pavaresia-e-kosoves-eshte-nje-fakt-i-percaktuar-nuk-mund-te-kete-kthim-prapa\/\" \/>\n<meta property=\"og:locale\" content=\"sr_RS\" \/>\n<meta property=\"og:type\" content=\"article\" \/>\n<meta property=\"og:title\" content=\"David Leddington: Nezavisnost Kosova je utvr\u0111ena \u010dinjenica, ne mo&#158;e biti povratka natrag - Predsednik Republike Kosovo - DR. VJOSA OSMANI - SADRIU\" \/>\n<meta property=\"og:description\" content=\"David Leddington: Nezavisnost Kosova je utvr\u0111ena \u010dinjenica, ne mo&#158;e biti povratka natrag - Predsednik Republike Kosovo - DR. VJOSA OSMANI - SADRIU -\" \/>\n<meta property=\"og:url\" content=\"https:\/\/president-ksgov.net\/david-leddington-pavaresia-e-kosoves-eshte-nje-fakt-i-percaktuar-nuk-mund-te-kete-kthim-prapa\/\" \/>\n<meta property=\"og:site_name\" content=\"Predsednik Republike Kosovo - DR. VJOSA OSMANI - SADRIU\" \/>\n<meta property=\"article:published_time\" content=\"2010-06-24T15:01:53+00:00\" \/>\n<meta property=\"og:image\" content=\"https:\/\/president-ksgov.net\/wp-content\/uploads\/24_06_10_58206_24_06_2010_David_Leddington_Minister_per_Evrope_BM_1.jpg\" \/>\n\t<meta property=\"og:image:width\" content=\"1000\" \/>\n\t<meta property=\"og:image:height\" content=\"916\" \/>\n\t<meta property=\"og:image:type\" content=\"image\/jpeg\" \/>\n<meta name=\"author\" content=\"admin\" \/>\n<meta name=\"twitter:card\" content=\"summary_large_image\" \/>\n<meta name=\"twitter:label1\" content=\"\u041d\u0430\u043f\u0438\u0441\u0430\u043d\u043e \u043e\u0434\" \/>\n\t<meta name=\"twitter:data1\" content=\"admin\" \/>\n\t<meta name=\"twitter:label2\" content=\"\u041f\u0440\u043e\u0446\u0435\u045a\u0435\u043d\u043e \u0432\u0440\u0435\u043c\u0435 \u0447\u0438\u0442\u0430\u045a\u0430\" \/>\n\t<meta name=\"twitter:data2\" content=\"7 \u043c\u0438\u043d\u0443\u0442\u0430\" \/>\n<script type=\"application\/ld+json\" class=\"yoast-schema-graph\">{\"@context\":\"https:\/\/schema.org\",\"@graph\":[{\"@type\":\"WebPage\",\"@id\":\"https:\/\/president-ksgov.net\/david-leddington-pavaresia-e-kosoves-eshte-nje-fakt-i-percaktuar-nuk-mund-te-kete-kthim-prapa\/\",\"url\":\"https:\/\/president-ksgov.net\/david-leddington-pavaresia-e-kosoves-eshte-nje-fakt-i-percaktuar-nuk-mund-te-kete-kthim-prapa\/\",\"name\":\"David Leddington: Nezavisnost Kosova je utvr\u0111ena \u010dinjenica, ne mo&#158;e biti povratka natrag - Predsednik Republike Kosovo - DR. VJOSA OSMANI - SADRIU\",\"isPartOf\":{\"@id\":\"https:\/\/president-ksgov.net\/#website\"},\"primaryImageOfPage\":{\"@id\":\"https:\/\/president-ksgov.net\/david-leddington-pavaresia-e-kosoves-eshte-nje-fakt-i-percaktuar-nuk-mund-te-kete-kthim-prapa\/#primaryimage\"},\"image\":{\"@id\":\"https:\/\/president-ksgov.net\/david-leddington-pavaresia-e-kosoves-eshte-nje-fakt-i-percaktuar-nuk-mund-te-kete-kthim-prapa\/#primaryimage\"},\"thumbnailUrl\":\"https:\/\/president-ksgov.net\/wp-content\/uploads\/24_06_10_58206_24_06_2010_David_Leddington_Minister_per_Evrope_BM_1.jpg\",\"datePublished\":\"2010-06-24T15:01:53+00:00\",\"dateModified\":\"2010-06-24T15:01:53+00:00\",\"author\":{\"@id\":\"https:\/\/president-ksgov.net\/#\/schema\/person\/bb4337a5fb147cb2046d80548172cbee\"},\"description\":\"David Leddington: Nezavisnost Kosova je utvr\u0111ena \u010dinjenica, ne mo&#158;e biti povratka natrag - Predsednik Republike Kosovo - DR. VJOSA OSMANI - SADRIU -\",\"breadcrumb\":{\"@id\":\"https:\/\/president-ksgov.net\/david-leddington-pavaresia-e-kosoves-eshte-nje-fakt-i-percaktuar-nuk-mund-te-kete-kthim-prapa\/#breadcrumb\"},\"inLanguage\":\"sr-RS\",\"potentialAction\":[{\"@type\":\"ReadAction\",\"target\":[\"https:\/\/president-ksgov.net\/david-leddington-pavaresia-e-kosoves-eshte-nje-fakt-i-percaktuar-nuk-mund-te-kete-kthim-prapa\/\"]}]},{\"@type\":\"ImageObject\",\"inLanguage\":\"sr-RS\",\"@id\":\"https:\/\/president-ksgov.net\/david-leddington-pavaresia-e-kosoves-eshte-nje-fakt-i-percaktuar-nuk-mund-te-kete-kthim-prapa\/#primaryimage\",\"url\":\"https:\/\/president-ksgov.net\/wp-content\/uploads\/24_06_10_58206_24_06_2010_David_Leddington_Minister_per_Evrope_BM_1.jpg\",\"contentUrl\":\"https:\/\/president-ksgov.net\/wp-content\/uploads\/24_06_10_58206_24_06_2010_David_Leddington_Minister_per_Evrope_BM_1.jpg\",\"width\":1000,\"height\":916},{\"@type\":\"BreadcrumbList\",\"@id\":\"https:\/\/president-ksgov.net\/david-leddington-pavaresia-e-kosoves-eshte-nje-fakt-i-percaktuar-nuk-mund-te-kete-kthim-prapa\/#breadcrumb\",\"itemListElement\":[{\"@type\":\"ListItem\",\"position\":1,\"name\":\"Home\",\"item\":\"https:\/\/president-ksgov.net\/sr\/\"},{\"@type\":\"ListItem\",\"position\":2,\"name\":\"David Leddington: Nezavisnost Kosova je utvr\u0111ena \u010dinjenica, ne mo&#158;e biti povratka natrag\"}]},{\"@type\":\"WebSite\",\"@id\":\"https:\/\/president-ksgov.net\/#website\",\"url\":\"https:\/\/president-ksgov.net\/\",\"name\":\"Presidente e Republik\u00ebs s\u00eb Kosov\u00ebs\",\"description\":\"Presidente e Republik\u00ebs s\u00eb Kosov\u00ebs\",\"alternateName\":\"DR. VJOSA OSMANI - SADRIU\",\"potentialAction\":[{\"@type\":\"SearchAction\",\"target\":{\"@type\":\"EntryPoint\",\"urlTemplate\":\"https:\/\/president-ksgov.net\/?s={search_term_string}\"},\"query-input\":{\"@type\":\"PropertyValueSpecification\",\"valueRequired\":true,\"valueName\":\"search_term_string\"}}],\"inLanguage\":\"sr-RS\"},{\"@type\":\"Person\",\"@id\":\"https:\/\/president-ksgov.net\/#\/schema\/person\/bb4337a5fb147cb2046d80548172cbee\",\"name\":\"admin\",\"image\":{\"@type\":\"ImageObject\",\"inLanguage\":\"sr-RS\",\"@id\":\"https:\/\/president-ksgov.net\/#\/schema\/person\/image\/\",\"url\":\"https:\/\/secure.gravatar.com\/avatar\/36156ca0fa3b8d9d25174f146e16beea0cf28f37adf1b9e19b6c9c279a7c9dd3?s=96&d=mm&r=g\",\"contentUrl\":\"https:\/\/secure.gravatar.com\/avatar\/36156ca0fa3b8d9d25174f146e16beea0cf28f37adf1b9e19b6c9c279a7c9dd3?s=96&d=mm&r=g\",\"caption\":\"admin\"},\"sameAs\":[\"https:\/\/president-ksgov.net\"]}]}<\/script>\n<!-- \/ Yoast SEO plugin. -->","yoast_head_json":{"title":"David Leddington: Nezavisnost Kosova je utvr\u0111ena \u010dinjenica, ne mo&#158;e biti povratka natrag - Predsednik Republike Kosovo - DR. VJOSA OSMANI - SADRIU","description":"David Leddington: Nezavisnost Kosova je utvr\u0111ena \u010dinjenica, ne mo&#158;e biti povratka natrag - Predsednik Republike Kosovo - DR. VJOSA OSMANI - SADRIU -","robots":{"index":"index","follow":"follow","max-snippet":"max-snippet:-1","max-image-preview":"max-image-preview:large","max-video-preview":"max-video-preview:-1"},"canonical":"https:\/\/president-ksgov.net\/david-leddington-pavaresia-e-kosoves-eshte-nje-fakt-i-percaktuar-nuk-mund-te-kete-kthim-prapa\/","og_locale":"sr_RS","og_type":"article","og_title":"David Leddington: Nezavisnost Kosova je utvr\u0111ena \u010dinjenica, ne mo&#158;e biti povratka natrag - Predsednik Republike Kosovo - DR. VJOSA OSMANI - SADRIU","og_description":"David Leddington: Nezavisnost Kosova je utvr\u0111ena \u010dinjenica, ne mo&#158;e biti povratka natrag - Predsednik Republike Kosovo - DR. VJOSA OSMANI - SADRIU -","og_url":"https:\/\/president-ksgov.net\/david-leddington-pavaresia-e-kosoves-eshte-nje-fakt-i-percaktuar-nuk-mund-te-kete-kthim-prapa\/","og_site_name":"Predsednik Republike Kosovo - DR. VJOSA OSMANI - SADRIU","article_published_time":"2010-06-24T15:01:53+00:00","og_image":[{"width":1000,"height":916,"url":"https:\/\/president-ksgov.net\/wp-content\/uploads\/24_06_10_58206_24_06_2010_David_Leddington_Minister_per_Evrope_BM_1.jpg","type":"image\/jpeg"}],"author":"admin","twitter_card":"summary_large_image","twitter_misc":{"\u041d\u0430\u043f\u0438\u0441\u0430\u043d\u043e \u043e\u0434":"admin","\u041f\u0440\u043e\u0446\u0435\u045a\u0435\u043d\u043e \u0432\u0440\u0435\u043c\u0435 \u0447\u0438\u0442\u0430\u045a\u0430":"7 \u043c\u0438\u043d\u0443\u0442\u0430"},"schema":{"@context":"https:\/\/schema.org","@graph":[{"@type":"WebPage","@id":"https:\/\/president-ksgov.net\/david-leddington-pavaresia-e-kosoves-eshte-nje-fakt-i-percaktuar-nuk-mund-te-kete-kthim-prapa\/","url":"https:\/\/president-ksgov.net\/david-leddington-pavaresia-e-kosoves-eshte-nje-fakt-i-percaktuar-nuk-mund-te-kete-kthim-prapa\/","name":"David Leddington: Nezavisnost Kosova je utvr\u0111ena \u010dinjenica, ne mo&#158;e biti povratka natrag - Predsednik Republike Kosovo - DR. VJOSA OSMANI - SADRIU","isPartOf":{"@id":"https:\/\/president-ksgov.net\/#website"},"primaryImageOfPage":{"@id":"https:\/\/president-ksgov.net\/david-leddington-pavaresia-e-kosoves-eshte-nje-fakt-i-percaktuar-nuk-mund-te-kete-kthim-prapa\/#primaryimage"},"image":{"@id":"https:\/\/president-ksgov.net\/david-leddington-pavaresia-e-kosoves-eshte-nje-fakt-i-percaktuar-nuk-mund-te-kete-kthim-prapa\/#primaryimage"},"thumbnailUrl":"https:\/\/president-ksgov.net\/wp-content\/uploads\/24_06_10_58206_24_06_2010_David_Leddington_Minister_per_Evrope_BM_1.jpg","datePublished":"2010-06-24T15:01:53+00:00","dateModified":"2010-06-24T15:01:53+00:00","author":{"@id":"https:\/\/president-ksgov.net\/#\/schema\/person\/bb4337a5fb147cb2046d80548172cbee"},"description":"David Leddington: Nezavisnost Kosova je utvr\u0111ena \u010dinjenica, ne mo&#158;e biti povratka natrag - Predsednik Republike Kosovo - DR. VJOSA OSMANI - SADRIU -","breadcrumb":{"@id":"https:\/\/president-ksgov.net\/david-leddington-pavaresia-e-kosoves-eshte-nje-fakt-i-percaktuar-nuk-mund-te-kete-kthim-prapa\/#breadcrumb"},"inLanguage":"sr-RS","potentialAction":[{"@type":"ReadAction","target":["https:\/\/president-ksgov.net\/david-leddington-pavaresia-e-kosoves-eshte-nje-fakt-i-percaktuar-nuk-mund-te-kete-kthim-prapa\/"]}]},{"@type":"ImageObject","inLanguage":"sr-RS","@id":"https:\/\/president-ksgov.net\/david-leddington-pavaresia-e-kosoves-eshte-nje-fakt-i-percaktuar-nuk-mund-te-kete-kthim-prapa\/#primaryimage","url":"https:\/\/president-ksgov.net\/wp-content\/uploads\/24_06_10_58206_24_06_2010_David_Leddington_Minister_per_Evrope_BM_1.jpg","contentUrl":"https:\/\/president-ksgov.net\/wp-content\/uploads\/24_06_10_58206_24_06_2010_David_Leddington_Minister_per_Evrope_BM_1.jpg","width":1000,"height":916},{"@type":"BreadcrumbList","@id":"https:\/\/president-ksgov.net\/david-leddington-pavaresia-e-kosoves-eshte-nje-fakt-i-percaktuar-nuk-mund-te-kete-kthim-prapa\/#breadcrumb","itemListElement":[{"@type":"ListItem","position":1,"name":"Home","item":"https:\/\/president-ksgov.net\/sr\/"},{"@type":"ListItem","position":2,"name":"David Leddington: Nezavisnost Kosova je utvr\u0111ena \u010dinjenica, ne mo&#158;e biti povratka natrag"}]},{"@type":"WebSite","@id":"https:\/\/president-ksgov.net\/#website","url":"https:\/\/president-ksgov.net\/","name":"Presidente e Republik\u00ebs s\u00eb Kosov\u00ebs","description":"Presidente e Republik\u00ebs s\u00eb Kosov\u00ebs","alternateName":"DR. VJOSA OSMANI - SADRIU","potentialAction":[{"@type":"SearchAction","target":{"@type":"EntryPoint","urlTemplate":"https:\/\/president-ksgov.net\/?s={search_term_string}"},"query-input":{"@type":"PropertyValueSpecification","valueRequired":true,"valueName":"search_term_string"}}],"inLanguage":"sr-RS"},{"@type":"Person","@id":"https:\/\/president-ksgov.net\/#\/schema\/person\/bb4337a5fb147cb2046d80548172cbee","name":"admin","image":{"@type":"ImageObject","inLanguage":"sr-RS","@id":"https:\/\/president-ksgov.net\/#\/schema\/person\/image\/","url":"https:\/\/secure.gravatar.com\/avatar\/36156ca0fa3b8d9d25174f146e16beea0cf28f37adf1b9e19b6c9c279a7c9dd3?s=96&d=mm&r=g","contentUrl":"https:\/\/secure.gravatar.com\/avatar\/36156ca0fa3b8d9d25174f146e16beea0cf28f37adf1b9e19b6c9c279a7c9dd3?s=96&d=mm&r=g","caption":"admin"},"sameAs":["https:\/\/president-ksgov.net"]}]}},"_links":{"self":[{"href":"https:\/\/president-ksgov.net\/sr\/wp-json\/wp\/v2\/posts\/80211","targetHints":{"allow":["GET"]}}],"collection":[{"href":"https:\/\/president-ksgov.net\/sr\/wp-json\/wp\/v2\/posts"}],"about":[{"href":"https:\/\/president-ksgov.net\/sr\/wp-json\/wp\/v2\/types\/post"}],"author":[{"embeddable":true,"href":"https:\/\/president-ksgov.net\/sr\/wp-json\/wp\/v2\/users\/1"}],"replies":[{"embeddable":true,"href":"https:\/\/president-ksgov.net\/sr\/wp-json\/wp\/v2\/comments?post=80211"}],"version-history":[{"count":0,"href":"https:\/\/president-ksgov.net\/sr\/wp-json\/wp\/v2\/posts\/80211\/revisions"}],"wp:featuredmedia":[{"embeddable":true,"href":"https:\/\/president-ksgov.net\/sr\/wp-json\/wp\/v2\/media\/63758"}],"wp:attachment":[{"href":"https:\/\/president-ksgov.net\/sr\/wp-json\/wp\/v2\/media?parent=80211"}],"wp:term":[{"taxonomy":"category","embeddable":true,"href":"https:\/\/president-ksgov.net\/sr\/wp-json\/wp\/v2\/categories?post=80211"},{"taxonomy":"post_tag","embeddable":true,"href":"https:\/\/president-ksgov.net\/sr\/wp-json\/wp\/v2\/tags?post=80211"}],"curies":[{"name":"wp","href":"https:\/\/api.w.org\/{rel}","templated":true}]}}