{"id":80197,"date":"2010-06-29T15:05:00","date_gmt":"2010-06-29T15:05:00","guid":{"rendered":"https:\/\/dev.president-ksgov.net\/predsednik-sejdiu-je-dekretirao-sudije-i-javne-tuioce\/"},"modified":"2010-06-29T15:05:00","modified_gmt":"2010-06-29T15:05:00","slug":"predsednik-sejdiu-je-dekretirao-sudije-i-javne-tuioce","status":"publish","type":"post","link":"https:\/\/president-ksgov.net\/sr\/predsednik-sejdiu-je-dekretirao-sudije-i-javne-tuioce\/","title":{"rendered":"Predsednik Sejdiu je dekretirao sudije i javne tu&#158;ioce"},"content":{"rendered":"<p>29.06.2010 &#8211; Predsednik Sejdiu je danas dekretirao okru&#382;ne sudije i javne tu&#382;ioce koji su dali zakletvu pred predsednikom Republike Kosova, dr. Fatmir Sejdiu, u jednoj sve\u010danoj ceremoniji, na kojoj su prisustvovali i &#353;ef Me\u0111unarodne Civilne Kancelarije, g-din Pieter Feith i drugi me\u0111unarodni predstavnici.<\/p>\n<p>Vrhovni Sud Kosova: Vjosa NIMANI-ZYLFIU- sudija; Marije ADEMI, sudija.<\/p>\n<p>Dr&#382;avno Javno Tu&#382;ila&#353;tvo Republike Kosova: Laura PULA-javni tu&#382;ilac.<br \/>\nPanel Suda Posebnog Ve\u0107a Vrhovnog Suda: Ilmi BAJRAMI &#8211; sudija, Sabri HALILI &#8211; sudija.<\/p>\n<p>Panel za &#382;albe Posebnog Ve\u0107a Vrhovnog Suda: Sahit SYLEJMANI &#8211; sudija.<br \/>\nOkru&#382;ni Sud u Pri&#353;tini: Isak ADEMI-sudija \/ Predsednik, Tonka BERISHAJ-sudija, Salih TOPLICA-sudija, Ramadan GUDAQI-sudija, Shemsi HAJDINI-sudija, Mediha JUSUFI-sudija, Vehbi KASHTANJEVA-sudija, G\u00ebzim LLULLUNI-sudija, Mejreme MEMAJ-sudija, Shqipe QERIMI-sudija, Mejdi DEHARI-sudija, F\u00ebllanza KADIU-sudija, Hamdi IBRAHIMI-sudija, Hajrije SHALA-sudija, Nehat IDRIZI-sudija.<\/p>\n<p>Okru&#382;no Javno Tu&#382;ila&#353;tvo u Pri&#353;tini: Aleksand\u00ebr LUMEZI-javni tu&#382;ilac\/Glavni Javni tu&#382;ilac, Haxhi D\u00ebrguti-javni tu&#382;ilac, Drita HAJDARI-PECI-javni tu&#382;ilac, Blerim ISUFAJ-javni tu&#382;ilac, Fikrije KRASNIQI-FEJZULLAHU- javni tu&#382;ilac, Lulzi SYLEJMANI-javni tu&#382;ilac.<\/p>\n<p>Okru&#382;ni Privredni Sud u Pri&#353;tini: Vjollca RIZAJ-sudija, Suzana SEJDIU-sudija, Nezir BYTYQI-sudija.<\/p>\n<p>Vi&#353;i Sud za Prekr&#353;aje u Pri&#353;tini: Biljana RED&#381;I\u0106- sudija\/Predsednik, Dalip BEGA-sudija, Ramiz KU\u0106I- sudija, Ragip NIMANI- sudija, Mejreme ZEKAJ-sudija.<\/p>\n<p>Okru&#382;ni Sud Prizen: Ymer HOXHA- sudija\/Predsednik, Vaton DURGUTI- sudija, Xhevdet ELSHANI- sudija, Erdogan- HAXHIBEQIRI- sudija, Kujtim PASULI- sudija, Edije SEZAIRI- sudija, Ajser SKENDERI- sudija, Fillim SKORO- sudija.<\/p>\n<p>Okru&#382;no javno Tu&#382;ila&#353;tvo Prizren: Rexhep REXHEPAJ-javni tu&#382;ilac\/Glavni javni tu&#382;ilac, Metush BIRAJ-javni tu&#382;ilac, Ervehe GASHI- javni tu&#382;ilac, Syl\u00eb HOXHA- javni tu&#382;ilac, Genc NIXHA- javni tu&#382;ilac, Mehdi SEFA- javni tu&#382;ilac.<\/p>\n<p>Okru&#382;ni Sud Pe\u0107: Sali MEKAJ- sudija \/ Predsednik, Sali BERISHA- sudija, Isa KELMENDI- sudija, G\u00ebzim POZHEGU- sudija, Hasan SHALA- sudija, Muharrem SHALA- sudija, Shaban SHALA- sudija, Elmaze SYKA- sudija, Imer JAHMURATAJ- sudija, Lumturije MUHAXHERI- sudija.<\/p>\n<p>Okru&#382;no Javno Tu&#382;ila&#353;tvo Pe\u0107: Agron GALANI- javni tu&#382;ilac\/ Glavni Javni tu&#382;ilac, Agim KURMEHAJ- javni tu&#382;ilac, Gjemajlije MUSTAFA- javni tu&#382;ilac, Haxhi SINANAJ- javni tu&#382;ilac, Ali UKA- javni tu&#382;ilac.<\/p>\n<p>Okru&#382;ni Sud Gnjilane: Abdullah AHMETI- sudija, Vlastimir DIMI\u0106- sudija, Zyhdi HAZIRI- sudija, Rasim RASIMI- sudija, Muhamet REXHA- sudija, Ilmi DALIPI- sudija.<\/p>\n<p>Okru&#382;no Javno Tu&#382;ila&#353;tvo Gnjilane: Jetish MALOKU- javni tu&#382;ilac\/ Glavni javni tu&#382;ilac, Fahri NUHIU- javni tu&#382;ilac, Shaban SPAHIU- javni tu&#382;ilac, Agron UKA-javni tu&#382;ilac, Ismet UKSHINI-javni tu&#382;ilac.\u00a0<\/p>\n","protected":false},"excerpt":{"rendered":"<p>29.06.2010 &#8211; Predsednik Sejdiu je danas dekretirao okru&#382;ne sudije i javne tu&#382;ioce koji su dali zakletvu pred predsednikom Republike Kosova, dr. Fatmir Sejdiu, u jednoj sve\u010danoj ceremoniji, na kojoj su prisustvovali i &#353;ef Me\u0111unarodne Civilne Kancelarije, g-din Pieter Feith i drugi me\u0111unarodni predstavnici.<\/p>\n","protected":false},"author":1,"featured_media":63648,"comment_status":"open","ping_status":"closed","sticky":false,"template":"","format":"standard","meta":{"_eb_attr":"","footnotes":""},"categories":[101],"tags":[],"class_list":["post-80197","post","type-post","status-publish","format-standard","has-post-thumbnail","hentry","category-vesti"],"yoast_head":"<!-- This site is optimized with the Yoast SEO plugin v23.5 - https:\/\/yoast.com\/wordpress\/plugins\/seo\/ -->\n<title>Predsednik Sejdiu je dekretirao sudije i javne tu&#158;ioce - Predsednik Republike Kosovo - DR. VJOSA OSMANI - SADRIU<\/title>\n<meta name=\"description\" content=\"Predsednik Sejdiu je dekretirao sudije i javne tu&#158;ioce - Predsednik Republike Kosovo - DR. VJOSA OSMANI - SADRIU -\" \/>\n<meta name=\"robots\" content=\"index, follow, max-snippet:-1, max-image-preview:large, max-video-preview:-1\" \/>\n<link rel=\"canonical\" href=\"https:\/\/president-ksgov.net\/presidenti-sejdiu-dekretoi-gjyqtaret-dhe-prokuroret\/\" \/>\n<meta property=\"og:locale\" content=\"sr_RS\" \/>\n<meta property=\"og:type\" content=\"article\" \/>\n<meta property=\"og:title\" content=\"Predsednik Sejdiu je dekretirao sudije i javne tu&#158;ioce - Predsednik Republike Kosovo - DR. VJOSA OSMANI - SADRIU\" \/>\n<meta property=\"og:description\" content=\"Predsednik Sejdiu je dekretirao sudije i javne tu&#158;ioce - Predsednik Republike Kosovo - DR. VJOSA OSMANI - SADRIU -\" \/>\n<meta property=\"og:url\" content=\"https:\/\/president-ksgov.net\/presidenti-sejdiu-dekretoi-gjyqtaret-dhe-prokuroret\/\" \/>\n<meta property=\"og:site_name\" content=\"Predsednik Republike Kosovo - DR. VJOSA OSMANI - SADRIU\" \/>\n<meta property=\"article:published_time\" content=\"2010-06-29T15:05:00+00:00\" \/>\n<meta property=\"og:image\" content=\"https:\/\/president-ksgov.net\/wp-content\/uploads\/29_06_2010__emerimit_te_gjyqtareve_dhe_prokuroreve_te_qarkut__1.jpg\" \/>\n\t<meta property=\"og:image:width\" content=\"1000\" \/>\n\t<meta property=\"og:image:height\" content=\"667\" \/>\n\t<meta property=\"og:image:type\" content=\"image\/jpeg\" \/>\n<meta name=\"author\" content=\"admin\" \/>\n<meta name=\"twitter:card\" content=\"summary_large_image\" \/>\n<meta name=\"twitter:label1\" content=\"\u041d\u0430\u043f\u0438\u0441\u0430\u043d\u043e \u043e\u0434\" \/>\n\t<meta name=\"twitter:data1\" content=\"admin\" \/>\n\t<meta name=\"twitter:label2\" content=\"\u041f\u0440\u043e\u0446\u0435\u045a\u0435\u043d\u043e \u0432\u0440\u0435\u043c\u0435 \u0447\u0438\u0442\u0430\u045a\u0430\" \/>\n\t<meta name=\"twitter:data2\" content=\"2 \u043c\u0438\u043d\u0443\u0442\u0430\" \/>\n<script type=\"application\/ld+json\" class=\"yoast-schema-graph\">{\"@context\":\"https:\/\/schema.org\",\"@graph\":[{\"@type\":\"WebPage\",\"@id\":\"https:\/\/president-ksgov.net\/presidenti-sejdiu-dekretoi-gjyqtaret-dhe-prokuroret\/\",\"url\":\"https:\/\/president-ksgov.net\/presidenti-sejdiu-dekretoi-gjyqtaret-dhe-prokuroret\/\",\"name\":\"Predsednik Sejdiu je dekretirao sudije i javne tu&#158;ioce - Predsednik Republike Kosovo - DR. VJOSA OSMANI - SADRIU\",\"isPartOf\":{\"@id\":\"https:\/\/president-ksgov.net\/#website\"},\"primaryImageOfPage\":{\"@id\":\"https:\/\/president-ksgov.net\/presidenti-sejdiu-dekretoi-gjyqtaret-dhe-prokuroret\/#primaryimage\"},\"image\":{\"@id\":\"https:\/\/president-ksgov.net\/presidenti-sejdiu-dekretoi-gjyqtaret-dhe-prokuroret\/#primaryimage\"},\"thumbnailUrl\":\"https:\/\/president-ksgov.net\/wp-content\/uploads\/29_06_2010__emerimit_te_gjyqtareve_dhe_prokuroreve_te_qarkut__1.jpg\",\"datePublished\":\"2010-06-29T15:05:00+00:00\",\"dateModified\":\"2010-06-29T15:05:00+00:00\",\"author\":{\"@id\":\"https:\/\/president-ksgov.net\/#\/schema\/person\/bb4337a5fb147cb2046d80548172cbee\"},\"description\":\"Predsednik Sejdiu je dekretirao sudije i javne tu&#158;ioce - Predsednik Republike Kosovo - DR. VJOSA OSMANI - SADRIU -\",\"breadcrumb\":{\"@id\":\"https:\/\/president-ksgov.net\/presidenti-sejdiu-dekretoi-gjyqtaret-dhe-prokuroret\/#breadcrumb\"},\"inLanguage\":\"sr-RS\",\"potentialAction\":[{\"@type\":\"ReadAction\",\"target\":[\"https:\/\/president-ksgov.net\/presidenti-sejdiu-dekretoi-gjyqtaret-dhe-prokuroret\/\"]}]},{\"@type\":\"ImageObject\",\"inLanguage\":\"sr-RS\",\"@id\":\"https:\/\/president-ksgov.net\/presidenti-sejdiu-dekretoi-gjyqtaret-dhe-prokuroret\/#primaryimage\",\"url\":\"https:\/\/president-ksgov.net\/wp-content\/uploads\/29_06_2010__emerimit_te_gjyqtareve_dhe_prokuroreve_te_qarkut__1.jpg\",\"contentUrl\":\"https:\/\/president-ksgov.net\/wp-content\/uploads\/29_06_2010__emerimit_te_gjyqtareve_dhe_prokuroreve_te_qarkut__1.jpg\",\"width\":1000,\"height\":667},{\"@type\":\"BreadcrumbList\",\"@id\":\"https:\/\/president-ksgov.net\/presidenti-sejdiu-dekretoi-gjyqtaret-dhe-prokuroret\/#breadcrumb\",\"itemListElement\":[{\"@type\":\"ListItem\",\"position\":1,\"name\":\"Home\",\"item\":\"https:\/\/president-ksgov.net\/sr\/\"},{\"@type\":\"ListItem\",\"position\":2,\"name\":\"Predsednik Sejdiu je dekretirao sudije i javne tu&#158;ioce\"}]},{\"@type\":\"WebSite\",\"@id\":\"https:\/\/president-ksgov.net\/#website\",\"url\":\"https:\/\/president-ksgov.net\/\",\"name\":\"Presidente e Republik\u00ebs s\u00eb Kosov\u00ebs\",\"description\":\"Presidente e Republik\u00ebs s\u00eb Kosov\u00ebs\",\"alternateName\":\"DR. VJOSA OSMANI - SADRIU\",\"potentialAction\":[{\"@type\":\"SearchAction\",\"target\":{\"@type\":\"EntryPoint\",\"urlTemplate\":\"https:\/\/president-ksgov.net\/?s={search_term_string}\"},\"query-input\":{\"@type\":\"PropertyValueSpecification\",\"valueRequired\":true,\"valueName\":\"search_term_string\"}}],\"inLanguage\":\"sr-RS\"},{\"@type\":\"Person\",\"@id\":\"https:\/\/president-ksgov.net\/#\/schema\/person\/bb4337a5fb147cb2046d80548172cbee\",\"name\":\"admin\",\"image\":{\"@type\":\"ImageObject\",\"inLanguage\":\"sr-RS\",\"@id\":\"https:\/\/president-ksgov.net\/#\/schema\/person\/image\/\",\"url\":\"https:\/\/secure.gravatar.com\/avatar\/36156ca0fa3b8d9d25174f146e16beea0cf28f37adf1b9e19b6c9c279a7c9dd3?s=96&d=mm&r=g\",\"contentUrl\":\"https:\/\/secure.gravatar.com\/avatar\/36156ca0fa3b8d9d25174f146e16beea0cf28f37adf1b9e19b6c9c279a7c9dd3?s=96&d=mm&r=g\",\"caption\":\"admin\"},\"sameAs\":[\"https:\/\/president-ksgov.net\"]}]}<\/script>\n<!-- \/ Yoast SEO plugin. -->","yoast_head_json":{"title":"Predsednik Sejdiu je dekretirao sudije i javne tu&#158;ioce - Predsednik Republike Kosovo - DR. VJOSA OSMANI - SADRIU","description":"Predsednik Sejdiu je dekretirao sudije i javne tu&#158;ioce - Predsednik Republike Kosovo - DR. VJOSA OSMANI - SADRIU -","robots":{"index":"index","follow":"follow","max-snippet":"max-snippet:-1","max-image-preview":"max-image-preview:large","max-video-preview":"max-video-preview:-1"},"canonical":"https:\/\/president-ksgov.net\/presidenti-sejdiu-dekretoi-gjyqtaret-dhe-prokuroret\/","og_locale":"sr_RS","og_type":"article","og_title":"Predsednik Sejdiu je dekretirao sudije i javne tu&#158;ioce - Predsednik Republike Kosovo - DR. VJOSA OSMANI - SADRIU","og_description":"Predsednik Sejdiu je dekretirao sudije i javne tu&#158;ioce - Predsednik Republike Kosovo - DR. VJOSA OSMANI - SADRIU -","og_url":"https:\/\/president-ksgov.net\/presidenti-sejdiu-dekretoi-gjyqtaret-dhe-prokuroret\/","og_site_name":"Predsednik Republike Kosovo - DR. VJOSA OSMANI - SADRIU","article_published_time":"2010-06-29T15:05:00+00:00","og_image":[{"width":1000,"height":667,"url":"https:\/\/president-ksgov.net\/wp-content\/uploads\/29_06_2010__emerimit_te_gjyqtareve_dhe_prokuroreve_te_qarkut__1.jpg","type":"image\/jpeg"}],"author":"admin","twitter_card":"summary_large_image","twitter_misc":{"\u041d\u0430\u043f\u0438\u0441\u0430\u043d\u043e \u043e\u0434":"admin","\u041f\u0440\u043e\u0446\u0435\u045a\u0435\u043d\u043e \u0432\u0440\u0435\u043c\u0435 \u0447\u0438\u0442\u0430\u045a\u0430":"2 \u043c\u0438\u043d\u0443\u0442\u0430"},"schema":{"@context":"https:\/\/schema.org","@graph":[{"@type":"WebPage","@id":"https:\/\/president-ksgov.net\/presidenti-sejdiu-dekretoi-gjyqtaret-dhe-prokuroret\/","url":"https:\/\/president-ksgov.net\/presidenti-sejdiu-dekretoi-gjyqtaret-dhe-prokuroret\/","name":"Predsednik Sejdiu je dekretirao sudije i javne tu&#158;ioce - Predsednik Republike Kosovo - DR. VJOSA OSMANI - SADRIU","isPartOf":{"@id":"https:\/\/president-ksgov.net\/#website"},"primaryImageOfPage":{"@id":"https:\/\/president-ksgov.net\/presidenti-sejdiu-dekretoi-gjyqtaret-dhe-prokuroret\/#primaryimage"},"image":{"@id":"https:\/\/president-ksgov.net\/presidenti-sejdiu-dekretoi-gjyqtaret-dhe-prokuroret\/#primaryimage"},"thumbnailUrl":"https:\/\/president-ksgov.net\/wp-content\/uploads\/29_06_2010__emerimit_te_gjyqtareve_dhe_prokuroreve_te_qarkut__1.jpg","datePublished":"2010-06-29T15:05:00+00:00","dateModified":"2010-06-29T15:05:00+00:00","author":{"@id":"https:\/\/president-ksgov.net\/#\/schema\/person\/bb4337a5fb147cb2046d80548172cbee"},"description":"Predsednik Sejdiu je dekretirao sudije i javne tu&#158;ioce - Predsednik Republike Kosovo - DR. VJOSA OSMANI - SADRIU -","breadcrumb":{"@id":"https:\/\/president-ksgov.net\/presidenti-sejdiu-dekretoi-gjyqtaret-dhe-prokuroret\/#breadcrumb"},"inLanguage":"sr-RS","potentialAction":[{"@type":"ReadAction","target":["https:\/\/president-ksgov.net\/presidenti-sejdiu-dekretoi-gjyqtaret-dhe-prokuroret\/"]}]},{"@type":"ImageObject","inLanguage":"sr-RS","@id":"https:\/\/president-ksgov.net\/presidenti-sejdiu-dekretoi-gjyqtaret-dhe-prokuroret\/#primaryimage","url":"https:\/\/president-ksgov.net\/wp-content\/uploads\/29_06_2010__emerimit_te_gjyqtareve_dhe_prokuroreve_te_qarkut__1.jpg","contentUrl":"https:\/\/president-ksgov.net\/wp-content\/uploads\/29_06_2010__emerimit_te_gjyqtareve_dhe_prokuroreve_te_qarkut__1.jpg","width":1000,"height":667},{"@type":"BreadcrumbList","@id":"https:\/\/president-ksgov.net\/presidenti-sejdiu-dekretoi-gjyqtaret-dhe-prokuroret\/#breadcrumb","itemListElement":[{"@type":"ListItem","position":1,"name":"Home","item":"https:\/\/president-ksgov.net\/sr\/"},{"@type":"ListItem","position":2,"name":"Predsednik Sejdiu je dekretirao sudije i javne tu&#158;ioce"}]},{"@type":"WebSite","@id":"https:\/\/president-ksgov.net\/#website","url":"https:\/\/president-ksgov.net\/","name":"Presidente e Republik\u00ebs s\u00eb Kosov\u00ebs","description":"Presidente e Republik\u00ebs s\u00eb Kosov\u00ebs","alternateName":"DR. VJOSA OSMANI - SADRIU","potentialAction":[{"@type":"SearchAction","target":{"@type":"EntryPoint","urlTemplate":"https:\/\/president-ksgov.net\/?s={search_term_string}"},"query-input":{"@type":"PropertyValueSpecification","valueRequired":true,"valueName":"search_term_string"}}],"inLanguage":"sr-RS"},{"@type":"Person","@id":"https:\/\/president-ksgov.net\/#\/schema\/person\/bb4337a5fb147cb2046d80548172cbee","name":"admin","image":{"@type":"ImageObject","inLanguage":"sr-RS","@id":"https:\/\/president-ksgov.net\/#\/schema\/person\/image\/","url":"https:\/\/secure.gravatar.com\/avatar\/36156ca0fa3b8d9d25174f146e16beea0cf28f37adf1b9e19b6c9c279a7c9dd3?s=96&d=mm&r=g","contentUrl":"https:\/\/secure.gravatar.com\/avatar\/36156ca0fa3b8d9d25174f146e16beea0cf28f37adf1b9e19b6c9c279a7c9dd3?s=96&d=mm&r=g","caption":"admin"},"sameAs":["https:\/\/president-ksgov.net"]}]}},"_links":{"self":[{"href":"https:\/\/president-ksgov.net\/sr\/wp-json\/wp\/v2\/posts\/80197","targetHints":{"allow":["GET"]}}],"collection":[{"href":"https:\/\/president-ksgov.net\/sr\/wp-json\/wp\/v2\/posts"}],"about":[{"href":"https:\/\/president-ksgov.net\/sr\/wp-json\/wp\/v2\/types\/post"}],"author":[{"embeddable":true,"href":"https:\/\/president-ksgov.net\/sr\/wp-json\/wp\/v2\/users\/1"}],"replies":[{"embeddable":true,"href":"https:\/\/president-ksgov.net\/sr\/wp-json\/wp\/v2\/comments?post=80197"}],"version-history":[{"count":0,"href":"https:\/\/president-ksgov.net\/sr\/wp-json\/wp\/v2\/posts\/80197\/revisions"}],"wp:featuredmedia":[{"embeddable":true,"href":"https:\/\/president-ksgov.net\/sr\/wp-json\/wp\/v2\/media\/63648"}],"wp:attachment":[{"href":"https:\/\/president-ksgov.net\/sr\/wp-json\/wp\/v2\/media?parent=80197"}],"wp:term":[{"taxonomy":"category","embeddable":true,"href":"https:\/\/president-ksgov.net\/sr\/wp-json\/wp\/v2\/categories?post=80197"},{"taxonomy":"post_tag","embeddable":true,"href":"https:\/\/president-ksgov.net\/sr\/wp-json\/wp\/v2\/tags?post=80197"}],"curies":[{"name":"wp","href":"https:\/\/api.w.org\/{rel}","templated":true}]}}