{"id":80159,"date":"2010-07-02T14:10:38","date_gmt":"2010-07-02T14:10:38","guid":{"rendered":"https:\/\/dev.president-ksgov.net\/sejdiu-2-juli-1990-je-bio-vrh-artikulisanja-osecaja-slobode\/"},"modified":"2010-07-02T14:10:38","modified_gmt":"2010-07-02T14:10:38","slug":"sejdiu-2-juli-1990-je-bio-vrh-artikulisanja-osecaja-slobode","status":"publish","type":"post","link":"https:\/\/president-ksgov.net\/sr\/sejdiu-2-juli-1990-je-bio-vrh-artikulisanja-osecaja-slobode\/","title":{"rendered":"Sejdiu: 2 Juli 1990 je bio vrh artikulisanja ose\u0107aja slobode"},"content":{"rendered":"<p>02 Juli 2010 &#8211; Na jednoj ceremoniji organizovanoj u Skup&#353;tini Kosova, Predsednik Sejdiu je, poslanicima koji su proglasili Ustavnu Deklaraciju za Nezavisnost Kosova<\/p>\n<p>2 Jula 1990 godine i koji su izglasali Ustav Republike Kosova 7 Jula 1990 u Ka\u010daniku, uru\u010dio &#8220;Zlatne Medalje Nezavisnosti&#8221;, kojima ih je odlikovao Predsednik Ibrahim Cugova 2 Jula 2004 godine.<\/p>\n<p>Predsednik Republike Kosova, dr. Fatmir Sejdiu je prisustvovao u nekoliko aktivnosti u \u010dast obele&#382;avanja 20 godi&#353;njice progla&#353;enja Ustavne Deklaracije Republike Kosova.<\/p>\n<p>Na po\u010detku on je u\u010destvovao na nau\u010dni simpozijum sa temom &#8222;Ustavna Deklaracija i Ka\u010dani\u0107ki Ustav&#8220;, organizovanog pod patronatom Predsednika, gde je on odr&#382;ao prigodni govor, koji donosimo u nastavku. <\/p>\n<p>Sledi izlaganje Predsednika Sejdiu u nau\u010dnom simpozijumu na temu &#8222;Ustavna Deklaracija i Ka\u010dani\u010dki Ustav&#8220;:<br \/>\nDanas je zaista poseban dan za Kosovo, ne samo u na&#353;em se\u0107anju i posve\u0107enju da govorimo o tome, nego zbog \u010dinjenice da govorimo o jednom od najva&#382;nijih doga\u0111aja zadnje dekade pro&#353;log veka.<\/p>\n<p>Poseban je jer upravo 2 Jula 1990 godine, Kosovo je krenulo na va&#382;nom putu dinami\u010dkih zbivanja u procesu njene slobode i nezavisnosti. Imaju\u0107i u obzir zbivanja iz 1989 godine, ali i sva ranija zbivanja, vrh artikulisanja ose\u0107aja slobode je do&#353;ao u momentu 2 Jula 1990 godine.<\/p>\n<p>Ovaj datum i ovaj va&#382;an doga\u0111aj, skupa sa hrabro&#353;\u0107u svih ljudi od ideje, ali i od akcije, ime dve posebne ravne razmatranja njihove te&#382;ine\/va&#382;nosti. Prva je politi\u010dko artikulisanje volje gra\u0111ana Kosova da slobodno &#382;ive u jednoj umerenosti izraza formule koja \u0107e se nadalje unaprediti u njenoj biti i dubini i, druga, uspostavljanje temelja dr&#382;avnosti Kosova u formalno-pravnom i ustavnom smislu.<br \/>\nUstavna Deklaracija o nezavisnosti zemlje iz 1990 godine i Ka\u010dani\u010dki Ustav, za onoliko koliko politi\u010dki te&#382;e, su bili ne samo predigra, ali i jedna pokreta\u010dka snaga stalne inspiracije, kao emocija i kao akcija, u celom daljnjem periodu pokreta za slobodu i nezavisnost i istovremeno jedno jasno predstavljanje pred demokratskim svetom, koji duboko posmatra Kosovo i njenu poziciju, a i kakvu poziciju &#382;eli u daljnjim tokovima.<\/p>\n<p>Ukoliko danas posmatramo sa distance koja je najbolja za nauku, jer ovo je i va&#353;a misija, izvr&#353;i\u0107emo najbolju analizu da bismo do&#353;li do pravedne i ustrajne konstatacije vremena, u delu politi\u010dke kohezije, razvoja stalnih ideja o dr&#382;avnosti Kosova, ali i u delu ne osporavanja i pune homogenizacije gra\u0111ana Kosova za ovaj sna&#382;an ose\u0107aj slobode.<\/p>\n<p>Protagonist tog perioda je Ibrahim Rugova, je Akademija Nauka i Umetnosti, jesu ljudi koji su tog dana glasali uz veliku pretnju, ali su i deca koji su u te&#353;kim uslovima poha\u0111ali &#353;kolu, nose\u0107i na svojim ple\u0107ima veliku i stalnu opasnost nad glavom njih samih i njihovih porodica, ali se nikada nisu povla\u010dili.<\/p>\n<p>Paralelno je prime\u0107eno od svih onih koji su voleli i koji su investirali da ona krene na putu slobode, jer stvarno njeni ljudi misle ozbiljno. I udaljavanje ili strate&#353;ko povla\u010denje delegata Skup&#353;tine Kosova od 1990 godine van zemlje, nakon progla&#353;enja Ka\u010dani\u0107kog Ustava, je izvedena radi ponovnog funkcioniranja, ovde treba uzeti u obzir va&#382;an momenat izgradnje efikasne dr&#382;avne strukture u uslovima toga vremena, kao &#353;to je bila Oktobarska Rezolucija i sva daljnja kretanja koje su ujedno bile i inspiracija, i temelj i emocije sve skupa.<\/p>\n<p>U to vreme, se radilo u Pri&#353;tini, Prizrenu, Drenici, Karadaku, &#352;tutgartu, Nju York-u i svugde u zajedni\u010dkoj slozi radi davanja snage stalnim procesima i zalaganjima za slobodu sve do vremena kada je rat postao neminovan, s toga i borba OVK, jer kada se jedan narod pritisne ple\u0107ima za zid, sa celim delom otpora i prikazivanja njegove vizije da ne &#382;eli krvoproli\u0107e sa nikim, ipak ima pravo odbrane i to pravo izvire iz prirodnog prava da prevashodno bude slobodan.<\/p>\n<p>Ono &#353;to je dono&#353;eno u duhu Deklaracije Nezavisnosti Kosova 1990 godine, istra&#382;iva\u0107i \u0107e bolje nego ja re\u010di, jeste jedan dobar sa&#382;etak onog duha, bilo to od pre dva ili tri veka, koje iznalazimo u deklaraciji o ljudskim pravima i slobodi, kod francuske pripreme za revoluciju ali koju u biti iznalazimo u Deklaraciji o Nezavisnosti Sjedinjenih Ameri\u010dkih Dr&#382;ava od 4 Jula 1776 godine.<\/p>\n<p>Isklju\u010duju\u0107i nijanse, svi porivi iz deklaracije koja daje pravo ameri\u010dkom narodu da bude slobodan, upravo ti motivi su bili u &#382;ivotu, u isku&#353;enju i patnjama i ambicijama naroda Kosova.<\/p>\n<p>&#381;elim \u010destitati sve ljude Kosova, one koji bez kolebanja su glasali 2 Jula 1990 godine i one koji su pripremili redosled i strategiju kretanja poslanika tog vremena, ali i sve gra\u0111ane Kosova beza razlike.<\/p>\n<p>Taj dan je podelio Kosovo u dve posebne epohe, na jednu te&#353;ku epohu u kojoj se nije mnogo znalo za Kosovo i u jednu epohu, koja je, pra\u0107ena referendumom od 1990 godine i op&#353;tim izborima od 1992 godine i sa drugim kasnijim procesima se pokazala u njenoj celosti.<\/p>\n<p>Nakon simpozijuma, na jednoj ceremoniji organizovanoj u sali Skup&#353;tine Kosova, Predsednik Sejdiu je uru\u010dio poslanicima koji su proglasili Ustavnu Deklaraciju Nezavisnosti Kosova 2 Jula 1990 godine i koji su izglasali Ustav Republike Kosova 7 Septembra 1990 u Ka\u010daniku, odlikovanja &#8222;Zlatna Medalja Nezavisnosti&#8220; sa kojom iz je odlikovao Predsednik Ibrahim Rugova 2 Jula 2004 godine.<\/p>\n<p>&#8222;Zlatnom Medaljom Nezavisnosti&#8220; su odlikovani slede\u0107i poslanici: Adem Azemi &#8211; Pri&#353;tina, Adem Mikullovci &#8211; Pri&#353;tina, Adem Vitia &#8211; Pri&#353;tina, Adnan Zhelta &#8211; \u0110akovica, Afijete Azizi &#8211; Pri&#353;tina, Agim Morina &#8211; Orahovac, Agush Balaj &#8211; De\u010dane, Ali Shahini &#8211; Ferizaj\/Uro&#353;evac, Avdi Grajqevci &#8211; Obili\u0107, Azem Neziri &#8211; Pri&#353;tina, Bahri Abazi &#8211; Mitrovica, Bajram Arifi &#8211; Lipljane, Baki Krasniqi &#8211; Pri&#353;tina, Basri Bajrami &#8211; &#352;timlje, Besa Basha &#8211; Pe\u0107, Binaze Jashari &#8211; Ferizaj\/Uro&#353;evac, Bujar Gjurgjeala &#8211; Prizren, Burim Muhaxheri &#8211; Pe\u0107, Daut Jashanica &#8211; Pri&#353;tina, Enver Pula &#8211; \u0110akovica, Ethem Bekeri &#8211; Orahovac, Fatos Pula &#8211; Prizren, Fehmi Nallbani &#8211; \u0110akovica, Feride Hyseni &#8211; Vu\u010ditrn, Feti Broqi &#8211; Pe\u0107, Fetije Shala &#8211; De\u010dane, Flamur Xhiha &#8211; \u0110akovica, Gafurr Kiseri &#8211; Prizren, Gani Miftari &#8211; Mitrovica, Gani Vula &#8211; \u0110akovica, G\u00ebzim Haklaj &#8211; Pe\u0107, G\u00ebzim Lipoveci &#8211; \u0110akovica, Gjyljeta Mulla &#8211; Pe\u0107, Halil Maxhari &#8211; Klina, Halim Dema &#8211; Ka\u010danik, Halit Kryeziu &#8211; Mali&#353;evo, Hanife Elshani &#8211; Drenas\/Glogovac, Hilmi Muhaxheri &#8211; Pe\u0107, Hisen Bashota &#8211; Klina, Hisni Salihu &#8211; Vitina, Ilaz Ramajli &#8211; Pri&#353;tina, Ilirjana Jusufi &#8211; Ka\u010danik, Imer Gashi &#8211; Suvareka, Isa Shefkiu &#8211; Gnjilane, Isak Restelica &#8211; Pri&#353;tina, Islam Gashi &#8211; Orahovac, Ismajl Sahiti &#8211; Ferizaj\/Uro&#353;evac, Isuf Konjufca &#8211; Gnjilane, Jahir Bekteshi &#8211; Suvareka, Jakup Bullatovci &#8211; Kosovo Polje, Kadrije Dajqi-Gashi &#8211; Pri&#353;tina, Kadrije Ismajli &#8211; Vitina, Leonora Zajmi &#8211; \u0110akovice, Lucia Laqi &#8211; Pe\u0107, Maliqe Bajoku &#8211; Podujevo, Maxhun Shala &#8211; Orahovac, Mehmet Ibrahimaj &#8211; Istok, Mehmet Sahatqiu &#8211; \u0110akovica, Mikereme Nishliu &#8211; Mitrovica, Milazim Vitia &#8211; Pri&#353;tina, Muhamet Ahmeti &#8211; Skenderaj, Muhamet Shabani &#8211; &#352;timlje, Muharrem Shabani &#8211; Vu\u010ditrn, Murtez Rahmani &#8211; &#352;trpce, Naser Gashi &#8211; Ka\u010danik, Nazif Berisha &#8211; Pri&#353;tina, Nazif Matoshi &#8211; Kamenica, Nazmi Fejzullahu &#8211; &#352;timlje, Nazmi Kelmendi &#8211; Pri&#353;tina, Nebih Abdullahu &#8211; Drenas\/Glogovac, Nejazi Hoxha &#8211; Pri&#353;tina, Nezir Prokshi &#8211; Mitrovica, Nezir Sallahu &#8211; Vitina, Nikoll\u00eb Shabani &#8211; Klina, Osman Nuhiu &#8211; Vitina, Qamil Bajraktari &#8211; Suvareka, Qazim Kelmendi &#8211; Pri&#353;tina, Qefsere Boshnjaku &#8211; \u0110akovica, Qemajl Sahatqiu &#8211;\u0110akovica, Raif Ramabaja &#8211; Kamenica, Ramadan Kelmendi &#8211; Mitrovica, Ramiz Bacaj &#8211; Istok, Refik Raka &#8211; Ka\u010danik, Refika Belegu &#8211; Pe\u0107, Remzi Maliqi &#8211; Pri&#353;tina, Rifat Rifati &#8211; Mitrovica, Ruzhdi Bakalli &#8211;\u0110jakovica, Sabit Berisha &#8211; Drenas\/Glogovac, Sabri Hashani &#8211; Pri&#353;tina, Sanije \u00c7itaku &#8211; Pri&#353;tina, Selami Gashi &#8211; Orahovacc, Selim Krasniqi &#8211; Mali&#353;evo, Selvije Gjinaj &#8211; Mitrovica, Shaban Hashani &#8211; Ferizaj\/Uro&#353;evac, Shemsedin Bytyqi &#8211; Suvareka, Shemsi Hajdini &#8211; Vu\u010ditrn, Skender Aliu &#8211; Gnjilane, Skender Skenderi &#8211; Pri&#353;tina, Sokol Prokshi &#8211; Drenas\/Glogovac, Tafil Berisha &#8211; Orahovac, Tafil Salihu &#8211; Mitrovica, Uk\u00eb Gashi &#8211; Pri&#353;tina, Valentin Domniku &#8211; Pe\u0107, Veli Haxha &#8211; Mitrovica, Veton Shala &#8211; Pri&#353;tina, Xhemajl Dizdari &#8211; Prizren, Xhemajli Bajri &#8211; Mali&#353;evo, Xhevat Pllana &#8211; Pri&#353;tina, Xhevat Zejnullahu &#8211; Skenderaj, Zijadin Salihu &#8211; Gnjilane dhe Zymer Lulaj &#8211; De\u010dane<\/p>\n","protected":false},"excerpt":{"rendered":"<p>02 Juli 2010 &#8211; Na jednoj ceremoniji organizovanoj u Skup&#353;tini Kosova, Predsednik Sejdiu je, poslanicima koji su proglasili Ustavnu Deklaraciju za Nezavisnost Kosova<\/p>\n","protected":false},"author":1,"featured_media":63568,"comment_status":"open","ping_status":"closed","sticky":false,"template":"","format":"standard","meta":{"_eb_attr":"","footnotes":""},"categories":[101],"tags":[],"class_list":["post-80159","post","type-post","status-publish","format-standard","has-post-thumbnail","hentry","category-vesti"],"yoast_head":"<!-- This site is optimized with the Yoast SEO plugin v23.5 - https:\/\/yoast.com\/wordpress\/plugins\/seo\/ -->\n<title>Sejdiu: 2 Juli 1990 je bio vrh artikulisanja ose\u0107aja slobode - Predsednik Republike Kosovo - DR. VJOSA OSMANI - SADRIU<\/title>\n<meta name=\"description\" content=\"Sejdiu: 2 Juli 1990 je bio vrh artikulisanja ose\u0107aja slobode - Predsednik Republike Kosovo - DR. VJOSA OSMANI - SADRIU -\" \/>\n<meta name=\"robots\" content=\"index, follow, max-snippet:-1, max-image-preview:large, max-video-preview:-1\" \/>\n<link rel=\"canonical\" href=\"https:\/\/president-ksgov.net\/sejdiu-2-korriku-i-vitit-1990-ishte-kulmi-i-artikulimit-te-ndjenjes-se-lirise\/\" \/>\n<meta property=\"og:locale\" content=\"sr_RS\" \/>\n<meta property=\"og:type\" content=\"article\" \/>\n<meta property=\"og:title\" content=\"Sejdiu: 2 Juli 1990 je bio vrh artikulisanja ose\u0107aja slobode - Predsednik Republike Kosovo - DR. VJOSA OSMANI - SADRIU\" \/>\n<meta property=\"og:description\" content=\"Sejdiu: 2 Juli 1990 je bio vrh artikulisanja ose\u0107aja slobode - Predsednik Republike Kosovo - DR. VJOSA OSMANI - SADRIU -\" \/>\n<meta property=\"og:url\" content=\"https:\/\/president-ksgov.net\/sejdiu-2-korriku-i-vitit-1990-ishte-kulmi-i-artikulimit-te-ndjenjes-se-lirise\/\" \/>\n<meta property=\"og:site_name\" content=\"Predsednik Republike Kosovo - DR. VJOSA OSMANI - SADRIU\" \/>\n<meta property=\"article:published_time\" content=\"2010-07-02T14:10:38+00:00\" \/>\n<meta property=\"og:image\" content=\"https:\/\/president-ksgov.net\/wp-content\/uploads\/02_07_2010__2korriku_1.jpg\" \/>\n\t<meta property=\"og:image:width\" content=\"1000\" \/>\n\t<meta property=\"og:image:height\" content=\"667\" \/>\n\t<meta property=\"og:image:type\" content=\"image\/jpeg\" \/>\n<meta name=\"author\" content=\"admin\" \/>\n<meta name=\"twitter:card\" content=\"summary_large_image\" \/>\n<meta name=\"twitter:label1\" content=\"\u041d\u0430\u043f\u0438\u0441\u0430\u043d\u043e \u043e\u0434\" \/>\n\t<meta name=\"twitter:data1\" content=\"admin\" \/>\n\t<meta name=\"twitter:label2\" content=\"\u041f\u0440\u043e\u0446\u0435\u045a\u0435\u043d\u043e \u0432\u0440\u0435\u043c\u0435 \u0447\u0438\u0442\u0430\u045a\u0430\" \/>\n\t<meta name=\"twitter:data2\" content=\"6 \u043c\u0438\u043d\u0443\u0442\u0430\" \/>\n<script type=\"application\/ld+json\" class=\"yoast-schema-graph\">{\"@context\":\"https:\/\/schema.org\",\"@graph\":[{\"@type\":\"WebPage\",\"@id\":\"https:\/\/president-ksgov.net\/sejdiu-2-korriku-i-vitit-1990-ishte-kulmi-i-artikulimit-te-ndjenjes-se-lirise\/\",\"url\":\"https:\/\/president-ksgov.net\/sejdiu-2-korriku-i-vitit-1990-ishte-kulmi-i-artikulimit-te-ndjenjes-se-lirise\/\",\"name\":\"Sejdiu: 2 Juli 1990 je bio vrh artikulisanja ose\u0107aja slobode - Predsednik Republike Kosovo - DR. VJOSA OSMANI - SADRIU\",\"isPartOf\":{\"@id\":\"https:\/\/president-ksgov.net\/#website\"},\"primaryImageOfPage\":{\"@id\":\"https:\/\/president-ksgov.net\/sejdiu-2-korriku-i-vitit-1990-ishte-kulmi-i-artikulimit-te-ndjenjes-se-lirise\/#primaryimage\"},\"image\":{\"@id\":\"https:\/\/president-ksgov.net\/sejdiu-2-korriku-i-vitit-1990-ishte-kulmi-i-artikulimit-te-ndjenjes-se-lirise\/#primaryimage\"},\"thumbnailUrl\":\"https:\/\/president-ksgov.net\/wp-content\/uploads\/02_07_2010__2korriku_1.jpg\",\"datePublished\":\"2010-07-02T14:10:38+00:00\",\"dateModified\":\"2010-07-02T14:10:38+00:00\",\"author\":{\"@id\":\"https:\/\/president-ksgov.net\/#\/schema\/person\/bb4337a5fb147cb2046d80548172cbee\"},\"description\":\"Sejdiu: 2 Juli 1990 je bio vrh artikulisanja ose\u0107aja slobode - Predsednik Republike Kosovo - DR. VJOSA OSMANI - SADRIU -\",\"breadcrumb\":{\"@id\":\"https:\/\/president-ksgov.net\/sejdiu-2-korriku-i-vitit-1990-ishte-kulmi-i-artikulimit-te-ndjenjes-se-lirise\/#breadcrumb\"},\"inLanguage\":\"sr-RS\",\"potentialAction\":[{\"@type\":\"ReadAction\",\"target\":[\"https:\/\/president-ksgov.net\/sejdiu-2-korriku-i-vitit-1990-ishte-kulmi-i-artikulimit-te-ndjenjes-se-lirise\/\"]}]},{\"@type\":\"ImageObject\",\"inLanguage\":\"sr-RS\",\"@id\":\"https:\/\/president-ksgov.net\/sejdiu-2-korriku-i-vitit-1990-ishte-kulmi-i-artikulimit-te-ndjenjes-se-lirise\/#primaryimage\",\"url\":\"https:\/\/president-ksgov.net\/wp-content\/uploads\/02_07_2010__2korriku_1.jpg\",\"contentUrl\":\"https:\/\/president-ksgov.net\/wp-content\/uploads\/02_07_2010__2korriku_1.jpg\",\"width\":1000,\"height\":667},{\"@type\":\"BreadcrumbList\",\"@id\":\"https:\/\/president-ksgov.net\/sejdiu-2-korriku-i-vitit-1990-ishte-kulmi-i-artikulimit-te-ndjenjes-se-lirise\/#breadcrumb\",\"itemListElement\":[{\"@type\":\"ListItem\",\"position\":1,\"name\":\"Home\",\"item\":\"https:\/\/president-ksgov.net\/sr\/\"},{\"@type\":\"ListItem\",\"position\":2,\"name\":\"Sejdiu: 2 Juli 1990 je bio vrh artikulisanja ose\u0107aja slobode\"}]},{\"@type\":\"WebSite\",\"@id\":\"https:\/\/president-ksgov.net\/#website\",\"url\":\"https:\/\/president-ksgov.net\/\",\"name\":\"Presidente e Republik\u00ebs s\u00eb Kosov\u00ebs\",\"description\":\"Presidente e Republik\u00ebs s\u00eb Kosov\u00ebs\",\"alternateName\":\"DR. VJOSA OSMANI - SADRIU\",\"potentialAction\":[{\"@type\":\"SearchAction\",\"target\":{\"@type\":\"EntryPoint\",\"urlTemplate\":\"https:\/\/president-ksgov.net\/?s={search_term_string}\"},\"query-input\":{\"@type\":\"PropertyValueSpecification\",\"valueRequired\":true,\"valueName\":\"search_term_string\"}}],\"inLanguage\":\"sr-RS\"},{\"@type\":\"Person\",\"@id\":\"https:\/\/president-ksgov.net\/#\/schema\/person\/bb4337a5fb147cb2046d80548172cbee\",\"name\":\"admin\",\"image\":{\"@type\":\"ImageObject\",\"inLanguage\":\"sr-RS\",\"@id\":\"https:\/\/president-ksgov.net\/#\/schema\/person\/image\/\",\"url\":\"https:\/\/secure.gravatar.com\/avatar\/36156ca0fa3b8d9d25174f146e16beea0cf28f37adf1b9e19b6c9c279a7c9dd3?s=96&d=mm&r=g\",\"contentUrl\":\"https:\/\/secure.gravatar.com\/avatar\/36156ca0fa3b8d9d25174f146e16beea0cf28f37adf1b9e19b6c9c279a7c9dd3?s=96&d=mm&r=g\",\"caption\":\"admin\"},\"sameAs\":[\"https:\/\/president-ksgov.net\"]}]}<\/script>\n<!-- \/ Yoast SEO plugin. -->","yoast_head_json":{"title":"Sejdiu: 2 Juli 1990 je bio vrh artikulisanja ose\u0107aja slobode - Predsednik Republike Kosovo - DR. VJOSA OSMANI - SADRIU","description":"Sejdiu: 2 Juli 1990 je bio vrh artikulisanja ose\u0107aja slobode - Predsednik Republike Kosovo - DR. VJOSA OSMANI - SADRIU -","robots":{"index":"index","follow":"follow","max-snippet":"max-snippet:-1","max-image-preview":"max-image-preview:large","max-video-preview":"max-video-preview:-1"},"canonical":"https:\/\/president-ksgov.net\/sejdiu-2-korriku-i-vitit-1990-ishte-kulmi-i-artikulimit-te-ndjenjes-se-lirise\/","og_locale":"sr_RS","og_type":"article","og_title":"Sejdiu: 2 Juli 1990 je bio vrh artikulisanja ose\u0107aja slobode - Predsednik Republike Kosovo - DR. VJOSA OSMANI - SADRIU","og_description":"Sejdiu: 2 Juli 1990 je bio vrh artikulisanja ose\u0107aja slobode - Predsednik Republike Kosovo - DR. VJOSA OSMANI - SADRIU -","og_url":"https:\/\/president-ksgov.net\/sejdiu-2-korriku-i-vitit-1990-ishte-kulmi-i-artikulimit-te-ndjenjes-se-lirise\/","og_site_name":"Predsednik Republike Kosovo - DR. VJOSA OSMANI - SADRIU","article_published_time":"2010-07-02T14:10:38+00:00","og_image":[{"width":1000,"height":667,"url":"https:\/\/president-ksgov.net\/wp-content\/uploads\/02_07_2010__2korriku_1.jpg","type":"image\/jpeg"}],"author":"admin","twitter_card":"summary_large_image","twitter_misc":{"\u041d\u0430\u043f\u0438\u0441\u0430\u043d\u043e \u043e\u0434":"admin","\u041f\u0440\u043e\u0446\u0435\u045a\u0435\u043d\u043e \u0432\u0440\u0435\u043c\u0435 \u0447\u0438\u0442\u0430\u045a\u0430":"6 \u043c\u0438\u043d\u0443\u0442\u0430"},"schema":{"@context":"https:\/\/schema.org","@graph":[{"@type":"WebPage","@id":"https:\/\/president-ksgov.net\/sejdiu-2-korriku-i-vitit-1990-ishte-kulmi-i-artikulimit-te-ndjenjes-se-lirise\/","url":"https:\/\/president-ksgov.net\/sejdiu-2-korriku-i-vitit-1990-ishte-kulmi-i-artikulimit-te-ndjenjes-se-lirise\/","name":"Sejdiu: 2 Juli 1990 je bio vrh artikulisanja ose\u0107aja slobode - Predsednik Republike Kosovo - DR. VJOSA OSMANI - SADRIU","isPartOf":{"@id":"https:\/\/president-ksgov.net\/#website"},"primaryImageOfPage":{"@id":"https:\/\/president-ksgov.net\/sejdiu-2-korriku-i-vitit-1990-ishte-kulmi-i-artikulimit-te-ndjenjes-se-lirise\/#primaryimage"},"image":{"@id":"https:\/\/president-ksgov.net\/sejdiu-2-korriku-i-vitit-1990-ishte-kulmi-i-artikulimit-te-ndjenjes-se-lirise\/#primaryimage"},"thumbnailUrl":"https:\/\/president-ksgov.net\/wp-content\/uploads\/02_07_2010__2korriku_1.jpg","datePublished":"2010-07-02T14:10:38+00:00","dateModified":"2010-07-02T14:10:38+00:00","author":{"@id":"https:\/\/president-ksgov.net\/#\/schema\/person\/bb4337a5fb147cb2046d80548172cbee"},"description":"Sejdiu: 2 Juli 1990 je bio vrh artikulisanja ose\u0107aja slobode - Predsednik Republike Kosovo - DR. VJOSA OSMANI - SADRIU -","breadcrumb":{"@id":"https:\/\/president-ksgov.net\/sejdiu-2-korriku-i-vitit-1990-ishte-kulmi-i-artikulimit-te-ndjenjes-se-lirise\/#breadcrumb"},"inLanguage":"sr-RS","potentialAction":[{"@type":"ReadAction","target":["https:\/\/president-ksgov.net\/sejdiu-2-korriku-i-vitit-1990-ishte-kulmi-i-artikulimit-te-ndjenjes-se-lirise\/"]}]},{"@type":"ImageObject","inLanguage":"sr-RS","@id":"https:\/\/president-ksgov.net\/sejdiu-2-korriku-i-vitit-1990-ishte-kulmi-i-artikulimit-te-ndjenjes-se-lirise\/#primaryimage","url":"https:\/\/president-ksgov.net\/wp-content\/uploads\/02_07_2010__2korriku_1.jpg","contentUrl":"https:\/\/president-ksgov.net\/wp-content\/uploads\/02_07_2010__2korriku_1.jpg","width":1000,"height":667},{"@type":"BreadcrumbList","@id":"https:\/\/president-ksgov.net\/sejdiu-2-korriku-i-vitit-1990-ishte-kulmi-i-artikulimit-te-ndjenjes-se-lirise\/#breadcrumb","itemListElement":[{"@type":"ListItem","position":1,"name":"Home","item":"https:\/\/president-ksgov.net\/sr\/"},{"@type":"ListItem","position":2,"name":"Sejdiu: 2 Juli 1990 je bio vrh artikulisanja ose\u0107aja slobode"}]},{"@type":"WebSite","@id":"https:\/\/president-ksgov.net\/#website","url":"https:\/\/president-ksgov.net\/","name":"Presidente e Republik\u00ebs s\u00eb Kosov\u00ebs","description":"Presidente e Republik\u00ebs s\u00eb Kosov\u00ebs","alternateName":"DR. VJOSA OSMANI - SADRIU","potentialAction":[{"@type":"SearchAction","target":{"@type":"EntryPoint","urlTemplate":"https:\/\/president-ksgov.net\/?s={search_term_string}"},"query-input":{"@type":"PropertyValueSpecification","valueRequired":true,"valueName":"search_term_string"}}],"inLanguage":"sr-RS"},{"@type":"Person","@id":"https:\/\/president-ksgov.net\/#\/schema\/person\/bb4337a5fb147cb2046d80548172cbee","name":"admin","image":{"@type":"ImageObject","inLanguage":"sr-RS","@id":"https:\/\/president-ksgov.net\/#\/schema\/person\/image\/","url":"https:\/\/secure.gravatar.com\/avatar\/36156ca0fa3b8d9d25174f146e16beea0cf28f37adf1b9e19b6c9c279a7c9dd3?s=96&d=mm&r=g","contentUrl":"https:\/\/secure.gravatar.com\/avatar\/36156ca0fa3b8d9d25174f146e16beea0cf28f37adf1b9e19b6c9c279a7c9dd3?s=96&d=mm&r=g","caption":"admin"},"sameAs":["https:\/\/president-ksgov.net"]}]}},"_links":{"self":[{"href":"https:\/\/president-ksgov.net\/sr\/wp-json\/wp\/v2\/posts\/80159","targetHints":{"allow":["GET"]}}],"collection":[{"href":"https:\/\/president-ksgov.net\/sr\/wp-json\/wp\/v2\/posts"}],"about":[{"href":"https:\/\/president-ksgov.net\/sr\/wp-json\/wp\/v2\/types\/post"}],"author":[{"embeddable":true,"href":"https:\/\/president-ksgov.net\/sr\/wp-json\/wp\/v2\/users\/1"}],"replies":[{"embeddable":true,"href":"https:\/\/president-ksgov.net\/sr\/wp-json\/wp\/v2\/comments?post=80159"}],"version-history":[{"count":0,"href":"https:\/\/president-ksgov.net\/sr\/wp-json\/wp\/v2\/posts\/80159\/revisions"}],"wp:featuredmedia":[{"embeddable":true,"href":"https:\/\/president-ksgov.net\/sr\/wp-json\/wp\/v2\/media\/63568"}],"wp:attachment":[{"href":"https:\/\/president-ksgov.net\/sr\/wp-json\/wp\/v2\/media?parent=80159"}],"wp:term":[{"taxonomy":"category","embeddable":true,"href":"https:\/\/president-ksgov.net\/sr\/wp-json\/wp\/v2\/categories?post=80159"},{"taxonomy":"post_tag","embeddable":true,"href":"https:\/\/president-ksgov.net\/sr\/wp-json\/wp\/v2\/tags?post=80159"}],"curies":[{"name":"wp","href":"https:\/\/api.w.org\/{rel}","templated":true}]}}