{"id":80084,"date":"2010-08-10T15:53:57","date_gmt":"2010-08-10T15:53:57","guid":{"rendered":"https:\/\/dev.president-ksgov.net\/predsednik-sejdiu-je-odlikovao-borce-za-slobodu-bekim-berisha-abeja-bedri-shala-elton-zherka-permet-vula-i-muhamet-sefer-haxhaj\/"},"modified":"2010-08-10T15:53:57","modified_gmt":"2010-08-10T15:53:57","slug":"predsednik-sejdiu-je-odlikovao-borce-za-slobodu-bekim-berisha-abeja-bedri-shala-elton-zherka-permet-vula-i-muhamet-sefer-haxhaj","status":"publish","type":"post","link":"https:\/\/president-ksgov.net\/sr\/predsednik-sejdiu-je-odlikovao-borce-za-slobodu-bekim-berisha-abeja-bedri-shala-elton-zherka-permet-vula-i-muhamet-sefer-haxhaj\/","title":{"rendered":"Predsednik Sejdiu je odlikovao borce za slobodu Bekim Berisha-Abeja, Bedri Shala, Elton Zherka, P\u00ebrmet Vula i Muhamet (Sefer) Haxhaj"},"content":{"rendered":"<p>10.08.2010 &#8211; Predsednik Republike Kosova, dr. Fatmir Sejdiu, na osnovu Ustava Republike Kosova i Pravilnika o Ordenima, Ukazima i Po\u010dasnim Titulama Kosova je odlikovao Ukazom &#8222;Heroj Kosova&#8220; borca i istaknutog vojnog rukovodioca Kosova, Bekim Berisha- Abeja.<\/p>\n<p>U obrazlo&#382;enje odlikovanja Bekim Berisha-Abeja se ka&#382;e: &#8222;Doprinos Bekim Berisha &#8211;Abeja u borbi za oslobo\u0111enje Kosova jeste izvanredan. Bekim Berisha je bio jedan od najve\u0107ih boraca i stratega u periodu velikih preokreta i borbe naroda Kosova za slobodu i nezavisnost. Hrabrost, neustra&#353;ivost, njegova vojna stru\u010dnost, su bili mobilizacioni faktor, inspirativan i podsticajan duh za saborce i narod Kosova da ne pokleknu i da bi ustraju na putu potpunog oslobo\u0111enja.<\/p>\n<p>Bekim Berisha- Abeja je najbolji primer slobodoljubivog posve\u0107enja i dokazivanja kako se odaziva pozivu domovine u borbi za slobodu.<\/p>\n<p>Njegov borbeni duh i profesionalizam je dokazan svugde gde se on na&#353;ao rame uz rame naroda koji su se nalazili u opasnosti, kao &#353;to je bio slu\u010daj sa hrvatskim i bo&#353;nja\u010dkim narodom. On je po&#353;tovan svugde gde je ratovao i radio za dobrobit naroda i njihovu slobodu. Bekim Berisha-Abeja &#382;rtvuju\u0107i se na rati&#353;tu sa saborcima Bedri Shala, Elton Zherka i P\u00ebrmet Vula, postao je oznaka hrabrosti i ljubavi za domovinu koga \u0107emo se vazda visokim pijetetom i po&#353;tovanejm da se podsetimo.<\/p>\n<p>Delo i li\u010dnost Bekim Berishe &#8211; Abeje \u0107e biti nadahnu\u0107e rodoljublja za sve generacije koje dolaze&#8220;.<\/p>\n<p>Isto tako, danas je Predsednik Sejdiu, za poseban doprinos dat u borbi za slobodu Kosova, je odlikovao Zlatnom Medaljom za Slobodu, pale borce Bedri Shala, Elton Zherka i P\u00ebrmet Vula.<\/p>\n<p>&#8222;Doprinos ovih boraca u borbi za slobodu Kosova je bio poseban. Njihovo &#382;rtvovanje na rati&#353;te je bio primer po&#382;rtvovanja i visoke posve\u0107enosti i dokazivanja da sloboda domovine je iznad svega. <\/p>\n<p>Oni skupa sa komandantom Bekim Berisha-Abeja su se borili i ginuli u mladosti, postaju\u0107i tako primer hrabrosti i rodoljublja za domovinu.<\/p>\n<p>Delo i li\u010dnost Bedri Shale, Elton Zherke i P\u00ebrmet Vule \u0107e ostati nadahnu\u0107e rodoljublja za sve generacije koje \u0107e do\u0107i&#8220;, ka&#382;e se u obrazlo&#382;enju njihovog odlikovanja.<\/p>\n<p>Za poseban doprinos dat borbi za slobodu Kosova, Predsednik Sejdiu je odlikovao Zlatnom Medaljom &#8222;Luft\u00ebtari i Liris\u00eb &#8211; Adem Jashari&#8220; palog borca Muhamet (Sefer) Haxhaj.<\/p>\n<p>&#8222;Doprinos borca Muhamet (Sefer) Haxhaj &#8211; poznat kao komandant Naimi, u borbi za slobodu Kosova jeste vanredan. Njegova borba i pogibija na rati&#353;te, u Dolc kod Kline brane\u0107i borbene pozicije, bio je primer hrabrosti i visokog posve\u0107enja za slobodu domovine.<\/p>\n<p>Muhamet (Sefer) Haxhaj se borio i pogibe sasvim mlad, da bi za uvek ostao primer neustra&#353;ivog borca koji izlazi u susret zemlji i narodu u najte&#382;im vremenima. <\/p>\n<p>Delo i li\u010dnost Muhamet (Sefer) Haxhaj \u0107e ostati nadahnu\u0107e rodoljublja za sve generacije koje dolaze kasnije&#8220;, ka&#382;e se u obrazlo&#382;enje odlikovanja.<\/p>\n<p>Na jednoj sve\u010danosti organizovanoj u kabinet Predsednika Sejdiu ovom prilikom, na ime prisutnih \u010dlanova porodica odlikovanih, zahvalio se G\u00ebzim Zherka, koji je visoko cenio pa&#382;nju Predsednika za delo i borbu palih boraca za slobodu.<\/p>\n","protected":false},"excerpt":{"rendered":"<p>10.08.2010 &#8211; Predsednik Republike Kosova, dr. Fatmir Sejdiu, na osnovu Ustava Republike Kosova i Pravilnika o Ordenima, Ukazima i Po\u010dasnim Titulama Kosova je odlikovao Ukazom &#8222;Heroj Kosova&#8220; borca i istaknutog vojnog rukovodioca Kosova, Bekim Berisha- Abeja.<\/p>\n","protected":false},"author":1,"featured_media":63308,"comment_status":"open","ping_status":"closed","sticky":false,"template":"","format":"standard","meta":{"_eb_attr":"","footnotes":""},"categories":[101],"tags":[],"class_list":["post-80084","post","type-post","status-publish","format-standard","has-post-thumbnail","hentry","category-vesti"],"yoast_head":"<!-- This site is optimized with the Yoast SEO plugin v23.5 - https:\/\/yoast.com\/wordpress\/plugins\/seo\/ -->\n<title>Predsednik Sejdiu je odlikovao borce za slobodu Bekim Berisha-Abeja, Bedri Shala, Elton Zherka, P\u00ebrmet Vula i Muhamet (Sefer) Haxhaj - Predsednik Republike Kosovo - DR. VJOSA OSMANI - SADRIU<\/title>\n<meta name=\"description\" content=\"Predsednik Sejdiu je odlikovao borce za slobodu Bekim Berisha-Abeja, Bedri Shala, Elton Zherka, P\u00ebrmet Vula i Muhamet (Sefer) Haxhaj - Predsednik Republike Kosovo - DR. VJOSA OSMANI - SADRIU -\" \/>\n<meta name=\"robots\" content=\"index, follow, max-snippet:-1, max-image-preview:large, max-video-preview:-1\" \/>\n<link rel=\"canonical\" href=\"https:\/\/president-ksgov.net\/presidenti-sejdiu-dekoroi-luftetaret-e-lirise-bekim-berisha-abeja-bedri-shala-elton-zherka-permet-vula-e-muhamet-sefer-haxhaj\/\" \/>\n<meta property=\"og:locale\" content=\"sr_RS\" \/>\n<meta property=\"og:type\" content=\"article\" \/>\n<meta property=\"og:title\" content=\"Predsednik Sejdiu je odlikovao borce za slobodu Bekim Berisha-Abeja, Bedri Shala, Elton Zherka, P\u00ebrmet Vula i Muhamet (Sefer) Haxhaj - Predsednik Republike Kosovo - DR. VJOSA OSMANI - SADRIU\" \/>\n<meta property=\"og:description\" content=\"Predsednik Sejdiu je odlikovao borce za slobodu Bekim Berisha-Abeja, Bedri Shala, Elton Zherka, P\u00ebrmet Vula i Muhamet (Sefer) Haxhaj - Predsednik Republike Kosovo - DR. VJOSA OSMANI - SADRIU -\" \/>\n<meta property=\"og:url\" content=\"https:\/\/president-ksgov.net\/presidenti-sejdiu-dekoroi-luftetaret-e-lirise-bekim-berisha-abeja-bedri-shala-elton-zherka-permet-vula-e-muhamet-sefer-haxhaj\/\" \/>\n<meta property=\"og:site_name\" content=\"Predsednik Republike Kosovo - DR. VJOSA OSMANI - SADRIU\" \/>\n<meta property=\"article:published_time\" content=\"2010-08-10T15:53:57+00:00\" \/>\n<meta property=\"og:image\" content=\"https:\/\/president-ksgov.net\/wp-content\/uploads\/10_08_2010_Dekorimi_i_familjeve_1.jpg\" \/>\n\t<meta property=\"og:image:width\" content=\"1000\" \/>\n\t<meta property=\"og:image:height\" content=\"667\" \/>\n\t<meta property=\"og:image:type\" content=\"image\/jpeg\" \/>\n<meta name=\"author\" content=\"admin\" \/>\n<meta name=\"twitter:card\" content=\"summary_large_image\" \/>\n<meta name=\"twitter:label1\" content=\"\u041d\u0430\u043f\u0438\u0441\u0430\u043d\u043e \u043e\u0434\" \/>\n\t<meta name=\"twitter:data1\" content=\"admin\" \/>\n\t<meta name=\"twitter:label2\" content=\"\u041f\u0440\u043e\u0446\u0435\u045a\u0435\u043d\u043e \u0432\u0440\u0435\u043c\u0435 \u0447\u0438\u0442\u0430\u045a\u0430\" \/>\n\t<meta name=\"twitter:data2\" content=\"3 \u043c\u0438\u043d\u0443\u0442\u0430\" \/>\n<script type=\"application\/ld+json\" class=\"yoast-schema-graph\">{\"@context\":\"https:\/\/schema.org\",\"@graph\":[{\"@type\":\"WebPage\",\"@id\":\"https:\/\/president-ksgov.net\/presidenti-sejdiu-dekoroi-luftetaret-e-lirise-bekim-berisha-abeja-bedri-shala-elton-zherka-permet-vula-e-muhamet-sefer-haxhaj\/\",\"url\":\"https:\/\/president-ksgov.net\/presidenti-sejdiu-dekoroi-luftetaret-e-lirise-bekim-berisha-abeja-bedri-shala-elton-zherka-permet-vula-e-muhamet-sefer-haxhaj\/\",\"name\":\"Predsednik Sejdiu je odlikovao borce za slobodu Bekim Berisha-Abeja, Bedri Shala, Elton Zherka, P\u00ebrmet Vula i Muhamet (Sefer) Haxhaj - Predsednik Republike Kosovo - DR. VJOSA OSMANI - SADRIU\",\"isPartOf\":{\"@id\":\"https:\/\/president-ksgov.net\/#website\"},\"primaryImageOfPage\":{\"@id\":\"https:\/\/president-ksgov.net\/presidenti-sejdiu-dekoroi-luftetaret-e-lirise-bekim-berisha-abeja-bedri-shala-elton-zherka-permet-vula-e-muhamet-sefer-haxhaj\/#primaryimage\"},\"image\":{\"@id\":\"https:\/\/president-ksgov.net\/presidenti-sejdiu-dekoroi-luftetaret-e-lirise-bekim-berisha-abeja-bedri-shala-elton-zherka-permet-vula-e-muhamet-sefer-haxhaj\/#primaryimage\"},\"thumbnailUrl\":\"https:\/\/president-ksgov.net\/wp-content\/uploads\/10_08_2010_Dekorimi_i_familjeve_1.jpg\",\"datePublished\":\"2010-08-10T15:53:57+00:00\",\"dateModified\":\"2010-08-10T15:53:57+00:00\",\"author\":{\"@id\":\"https:\/\/president-ksgov.net\/#\/schema\/person\/bb4337a5fb147cb2046d80548172cbee\"},\"description\":\"Predsednik Sejdiu je odlikovao borce za slobodu Bekim Berisha-Abeja, Bedri Shala, Elton Zherka, P\u00ebrmet Vula i Muhamet (Sefer) Haxhaj - Predsednik Republike Kosovo - DR. VJOSA OSMANI - SADRIU -\",\"breadcrumb\":{\"@id\":\"https:\/\/president-ksgov.net\/presidenti-sejdiu-dekoroi-luftetaret-e-lirise-bekim-berisha-abeja-bedri-shala-elton-zherka-permet-vula-e-muhamet-sefer-haxhaj\/#breadcrumb\"},\"inLanguage\":\"sr-RS\",\"potentialAction\":[{\"@type\":\"ReadAction\",\"target\":[\"https:\/\/president-ksgov.net\/presidenti-sejdiu-dekoroi-luftetaret-e-lirise-bekim-berisha-abeja-bedri-shala-elton-zherka-permet-vula-e-muhamet-sefer-haxhaj\/\"]}]},{\"@type\":\"ImageObject\",\"inLanguage\":\"sr-RS\",\"@id\":\"https:\/\/president-ksgov.net\/presidenti-sejdiu-dekoroi-luftetaret-e-lirise-bekim-berisha-abeja-bedri-shala-elton-zherka-permet-vula-e-muhamet-sefer-haxhaj\/#primaryimage\",\"url\":\"https:\/\/president-ksgov.net\/wp-content\/uploads\/10_08_2010_Dekorimi_i_familjeve_1.jpg\",\"contentUrl\":\"https:\/\/president-ksgov.net\/wp-content\/uploads\/10_08_2010_Dekorimi_i_familjeve_1.jpg\",\"width\":1000,\"height\":667},{\"@type\":\"BreadcrumbList\",\"@id\":\"https:\/\/president-ksgov.net\/presidenti-sejdiu-dekoroi-luftetaret-e-lirise-bekim-berisha-abeja-bedri-shala-elton-zherka-permet-vula-e-muhamet-sefer-haxhaj\/#breadcrumb\",\"itemListElement\":[{\"@type\":\"ListItem\",\"position\":1,\"name\":\"Home\",\"item\":\"https:\/\/president-ksgov.net\/sr\/\"},{\"@type\":\"ListItem\",\"position\":2,\"name\":\"Predsednik Sejdiu je odlikovao borce za slobodu Bekim Berisha-Abeja, Bedri Shala, Elton Zherka, P\u00ebrmet Vula i Muhamet (Sefer) Haxhaj\"}]},{\"@type\":\"WebSite\",\"@id\":\"https:\/\/president-ksgov.net\/#website\",\"url\":\"https:\/\/president-ksgov.net\/\",\"name\":\"Presidente e Republik\u00ebs s\u00eb Kosov\u00ebs\",\"description\":\"Presidente e Republik\u00ebs s\u00eb Kosov\u00ebs\",\"alternateName\":\"DR. VJOSA OSMANI - SADRIU\",\"potentialAction\":[{\"@type\":\"SearchAction\",\"target\":{\"@type\":\"EntryPoint\",\"urlTemplate\":\"https:\/\/president-ksgov.net\/?s={search_term_string}\"},\"query-input\":{\"@type\":\"PropertyValueSpecification\",\"valueRequired\":true,\"valueName\":\"search_term_string\"}}],\"inLanguage\":\"sr-RS\"},{\"@type\":\"Person\",\"@id\":\"https:\/\/president-ksgov.net\/#\/schema\/person\/bb4337a5fb147cb2046d80548172cbee\",\"name\":\"admin\",\"image\":{\"@type\":\"ImageObject\",\"inLanguage\":\"sr-RS\",\"@id\":\"https:\/\/president-ksgov.net\/#\/schema\/person\/image\/\",\"url\":\"https:\/\/secure.gravatar.com\/avatar\/36156ca0fa3b8d9d25174f146e16beea0cf28f37adf1b9e19b6c9c279a7c9dd3?s=96&d=mm&r=g\",\"contentUrl\":\"https:\/\/secure.gravatar.com\/avatar\/36156ca0fa3b8d9d25174f146e16beea0cf28f37adf1b9e19b6c9c279a7c9dd3?s=96&d=mm&r=g\",\"caption\":\"admin\"},\"sameAs\":[\"https:\/\/president-ksgov.net\"]}]}<\/script>\n<!-- \/ Yoast SEO plugin. -->","yoast_head_json":{"title":"Predsednik Sejdiu je odlikovao borce za slobodu Bekim Berisha-Abeja, Bedri Shala, Elton Zherka, P\u00ebrmet Vula i Muhamet (Sefer) Haxhaj - Predsednik Republike Kosovo - DR. VJOSA OSMANI - SADRIU","description":"Predsednik Sejdiu je odlikovao borce za slobodu Bekim Berisha-Abeja, Bedri Shala, Elton Zherka, P\u00ebrmet Vula i Muhamet (Sefer) Haxhaj - Predsednik Republike Kosovo - DR. VJOSA OSMANI - SADRIU -","robots":{"index":"index","follow":"follow","max-snippet":"max-snippet:-1","max-image-preview":"max-image-preview:large","max-video-preview":"max-video-preview:-1"},"canonical":"https:\/\/president-ksgov.net\/presidenti-sejdiu-dekoroi-luftetaret-e-lirise-bekim-berisha-abeja-bedri-shala-elton-zherka-permet-vula-e-muhamet-sefer-haxhaj\/","og_locale":"sr_RS","og_type":"article","og_title":"Predsednik Sejdiu je odlikovao borce za slobodu Bekim Berisha-Abeja, Bedri Shala, Elton Zherka, P\u00ebrmet Vula i Muhamet (Sefer) Haxhaj - Predsednik Republike Kosovo - DR. VJOSA OSMANI - SADRIU","og_description":"Predsednik Sejdiu je odlikovao borce za slobodu Bekim Berisha-Abeja, Bedri Shala, Elton Zherka, P\u00ebrmet Vula i Muhamet (Sefer) Haxhaj - Predsednik Republike Kosovo - DR. VJOSA OSMANI - SADRIU -","og_url":"https:\/\/president-ksgov.net\/presidenti-sejdiu-dekoroi-luftetaret-e-lirise-bekim-berisha-abeja-bedri-shala-elton-zherka-permet-vula-e-muhamet-sefer-haxhaj\/","og_site_name":"Predsednik Republike Kosovo - DR. VJOSA OSMANI - SADRIU","article_published_time":"2010-08-10T15:53:57+00:00","og_image":[{"width":1000,"height":667,"url":"https:\/\/president-ksgov.net\/wp-content\/uploads\/10_08_2010_Dekorimi_i_familjeve_1.jpg","type":"image\/jpeg"}],"author":"admin","twitter_card":"summary_large_image","twitter_misc":{"\u041d\u0430\u043f\u0438\u0441\u0430\u043d\u043e \u043e\u0434":"admin","\u041f\u0440\u043e\u0446\u0435\u045a\u0435\u043d\u043e \u0432\u0440\u0435\u043c\u0435 \u0447\u0438\u0442\u0430\u045a\u0430":"3 \u043c\u0438\u043d\u0443\u0442\u0430"},"schema":{"@context":"https:\/\/schema.org","@graph":[{"@type":"WebPage","@id":"https:\/\/president-ksgov.net\/presidenti-sejdiu-dekoroi-luftetaret-e-lirise-bekim-berisha-abeja-bedri-shala-elton-zherka-permet-vula-e-muhamet-sefer-haxhaj\/","url":"https:\/\/president-ksgov.net\/presidenti-sejdiu-dekoroi-luftetaret-e-lirise-bekim-berisha-abeja-bedri-shala-elton-zherka-permet-vula-e-muhamet-sefer-haxhaj\/","name":"Predsednik Sejdiu je odlikovao borce za slobodu Bekim Berisha-Abeja, Bedri Shala, Elton Zherka, P\u00ebrmet Vula i Muhamet (Sefer) Haxhaj - Predsednik Republike Kosovo - DR. VJOSA OSMANI - SADRIU","isPartOf":{"@id":"https:\/\/president-ksgov.net\/#website"},"primaryImageOfPage":{"@id":"https:\/\/president-ksgov.net\/presidenti-sejdiu-dekoroi-luftetaret-e-lirise-bekim-berisha-abeja-bedri-shala-elton-zherka-permet-vula-e-muhamet-sefer-haxhaj\/#primaryimage"},"image":{"@id":"https:\/\/president-ksgov.net\/presidenti-sejdiu-dekoroi-luftetaret-e-lirise-bekim-berisha-abeja-bedri-shala-elton-zherka-permet-vula-e-muhamet-sefer-haxhaj\/#primaryimage"},"thumbnailUrl":"https:\/\/president-ksgov.net\/wp-content\/uploads\/10_08_2010_Dekorimi_i_familjeve_1.jpg","datePublished":"2010-08-10T15:53:57+00:00","dateModified":"2010-08-10T15:53:57+00:00","author":{"@id":"https:\/\/president-ksgov.net\/#\/schema\/person\/bb4337a5fb147cb2046d80548172cbee"},"description":"Predsednik Sejdiu je odlikovao borce za slobodu Bekim Berisha-Abeja, Bedri Shala, Elton Zherka, P\u00ebrmet Vula i Muhamet (Sefer) Haxhaj - Predsednik Republike Kosovo - DR. VJOSA OSMANI - SADRIU -","breadcrumb":{"@id":"https:\/\/president-ksgov.net\/presidenti-sejdiu-dekoroi-luftetaret-e-lirise-bekim-berisha-abeja-bedri-shala-elton-zherka-permet-vula-e-muhamet-sefer-haxhaj\/#breadcrumb"},"inLanguage":"sr-RS","potentialAction":[{"@type":"ReadAction","target":["https:\/\/president-ksgov.net\/presidenti-sejdiu-dekoroi-luftetaret-e-lirise-bekim-berisha-abeja-bedri-shala-elton-zherka-permet-vula-e-muhamet-sefer-haxhaj\/"]}]},{"@type":"ImageObject","inLanguage":"sr-RS","@id":"https:\/\/president-ksgov.net\/presidenti-sejdiu-dekoroi-luftetaret-e-lirise-bekim-berisha-abeja-bedri-shala-elton-zherka-permet-vula-e-muhamet-sefer-haxhaj\/#primaryimage","url":"https:\/\/president-ksgov.net\/wp-content\/uploads\/10_08_2010_Dekorimi_i_familjeve_1.jpg","contentUrl":"https:\/\/president-ksgov.net\/wp-content\/uploads\/10_08_2010_Dekorimi_i_familjeve_1.jpg","width":1000,"height":667},{"@type":"BreadcrumbList","@id":"https:\/\/president-ksgov.net\/presidenti-sejdiu-dekoroi-luftetaret-e-lirise-bekim-berisha-abeja-bedri-shala-elton-zherka-permet-vula-e-muhamet-sefer-haxhaj\/#breadcrumb","itemListElement":[{"@type":"ListItem","position":1,"name":"Home","item":"https:\/\/president-ksgov.net\/sr\/"},{"@type":"ListItem","position":2,"name":"Predsednik Sejdiu je odlikovao borce za slobodu Bekim Berisha-Abeja, Bedri Shala, Elton Zherka, P\u00ebrmet Vula i Muhamet (Sefer) Haxhaj"}]},{"@type":"WebSite","@id":"https:\/\/president-ksgov.net\/#website","url":"https:\/\/president-ksgov.net\/","name":"Presidente e Republik\u00ebs s\u00eb Kosov\u00ebs","description":"Presidente e Republik\u00ebs s\u00eb Kosov\u00ebs","alternateName":"DR. VJOSA OSMANI - SADRIU","potentialAction":[{"@type":"SearchAction","target":{"@type":"EntryPoint","urlTemplate":"https:\/\/president-ksgov.net\/?s={search_term_string}"},"query-input":{"@type":"PropertyValueSpecification","valueRequired":true,"valueName":"search_term_string"}}],"inLanguage":"sr-RS"},{"@type":"Person","@id":"https:\/\/president-ksgov.net\/#\/schema\/person\/bb4337a5fb147cb2046d80548172cbee","name":"admin","image":{"@type":"ImageObject","inLanguage":"sr-RS","@id":"https:\/\/president-ksgov.net\/#\/schema\/person\/image\/","url":"https:\/\/secure.gravatar.com\/avatar\/36156ca0fa3b8d9d25174f146e16beea0cf28f37adf1b9e19b6c9c279a7c9dd3?s=96&d=mm&r=g","contentUrl":"https:\/\/secure.gravatar.com\/avatar\/36156ca0fa3b8d9d25174f146e16beea0cf28f37adf1b9e19b6c9c279a7c9dd3?s=96&d=mm&r=g","caption":"admin"},"sameAs":["https:\/\/president-ksgov.net"]}]}},"_links":{"self":[{"href":"https:\/\/president-ksgov.net\/sr\/wp-json\/wp\/v2\/posts\/80084","targetHints":{"allow":["GET"]}}],"collection":[{"href":"https:\/\/president-ksgov.net\/sr\/wp-json\/wp\/v2\/posts"}],"about":[{"href":"https:\/\/president-ksgov.net\/sr\/wp-json\/wp\/v2\/types\/post"}],"author":[{"embeddable":true,"href":"https:\/\/president-ksgov.net\/sr\/wp-json\/wp\/v2\/users\/1"}],"replies":[{"embeddable":true,"href":"https:\/\/president-ksgov.net\/sr\/wp-json\/wp\/v2\/comments?post=80084"}],"version-history":[{"count":0,"href":"https:\/\/president-ksgov.net\/sr\/wp-json\/wp\/v2\/posts\/80084\/revisions"}],"wp:featuredmedia":[{"embeddable":true,"href":"https:\/\/president-ksgov.net\/sr\/wp-json\/wp\/v2\/media\/63308"}],"wp:attachment":[{"href":"https:\/\/president-ksgov.net\/sr\/wp-json\/wp\/v2\/media?parent=80084"}],"wp:term":[{"taxonomy":"category","embeddable":true,"href":"https:\/\/president-ksgov.net\/sr\/wp-json\/wp\/v2\/categories?post=80084"},{"taxonomy":"post_tag","embeddable":true,"href":"https:\/\/president-ksgov.net\/sr\/wp-json\/wp\/v2\/tags?post=80084"}],"curies":[{"name":"wp","href":"https:\/\/api.w.org\/{rel}","templated":true}]}}