{"id":80021,"date":"2010-09-21T08:16:32","date_gmt":"2010-09-21T08:16:32","guid":{"rendered":"https:\/\/dev.president-ksgov.net\/predsednik-sejdiu-i-premijer-thaci-se-sastali-sa-vie-dravnika-na-jednom-sastanku-fondacije-clinton-global-iniciative\/"},"modified":"2010-09-21T08:16:32","modified_gmt":"2010-09-21T08:16:32","slug":"predsednik-sejdiu-i-premijer-thaci-se-sastali-sa-vie-dravnika-na-jednom-sastanku-fondacije-clinton-global-iniciative","status":"publish","type":"post","link":"https:\/\/president-ksgov.net\/sr\/predsednik-sejdiu-i-premijer-thaci-se-sastali-sa-vie-dravnika-na-jednom-sastanku-fondacije-clinton-global-iniciative\/","title":{"rendered":"Predsednik Sejdiu i Premijer Tha\u00e7i se sastali sa vi&#154;e dr&#158;avnika na jednom sastanku &#132;Fondacije &#147;Clinton Global Iniciative&#148;"},"content":{"rendered":"<p>Nju-Jork, 21 Septembar 2010. &#8211; Predsednik Republike Kosova, dr. Fatmir Sejdiu nastavlja posetu SAD-e razvijaju\u0107i niz aktivnosti i sastanaka sa rukovodiocima dr&#382;ava, koji borave u New York-u u vreme godi&#353;njeg zasedanja Generalne Skup&#353;tine Ujedinjenih Naroda.<\/p>\n<p>Nakon predavanja koju je ju\u010de odr&#382;ao na Harvardskom Univerzitetu, koja je izazvala veliko interesovanje u\u010desnika, Predsednik Sejdiu je tokom dana&#353;njeg dana je u\u010destvovao na jednom sastanku u Fondaciji &#8220;Clinton Global Iniciative&#8221; (Globalna Inicijativa Klinton), ovde u New York-u, u dru&#353;tvu Premijera Republike Kosova,, Hashim Tha\u00e7i. <\/p>\n<p>Ovom prilikom, Predsednik Sejdiu se sastao sa biv&#353;im Predsednikom SAD-e, velikim prijateljem Albanaca i Kosova, Bill Klintonom, te sa biv&#353;om ameri\u010dkom Dr&#382;avnim Sekretarom, gospo\u0111om Medlin Olbrajt, sa kojima je razgovarao o zadnjim zbivanjima na Kosovu.<\/p>\n<p>Na sastanku su prisustvovali desetak rukovodioca dr&#382;ava, sa ve\u010dinom kojih su Predsednik Sejdiu i Premijer Tha\u010di imali srda\u010dne sastanke.<\/p>\n<p>Ovom prilikom Predsednik Sejdiu je naglasio da je u Republici Kosova je nastala nova realnost, naro\u010dito nakon jasnog mi&#353;ljenja Me\u0111unarodnog Suda Pravde o zakonitosti progla&#353;enja nezavisnosti Kosova i usvojene rezolucije pro&#353;le nedelje u OUN.<\/p>\n<p>Tokom sastanka sa rukovodiocima dr&#382;ava koje su priznale Republiku Kosova, Predsednik Sejdiu je obavestio njih o zbivanjima u na&#353;oj zemlji i zabele&#382;ena dostignu\u0107a u svim oblastima u unutra&#353;njem planu te o nastojanjima institucija Republike za obezbe\u0111enje novih priznanja, ka i za obezbe\u0111enje &#353;to br&#382;eg \u010dlanstva u me\u0111unarodne mehanizme.<\/p>\n<p>On je tako\u0111e zahtevao od njih da uti\u010du na njihove prijateljske zemlje da &#353;to pre priznaju Republiku Kosova.<\/p>\n<p>Dok, rukovodiocima dr&#382;ava koje jo&#353; nisu priznale najmla\u0111u dr&#382;avu u svetu, Republiku Kosova, Predsednik Sejdiu ih je jo&#353; jednom podsetio da se Kosova ve\u0107 nalazi na jednom novom i vrlo va&#382;nom momentu za njen razvoj. On je naglasio da Me\u0111unarodni Sud Pravde, sa njenim vrlo jasnim &#353;to se ti\u010de nezavisnosti Kosova, je potvrdila da je Kosova zaista poseban slu\u010daj i da je njena nezavisnost rezultat vrlo specifi\u010dnih okolnosti. Mi&#353;ljenje ovog Suda, naglasio je on, &#353;to ne ostavlja vi&#353;e nijednu dilemu da neka dr&#382;ava mogu\u0107e da je imala u vezi priznanja Republike Kosova.<\/p>\n<p>&#8222;Globalna Inicijativa Klinton&#8220; je osnovana 2005 godine od Predsednik Bill Klinton. Zasnovano na njegovim iskustvima, Predsednik Klinton je pokrenuo ovu inicijativu, radi reflektiranja ube\u0111enja da saradnja u svim oblastima omogu\u0107ava su\u010deljavanje sa velikim svetskim izazovima.<\/p>\n","protected":false},"excerpt":{"rendered":"<p>Nju-Jork, 21 Septembar 2010. &#8211; Predsednik Republike Kosova, dr. Fatmir Sejdiu nastavlja posetu SAD-e razvijaju\u0107i niz aktivnosti i sastanaka sa rukovodiocima dr&#382;ava, koji borave u New York-u u vreme godi&#353;njeg zasedanja Generalne Skup&#353;tine Ujedinjenih Naroda.<\/p>\n","protected":false},"author":1,"featured_media":86338,"comment_status":"open","ping_status":"closed","sticky":false,"template":"","format":"standard","meta":{"_eb_attr":"","footnotes":""},"categories":[101],"tags":[],"class_list":["post-80021","post","type-post","status-publish","format-standard","has-post-thumbnail","hentry","category-vesti"],"yoast_head":"<!-- This site is optimized with the Yoast SEO plugin v23.5 - https:\/\/yoast.com\/wordpress\/plugins\/seo\/ -->\n<title>Predsednik Sejdiu i Premijer Tha\u00e7i se sastali sa vi&#154;e dr&#158;avnika na jednom sastanku &#132;Fondacije &#147;Clinton Global Iniciative&#148; - Predsednik Republike Kosovo - DR. VJOSA OSMANI - SADRIU<\/title>\n<meta name=\"description\" content=\"Predsednik Sejdiu i Premijer Tha\u00e7i se sastali sa vi&#154;e dr&#158;avnika na jednom sastanku &#132;Fondacije &#147;Clinton Global Iniciative&#148; - Predsednik Republike Kosovo - DR. VJOSA OSMANI - SADRIU -\" \/>\n<meta name=\"robots\" content=\"index, follow, max-snippet:-1, max-image-preview:large, max-video-preview:-1\" \/>\n<link rel=\"canonical\" href=\"https:\/\/president-ksgov.net\/presidenti-sejdiu-dhe-kryeministri-thaci-takojne-shume-krere-shtetesh-ne-nje-takim-ne-fondacionin-clinton-global-iniciative\/\" \/>\n<meta property=\"og:locale\" content=\"sr_RS\" \/>\n<meta property=\"og:type\" content=\"article\" \/>\n<meta property=\"og:title\" content=\"Predsednik Sejdiu i Premijer Tha\u00e7i se sastali sa vi&#154;e dr&#158;avnika na jednom sastanku &#132;Fondacije &#147;Clinton Global Iniciative&#148; - Predsednik Republike Kosovo - DR. VJOSA OSMANI - SADRIU\" \/>\n<meta property=\"og:description\" content=\"Predsednik Sejdiu i Premijer Tha\u00e7i se sastali sa vi&#154;e dr&#158;avnika na jednom sastanku &#132;Fondacije &#147;Clinton Global Iniciative&#148; - Predsednik Republike Kosovo - DR. VJOSA OSMANI - SADRIU -\" \/>\n<meta property=\"og:url\" content=\"https:\/\/president-ksgov.net\/presidenti-sejdiu-dhe-kryeministri-thaci-takojne-shume-krere-shtetesh-ne-nje-takim-ne-fondacionin-clinton-global-iniciative\/\" \/>\n<meta property=\"og:site_name\" content=\"Predsednik Republike Kosovo - DR. VJOSA OSMANI - SADRIU\" \/>\n<meta property=\"article:published_time\" content=\"2010-09-21T08:16:32+00:00\" \/>\n<meta property=\"og:image\" content=\"https:\/\/president-ksgov.net\/wp-content\/uploads\/Zyra-e-Presidentes-Featured-Image1-e1678970937938.png\" \/>\n\t<meta property=\"og:image:width\" content=\"1024\" \/>\n\t<meta property=\"og:image:height\" content=\"716\" \/>\n\t<meta property=\"og:image:type\" content=\"image\/png\" \/>\n<meta name=\"author\" content=\"admin\" \/>\n<meta name=\"twitter:card\" content=\"summary_large_image\" \/>\n<meta name=\"twitter:label1\" content=\"\u041d\u0430\u043f\u0438\u0441\u0430\u043d\u043e \u043e\u0434\" \/>\n\t<meta name=\"twitter:data1\" content=\"admin\" \/>\n\t<meta name=\"twitter:label2\" content=\"\u041f\u0440\u043e\u0446\u0435\u045a\u0435\u043d\u043e \u0432\u0440\u0435\u043c\u0435 \u0447\u0438\u0442\u0430\u045a\u0430\" \/>\n\t<meta name=\"twitter:data2\" content=\"2 \u043c\u0438\u043d\u0443\u0442\u0430\" \/>\n<script type=\"application\/ld+json\" class=\"yoast-schema-graph\">{\"@context\":\"https:\/\/schema.org\",\"@graph\":[{\"@type\":\"WebPage\",\"@id\":\"https:\/\/president-ksgov.net\/presidenti-sejdiu-dhe-kryeministri-thaci-takojne-shume-krere-shtetesh-ne-nje-takim-ne-fondacionin-clinton-global-iniciative\/\",\"url\":\"https:\/\/president-ksgov.net\/presidenti-sejdiu-dhe-kryeministri-thaci-takojne-shume-krere-shtetesh-ne-nje-takim-ne-fondacionin-clinton-global-iniciative\/\",\"name\":\"Predsednik Sejdiu i Premijer Tha\u00e7i se sastali sa vi&#154;e dr&#158;avnika na jednom sastanku &#132;Fondacije &#147;Clinton Global Iniciative&#148; - Predsednik Republike Kosovo - DR. VJOSA OSMANI - SADRIU\",\"isPartOf\":{\"@id\":\"https:\/\/president-ksgov.net\/#website\"},\"primaryImageOfPage\":{\"@id\":\"https:\/\/president-ksgov.net\/presidenti-sejdiu-dhe-kryeministri-thaci-takojne-shume-krere-shtetesh-ne-nje-takim-ne-fondacionin-clinton-global-iniciative\/#primaryimage\"},\"image\":{\"@id\":\"https:\/\/president-ksgov.net\/presidenti-sejdiu-dhe-kryeministri-thaci-takojne-shume-krere-shtetesh-ne-nje-takim-ne-fondacionin-clinton-global-iniciative\/#primaryimage\"},\"thumbnailUrl\":\"https:\/\/president-ksgov.net\/wp-content\/uploads\/Zyra-e-Presidentes-Featured-Image1-e1678970937938.png\",\"datePublished\":\"2010-09-21T08:16:32+00:00\",\"dateModified\":\"2010-09-21T08:16:32+00:00\",\"author\":{\"@id\":\"https:\/\/president-ksgov.net\/#\/schema\/person\/bb4337a5fb147cb2046d80548172cbee\"},\"description\":\"Predsednik Sejdiu i Premijer Tha\u00e7i se sastali sa vi&#154;e dr&#158;avnika na jednom sastanku &#132;Fondacije &#147;Clinton Global Iniciative&#148; - Predsednik Republike Kosovo - DR. VJOSA OSMANI - SADRIU -\",\"breadcrumb\":{\"@id\":\"https:\/\/president-ksgov.net\/presidenti-sejdiu-dhe-kryeministri-thaci-takojne-shume-krere-shtetesh-ne-nje-takim-ne-fondacionin-clinton-global-iniciative\/#breadcrumb\"},\"inLanguage\":\"sr-RS\",\"potentialAction\":[{\"@type\":\"ReadAction\",\"target\":[\"https:\/\/president-ksgov.net\/presidenti-sejdiu-dhe-kryeministri-thaci-takojne-shume-krere-shtetesh-ne-nje-takim-ne-fondacionin-clinton-global-iniciative\/\"]}]},{\"@type\":\"ImageObject\",\"inLanguage\":\"sr-RS\",\"@id\":\"https:\/\/president-ksgov.net\/presidenti-sejdiu-dhe-kryeministri-thaci-takojne-shume-krere-shtetesh-ne-nje-takim-ne-fondacionin-clinton-global-iniciative\/#primaryimage\",\"url\":\"https:\/\/president-ksgov.net\/wp-content\/uploads\/Zyra-e-Presidentes-Featured-Image1-e1678970937938.png\",\"contentUrl\":\"https:\/\/president-ksgov.net\/wp-content\/uploads\/Zyra-e-Presidentes-Featured-Image1-e1678970937938.png\",\"width\":1024,\"height\":716},{\"@type\":\"BreadcrumbList\",\"@id\":\"https:\/\/president-ksgov.net\/presidenti-sejdiu-dhe-kryeministri-thaci-takojne-shume-krere-shtetesh-ne-nje-takim-ne-fondacionin-clinton-global-iniciative\/#breadcrumb\",\"itemListElement\":[{\"@type\":\"ListItem\",\"position\":1,\"name\":\"Home\",\"item\":\"https:\/\/president-ksgov.net\/sr\/\"},{\"@type\":\"ListItem\",\"position\":2,\"name\":\"Predsednik Sejdiu i Premijer Tha\u00e7i se sastali sa vi&#154;e dr&#158;avnika na jednom sastanku &#132;Fondacije &#147;Clinton Global Iniciative&#148;\"}]},{\"@type\":\"WebSite\",\"@id\":\"https:\/\/president-ksgov.net\/#website\",\"url\":\"https:\/\/president-ksgov.net\/\",\"name\":\"Presidente e Republik\u00ebs s\u00eb Kosov\u00ebs\",\"description\":\"Presidente e Republik\u00ebs s\u00eb Kosov\u00ebs\",\"alternateName\":\"DR. VJOSA OSMANI - SADRIU\",\"potentialAction\":[{\"@type\":\"SearchAction\",\"target\":{\"@type\":\"EntryPoint\",\"urlTemplate\":\"https:\/\/president-ksgov.net\/?s={search_term_string}\"},\"query-input\":{\"@type\":\"PropertyValueSpecification\",\"valueRequired\":true,\"valueName\":\"search_term_string\"}}],\"inLanguage\":\"sr-RS\"},{\"@type\":\"Person\",\"@id\":\"https:\/\/president-ksgov.net\/#\/schema\/person\/bb4337a5fb147cb2046d80548172cbee\",\"name\":\"admin\",\"image\":{\"@type\":\"ImageObject\",\"inLanguage\":\"sr-RS\",\"@id\":\"https:\/\/president-ksgov.net\/#\/schema\/person\/image\/\",\"url\":\"https:\/\/secure.gravatar.com\/avatar\/36156ca0fa3b8d9d25174f146e16beea0cf28f37adf1b9e19b6c9c279a7c9dd3?s=96&d=mm&r=g\",\"contentUrl\":\"https:\/\/secure.gravatar.com\/avatar\/36156ca0fa3b8d9d25174f146e16beea0cf28f37adf1b9e19b6c9c279a7c9dd3?s=96&d=mm&r=g\",\"caption\":\"admin\"},\"sameAs\":[\"https:\/\/president-ksgov.net\"]}]}<\/script>\n<!-- \/ Yoast SEO plugin. -->","yoast_head_json":{"title":"Predsednik Sejdiu i Premijer Tha\u00e7i se sastali sa vi&#154;e dr&#158;avnika na jednom sastanku &#132;Fondacije &#147;Clinton Global Iniciative&#148; - Predsednik Republike Kosovo - DR. VJOSA OSMANI - SADRIU","description":"Predsednik Sejdiu i Premijer Tha\u00e7i se sastali sa vi&#154;e dr&#158;avnika na jednom sastanku &#132;Fondacije &#147;Clinton Global Iniciative&#148; - Predsednik Republike Kosovo - DR. VJOSA OSMANI - SADRIU -","robots":{"index":"index","follow":"follow","max-snippet":"max-snippet:-1","max-image-preview":"max-image-preview:large","max-video-preview":"max-video-preview:-1"},"canonical":"https:\/\/president-ksgov.net\/presidenti-sejdiu-dhe-kryeministri-thaci-takojne-shume-krere-shtetesh-ne-nje-takim-ne-fondacionin-clinton-global-iniciative\/","og_locale":"sr_RS","og_type":"article","og_title":"Predsednik Sejdiu i Premijer Tha\u00e7i se sastali sa vi&#154;e dr&#158;avnika na jednom sastanku &#132;Fondacije &#147;Clinton Global Iniciative&#148; - Predsednik Republike Kosovo - DR. VJOSA OSMANI - SADRIU","og_description":"Predsednik Sejdiu i Premijer Tha\u00e7i se sastali sa vi&#154;e dr&#158;avnika na jednom sastanku &#132;Fondacije &#147;Clinton Global Iniciative&#148; - Predsednik Republike Kosovo - DR. VJOSA OSMANI - SADRIU -","og_url":"https:\/\/president-ksgov.net\/presidenti-sejdiu-dhe-kryeministri-thaci-takojne-shume-krere-shtetesh-ne-nje-takim-ne-fondacionin-clinton-global-iniciative\/","og_site_name":"Predsednik Republike Kosovo - DR. VJOSA OSMANI - SADRIU","article_published_time":"2010-09-21T08:16:32+00:00","og_image":[{"width":1024,"height":716,"url":"https:\/\/president-ksgov.net\/wp-content\/uploads\/Zyra-e-Presidentes-Featured-Image1-e1678970937938.png","type":"image\/png"}],"author":"admin","twitter_card":"summary_large_image","twitter_misc":{"\u041d\u0430\u043f\u0438\u0441\u0430\u043d\u043e \u043e\u0434":"admin","\u041f\u0440\u043e\u0446\u0435\u045a\u0435\u043d\u043e \u0432\u0440\u0435\u043c\u0435 \u0447\u0438\u0442\u0430\u045a\u0430":"2 \u043c\u0438\u043d\u0443\u0442\u0430"},"schema":{"@context":"https:\/\/schema.org","@graph":[{"@type":"WebPage","@id":"https:\/\/president-ksgov.net\/presidenti-sejdiu-dhe-kryeministri-thaci-takojne-shume-krere-shtetesh-ne-nje-takim-ne-fondacionin-clinton-global-iniciative\/","url":"https:\/\/president-ksgov.net\/presidenti-sejdiu-dhe-kryeministri-thaci-takojne-shume-krere-shtetesh-ne-nje-takim-ne-fondacionin-clinton-global-iniciative\/","name":"Predsednik Sejdiu i Premijer Tha\u00e7i se sastali sa vi&#154;e dr&#158;avnika na jednom sastanku &#132;Fondacije &#147;Clinton Global Iniciative&#148; - Predsednik Republike Kosovo - DR. VJOSA OSMANI - SADRIU","isPartOf":{"@id":"https:\/\/president-ksgov.net\/#website"},"primaryImageOfPage":{"@id":"https:\/\/president-ksgov.net\/presidenti-sejdiu-dhe-kryeministri-thaci-takojne-shume-krere-shtetesh-ne-nje-takim-ne-fondacionin-clinton-global-iniciative\/#primaryimage"},"image":{"@id":"https:\/\/president-ksgov.net\/presidenti-sejdiu-dhe-kryeministri-thaci-takojne-shume-krere-shtetesh-ne-nje-takim-ne-fondacionin-clinton-global-iniciative\/#primaryimage"},"thumbnailUrl":"https:\/\/president-ksgov.net\/wp-content\/uploads\/Zyra-e-Presidentes-Featured-Image1-e1678970937938.png","datePublished":"2010-09-21T08:16:32+00:00","dateModified":"2010-09-21T08:16:32+00:00","author":{"@id":"https:\/\/president-ksgov.net\/#\/schema\/person\/bb4337a5fb147cb2046d80548172cbee"},"description":"Predsednik Sejdiu i Premijer Tha\u00e7i se sastali sa vi&#154;e dr&#158;avnika na jednom sastanku &#132;Fondacije &#147;Clinton Global Iniciative&#148; - Predsednik Republike Kosovo - DR. VJOSA OSMANI - SADRIU -","breadcrumb":{"@id":"https:\/\/president-ksgov.net\/presidenti-sejdiu-dhe-kryeministri-thaci-takojne-shume-krere-shtetesh-ne-nje-takim-ne-fondacionin-clinton-global-iniciative\/#breadcrumb"},"inLanguage":"sr-RS","potentialAction":[{"@type":"ReadAction","target":["https:\/\/president-ksgov.net\/presidenti-sejdiu-dhe-kryeministri-thaci-takojne-shume-krere-shtetesh-ne-nje-takim-ne-fondacionin-clinton-global-iniciative\/"]}]},{"@type":"ImageObject","inLanguage":"sr-RS","@id":"https:\/\/president-ksgov.net\/presidenti-sejdiu-dhe-kryeministri-thaci-takojne-shume-krere-shtetesh-ne-nje-takim-ne-fondacionin-clinton-global-iniciative\/#primaryimage","url":"https:\/\/president-ksgov.net\/wp-content\/uploads\/Zyra-e-Presidentes-Featured-Image1-e1678970937938.png","contentUrl":"https:\/\/president-ksgov.net\/wp-content\/uploads\/Zyra-e-Presidentes-Featured-Image1-e1678970937938.png","width":1024,"height":716},{"@type":"BreadcrumbList","@id":"https:\/\/president-ksgov.net\/presidenti-sejdiu-dhe-kryeministri-thaci-takojne-shume-krere-shtetesh-ne-nje-takim-ne-fondacionin-clinton-global-iniciative\/#breadcrumb","itemListElement":[{"@type":"ListItem","position":1,"name":"Home","item":"https:\/\/president-ksgov.net\/sr\/"},{"@type":"ListItem","position":2,"name":"Predsednik Sejdiu i Premijer Tha\u00e7i se sastali sa vi&#154;e dr&#158;avnika na jednom sastanku &#132;Fondacije &#147;Clinton Global Iniciative&#148;"}]},{"@type":"WebSite","@id":"https:\/\/president-ksgov.net\/#website","url":"https:\/\/president-ksgov.net\/","name":"Presidente e Republik\u00ebs s\u00eb Kosov\u00ebs","description":"Presidente e Republik\u00ebs s\u00eb Kosov\u00ebs","alternateName":"DR. VJOSA OSMANI - SADRIU","potentialAction":[{"@type":"SearchAction","target":{"@type":"EntryPoint","urlTemplate":"https:\/\/president-ksgov.net\/?s={search_term_string}"},"query-input":{"@type":"PropertyValueSpecification","valueRequired":true,"valueName":"search_term_string"}}],"inLanguage":"sr-RS"},{"@type":"Person","@id":"https:\/\/president-ksgov.net\/#\/schema\/person\/bb4337a5fb147cb2046d80548172cbee","name":"admin","image":{"@type":"ImageObject","inLanguage":"sr-RS","@id":"https:\/\/president-ksgov.net\/#\/schema\/person\/image\/","url":"https:\/\/secure.gravatar.com\/avatar\/36156ca0fa3b8d9d25174f146e16beea0cf28f37adf1b9e19b6c9c279a7c9dd3?s=96&d=mm&r=g","contentUrl":"https:\/\/secure.gravatar.com\/avatar\/36156ca0fa3b8d9d25174f146e16beea0cf28f37adf1b9e19b6c9c279a7c9dd3?s=96&d=mm&r=g","caption":"admin"},"sameAs":["https:\/\/president-ksgov.net"]}]}},"_links":{"self":[{"href":"https:\/\/president-ksgov.net\/sr\/wp-json\/wp\/v2\/posts\/80021","targetHints":{"allow":["GET"]}}],"collection":[{"href":"https:\/\/president-ksgov.net\/sr\/wp-json\/wp\/v2\/posts"}],"about":[{"href":"https:\/\/president-ksgov.net\/sr\/wp-json\/wp\/v2\/types\/post"}],"author":[{"embeddable":true,"href":"https:\/\/president-ksgov.net\/sr\/wp-json\/wp\/v2\/users\/1"}],"replies":[{"embeddable":true,"href":"https:\/\/president-ksgov.net\/sr\/wp-json\/wp\/v2\/comments?post=80021"}],"version-history":[{"count":0,"href":"https:\/\/president-ksgov.net\/sr\/wp-json\/wp\/v2\/posts\/80021\/revisions"}],"wp:featuredmedia":[{"embeddable":true,"href":"https:\/\/president-ksgov.net\/sr\/wp-json\/wp\/v2\/media\/86338"}],"wp:attachment":[{"href":"https:\/\/president-ksgov.net\/sr\/wp-json\/wp\/v2\/media?parent=80021"}],"wp:term":[{"taxonomy":"category","embeddable":true,"href":"https:\/\/president-ksgov.net\/sr\/wp-json\/wp\/v2\/categories?post=80021"},{"taxonomy":"post_tag","embeddable":true,"href":"https:\/\/president-ksgov.net\/sr\/wp-json\/wp\/v2\/tags?post=80021"}],"curies":[{"name":"wp","href":"https:\/\/api.w.org\/{rel}","templated":true}]}}