{"id":80015,"date":"2010-09-23T08:41:25","date_gmt":"2010-09-23T08:41:25","guid":{"rendered":"https:\/\/dev.president-ksgov.net\/delegacija-kosova-se-sastala-sa-americkim-zamenikom-dravnog-sekretara-james-steinberg\/"},"modified":"2010-09-23T08:41:25","modified_gmt":"2010-09-23T08:41:25","slug":"delegacija-kosova-se-sastala-sa-americkim-zamenikom-dravnog-sekretara-james-steinberg","status":"publish","type":"post","link":"https:\/\/president-ksgov.net\/sr\/delegacija-kosova-se-sastala-sa-americkim-zamenikom-dravnog-sekretara-james-steinberg\/","title":{"rendered":"Delegacija Kosova se sastala sa ameri\u010dkim Zamenikom Dr&#158;avnog Sekretara, James Steinberg"},"content":{"rendered":"<p>Nju-Jork, 23 Septembar 2010. &#8211; Predsednik Republike Kosova, dr. Fatmir Sejdiu, se danas sastao u Nju-Jork sa ameri\u010dkim Zamenikom Dr&#382;avnog Sekretara, James Steinberg, i pomo\u0107nikom Dr&#382;avnog Sekretara za evropska pitanja i Evro-Aziju, Philip Gordon. Na sastanku su u\u010destvovali i Premijer Hashim Tha\u010di i Ministar Inostranih Poslova Skender Hyseni.<\/p>\n<p>Predsednik Sejdiu se zahvalio sugovornicima i Sjedinjene Ameri\u010dke Dr&#382;ave za neprekidno anga&#382;ovanje za podr&#353;ku Republici Kosova u svim periodima i u svim segmentima.<\/p>\n<p>On je na sastanku ponovio da Republika Kosova je posve\u0107ena za stalno prijateljstvo sa SAD-e i visoko ceni anga&#382;ovanje ameri\u010dke administracije za na&#353;u zemlju u jednom novom va&#382;nom politi\u010dkom momentu nastalog posle mi&#353;ljenja Me\u0111unarodnog Suda Pravde o zakonitosti progla&#353;enja nezavisnosti Kosova i usvajanja rezolucije Organizacije Ujedinjenih Naroda.<\/p>\n<p>Sejdiu je naglasio da o\u010dekuje da SAD, kao i do sada, da nastavlja svoj uticaj na dr&#382;ave koje jo&#353; nisu priznale Republiku Kosova da preduzmu ovaj korak, po&#353;to vi&#353;e nema nijednog razloga za kolebanje o priznanju nove dr&#382;ave.<\/p>\n<p>Predsednik Sejdiu je na sastanku rekao da je Kosova zainteresovana za dobre odnose sa svim susednim zemljama i zemljama regije i spremna je razgovarati i sa Srbijom, ali uvek u svojstvu dve nezavisne zemlje i o pitanjima koje ne dotaknu status, nego o prakti\u010dnim pitanjima koje su za dobrobit gra\u0111ana dveju zemalja.<\/p>\n<p>S njegove stran ameri\u010dki Zamenik Dr&#382;avnog Sekretara, Jamer Steinberg je jo&#353; jednom ponavljao da ameri\u010dki stav o statusu nezavisnog Kosova ne\u0107e se menjati, dodaju\u0107i da ne treba biti nejasno\u0107a u vezi ameri\u010dkog stava da je Kosova nezavisna i suverena.<\/p>\n<p>On je tako\u0111e visoko cenio mogu\u0107nost saradnje i razgovora o prakti\u010dnim pitanjima izme\u0111u Kosova i Srbije, te je uveravao delegaciju Kosova da SAD-e nastavlja svoj uticaj kog mnogo zemalja radi pove\u0107anja broja priznavanja Republike Kosova.\u00a0<\/p>\n","protected":false},"excerpt":{"rendered":"<p>Nju-Jork, 23 Septembar 2010. &#8211; Predsednik Republike Kosova, dr. Fatmir Sejdiu, se danas sastao u Nju-Jork sa ameri\u010dkim Zamenikom Dr&#382;avnog Sekretara, James Steinberg, i pomo\u0107nikom Dr&#382;avnog Sekretara za evropska pitanja i Evro-Aziju, Philip Gordon. Na sastanku su u\u010destvovali i Premijer Hashim Tha\u010di i Ministar Inostranih Poslova Skender Hyseni.<\/p>\n","protected":false},"author":1,"featured_media":63030,"comment_status":"open","ping_status":"closed","sticky":false,"template":"","format":"standard","meta":{"_eb_attr":"","footnotes":""},"categories":[101],"tags":[],"class_list":["post-80015","post","type-post","status-publish","format-standard","has-post-thumbnail","hentry","category-vesti"],"yoast_head":"<!-- This site is optimized with the Yoast SEO plugin v23.5 - https:\/\/yoast.com\/wordpress\/plugins\/seo\/ -->\n<title>Delegacija Kosova se sastala sa ameri\u010dkim Zamenikom Dr&#158;avnog Sekretara, James Steinberg - Predsednik Republike Kosovo - DR. VJOSA OSMANI - SADRIU<\/title>\n<meta name=\"description\" content=\"Delegacija Kosova se sastala sa ameri\u010dkim Zamenikom Dr&#158;avnog Sekretara, James Steinberg - Predsednik Republike Kosovo - DR. VJOSA OSMANI - SADRIU -\" \/>\n<meta name=\"robots\" content=\"index, follow, max-snippet:-1, max-image-preview:large, max-video-preview:-1\" \/>\n<link rel=\"canonical\" href=\"https:\/\/president-ksgov.net\/delegacioni-i-kosoves-u-takua-me-zevendessekretarin-amerikan-te-shtetit-james-steinberg\/\" \/>\n<meta property=\"og:locale\" content=\"sr_RS\" \/>\n<meta property=\"og:type\" content=\"article\" \/>\n<meta property=\"og:title\" content=\"Delegacija Kosova se sastala sa ameri\u010dkim Zamenikom Dr&#158;avnog Sekretara, James Steinberg - Predsednik Republike Kosovo - DR. VJOSA OSMANI - SADRIU\" \/>\n<meta property=\"og:description\" content=\"Delegacija Kosova se sastala sa ameri\u010dkim Zamenikom Dr&#158;avnog Sekretara, James Steinberg - Predsednik Republike Kosovo - DR. VJOSA OSMANI - SADRIU -\" \/>\n<meta property=\"og:url\" content=\"https:\/\/president-ksgov.net\/delegacioni-i-kosoves-u-takua-me-zevendessekretarin-amerikan-te-shtetit-james-steinberg\/\" \/>\n<meta property=\"og:site_name\" content=\"Predsednik Republike Kosovo - DR. VJOSA OSMANI - SADRIU\" \/>\n<meta property=\"article:published_time\" content=\"2010-09-23T08:41:25+00:00\" \/>\n<meta property=\"og:image\" content=\"https:\/\/president-ksgov.net\/wp-content\/uploads\/23_shtato..zevendessekretarin_1.jpg\" \/>\n\t<meta property=\"og:image:width\" content=\"1024\" \/>\n\t<meta property=\"og:image:height\" content=\"768\" \/>\n\t<meta property=\"og:image:type\" content=\"image\/jpeg\" \/>\n<meta name=\"author\" content=\"admin\" \/>\n<meta name=\"twitter:card\" content=\"summary_large_image\" \/>\n<meta name=\"twitter:label1\" content=\"\u041d\u0430\u043f\u0438\u0441\u0430\u043d\u043e \u043e\u0434\" \/>\n\t<meta name=\"twitter:data1\" content=\"admin\" \/>\n\t<meta name=\"twitter:label2\" content=\"\u041f\u0440\u043e\u0446\u0435\u045a\u0435\u043d\u043e \u0432\u0440\u0435\u043c\u0435 \u0447\u0438\u0442\u0430\u045a\u0430\" \/>\n\t<meta name=\"twitter:data2\" content=\"2 \u043c\u0438\u043d\u0443\u0442\u0430\" \/>\n<script type=\"application\/ld+json\" class=\"yoast-schema-graph\">{\"@context\":\"https:\/\/schema.org\",\"@graph\":[{\"@type\":\"WebPage\",\"@id\":\"https:\/\/president-ksgov.net\/delegacioni-i-kosoves-u-takua-me-zevendessekretarin-amerikan-te-shtetit-james-steinberg\/\",\"url\":\"https:\/\/president-ksgov.net\/delegacioni-i-kosoves-u-takua-me-zevendessekretarin-amerikan-te-shtetit-james-steinberg\/\",\"name\":\"Delegacija Kosova se sastala sa ameri\u010dkim Zamenikom Dr&#158;avnog Sekretara, James Steinberg - Predsednik Republike Kosovo - DR. VJOSA OSMANI - SADRIU\",\"isPartOf\":{\"@id\":\"https:\/\/president-ksgov.net\/#website\"},\"primaryImageOfPage\":{\"@id\":\"https:\/\/president-ksgov.net\/delegacioni-i-kosoves-u-takua-me-zevendessekretarin-amerikan-te-shtetit-james-steinberg\/#primaryimage\"},\"image\":{\"@id\":\"https:\/\/president-ksgov.net\/delegacioni-i-kosoves-u-takua-me-zevendessekretarin-amerikan-te-shtetit-james-steinberg\/#primaryimage\"},\"thumbnailUrl\":\"https:\/\/president-ksgov.net\/wp-content\/uploads\/23_shtato..zevendessekretarin_1.jpg\",\"datePublished\":\"2010-09-23T08:41:25+00:00\",\"dateModified\":\"2010-09-23T08:41:25+00:00\",\"author\":{\"@id\":\"https:\/\/president-ksgov.net\/#\/schema\/person\/bb4337a5fb147cb2046d80548172cbee\"},\"description\":\"Delegacija Kosova se sastala sa ameri\u010dkim Zamenikom Dr&#158;avnog Sekretara, James Steinberg - Predsednik Republike Kosovo - DR. VJOSA OSMANI - SADRIU -\",\"breadcrumb\":{\"@id\":\"https:\/\/president-ksgov.net\/delegacioni-i-kosoves-u-takua-me-zevendessekretarin-amerikan-te-shtetit-james-steinberg\/#breadcrumb\"},\"inLanguage\":\"sr-RS\",\"potentialAction\":[{\"@type\":\"ReadAction\",\"target\":[\"https:\/\/president-ksgov.net\/delegacioni-i-kosoves-u-takua-me-zevendessekretarin-amerikan-te-shtetit-james-steinberg\/\"]}]},{\"@type\":\"ImageObject\",\"inLanguage\":\"sr-RS\",\"@id\":\"https:\/\/president-ksgov.net\/delegacioni-i-kosoves-u-takua-me-zevendessekretarin-amerikan-te-shtetit-james-steinberg\/#primaryimage\",\"url\":\"https:\/\/president-ksgov.net\/wp-content\/uploads\/23_shtato..zevendessekretarin_1.jpg\",\"contentUrl\":\"https:\/\/president-ksgov.net\/wp-content\/uploads\/23_shtato..zevendessekretarin_1.jpg\",\"width\":1024,\"height\":768},{\"@type\":\"BreadcrumbList\",\"@id\":\"https:\/\/president-ksgov.net\/delegacioni-i-kosoves-u-takua-me-zevendessekretarin-amerikan-te-shtetit-james-steinberg\/#breadcrumb\",\"itemListElement\":[{\"@type\":\"ListItem\",\"position\":1,\"name\":\"Home\",\"item\":\"https:\/\/president-ksgov.net\/sr\/\"},{\"@type\":\"ListItem\",\"position\":2,\"name\":\"Delegacija Kosova se sastala sa ameri\u010dkim Zamenikom Dr&#158;avnog Sekretara, James Steinberg\"}]},{\"@type\":\"WebSite\",\"@id\":\"https:\/\/president-ksgov.net\/#website\",\"url\":\"https:\/\/president-ksgov.net\/\",\"name\":\"Presidente e Republik\u00ebs s\u00eb Kosov\u00ebs\",\"description\":\"Presidente e Republik\u00ebs s\u00eb Kosov\u00ebs\",\"alternateName\":\"DR. VJOSA OSMANI - SADRIU\",\"potentialAction\":[{\"@type\":\"SearchAction\",\"target\":{\"@type\":\"EntryPoint\",\"urlTemplate\":\"https:\/\/president-ksgov.net\/?s={search_term_string}\"},\"query-input\":{\"@type\":\"PropertyValueSpecification\",\"valueRequired\":true,\"valueName\":\"search_term_string\"}}],\"inLanguage\":\"sr-RS\"},{\"@type\":\"Person\",\"@id\":\"https:\/\/president-ksgov.net\/#\/schema\/person\/bb4337a5fb147cb2046d80548172cbee\",\"name\":\"admin\",\"image\":{\"@type\":\"ImageObject\",\"inLanguage\":\"sr-RS\",\"@id\":\"https:\/\/president-ksgov.net\/#\/schema\/person\/image\/\",\"url\":\"https:\/\/secure.gravatar.com\/avatar\/36156ca0fa3b8d9d25174f146e16beea0cf28f37adf1b9e19b6c9c279a7c9dd3?s=96&d=mm&r=g\",\"contentUrl\":\"https:\/\/secure.gravatar.com\/avatar\/36156ca0fa3b8d9d25174f146e16beea0cf28f37adf1b9e19b6c9c279a7c9dd3?s=96&d=mm&r=g\",\"caption\":\"admin\"},\"sameAs\":[\"https:\/\/president-ksgov.net\"]}]}<\/script>\n<!-- \/ Yoast SEO plugin. -->","yoast_head_json":{"title":"Delegacija Kosova se sastala sa ameri\u010dkim Zamenikom Dr&#158;avnog Sekretara, James Steinberg - Predsednik Republike Kosovo - DR. VJOSA OSMANI - SADRIU","description":"Delegacija Kosova se sastala sa ameri\u010dkim Zamenikom Dr&#158;avnog Sekretara, James Steinberg - Predsednik Republike Kosovo - DR. VJOSA OSMANI - SADRIU -","robots":{"index":"index","follow":"follow","max-snippet":"max-snippet:-1","max-image-preview":"max-image-preview:large","max-video-preview":"max-video-preview:-1"},"canonical":"https:\/\/president-ksgov.net\/delegacioni-i-kosoves-u-takua-me-zevendessekretarin-amerikan-te-shtetit-james-steinberg\/","og_locale":"sr_RS","og_type":"article","og_title":"Delegacija Kosova se sastala sa ameri\u010dkim Zamenikom Dr&#158;avnog Sekretara, James Steinberg - Predsednik Republike Kosovo - DR. VJOSA OSMANI - SADRIU","og_description":"Delegacija Kosova se sastala sa ameri\u010dkim Zamenikom Dr&#158;avnog Sekretara, James Steinberg - Predsednik Republike Kosovo - DR. VJOSA OSMANI - SADRIU -","og_url":"https:\/\/president-ksgov.net\/delegacioni-i-kosoves-u-takua-me-zevendessekretarin-amerikan-te-shtetit-james-steinberg\/","og_site_name":"Predsednik Republike Kosovo - DR. VJOSA OSMANI - SADRIU","article_published_time":"2010-09-23T08:41:25+00:00","og_image":[{"width":1024,"height":768,"url":"https:\/\/president-ksgov.net\/wp-content\/uploads\/23_shtato..zevendessekretarin_1.jpg","type":"image\/jpeg"}],"author":"admin","twitter_card":"summary_large_image","twitter_misc":{"\u041d\u0430\u043f\u0438\u0441\u0430\u043d\u043e \u043e\u0434":"admin","\u041f\u0440\u043e\u0446\u0435\u045a\u0435\u043d\u043e \u0432\u0440\u0435\u043c\u0435 \u0447\u0438\u0442\u0430\u045a\u0430":"2 \u043c\u0438\u043d\u0443\u0442\u0430"},"schema":{"@context":"https:\/\/schema.org","@graph":[{"@type":"WebPage","@id":"https:\/\/president-ksgov.net\/delegacioni-i-kosoves-u-takua-me-zevendessekretarin-amerikan-te-shtetit-james-steinberg\/","url":"https:\/\/president-ksgov.net\/delegacioni-i-kosoves-u-takua-me-zevendessekretarin-amerikan-te-shtetit-james-steinberg\/","name":"Delegacija Kosova se sastala sa ameri\u010dkim Zamenikom Dr&#158;avnog Sekretara, James Steinberg - Predsednik Republike Kosovo - DR. VJOSA OSMANI - SADRIU","isPartOf":{"@id":"https:\/\/president-ksgov.net\/#website"},"primaryImageOfPage":{"@id":"https:\/\/president-ksgov.net\/delegacioni-i-kosoves-u-takua-me-zevendessekretarin-amerikan-te-shtetit-james-steinberg\/#primaryimage"},"image":{"@id":"https:\/\/president-ksgov.net\/delegacioni-i-kosoves-u-takua-me-zevendessekretarin-amerikan-te-shtetit-james-steinberg\/#primaryimage"},"thumbnailUrl":"https:\/\/president-ksgov.net\/wp-content\/uploads\/23_shtato..zevendessekretarin_1.jpg","datePublished":"2010-09-23T08:41:25+00:00","dateModified":"2010-09-23T08:41:25+00:00","author":{"@id":"https:\/\/president-ksgov.net\/#\/schema\/person\/bb4337a5fb147cb2046d80548172cbee"},"description":"Delegacija Kosova se sastala sa ameri\u010dkim Zamenikom Dr&#158;avnog Sekretara, James Steinberg - Predsednik Republike Kosovo - DR. VJOSA OSMANI - SADRIU -","breadcrumb":{"@id":"https:\/\/president-ksgov.net\/delegacioni-i-kosoves-u-takua-me-zevendessekretarin-amerikan-te-shtetit-james-steinberg\/#breadcrumb"},"inLanguage":"sr-RS","potentialAction":[{"@type":"ReadAction","target":["https:\/\/president-ksgov.net\/delegacioni-i-kosoves-u-takua-me-zevendessekretarin-amerikan-te-shtetit-james-steinberg\/"]}]},{"@type":"ImageObject","inLanguage":"sr-RS","@id":"https:\/\/president-ksgov.net\/delegacioni-i-kosoves-u-takua-me-zevendessekretarin-amerikan-te-shtetit-james-steinberg\/#primaryimage","url":"https:\/\/president-ksgov.net\/wp-content\/uploads\/23_shtato..zevendessekretarin_1.jpg","contentUrl":"https:\/\/president-ksgov.net\/wp-content\/uploads\/23_shtato..zevendessekretarin_1.jpg","width":1024,"height":768},{"@type":"BreadcrumbList","@id":"https:\/\/president-ksgov.net\/delegacioni-i-kosoves-u-takua-me-zevendessekretarin-amerikan-te-shtetit-james-steinberg\/#breadcrumb","itemListElement":[{"@type":"ListItem","position":1,"name":"Home","item":"https:\/\/president-ksgov.net\/sr\/"},{"@type":"ListItem","position":2,"name":"Delegacija Kosova se sastala sa ameri\u010dkim Zamenikom Dr&#158;avnog Sekretara, James Steinberg"}]},{"@type":"WebSite","@id":"https:\/\/president-ksgov.net\/#website","url":"https:\/\/president-ksgov.net\/","name":"Presidente e Republik\u00ebs s\u00eb Kosov\u00ebs","description":"Presidente e Republik\u00ebs s\u00eb Kosov\u00ebs","alternateName":"DR. VJOSA OSMANI - SADRIU","potentialAction":[{"@type":"SearchAction","target":{"@type":"EntryPoint","urlTemplate":"https:\/\/president-ksgov.net\/?s={search_term_string}"},"query-input":{"@type":"PropertyValueSpecification","valueRequired":true,"valueName":"search_term_string"}}],"inLanguage":"sr-RS"},{"@type":"Person","@id":"https:\/\/president-ksgov.net\/#\/schema\/person\/bb4337a5fb147cb2046d80548172cbee","name":"admin","image":{"@type":"ImageObject","inLanguage":"sr-RS","@id":"https:\/\/president-ksgov.net\/#\/schema\/person\/image\/","url":"https:\/\/secure.gravatar.com\/avatar\/36156ca0fa3b8d9d25174f146e16beea0cf28f37adf1b9e19b6c9c279a7c9dd3?s=96&d=mm&r=g","contentUrl":"https:\/\/secure.gravatar.com\/avatar\/36156ca0fa3b8d9d25174f146e16beea0cf28f37adf1b9e19b6c9c279a7c9dd3?s=96&d=mm&r=g","caption":"admin"},"sameAs":["https:\/\/president-ksgov.net"]}]}},"_links":{"self":[{"href":"https:\/\/president-ksgov.net\/sr\/wp-json\/wp\/v2\/posts\/80015","targetHints":{"allow":["GET"]}}],"collection":[{"href":"https:\/\/president-ksgov.net\/sr\/wp-json\/wp\/v2\/posts"}],"about":[{"href":"https:\/\/president-ksgov.net\/sr\/wp-json\/wp\/v2\/types\/post"}],"author":[{"embeddable":true,"href":"https:\/\/president-ksgov.net\/sr\/wp-json\/wp\/v2\/users\/1"}],"replies":[{"embeddable":true,"href":"https:\/\/president-ksgov.net\/sr\/wp-json\/wp\/v2\/comments?post=80015"}],"version-history":[{"count":0,"href":"https:\/\/president-ksgov.net\/sr\/wp-json\/wp\/v2\/posts\/80015\/revisions"}],"wp:featuredmedia":[{"embeddable":true,"href":"https:\/\/president-ksgov.net\/sr\/wp-json\/wp\/v2\/media\/63030"}],"wp:attachment":[{"href":"https:\/\/president-ksgov.net\/sr\/wp-json\/wp\/v2\/media?parent=80015"}],"wp:term":[{"taxonomy":"category","embeddable":true,"href":"https:\/\/president-ksgov.net\/sr\/wp-json\/wp\/v2\/categories?post=80015"},{"taxonomy":"post_tag","embeddable":true,"href":"https:\/\/president-ksgov.net\/sr\/wp-json\/wp\/v2\/tags?post=80015"}],"curies":[{"name":"wp","href":"https:\/\/api.w.org\/{rel}","templated":true}]}}