{"id":79992,"date":"2010-10-06T18:10:16","date_gmt":"2010-10-06T18:10:16","guid":{"rendered":"https:\/\/dev.president-ksgov.net\/govor-vrioca-dunosti-predsednika-kosova-dr-jakup-krasnici-odran-pred-medunarodnim-forumom-biznisa\/"},"modified":"2023-03-08T09:05:42","modified_gmt":"2023-03-08T09:05:42","slug":"govor-vrioca-dunosti-predsednika-kosova-dr-jakup-krasnici-odran-pred-medunarodnim-forumom-biznisa","status":"publish","type":"post","link":"https:\/\/president-ksgov.net\/sr\/govor-vrioca-dunosti-predsednika-kosova-dr-jakup-krasnici-odran-pred-medunarodnim-forumom-biznisa\/","title":{"rendered":"GOVOR VR&#138;IOCA DU&#142;NOSTI PREDSEDNIKA KOSOVA, DR. JAKUP KRASNI\u0106I, ODR&#142;AN PRED MED&#142;UNARODNIM FORUMOM BIZNISA"},"content":{"rendered":"<p>Imam posebnu \u010dast i zadovoljstvo da se, ovim prigodnim govorom, obratim Medjunarodnom Forumu Biznisa, koji se odr&#382;ava ovde u Pri&#353;tini. Ovo je retka prilika za uspostavljanje kontakata, predo\u010denje ideja i istra&#382;uju mogu\u0107nosti saradnje izmedju poslovnih\/biznis zajednica. Va&#382;nost ovog susreta je jo&#353; ve\u0107a imaju\u0107i u obzir razvoj brze i aktualne transformacije u Republici Kosovo.<\/p>\n<p>Pri&#353;tina, 6 Oktobar 2010 godine <\/p>\n<p>Po&#353;tovani ambasadori,<\/p>\n<p>Po&#353;tovani rukovodioci biznisa sa Kosova, Bugarske i drugih zemalja,<br \/>\nPo&#353;tovani ministar Red&#382;epi,<br \/>\nDame i gospodo,<\/p>\n<p>Imam posebnu cast i zadovoljstvo da se, ovim prigodnim govorom, obratim Medjunarodnom Forumu Biznisa, koji se odr&#382;ava ovde u Pri&#353;tini. Ovo je retka prilika za uspostavljanje kontakata, predocenje ideja i istra&#382;uju mogucnosti saradnje izmedju poslovnih\/biznis zajednica. Va&#382;nost ovog susreta je jo&#353; veca imajuci u obzir razvoj brze i aktualne transformacije u Republici Kosovo.<\/p>\n<p>Kosova ima veliki razvojni potencijal, obuhvatajuci ovde i neiskori&#353;cen prirodni resurs, preduzeca u razvoju i jednu vrlo mladu i dinamicnu radnu sangu. Ja sam ubedjen da je ovo &#382;ivotna prilika za jacanje saradnje na&#353;ih biznisa, a narocito radi koordiniranja prednosti razvoja uspe&#353;nih biznis inicijativa.<\/p>\n<p>&#381;elim takodje da izrazim spremnost institucija Republike Kosova za pru&#382;anje pomoci za produbljenje saradnje izmedju poslovnih (biznis) zajednica Kosova i drugih zemalja. Vlada Kosova podr&#382;ava razvoj privatnog sektora, kao uslov razvoja malih i srednjih preduzeca, rasta zapo&#353;ljavanja i opstojnosti privrede. Na Kosovu, uporedo sa procesom privatizacije, kapitalne investicije su stalno rasle. Imamo porast privrednog razvoja, dok kosovski biznis postaje sve konkurentniji u regionu. <\/p>\n<p>Nakon etape konsolidacije na&#353;e, pre i posle rata, razorene privrede, nezavisnost Kosova je stvorilo povoljne uslove za investiranje stranog kapitala. Svesni va&#382;nosti, koju imaju za investicije, uslovi kao &#353;to su:faktor bezbednosti, politicka stabilnost, adekvatna zakonska i fizicka infrastruktura, telekomunikacije te poreske i carinske olak&#353;ice itd., preduzimaju sve mere da stvaraju uslove za pridobijanje &#353;to veceg broja razlicitih investitora. Kosovo je stabilna i bezbedna zemlja. Pobolj&#353;avajuci fizicku i zakonsku infrastrukturu, obezbedjujuci jednu ustrajnu biznis sredinu, politicku stabilnost i bezbednost, imajuci u obzir velika bogatstva te omladinski potencijal i jeftinu radnu snagu, mi ocekujemo sve intenzivnije strane investicije. <\/p>\n<p>Ovih zadnjih godina su stvorene povoljne okolnosti za investicije. Sprovedene su reforme fiskalnih politika koje se dovele do osetnog sni&#382;avanja taksi i poreza. Kosovo ima najni&#382;e takse i poreske stope u regionu. Takodje, su ucinjeni napori za olak&#353;anje pravno administrativnih postupaka koji se odnose na poslovne delatnosti. &#352;ta vi&#353;e, mi kao institucije, i dalje smo jako posveceni obezbedjenju i daljnjeg pobolj&#353;anja privredne sredine i okolnosti.<\/p>\n<p>Dozvolite mi da zakljucim uz naglasak da medjudr&#382;avna saradnja Republike Kosova sa prijateljskim zemljama u regiji i u svetu, je olak&#353;ala i saradnju izmedju na&#353;ih biznis zajednica. Na njenom putu u pravcu evropske integracije, Kosovo ce stvarati nove uslove i oblasti ove bitne saradnje za privredni razvoj i op&#353;te blagostanje.<\/p>\n<p>Ovom Forumu &#382;elim dobar i uspe&#353;an tok radova, stvarajuci nove mogucnosti saradnje i investicija.<\/p>\n<p>Hvala Vam.\u00a0<\/p>\n","protected":false},"excerpt":{"rendered":"<p>Imam posebnu \u010dast i zadovoljstvo da se, ovim prigodnim govorom, obratim Medjunarodnom Forumu Biznisa, koji se odr&#382;ava ovde u Pri&#353;tini. Ovo je retka prilika za uspostavljanje kontakata, predo\u010denje ideja i istra&#382;uju mogu\u0107nosti saradnje izmedju poslovnih\/biznis zajednica. Va&#382;nost ovog susreta je jo&#353; ve\u0107a imaju\u0107i u obzir razvoj brze i aktualne transformacije u Republici Kosovo.<\/p>\n","protected":false},"author":1,"featured_media":62974,"comment_status":"open","ping_status":"closed","sticky":false,"template":"","format":"standard","meta":{"_eb_attr":"","footnotes":""},"categories":[106],"tags":[],"class_list":["post-79992","post","type-post","status-publish","format-standard","has-post-thumbnail","hentry","category-govori"],"yoast_head":"<!-- This site is optimized with the Yoast SEO plugin v23.5 - https:\/\/yoast.com\/wordpress\/plugins\/seo\/ -->\n<title>GOVOR VR&#138;IOCA DU&#142;NOSTI PREDSEDNIKA KOSOVA, DR. JAKUP KRASNI\u0106I, ODR&#142;AN PRED MED&#142;UNARODNIM FORUMOM BIZNISA - Predsednik Republike Kosovo - DR. VJOSA OSMANI - SADRIU<\/title>\n<meta name=\"description\" content=\"GOVOR VR&#138;IOCA DU&#142;NOSTI PREDSEDNIKA KOSOVA, DR. JAKUP KRASNI\u0106I, ODR&#142;AN PRED MED&#142;UNARODNIM FORUMOM BIZNISA - Predsednik Republike Kosovo - DR. VJOSA OSMANI - SADRIU -\" \/>\n<meta name=\"robots\" content=\"index, follow, max-snippet:-1, max-image-preview:large, max-video-preview:-1\" \/>\n<link rel=\"canonical\" href=\"https:\/\/president-ksgov.net\/fjala-e-ushtruesit-te-detyres-se-presidentit-te-kosoves-dr-jakup-krasniqit-mbajtur-para-forumit-nderkombetar-te-biznesit\/\" \/>\n<meta property=\"og:locale\" content=\"sr_RS\" \/>\n<meta property=\"og:type\" content=\"article\" \/>\n<meta property=\"og:title\" content=\"GOVOR VR&#138;IOCA DU&#142;NOSTI PREDSEDNIKA KOSOVA, DR. JAKUP KRASNI\u0106I, ODR&#142;AN PRED MED&#142;UNARODNIM FORUMOM BIZNISA - Predsednik Republike Kosovo - DR. VJOSA OSMANI - SADRIU\" \/>\n<meta property=\"og:description\" content=\"GOVOR VR&#138;IOCA DU&#142;NOSTI PREDSEDNIKA KOSOVA, DR. JAKUP KRASNI\u0106I, ODR&#142;AN PRED MED&#142;UNARODNIM FORUMOM BIZNISA - Predsednik Republike Kosovo - DR. VJOSA OSMANI - SADRIU -\" \/>\n<meta property=\"og:url\" content=\"https:\/\/president-ksgov.net\/fjala-e-ushtruesit-te-detyres-se-presidentit-te-kosoves-dr-jakup-krasniqit-mbajtur-para-forumit-nderkombetar-te-biznesit\/\" \/>\n<meta property=\"og:site_name\" content=\"Predsednik Republike Kosovo - DR. VJOSA OSMANI - SADRIU\" \/>\n<meta property=\"article:published_time\" content=\"2010-10-06T18:10:16+00:00\" \/>\n<meta property=\"article:modified_time\" content=\"2023-03-08T09:05:42+00:00\" \/>\n<meta property=\"og:image\" content=\"https:\/\/president-ksgov.net\/wp-content\/uploads\/06_10_2010_Takim_me_AKB_1.jpg\" \/>\n\t<meta property=\"og:image:width\" content=\"1000\" \/>\n\t<meta property=\"og:image:height\" content=\"667\" \/>\n\t<meta property=\"og:image:type\" content=\"image\/jpeg\" \/>\n<meta name=\"author\" content=\"admin\" \/>\n<meta name=\"twitter:card\" content=\"summary_large_image\" \/>\n<meta name=\"twitter:label1\" content=\"\u041d\u0430\u043f\u0438\u0441\u0430\u043d\u043e \u043e\u0434\" \/>\n\t<meta name=\"twitter:data1\" content=\"admin\" \/>\n\t<meta name=\"twitter:label2\" content=\"\u041f\u0440\u043e\u0446\u0435\u045a\u0435\u043d\u043e \u0432\u0440\u0435\u043c\u0435 \u0447\u0438\u0442\u0430\u045a\u0430\" \/>\n\t<meta name=\"twitter:data2\" content=\"3 \u043c\u0438\u043d\u0443\u0442\u0430\" \/>\n<script type=\"application\/ld+json\" class=\"yoast-schema-graph\">{\"@context\":\"https:\/\/schema.org\",\"@graph\":[{\"@type\":\"WebPage\",\"@id\":\"https:\/\/president-ksgov.net\/fjala-e-ushtruesit-te-detyres-se-presidentit-te-kosoves-dr-jakup-krasniqit-mbajtur-para-forumit-nderkombetar-te-biznesit\/\",\"url\":\"https:\/\/president-ksgov.net\/fjala-e-ushtruesit-te-detyres-se-presidentit-te-kosoves-dr-jakup-krasniqit-mbajtur-para-forumit-nderkombetar-te-biznesit\/\",\"name\":\"GOVOR VR&#138;IOCA DU&#142;NOSTI PREDSEDNIKA KOSOVA, DR. JAKUP KRASNI\u0106I, ODR&#142;AN PRED MED&#142;UNARODNIM FORUMOM BIZNISA - Predsednik Republike Kosovo - DR. VJOSA OSMANI - SADRIU\",\"isPartOf\":{\"@id\":\"https:\/\/president-ksgov.net\/#website\"},\"primaryImageOfPage\":{\"@id\":\"https:\/\/president-ksgov.net\/fjala-e-ushtruesit-te-detyres-se-presidentit-te-kosoves-dr-jakup-krasniqit-mbajtur-para-forumit-nderkombetar-te-biznesit\/#primaryimage\"},\"image\":{\"@id\":\"https:\/\/president-ksgov.net\/fjala-e-ushtruesit-te-detyres-se-presidentit-te-kosoves-dr-jakup-krasniqit-mbajtur-para-forumit-nderkombetar-te-biznesit\/#primaryimage\"},\"thumbnailUrl\":\"https:\/\/president-ksgov.net\/wp-content\/uploads\/06_10_2010_Takim_me_AKB_1.jpg\",\"datePublished\":\"2010-10-06T18:10:16+00:00\",\"dateModified\":\"2023-03-08T09:05:42+00:00\",\"author\":{\"@id\":\"https:\/\/president-ksgov.net\/#\/schema\/person\/bb4337a5fb147cb2046d80548172cbee\"},\"description\":\"GOVOR VR&#138;IOCA DU&#142;NOSTI PREDSEDNIKA KOSOVA, DR. JAKUP KRASNI\u0106I, ODR&#142;AN PRED MED&#142;UNARODNIM FORUMOM BIZNISA - Predsednik Republike Kosovo - DR. VJOSA OSMANI - SADRIU -\",\"breadcrumb\":{\"@id\":\"https:\/\/president-ksgov.net\/fjala-e-ushtruesit-te-detyres-se-presidentit-te-kosoves-dr-jakup-krasniqit-mbajtur-para-forumit-nderkombetar-te-biznesit\/#breadcrumb\"},\"inLanguage\":\"sr-RS\",\"potentialAction\":[{\"@type\":\"ReadAction\",\"target\":[\"https:\/\/president-ksgov.net\/fjala-e-ushtruesit-te-detyres-se-presidentit-te-kosoves-dr-jakup-krasniqit-mbajtur-para-forumit-nderkombetar-te-biznesit\/\"]}]},{\"@type\":\"ImageObject\",\"inLanguage\":\"sr-RS\",\"@id\":\"https:\/\/president-ksgov.net\/fjala-e-ushtruesit-te-detyres-se-presidentit-te-kosoves-dr-jakup-krasniqit-mbajtur-para-forumit-nderkombetar-te-biznesit\/#primaryimage\",\"url\":\"https:\/\/president-ksgov.net\/wp-content\/uploads\/06_10_2010_Takim_me_AKB_1.jpg\",\"contentUrl\":\"https:\/\/president-ksgov.net\/wp-content\/uploads\/06_10_2010_Takim_me_AKB_1.jpg\",\"width\":1000,\"height\":667},{\"@type\":\"BreadcrumbList\",\"@id\":\"https:\/\/president-ksgov.net\/fjala-e-ushtruesit-te-detyres-se-presidentit-te-kosoves-dr-jakup-krasniqit-mbajtur-para-forumit-nderkombetar-te-biznesit\/#breadcrumb\",\"itemListElement\":[{\"@type\":\"ListItem\",\"position\":1,\"name\":\"Home\",\"item\":\"https:\/\/president-ksgov.net\/sr\/\"},{\"@type\":\"ListItem\",\"position\":2,\"name\":\"GOVOR VR&#138;IOCA DU&#142;NOSTI PREDSEDNIKA KOSOVA, DR. JAKUP KRASNI\u0106I, ODR&#142;AN PRED MED&#142;UNARODNIM FORUMOM BIZNISA\"}]},{\"@type\":\"WebSite\",\"@id\":\"https:\/\/president-ksgov.net\/#website\",\"url\":\"https:\/\/president-ksgov.net\/\",\"name\":\"Presidente e Republik\u00ebs s\u00eb Kosov\u00ebs\",\"description\":\"Presidente e Republik\u00ebs s\u00eb Kosov\u00ebs\",\"alternateName\":\"DR. VJOSA OSMANI - SADRIU\",\"potentialAction\":[{\"@type\":\"SearchAction\",\"target\":{\"@type\":\"EntryPoint\",\"urlTemplate\":\"https:\/\/president-ksgov.net\/?s={search_term_string}\"},\"query-input\":{\"@type\":\"PropertyValueSpecification\",\"valueRequired\":true,\"valueName\":\"search_term_string\"}}],\"inLanguage\":\"sr-RS\"},{\"@type\":\"Person\",\"@id\":\"https:\/\/president-ksgov.net\/#\/schema\/person\/bb4337a5fb147cb2046d80548172cbee\",\"name\":\"admin\",\"image\":{\"@type\":\"ImageObject\",\"inLanguage\":\"sr-RS\",\"@id\":\"https:\/\/president-ksgov.net\/#\/schema\/person\/image\/\",\"url\":\"https:\/\/secure.gravatar.com\/avatar\/36156ca0fa3b8d9d25174f146e16beea0cf28f37adf1b9e19b6c9c279a7c9dd3?s=96&d=mm&r=g\",\"contentUrl\":\"https:\/\/secure.gravatar.com\/avatar\/36156ca0fa3b8d9d25174f146e16beea0cf28f37adf1b9e19b6c9c279a7c9dd3?s=96&d=mm&r=g\",\"caption\":\"admin\"},\"sameAs\":[\"https:\/\/president-ksgov.net\"]}]}<\/script>\n<!-- \/ Yoast SEO plugin. -->","yoast_head_json":{"title":"GOVOR VR&#138;IOCA DU&#142;NOSTI PREDSEDNIKA KOSOVA, DR. JAKUP KRASNI\u0106I, ODR&#142;AN PRED MED&#142;UNARODNIM FORUMOM BIZNISA - Predsednik Republike Kosovo - DR. VJOSA OSMANI - SADRIU","description":"GOVOR VR&#138;IOCA DU&#142;NOSTI PREDSEDNIKA KOSOVA, DR. JAKUP KRASNI\u0106I, ODR&#142;AN PRED MED&#142;UNARODNIM FORUMOM BIZNISA - Predsednik Republike Kosovo - DR. VJOSA OSMANI - SADRIU -","robots":{"index":"index","follow":"follow","max-snippet":"max-snippet:-1","max-image-preview":"max-image-preview:large","max-video-preview":"max-video-preview:-1"},"canonical":"https:\/\/president-ksgov.net\/fjala-e-ushtruesit-te-detyres-se-presidentit-te-kosoves-dr-jakup-krasniqit-mbajtur-para-forumit-nderkombetar-te-biznesit\/","og_locale":"sr_RS","og_type":"article","og_title":"GOVOR VR&#138;IOCA DU&#142;NOSTI PREDSEDNIKA KOSOVA, DR. JAKUP KRASNI\u0106I, ODR&#142;AN PRED MED&#142;UNARODNIM FORUMOM BIZNISA - Predsednik Republike Kosovo - DR. VJOSA OSMANI - SADRIU","og_description":"GOVOR VR&#138;IOCA DU&#142;NOSTI PREDSEDNIKA KOSOVA, DR. JAKUP KRASNI\u0106I, ODR&#142;AN PRED MED&#142;UNARODNIM FORUMOM BIZNISA - Predsednik Republike Kosovo - DR. VJOSA OSMANI - SADRIU -","og_url":"https:\/\/president-ksgov.net\/fjala-e-ushtruesit-te-detyres-se-presidentit-te-kosoves-dr-jakup-krasniqit-mbajtur-para-forumit-nderkombetar-te-biznesit\/","og_site_name":"Predsednik Republike Kosovo - DR. VJOSA OSMANI - SADRIU","article_published_time":"2010-10-06T18:10:16+00:00","article_modified_time":"2023-03-08T09:05:42+00:00","og_image":[{"width":1000,"height":667,"url":"https:\/\/president-ksgov.net\/wp-content\/uploads\/06_10_2010_Takim_me_AKB_1.jpg","type":"image\/jpeg"}],"author":"admin","twitter_card":"summary_large_image","twitter_misc":{"\u041d\u0430\u043f\u0438\u0441\u0430\u043d\u043e \u043e\u0434":"admin","\u041f\u0440\u043e\u0446\u0435\u045a\u0435\u043d\u043e \u0432\u0440\u0435\u043c\u0435 \u0447\u0438\u0442\u0430\u045a\u0430":"3 \u043c\u0438\u043d\u0443\u0442\u0430"},"schema":{"@context":"https:\/\/schema.org","@graph":[{"@type":"WebPage","@id":"https:\/\/president-ksgov.net\/fjala-e-ushtruesit-te-detyres-se-presidentit-te-kosoves-dr-jakup-krasniqit-mbajtur-para-forumit-nderkombetar-te-biznesit\/","url":"https:\/\/president-ksgov.net\/fjala-e-ushtruesit-te-detyres-se-presidentit-te-kosoves-dr-jakup-krasniqit-mbajtur-para-forumit-nderkombetar-te-biznesit\/","name":"GOVOR VR&#138;IOCA DU&#142;NOSTI PREDSEDNIKA KOSOVA, DR. JAKUP KRASNI\u0106I, ODR&#142;AN PRED MED&#142;UNARODNIM FORUMOM BIZNISA - Predsednik Republike Kosovo - DR. VJOSA OSMANI - SADRIU","isPartOf":{"@id":"https:\/\/president-ksgov.net\/#website"},"primaryImageOfPage":{"@id":"https:\/\/president-ksgov.net\/fjala-e-ushtruesit-te-detyres-se-presidentit-te-kosoves-dr-jakup-krasniqit-mbajtur-para-forumit-nderkombetar-te-biznesit\/#primaryimage"},"image":{"@id":"https:\/\/president-ksgov.net\/fjala-e-ushtruesit-te-detyres-se-presidentit-te-kosoves-dr-jakup-krasniqit-mbajtur-para-forumit-nderkombetar-te-biznesit\/#primaryimage"},"thumbnailUrl":"https:\/\/president-ksgov.net\/wp-content\/uploads\/06_10_2010_Takim_me_AKB_1.jpg","datePublished":"2010-10-06T18:10:16+00:00","dateModified":"2023-03-08T09:05:42+00:00","author":{"@id":"https:\/\/president-ksgov.net\/#\/schema\/person\/bb4337a5fb147cb2046d80548172cbee"},"description":"GOVOR VR&#138;IOCA DU&#142;NOSTI PREDSEDNIKA KOSOVA, DR. JAKUP KRASNI\u0106I, ODR&#142;AN PRED MED&#142;UNARODNIM FORUMOM BIZNISA - Predsednik Republike Kosovo - DR. VJOSA OSMANI - SADRIU -","breadcrumb":{"@id":"https:\/\/president-ksgov.net\/fjala-e-ushtruesit-te-detyres-se-presidentit-te-kosoves-dr-jakup-krasniqit-mbajtur-para-forumit-nderkombetar-te-biznesit\/#breadcrumb"},"inLanguage":"sr-RS","potentialAction":[{"@type":"ReadAction","target":["https:\/\/president-ksgov.net\/fjala-e-ushtruesit-te-detyres-se-presidentit-te-kosoves-dr-jakup-krasniqit-mbajtur-para-forumit-nderkombetar-te-biznesit\/"]}]},{"@type":"ImageObject","inLanguage":"sr-RS","@id":"https:\/\/president-ksgov.net\/fjala-e-ushtruesit-te-detyres-se-presidentit-te-kosoves-dr-jakup-krasniqit-mbajtur-para-forumit-nderkombetar-te-biznesit\/#primaryimage","url":"https:\/\/president-ksgov.net\/wp-content\/uploads\/06_10_2010_Takim_me_AKB_1.jpg","contentUrl":"https:\/\/president-ksgov.net\/wp-content\/uploads\/06_10_2010_Takim_me_AKB_1.jpg","width":1000,"height":667},{"@type":"BreadcrumbList","@id":"https:\/\/president-ksgov.net\/fjala-e-ushtruesit-te-detyres-se-presidentit-te-kosoves-dr-jakup-krasniqit-mbajtur-para-forumit-nderkombetar-te-biznesit\/#breadcrumb","itemListElement":[{"@type":"ListItem","position":1,"name":"Home","item":"https:\/\/president-ksgov.net\/sr\/"},{"@type":"ListItem","position":2,"name":"GOVOR VR&#138;IOCA DU&#142;NOSTI PREDSEDNIKA KOSOVA, DR. JAKUP KRASNI\u0106I, ODR&#142;AN PRED MED&#142;UNARODNIM FORUMOM BIZNISA"}]},{"@type":"WebSite","@id":"https:\/\/president-ksgov.net\/#website","url":"https:\/\/president-ksgov.net\/","name":"Presidente e Republik\u00ebs s\u00eb Kosov\u00ebs","description":"Presidente e Republik\u00ebs s\u00eb Kosov\u00ebs","alternateName":"DR. VJOSA OSMANI - SADRIU","potentialAction":[{"@type":"SearchAction","target":{"@type":"EntryPoint","urlTemplate":"https:\/\/president-ksgov.net\/?s={search_term_string}"},"query-input":{"@type":"PropertyValueSpecification","valueRequired":true,"valueName":"search_term_string"}}],"inLanguage":"sr-RS"},{"@type":"Person","@id":"https:\/\/president-ksgov.net\/#\/schema\/person\/bb4337a5fb147cb2046d80548172cbee","name":"admin","image":{"@type":"ImageObject","inLanguage":"sr-RS","@id":"https:\/\/president-ksgov.net\/#\/schema\/person\/image\/","url":"https:\/\/secure.gravatar.com\/avatar\/36156ca0fa3b8d9d25174f146e16beea0cf28f37adf1b9e19b6c9c279a7c9dd3?s=96&d=mm&r=g","contentUrl":"https:\/\/secure.gravatar.com\/avatar\/36156ca0fa3b8d9d25174f146e16beea0cf28f37adf1b9e19b6c9c279a7c9dd3?s=96&d=mm&r=g","caption":"admin"},"sameAs":["https:\/\/president-ksgov.net"]}]}},"_links":{"self":[{"href":"https:\/\/president-ksgov.net\/sr\/wp-json\/wp\/v2\/posts\/79992","targetHints":{"allow":["GET"]}}],"collection":[{"href":"https:\/\/president-ksgov.net\/sr\/wp-json\/wp\/v2\/posts"}],"about":[{"href":"https:\/\/president-ksgov.net\/sr\/wp-json\/wp\/v2\/types\/post"}],"author":[{"embeddable":true,"href":"https:\/\/president-ksgov.net\/sr\/wp-json\/wp\/v2\/users\/1"}],"replies":[{"embeddable":true,"href":"https:\/\/president-ksgov.net\/sr\/wp-json\/wp\/v2\/comments?post=79992"}],"version-history":[{"count":1,"href":"https:\/\/president-ksgov.net\/sr\/wp-json\/wp\/v2\/posts\/79992\/revisions"}],"predecessor-version":[{"id":81878,"href":"https:\/\/president-ksgov.net\/sr\/wp-json\/wp\/v2\/posts\/79992\/revisions\/81878"}],"wp:featuredmedia":[{"embeddable":true,"href":"https:\/\/president-ksgov.net\/sr\/wp-json\/wp\/v2\/media\/62974"}],"wp:attachment":[{"href":"https:\/\/president-ksgov.net\/sr\/wp-json\/wp\/v2\/media?parent=79992"}],"wp:term":[{"taxonomy":"category","embeddable":true,"href":"https:\/\/president-ksgov.net\/sr\/wp-json\/wp\/v2\/categories?post=79992"},{"taxonomy":"post_tag","embeddable":true,"href":"https:\/\/president-ksgov.net\/sr\/wp-json\/wp\/v2\/tags?post=79992"}],"curies":[{"name":"wp","href":"https:\/\/api.w.org\/{rel}","templated":true}]}}