{"id":79988,"date":"2010-10-07T16:15:10","date_gmt":"2010-10-07T16:15:10","guid":{"rendered":"https:\/\/dev.president-ksgov.net\/vd-predsednika-republike-kosova-dr-jakup-krasnici-je-primio-muftiju-kosova-naim-trnava\/"},"modified":"2010-10-07T16:15:10","modified_gmt":"2010-10-07T16:15:10","slug":"vd-predsednika-republike-kosova-dr-jakup-krasnici-je-primio-muftiju-kosova-naim-trnava","status":"publish","type":"post","link":"https:\/\/president-ksgov.net\/sr\/vd-predsednika-republike-kosova-dr-jakup-krasnici-je-primio-muftiju-kosova-naim-trnava\/","title":{"rendered":"VD Predsednika Republike Kosova, dr. Jakup Krasni\u0107i je primio Muftiju Kosova, Naim Trnava"},"content":{"rendered":"<p>07.10.2010 &#8211; Vr&#353;ilac Du&#382;nosti Predsednika Republike Kosova, dr. Jakup Krasni\u0107i se danas sastao sa Muftijom Kosova, Naim Trnava.<\/p>\n<p>&#8220;Zadnji tok politi\u010dkih zbivanja je doveo do na&#353;eg sastanka i razgovora. Mi smo saglasni sa anga&#382;ovanjem Islamske Verske Zajednice Kosova, sa muftijom Kosova i mi smo razgovarali i o na&#353;oj zajedni\u010dkoj budu\u0107nosti&#8221;, re\u010de na konferenciji za medije nakon sastanka g-din Krasni\u0107i.<\/p>\n<p>&#8220;Mi smo za to da sve institucije na Kosovu, obuhvataju\u0107i i Islamsku Versku Zajednicu i druge verske zajednice na Kosovu rade u skladu sa Ustavom i zakonima koji su na snazi&#8221;, re\u010de on.<\/p>\n<p>&#8220;Kao vr&#353;ilac du&#382;nosti Predsednika zemlje i predsednika Skup&#353;tine Kosova, sam uveravao i garantovao muftiju da \u0107e na&#353;e anga&#382;ovanje biti u skladu sa dokumentima, kao &#353;to je Ustav i zakoni, i mi smo ube\u0111eni da jedina verska institucija za islamsku veru na Kosovu jeste Islamska Verska Zajednica i ona treba uputi sve svoje zahteve, na ime muslimana Kosova, u institucije Kosova, uvek u skladu sa Ustavom i pravosna&#382;nim zakonima. Sa ovog aspekta, Islamska Zajednica i muftija Trnava \u0107e imati podr&#353;ku na&#353;ih institucija&#8221;, re\u010de vr&#353;ilac du&#382;nosti Predsednika, dr. Jakup Krasni\u0107i. <\/p>\n<p>S njegove strane, muftija Trnava se izrazio da se poslednja zbivanja u zemlji pa&#382;ljivo prate i u Islamskoj Zajednici Kosova.<\/p>\n<p>&#8220;Polaze\u0107i s ovog na\u010dela, danas smo se sastali sa predsednikom. Ja sam mu po&#382;eleo uspe&#353;an daljnji rad, na pripremanju novih izbora koji \u0107e se odr&#382;ati na Kosovu, trajno se mole\u0107i Bogu i zahtevaju\u0107i da i ovi izbori budu, kao i do sada, dobar model, ne samo za Kosovo, nego u op&#353;te za celu regiju, jer smo na Kosovu trajno pokazali spremnost i dovoljno kulture u odnosu na izbore koje smo do sada imali na Kosovu&#8221;, re\u010de muftija Trnava.<\/p>\n<p>&#8220;Ja se zahvaljujem vr&#353;iocu du&#382;nosti Predsednika za spremnost koju ima za saradnju sa Islamskom Zajednicom Kosova, kao jedine zajednice koja predstavlja interese pripadnika islamske vere ovde u na&#353;oj Republici. Islamska Zajednica Kosova \u0107e saradnju pro&#353;iriti i sa Predsedni&#353;tvom i drugim institucijama &#353;irom na&#353;e Republike za jednu &#353;to bolju budu\u0107nost svih koji &#382;ive u na&#353;oj zemlji&#8221;, re\u010de muftija Trnava.<\/p>\n<p>U nastavku, sagovornici su odgovarali i na pitanja novinara. <\/p>\n<p>Upitan o protestu koji \u0107e se odr&#382;ati sutra u Pri&#353;tini, muftija Trnava re\u010de da je obave&#353;ten putem interneta i pozivnica za ovaj protest.<\/p>\n<p>Ali, dodao je on, &#8220;Islamska Zajednica Kosova ne stoji iza ovih protesta, jer zahteve islamskih vernika na Kosovu je podnela na&#353;im institucijama, u adresama gde treba da se podnose ovi zahtevi, kao &#353;to je mogu\u0107nost uvo\u0111enja predmeta veronauke u &#353;kolama, potom pitanje pokrivanja i druga jo&#353; va&#382;nija pitanja, sva su adresirana institucijama&#8221;.<\/p>\n<p>&#8220;Postoji spremnost institucija, na&#353;ih zvani\u010dnika, da se bave ovom problematikom i da glas, koji treba slu&#353;ati i koji je trajno potencirao ispunjavanje ovih zahteva, bio i jeste, glas Islamske Zajednice, koja ujedno &#382;eli i zahteva da mi zaista ispunjavamo standarde koji postoje u Evropi, koji se odnose na veru i Vlada je spremna da radi na osnovu ovih standarda&#8221;, re\u010de Trnava, dodaju\u0107i da &#8220;vi znate da i za pitanje pokrivanja mi smo uputili na&#353; zahtev i Ustavnom Sudu, preko Ombudspersona, jer nama ne dozvoljava Ustav zemlje da neposredno podnosimo zahtev i o\u010dekujemo odgovor od najvi&#353;e institucije, verujemo u najkra\u0107em vremenskom intervalu&#8221;. <\/p>\n<p>&#8220;Ja koristim ovu priliku i pozivam pripadnike islamske vere, i njima garantujem da \u0107e se svi problemi da se re&#353;avaju posredstvom institucija Kosova. Pozivam ih da ne postanu plen nekih nevladinih udru&#382;enja, koje su preuzele ulogu koja im ne sleduje. Neka budu ube\u0111eni da \u0107e Islamska Zajednica, na \u010delu sa muftijom Republike, da re&#353;ava ove probleme u saradnji sa institucijama zemlje&#8221;, re\u010de Trnava.<\/p>\n<p>Vr&#353;ilac du&#382;nosti Predsednika, g-din Jakup Krasni\u0107i je odgovorio na jedno pitanje u vezi sa pripremama za izbore.<\/p>\n<p>Tokom ovih dana ja sam razgovarao sa predstavnicima politi\u010dkih partija Kosova. Sutra imam jedan zajedni\u010dki sastanak sasvim politi\u010dkim subjektima koji su predstavljeni u Skup&#353;tini Kosova. Razgovarao sam i sa van parlamentarnim partijama, onima koji su se pokazali spremnim da se odazivaju pozivu vr&#353;ioca du&#382;nosti Predsednika pa verujem da \u0107emo sutra razjasniti mnogo toga, ali uvek zasnivaju razgovor i dono&#353;enje kona\u010dne odluke na osnovu ustavnog roka, koji je dat vr&#353;iocu du&#382;nosti Predsednika&#8221;, re\u010de dr. Jakup Krasni\u0107i.<\/p>\n<p>Upitan u vezi sa zadnjim akcijama EULEX-a i Policije na severu Kosova, dr. Krasni\u0107i je izjavio:&#8221;Mi smo u vodstvu institucija na&#353;e zemlje. Tra&#382;ili smo i podr&#382;ali u kontinuitetu sva nastojanja Kosovske Policije, EULEX-a, i KFOR-a za uspostavljanje reda i zakona na osnovu Ustava. Naravno da je nama drago, da je, mo&#382;da sa malo zaka&#353;njenja, ali je zaista zapo\u010delo jedno ozbiljnije nastojanje da se na svakom delu Kosova uspostavi red i zakon, da gra\u0111ani Kosova u svakom njenom delu lak&#353;e i slobodnije di&#353;u nego do sada. Smatramo da \u0107e se ovo novo anga&#382;ovanje nastaviti i dati konkretne rezultate&#8220;.<\/p>\n<p>Upitan o razdoru koji se pojavio na Fakultetu Islamskih Studija, muftija Trnava re\u010de da mi imamo neka normativna zakonska akta, kojima se trebamo pridr&#382;avati, jer su validne.<\/p>\n<p>&#8220;Islamska Zajednica u njenom radu deluje na osnovu njenog ustava i ustav Islamske Zajednice potpuno daje mi pravo da imenujem rukovodioce institucija, kao &#353;to je Fakultet Islamskih Studija i Medresa. Mi smo imenovali samo vr&#353;ioca du&#382;nosti, po&#353;to je dosada&#353;nji dekan oti&#353;ao na novu du&#382;nost i ima pet-&#353;est lica koji misle druga\u010dije. Imaju pravo da misle druga\u010dije. Ali, ovde nema razdora. Ja upu\u0107ujem poziv njima i svima za jedinstvo, da po&#353;tuju normativna akta Islamske Zajednice, da se po&#353;tuje ustav, zakoni i da radimo shodno njima. Nikako ne\u0107emo dozvoliti anarhiju, neposlu&#353;nost i da radi ko &#353;ta ho\u0107e, kako mu se prohte, jer ovo su pitanja koja na&#353;e dru&#353;tvo vode ka dekadenciji&#8221;, naglasio je g-din Trnava.<\/p>\n<p>Upitan da nije do&#353;ao kraj koaliciji DPK-DSK, vr&#353;ilac du&#382;nosti Predsednika, g-din Jakup Krasni\u0107i je odgovorio:&#8221;Individualnih izjava je bilo i do sada. Mi smatramo da odluke o ukidanju koalicije donose lideri politi\u010dkih partija i organi politi\u010dkih partija. Ovom prilikom, s polo&#382;aja koji imam ne ume&#353;am se u odluke koje \u0107e doneti dva politi\u010dka subjekta o ukidanju ili nastavljanju koalicije, iako ja imam svoje li\u010dno ube\u0111enje da zasada treba da se nastavi ova koalicija u upravljanju zemlje sa ovim sastavom koji ima, da bi po\u010dele pripreme za izbore i da sa novim izborima stvori jedna koalicija i jedna nova uprava&#8221;<\/p>\n","protected":false},"excerpt":{"rendered":"<p>07.10.2010 &#8211; Vr&#353;ilac Du&#382;nosti Predsednika Republike Kosova, dr. Jakup Krasni\u0107i se danas sastao sa Muftijom Kosova, Naim Trnava.<\/p>\n","protected":false},"author":1,"featured_media":62958,"comment_status":"open","ping_status":"closed","sticky":false,"template":"","format":"standard","meta":{"_eb_attr":"","footnotes":""},"categories":[101],"tags":[],"class_list":["post-79988","post","type-post","status-publish","format-standard","has-post-thumbnail","hentry","category-vesti"],"yoast_head":"<!-- This site is optimized with the Yoast SEO plugin v23.5 - https:\/\/yoast.com\/wordpress\/plugins\/seo\/ -->\n<title>VD Predsednika Republike Kosova, dr. Jakup Krasni\u0107i je primio Muftiju Kosova, Naim Trnava - Predsednik Republike Kosovo - DR. VJOSA OSMANI - SADRIU<\/title>\n<meta name=\"description\" content=\"VD Predsednika Republike Kosova, dr. Jakup Krasni\u0107i je primio Muftiju Kosova, Naim Trnava - Predsednik Republike Kosovo - DR. VJOSA OSMANI - SADRIU -\" \/>\n<meta name=\"robots\" content=\"index, follow, max-snippet:-1, max-image-preview:large, max-video-preview:-1\" \/>\n<link rel=\"canonical\" href=\"https:\/\/president-ksgov.net\/sr\/vd-predsednika-republike-kosova-dr-jakup-krasnici-je-primio-muftiju-kosova-naim-trnava\/\" \/>\n<meta property=\"og:locale\" content=\"sr_RS\" \/>\n<meta property=\"og:type\" content=\"article\" \/>\n<meta property=\"og:title\" content=\"VD Predsednika Republike Kosova, dr. Jakup Krasni\u0107i je primio Muftiju Kosova, Naim Trnava - Predsednik Republike Kosovo - DR. VJOSA OSMANI - SADRIU\" \/>\n<meta property=\"og:description\" content=\"VD Predsednika Republike Kosova, dr. Jakup Krasni\u0107i je primio Muftiju Kosova, Naim Trnava - Predsednik Republike Kosovo - DR. VJOSA OSMANI - SADRIU -\" \/>\n<meta property=\"og:url\" content=\"https:\/\/president-ksgov.net\/sr\/vd-predsednika-republike-kosova-dr-jakup-krasnici-je-primio-muftiju-kosova-naim-trnava\/\" \/>\n<meta property=\"og:site_name\" content=\"Predsednik Republike Kosovo - DR. VJOSA OSMANI - SADRIU\" \/>\n<meta property=\"article:published_time\" content=\"2010-10-07T16:15:10+00:00\" \/>\n<meta property=\"og:image\" content=\"https:\/\/president-ksgov.net\/wp-content\/uploads\/07_10_2010_Takim_me_Naim_Ternaven_1.jpg\" \/>\n\t<meta property=\"og:image:width\" content=\"1000\" \/>\n\t<meta property=\"og:image:height\" content=\"695\" \/>\n\t<meta property=\"og:image:type\" content=\"image\/jpeg\" \/>\n<meta name=\"author\" content=\"admin\" \/>\n<meta name=\"twitter:card\" content=\"summary_large_image\" \/>\n<meta name=\"twitter:label1\" content=\"\u041d\u0430\u043f\u0438\u0441\u0430\u043d\u043e \u043e\u0434\" \/>\n\t<meta name=\"twitter:data1\" content=\"admin\" \/>\n\t<meta name=\"twitter:label2\" content=\"\u041f\u0440\u043e\u0446\u0435\u045a\u0435\u043d\u043e \u0432\u0440\u0435\u043c\u0435 \u0447\u0438\u0442\u0430\u045a\u0430\" \/>\n\t<meta name=\"twitter:data2\" content=\"6 \u043c\u0438\u043d\u0443\u0442\u0430\" \/>\n<script type=\"application\/ld+json\" class=\"yoast-schema-graph\">{\"@context\":\"https:\/\/schema.org\",\"@graph\":[{\"@type\":\"WebPage\",\"@id\":\"https:\/\/president-ksgov.net\/sr\/vd-predsednika-republike-kosova-dr-jakup-krasnici-je-primio-muftiju-kosova-naim-trnava\/\",\"url\":\"https:\/\/president-ksgov.net\/sr\/vd-predsednika-republike-kosova-dr-jakup-krasnici-je-primio-muftiju-kosova-naim-trnava\/\",\"name\":\"VD Predsednika Republike Kosova, dr. Jakup Krasni\u0107i je primio Muftiju Kosova, Naim Trnava - Predsednik Republike Kosovo - DR. VJOSA OSMANI - SADRIU\",\"isPartOf\":{\"@id\":\"https:\/\/president-ksgov.net\/#website\"},\"primaryImageOfPage\":{\"@id\":\"https:\/\/president-ksgov.net\/sr\/vd-predsednika-republike-kosova-dr-jakup-krasnici-je-primio-muftiju-kosova-naim-trnava\/#primaryimage\"},\"image\":{\"@id\":\"https:\/\/president-ksgov.net\/sr\/vd-predsednika-republike-kosova-dr-jakup-krasnici-je-primio-muftiju-kosova-naim-trnava\/#primaryimage\"},\"thumbnailUrl\":\"https:\/\/president-ksgov.net\/wp-content\/uploads\/07_10_2010_Takim_me_Naim_Ternaven_1.jpg\",\"datePublished\":\"2010-10-07T16:15:10+00:00\",\"dateModified\":\"2010-10-07T16:15:10+00:00\",\"author\":{\"@id\":\"https:\/\/president-ksgov.net\/#\/schema\/person\/bb4337a5fb147cb2046d80548172cbee\"},\"description\":\"VD Predsednika Republike Kosova, dr. Jakup Krasni\u0107i je primio Muftiju Kosova, Naim Trnava - Predsednik Republike Kosovo - DR. VJOSA OSMANI - SADRIU -\",\"breadcrumb\":{\"@id\":\"https:\/\/president-ksgov.net\/sr\/vd-predsednika-republike-kosova-dr-jakup-krasnici-je-primio-muftiju-kosova-naim-trnava\/#breadcrumb\"},\"inLanguage\":\"sr-RS\",\"potentialAction\":[{\"@type\":\"ReadAction\",\"target\":[\"https:\/\/president-ksgov.net\/sr\/vd-predsednika-republike-kosova-dr-jakup-krasnici-je-primio-muftiju-kosova-naim-trnava\/\"]}]},{\"@type\":\"ImageObject\",\"inLanguage\":\"sr-RS\",\"@id\":\"https:\/\/president-ksgov.net\/sr\/vd-predsednika-republike-kosova-dr-jakup-krasnici-je-primio-muftiju-kosova-naim-trnava\/#primaryimage\",\"url\":\"https:\/\/president-ksgov.net\/wp-content\/uploads\/07_10_2010_Takim_me_Naim_Ternaven_1.jpg\",\"contentUrl\":\"https:\/\/president-ksgov.net\/wp-content\/uploads\/07_10_2010_Takim_me_Naim_Ternaven_1.jpg\",\"width\":1000,\"height\":695},{\"@type\":\"BreadcrumbList\",\"@id\":\"https:\/\/president-ksgov.net\/sr\/vd-predsednika-republike-kosova-dr-jakup-krasnici-je-primio-muftiju-kosova-naim-trnava\/#breadcrumb\",\"itemListElement\":[{\"@type\":\"ListItem\",\"position\":1,\"name\":\"Home\",\"item\":\"https:\/\/president-ksgov.net\/sr\/\"},{\"@type\":\"ListItem\",\"position\":2,\"name\":\"VD Predsednika Republike Kosova, dr. Jakup Krasni\u0107i je primio Muftiju Kosova, Naim Trnava\"}]},{\"@type\":\"WebSite\",\"@id\":\"https:\/\/president-ksgov.net\/#website\",\"url\":\"https:\/\/president-ksgov.net\/\",\"name\":\"Presidente e Republik\u00ebs s\u00eb Kosov\u00ebs\",\"description\":\"Presidente e Republik\u00ebs s\u00eb Kosov\u00ebs\",\"alternateName\":\"DR. VJOSA OSMANI - SADRIU\",\"potentialAction\":[{\"@type\":\"SearchAction\",\"target\":{\"@type\":\"EntryPoint\",\"urlTemplate\":\"https:\/\/president-ksgov.net\/?s={search_term_string}\"},\"query-input\":{\"@type\":\"PropertyValueSpecification\",\"valueRequired\":true,\"valueName\":\"search_term_string\"}}],\"inLanguage\":\"sr-RS\"},{\"@type\":\"Person\",\"@id\":\"https:\/\/president-ksgov.net\/#\/schema\/person\/bb4337a5fb147cb2046d80548172cbee\",\"name\":\"admin\",\"image\":{\"@type\":\"ImageObject\",\"inLanguage\":\"sr-RS\",\"@id\":\"https:\/\/president-ksgov.net\/#\/schema\/person\/image\/\",\"url\":\"https:\/\/secure.gravatar.com\/avatar\/36156ca0fa3b8d9d25174f146e16beea0cf28f37adf1b9e19b6c9c279a7c9dd3?s=96&d=mm&r=g\",\"contentUrl\":\"https:\/\/secure.gravatar.com\/avatar\/36156ca0fa3b8d9d25174f146e16beea0cf28f37adf1b9e19b6c9c279a7c9dd3?s=96&d=mm&r=g\",\"caption\":\"admin\"},\"sameAs\":[\"https:\/\/president-ksgov.net\"]}]}<\/script>\n<!-- \/ Yoast SEO plugin. -->","yoast_head_json":{"title":"VD Predsednika Republike Kosova, dr. Jakup Krasni\u0107i je primio Muftiju Kosova, Naim Trnava - Predsednik Republike Kosovo - DR. VJOSA OSMANI - SADRIU","description":"VD Predsednika Republike Kosova, dr. Jakup Krasni\u0107i je primio Muftiju Kosova, Naim Trnava - Predsednik Republike Kosovo - DR. VJOSA OSMANI - SADRIU -","robots":{"index":"index","follow":"follow","max-snippet":"max-snippet:-1","max-image-preview":"max-image-preview:large","max-video-preview":"max-video-preview:-1"},"canonical":"https:\/\/president-ksgov.net\/sr\/vd-predsednika-republike-kosova-dr-jakup-krasnici-je-primio-muftiju-kosova-naim-trnava\/","og_locale":"sr_RS","og_type":"article","og_title":"VD Predsednika Republike Kosova, dr. Jakup Krasni\u0107i je primio Muftiju Kosova, Naim Trnava - Predsednik Republike Kosovo - DR. VJOSA OSMANI - SADRIU","og_description":"VD Predsednika Republike Kosova, dr. Jakup Krasni\u0107i je primio Muftiju Kosova, Naim Trnava - Predsednik Republike Kosovo - DR. VJOSA OSMANI - SADRIU -","og_url":"https:\/\/president-ksgov.net\/sr\/vd-predsednika-republike-kosova-dr-jakup-krasnici-je-primio-muftiju-kosova-naim-trnava\/","og_site_name":"Predsednik Republike Kosovo - DR. VJOSA OSMANI - SADRIU","article_published_time":"2010-10-07T16:15:10+00:00","og_image":[{"width":1000,"height":695,"url":"https:\/\/president-ksgov.net\/wp-content\/uploads\/07_10_2010_Takim_me_Naim_Ternaven_1.jpg","type":"image\/jpeg"}],"author":"admin","twitter_card":"summary_large_image","twitter_misc":{"\u041d\u0430\u043f\u0438\u0441\u0430\u043d\u043e \u043e\u0434":"admin","\u041f\u0440\u043e\u0446\u0435\u045a\u0435\u043d\u043e \u0432\u0440\u0435\u043c\u0435 \u0447\u0438\u0442\u0430\u045a\u0430":"6 \u043c\u0438\u043d\u0443\u0442\u0430"},"schema":{"@context":"https:\/\/schema.org","@graph":[{"@type":"WebPage","@id":"https:\/\/president-ksgov.net\/sr\/vd-predsednika-republike-kosova-dr-jakup-krasnici-je-primio-muftiju-kosova-naim-trnava\/","url":"https:\/\/president-ksgov.net\/sr\/vd-predsednika-republike-kosova-dr-jakup-krasnici-je-primio-muftiju-kosova-naim-trnava\/","name":"VD Predsednika Republike Kosova, dr. Jakup Krasni\u0107i je primio Muftiju Kosova, Naim Trnava - Predsednik Republike Kosovo - DR. VJOSA OSMANI - SADRIU","isPartOf":{"@id":"https:\/\/president-ksgov.net\/#website"},"primaryImageOfPage":{"@id":"https:\/\/president-ksgov.net\/sr\/vd-predsednika-republike-kosova-dr-jakup-krasnici-je-primio-muftiju-kosova-naim-trnava\/#primaryimage"},"image":{"@id":"https:\/\/president-ksgov.net\/sr\/vd-predsednika-republike-kosova-dr-jakup-krasnici-je-primio-muftiju-kosova-naim-trnava\/#primaryimage"},"thumbnailUrl":"https:\/\/president-ksgov.net\/wp-content\/uploads\/07_10_2010_Takim_me_Naim_Ternaven_1.jpg","datePublished":"2010-10-07T16:15:10+00:00","dateModified":"2010-10-07T16:15:10+00:00","author":{"@id":"https:\/\/president-ksgov.net\/#\/schema\/person\/bb4337a5fb147cb2046d80548172cbee"},"description":"VD Predsednika Republike Kosova, dr. Jakup Krasni\u0107i je primio Muftiju Kosova, Naim Trnava - Predsednik Republike Kosovo - DR. VJOSA OSMANI - SADRIU -","breadcrumb":{"@id":"https:\/\/president-ksgov.net\/sr\/vd-predsednika-republike-kosova-dr-jakup-krasnici-je-primio-muftiju-kosova-naim-trnava\/#breadcrumb"},"inLanguage":"sr-RS","potentialAction":[{"@type":"ReadAction","target":["https:\/\/president-ksgov.net\/sr\/vd-predsednika-republike-kosova-dr-jakup-krasnici-je-primio-muftiju-kosova-naim-trnava\/"]}]},{"@type":"ImageObject","inLanguage":"sr-RS","@id":"https:\/\/president-ksgov.net\/sr\/vd-predsednika-republike-kosova-dr-jakup-krasnici-je-primio-muftiju-kosova-naim-trnava\/#primaryimage","url":"https:\/\/president-ksgov.net\/wp-content\/uploads\/07_10_2010_Takim_me_Naim_Ternaven_1.jpg","contentUrl":"https:\/\/president-ksgov.net\/wp-content\/uploads\/07_10_2010_Takim_me_Naim_Ternaven_1.jpg","width":1000,"height":695},{"@type":"BreadcrumbList","@id":"https:\/\/president-ksgov.net\/sr\/vd-predsednika-republike-kosova-dr-jakup-krasnici-je-primio-muftiju-kosova-naim-trnava\/#breadcrumb","itemListElement":[{"@type":"ListItem","position":1,"name":"Home","item":"https:\/\/president-ksgov.net\/sr\/"},{"@type":"ListItem","position":2,"name":"VD Predsednika Republike Kosova, dr. Jakup Krasni\u0107i je primio Muftiju Kosova, Naim Trnava"}]},{"@type":"WebSite","@id":"https:\/\/president-ksgov.net\/#website","url":"https:\/\/president-ksgov.net\/","name":"Presidente e Republik\u00ebs s\u00eb Kosov\u00ebs","description":"Presidente e Republik\u00ebs s\u00eb Kosov\u00ebs","alternateName":"DR. VJOSA OSMANI - SADRIU","potentialAction":[{"@type":"SearchAction","target":{"@type":"EntryPoint","urlTemplate":"https:\/\/president-ksgov.net\/?s={search_term_string}"},"query-input":{"@type":"PropertyValueSpecification","valueRequired":true,"valueName":"search_term_string"}}],"inLanguage":"sr-RS"},{"@type":"Person","@id":"https:\/\/president-ksgov.net\/#\/schema\/person\/bb4337a5fb147cb2046d80548172cbee","name":"admin","image":{"@type":"ImageObject","inLanguage":"sr-RS","@id":"https:\/\/president-ksgov.net\/#\/schema\/person\/image\/","url":"https:\/\/secure.gravatar.com\/avatar\/36156ca0fa3b8d9d25174f146e16beea0cf28f37adf1b9e19b6c9c279a7c9dd3?s=96&d=mm&r=g","contentUrl":"https:\/\/secure.gravatar.com\/avatar\/36156ca0fa3b8d9d25174f146e16beea0cf28f37adf1b9e19b6c9c279a7c9dd3?s=96&d=mm&r=g","caption":"admin"},"sameAs":["https:\/\/president-ksgov.net"]}]}},"_links":{"self":[{"href":"https:\/\/president-ksgov.net\/sr\/wp-json\/wp\/v2\/posts\/79988","targetHints":{"allow":["GET"]}}],"collection":[{"href":"https:\/\/president-ksgov.net\/sr\/wp-json\/wp\/v2\/posts"}],"about":[{"href":"https:\/\/president-ksgov.net\/sr\/wp-json\/wp\/v2\/types\/post"}],"author":[{"embeddable":true,"href":"https:\/\/president-ksgov.net\/sr\/wp-json\/wp\/v2\/users\/1"}],"replies":[{"embeddable":true,"href":"https:\/\/president-ksgov.net\/sr\/wp-json\/wp\/v2\/comments?post=79988"}],"version-history":[{"count":0,"href":"https:\/\/president-ksgov.net\/sr\/wp-json\/wp\/v2\/posts\/79988\/revisions"}],"wp:featuredmedia":[{"embeddable":true,"href":"https:\/\/president-ksgov.net\/sr\/wp-json\/wp\/v2\/media\/62958"}],"wp:attachment":[{"href":"https:\/\/president-ksgov.net\/sr\/wp-json\/wp\/v2\/media?parent=79988"}],"wp:term":[{"taxonomy":"category","embeddable":true,"href":"https:\/\/president-ksgov.net\/sr\/wp-json\/wp\/v2\/categories?post=79988"},{"taxonomy":"post_tag","embeddable":true,"href":"https:\/\/president-ksgov.net\/sr\/wp-json\/wp\/v2\/tags?post=79988"}],"curies":[{"name":"wp","href":"https:\/\/api.w.org\/{rel}","templated":true}]}}