{"id":79923,"date":"2010-11-19T13:05:11","date_gmt":"2010-11-19T13:05:11","guid":{"rendered":"https:\/\/dev.president-ksgov.net\/kosova-i-hrvatska-proiruju-oblati-saradnje\/"},"modified":"2010-11-19T13:05:11","modified_gmt":"2010-11-19T13:05:11","slug":"kosova-i-hrvatska-proiruju-oblati-saradnje","status":"publish","type":"post","link":"https:\/\/president-ksgov.net\/sr\/kosova-i-hrvatska-proiruju-oblati-saradnje\/","title":{"rendered":"KOSOVA I HRVATSKA PRO&#138;IRUJU OBLATI SARADNJE"},"content":{"rendered":"<p>Vr&#353;ioc Du&#382;nosti Predsednika Republike Kosova, dr. Jakup Krasni\u0107i je danas primio g-dina Davor Vidi&#353;, direktora Departmana za Jugoisto\u0107nu Evropu pri Ministarstvu Inostranih Poslova Hrvatske.<\/p>\n<p>&#8220;Odnosi izme\u0111u Kosova i Hrvatske su vrlo dobri i oni se iz dana u dan pobolj&#353;avaju. Razgovarali smo o potrebi da institucije Kosova sti\u0107u saznanja iz iskustva s prevazidjenog puta kojem se Hrvatska kretala u pravcu Evropske Zajednice&#8220;, naglasio je u svom obra\u010danju medijima, nakon sastanka, Vr&#353;ioc Du&#382;nosti Predsednika Republike Kosova, dr. Jakup Krasni\u0107i.<\/p>\n<p>&#8222;Istovremeno&#8220;, dodao je on, &#8222;razgovarali smo i o iskustvu i praksi koju je imala Hrvatska na pregovorima sa srpskom stranom, koji \u0107e se pregovori u budu\u0107e odr&#382;ati i izmedju institucija Republike Kosova i Republike Srbije&#8220;.<\/p>\n<p>&#8222;Pokazali smo spremnost da odnosi izmedju Republike Kosova i Republike Hrvatske ostvaruju uspon u svim oblastima &#382;ivota, kako onih politi\u010dkih, institucionalnih, ali i onih ekonomskih. Mi smo svesni da snaga Republike Hrvatske u ekonomskom razvoju i mogu\u0107nosti investiranja na Kosovu jeste velika i stvorilo bi mogu\u0107nost da investitori iz Hrvatske ula&#382;u na Kosovo. Ovo \u0107e biti jedna oblast uspona odnosa i saradnje izmedju na&#353;ih dviju zemalja&#8220;, re\u0107e g-din Krasni\u0107i.<\/p>\n<p>S njegove strane, g-din Davor Vidi&#353;, Direktor Departmana za Jugoisto\u0107nu Evropu pri Ministarstvu Inostranih Poslova\u00a0 Republike Hrvatske, je na po\u010detku naglasio da je s Kosovom vezan i emocionalno, po&#353;to je upravljao Kancelarijom Hrvatske u na&#353;oj zemlji od 2007-2008 godine, dakle u periodu kada je Republika Kosova proglasila nezavisnost i kada je Republika Hrvatska priznala Kosovo.<\/p>\n<p>G-din Vidi&#353; je u nastvaku rekao da se nalazi na Kosovu sa jednom delegacijom Ministarstva Inostranih Poslova Hrvatske, radi bli&#382;eg upoznavanja sa tokom razvoja u na&#353;oj zemlji, ali i radi preno&#353;enja iskustava Hrvatske i utvr\u0111ivanja koja Hrvatska iskustva, na putu evropske integracije, mogu biti od pomo\u0107i institucijama Kosova.<\/p>\n<p>&#8222;Nakon Bosne i Albanije, Kosova je jedina ostala van Belog Spiska &#352;engena. Mi smo ovde da bismo utvrdili gde, na \u0107emu, mo&#382;e Hrvatska pomo\u0107i lobiranjem radi prevazila&#382;enja ovog stanja&#8220;,re\u0107e<br \/>\ng-din Vidi&#353;.<\/p>\n<p>&#8222;Jako smo zainteresovani da Kosova bude \u010dlan, i deo, svih regionalnih inicijativa, inicijativa koje pokrivaju ovaj deo Evrope&#8220;, naglsaio je Vidi&#353;.<br \/>\nUpitan u vezi potrebe da u najavljenim pregovorima izmedju Kosova i Srbije, osim Evropske Zajednice budu obuhva\u0107ene i SAD-e, Vr&#353;ioc Du&#382;nosti Predsednika Republike Kosova, dr. Jakup Krasni\u0107i je naglasio: &#8222;Mi smo svesni da na osnovu Rezolucije Generalne Skup&#353;tine, pregovore izmedju Kosova i Srbije treba da olak&#353;a Evropska Zajednica, ali svesni smo da, da bi ovi pregovori bili lak&#353;i i uspe&#353;niji, jedan nezamenjiv doprinos bi dale i Sjedinjene Ameri\u010dke Dr&#382;ave. Smatramo da, da bi ovi pregovori bili jo&#353; lak&#353;i, verodostojniji i uspe&#353;niji, kao posrednici bi u mnogome pomogli\u00a0 predstavnici Evropske Zajednice i predstavnici SAD-e&#8220;.<\/p>\n<p>I g-din Vidi&#353; je govorio o pregovorima koji se o\u010dekuju izmedju Kosova i Srbije. &#8222;Prije svega, va&#382;no je da se pru&#382;a pomo\u0107 da ovi pregovori zapo\u010dnu, ali govorim na osnovu na&#353;ih iskustava u odnosima sa Srbijom, na kraju va&#382;ni su bilateralni pregoovori, radi rje&#353;avanja svakodnevnih pitanja&#8220;, re\u010de on. <\/p>\n<p>&#8222;Na&#353;a ideja o stabilnosti cijele regije jeste da se proces euroatlantskih integracija okon\u010da u cijeloj regiji. Nas bi obradovalo da jednog dana sve zemlje ovog dijela svijeta budu \u010dlanice i Evropske Zajednice i NATO-a&#8220;,<br \/>\nre\u0107e g-din Vidi&#353;.<\/p>\n<p>Upitan da komentira izjavu srpskog ministra inostranih poslova, koji okrivljuje Kosovo za blokiranje po\u010detka pregovora, g-din Krasni\u0107i re\u0107e da je Srbija bila ta koja je ometala proces pregovora, a ne Kosovo-ni u kom slu\u010daju.<br \/>\n&#8222;Vi znate da je Srbija na vi&#353;e regionalne sastanke, ali i na evropskom nivou, kada su bili prisutni predstavnici Kosova, oni su napustili sastanke&#8220;, naglasio je g-din Krasni\u0107i, dodaju\u0107i da nije Kosovo niti jednom bila protiv pregovora sa srpskom stranom.<\/p>\n<p>&#8222;Kosova je ionako bila na pregovore sa srpskom stranom o nestalim licima, o javnim knjigama i katastarskim knjigama, ali ovi pregovori su ranije bili te&#382;i. Mi trebamo zapo\u010deti, ali treba da po\u0107nemo sa ovim pregovorima koji su lak&#353;i. Jednom re\u010dju, Kosovo ni u kom vremenu i ni u kojoj fazi nije bila protiv pregovora sa srpskom stranom&#8220;, re\u0107e Vr&#353;ioc Du&#382;nosti Predsednika Republike Kosova, dr. Jakup Krasni\u0107i.<\/p>\n","protected":false},"excerpt":{"rendered":"<p>Vr&#353;ioc Du&#382;nosti Predsednika Republike Kosova, dr. Jakup Krasni\u0107i je danas primio g-dina Davor Vidi&#353;, direktora Departmana za Jugoisto\u0107nu Evropu pri Ministarstvu Inostranih Poslova Hrvatske.<\/p>\n","protected":false},"author":1,"featured_media":62730,"comment_status":"open","ping_status":"closed","sticky":false,"template":"","format":"standard","meta":{"_eb_attr":"","footnotes":""},"categories":[101],"tags":[],"class_list":["post-79923","post","type-post","status-publish","format-standard","has-post-thumbnail","hentry","category-vesti"],"yoast_head":"<!-- This site is optimized with the Yoast SEO plugin v23.5 - https:\/\/yoast.com\/wordpress\/plugins\/seo\/ -->\n<title>KOSOVA I HRVATSKA PRO&#138;IRUJU OBLATI SARADNJE - Predsednik Republike Kosovo - DR. VJOSA OSMANI - SADRIU<\/title>\n<meta name=\"description\" content=\"KOSOVA I HRVATSKA PRO&#138;IRUJU OBLATI SARADNJE - Predsednik Republike Kosovo - DR. VJOSA OSMANI - SADRIU -\" \/>\n<meta name=\"robots\" content=\"index, follow, max-snippet:-1, max-image-preview:large, max-video-preview:-1\" \/>\n<link rel=\"canonical\" href=\"https:\/\/president-ksgov.net\/kosova-dhe-kroacia-zgjerojne-fushat-e-bashkepunimit\/\" \/>\n<meta property=\"og:locale\" content=\"sr_RS\" \/>\n<meta property=\"og:type\" content=\"article\" \/>\n<meta property=\"og:title\" content=\"KOSOVA I HRVATSKA PRO&#138;IRUJU OBLATI SARADNJE - Predsednik Republike Kosovo - DR. VJOSA OSMANI - SADRIU\" \/>\n<meta property=\"og:description\" content=\"KOSOVA I HRVATSKA PRO&#138;IRUJU OBLATI SARADNJE - Predsednik Republike Kosovo - DR. VJOSA OSMANI - SADRIU -\" \/>\n<meta property=\"og:url\" content=\"https:\/\/president-ksgov.net\/kosova-dhe-kroacia-zgjerojne-fushat-e-bashkepunimit\/\" \/>\n<meta property=\"og:site_name\" content=\"Predsednik Republike Kosovo - DR. VJOSA OSMANI - SADRIU\" \/>\n<meta property=\"article:published_time\" content=\"2010-11-19T13:05:11+00:00\" \/>\n<meta property=\"og:image\" content=\"https:\/\/president-ksgov.net\/wp-content\/uploads\/Kosova_dhe_Kroacia_zgjerojne_fushen_e_bashkepunimit_resize.jpg\" \/>\n\t<meta property=\"og:image:width\" content=\"800\" \/>\n\t<meta property=\"og:image:height\" content=\"533\" \/>\n\t<meta property=\"og:image:type\" content=\"image\/jpeg\" \/>\n<meta name=\"author\" content=\"admin\" \/>\n<meta name=\"twitter:card\" content=\"summary_large_image\" \/>\n<meta name=\"twitter:label1\" content=\"\u041d\u0430\u043f\u0438\u0441\u0430\u043d\u043e \u043e\u0434\" \/>\n\t<meta name=\"twitter:data1\" content=\"admin\" \/>\n\t<meta name=\"twitter:label2\" content=\"\u041f\u0440\u043e\u0446\u0435\u045a\u0435\u043d\u043e \u0432\u0440\u0435\u043c\u0435 \u0447\u0438\u0442\u0430\u045a\u0430\" \/>\n\t<meta name=\"twitter:data2\" content=\"4 \u043c\u0438\u043d\u0443\u0442\u0430\" \/>\n<script type=\"application\/ld+json\" class=\"yoast-schema-graph\">{\"@context\":\"https:\/\/schema.org\",\"@graph\":[{\"@type\":\"WebPage\",\"@id\":\"https:\/\/president-ksgov.net\/kosova-dhe-kroacia-zgjerojne-fushat-e-bashkepunimit\/\",\"url\":\"https:\/\/president-ksgov.net\/kosova-dhe-kroacia-zgjerojne-fushat-e-bashkepunimit\/\",\"name\":\"KOSOVA I HRVATSKA PRO&#138;IRUJU OBLATI SARADNJE - Predsednik Republike Kosovo - DR. VJOSA OSMANI - SADRIU\",\"isPartOf\":{\"@id\":\"https:\/\/president-ksgov.net\/#website\"},\"primaryImageOfPage\":{\"@id\":\"https:\/\/president-ksgov.net\/kosova-dhe-kroacia-zgjerojne-fushat-e-bashkepunimit\/#primaryimage\"},\"image\":{\"@id\":\"https:\/\/president-ksgov.net\/kosova-dhe-kroacia-zgjerojne-fushat-e-bashkepunimit\/#primaryimage\"},\"thumbnailUrl\":\"https:\/\/president-ksgov.net\/wp-content\/uploads\/Kosova_dhe_Kroacia_zgjerojne_fushen_e_bashkepunimit_resize.jpg\",\"datePublished\":\"2010-11-19T13:05:11+00:00\",\"dateModified\":\"2010-11-19T13:05:11+00:00\",\"author\":{\"@id\":\"https:\/\/president-ksgov.net\/#\/schema\/person\/bb4337a5fb147cb2046d80548172cbee\"},\"description\":\"KOSOVA I HRVATSKA PRO&#138;IRUJU OBLATI SARADNJE - Predsednik Republike Kosovo - DR. VJOSA OSMANI - SADRIU -\",\"breadcrumb\":{\"@id\":\"https:\/\/president-ksgov.net\/kosova-dhe-kroacia-zgjerojne-fushat-e-bashkepunimit\/#breadcrumb\"},\"inLanguage\":\"sr-RS\",\"potentialAction\":[{\"@type\":\"ReadAction\",\"target\":[\"https:\/\/president-ksgov.net\/kosova-dhe-kroacia-zgjerojne-fushat-e-bashkepunimit\/\"]}]},{\"@type\":\"ImageObject\",\"inLanguage\":\"sr-RS\",\"@id\":\"https:\/\/president-ksgov.net\/kosova-dhe-kroacia-zgjerojne-fushat-e-bashkepunimit\/#primaryimage\",\"url\":\"https:\/\/president-ksgov.net\/wp-content\/uploads\/Kosova_dhe_Kroacia_zgjerojne_fushen_e_bashkepunimit_resize.jpg\",\"contentUrl\":\"https:\/\/president-ksgov.net\/wp-content\/uploads\/Kosova_dhe_Kroacia_zgjerojne_fushen_e_bashkepunimit_resize.jpg\",\"width\":800,\"height\":533},{\"@type\":\"BreadcrumbList\",\"@id\":\"https:\/\/president-ksgov.net\/kosova-dhe-kroacia-zgjerojne-fushat-e-bashkepunimit\/#breadcrumb\",\"itemListElement\":[{\"@type\":\"ListItem\",\"position\":1,\"name\":\"Home\",\"item\":\"https:\/\/president-ksgov.net\/sr\/\"},{\"@type\":\"ListItem\",\"position\":2,\"name\":\"KOSOVA I HRVATSKA PRO&#138;IRUJU OBLATI SARADNJE\"}]},{\"@type\":\"WebSite\",\"@id\":\"https:\/\/president-ksgov.net\/#website\",\"url\":\"https:\/\/president-ksgov.net\/\",\"name\":\"Presidente e Republik\u00ebs s\u00eb Kosov\u00ebs\",\"description\":\"Presidente e Republik\u00ebs s\u00eb Kosov\u00ebs\",\"alternateName\":\"DR. VJOSA OSMANI - SADRIU\",\"potentialAction\":[{\"@type\":\"SearchAction\",\"target\":{\"@type\":\"EntryPoint\",\"urlTemplate\":\"https:\/\/president-ksgov.net\/?s={search_term_string}\"},\"query-input\":{\"@type\":\"PropertyValueSpecification\",\"valueRequired\":true,\"valueName\":\"search_term_string\"}}],\"inLanguage\":\"sr-RS\"},{\"@type\":\"Person\",\"@id\":\"https:\/\/president-ksgov.net\/#\/schema\/person\/bb4337a5fb147cb2046d80548172cbee\",\"name\":\"admin\",\"image\":{\"@type\":\"ImageObject\",\"inLanguage\":\"sr-RS\",\"@id\":\"https:\/\/president-ksgov.net\/#\/schema\/person\/image\/\",\"url\":\"https:\/\/secure.gravatar.com\/avatar\/36156ca0fa3b8d9d25174f146e16beea0cf28f37adf1b9e19b6c9c279a7c9dd3?s=96&d=mm&r=g\",\"contentUrl\":\"https:\/\/secure.gravatar.com\/avatar\/36156ca0fa3b8d9d25174f146e16beea0cf28f37adf1b9e19b6c9c279a7c9dd3?s=96&d=mm&r=g\",\"caption\":\"admin\"},\"sameAs\":[\"https:\/\/president-ksgov.net\"]}]}<\/script>\n<!-- \/ Yoast SEO plugin. -->","yoast_head_json":{"title":"KOSOVA I HRVATSKA PRO&#138;IRUJU OBLATI SARADNJE - Predsednik Republike Kosovo - DR. VJOSA OSMANI - SADRIU","description":"KOSOVA I HRVATSKA PRO&#138;IRUJU OBLATI SARADNJE - Predsednik Republike Kosovo - DR. VJOSA OSMANI - SADRIU -","robots":{"index":"index","follow":"follow","max-snippet":"max-snippet:-1","max-image-preview":"max-image-preview:large","max-video-preview":"max-video-preview:-1"},"canonical":"https:\/\/president-ksgov.net\/kosova-dhe-kroacia-zgjerojne-fushat-e-bashkepunimit\/","og_locale":"sr_RS","og_type":"article","og_title":"KOSOVA I HRVATSKA PRO&#138;IRUJU OBLATI SARADNJE - Predsednik Republike Kosovo - DR. VJOSA OSMANI - SADRIU","og_description":"KOSOVA I HRVATSKA PRO&#138;IRUJU OBLATI SARADNJE - Predsednik Republike Kosovo - DR. VJOSA OSMANI - SADRIU -","og_url":"https:\/\/president-ksgov.net\/kosova-dhe-kroacia-zgjerojne-fushat-e-bashkepunimit\/","og_site_name":"Predsednik Republike Kosovo - DR. VJOSA OSMANI - SADRIU","article_published_time":"2010-11-19T13:05:11+00:00","og_image":[{"width":800,"height":533,"url":"https:\/\/president-ksgov.net\/wp-content\/uploads\/Kosova_dhe_Kroacia_zgjerojne_fushen_e_bashkepunimit_resize.jpg","type":"image\/jpeg"}],"author":"admin","twitter_card":"summary_large_image","twitter_misc":{"\u041d\u0430\u043f\u0438\u0441\u0430\u043d\u043e \u043e\u0434":"admin","\u041f\u0440\u043e\u0446\u0435\u045a\u0435\u043d\u043e \u0432\u0440\u0435\u043c\u0435 \u0447\u0438\u0442\u0430\u045a\u0430":"4 \u043c\u0438\u043d\u0443\u0442\u0430"},"schema":{"@context":"https:\/\/schema.org","@graph":[{"@type":"WebPage","@id":"https:\/\/president-ksgov.net\/kosova-dhe-kroacia-zgjerojne-fushat-e-bashkepunimit\/","url":"https:\/\/president-ksgov.net\/kosova-dhe-kroacia-zgjerojne-fushat-e-bashkepunimit\/","name":"KOSOVA I HRVATSKA PRO&#138;IRUJU OBLATI SARADNJE - Predsednik Republike Kosovo - DR. VJOSA OSMANI - SADRIU","isPartOf":{"@id":"https:\/\/president-ksgov.net\/#website"},"primaryImageOfPage":{"@id":"https:\/\/president-ksgov.net\/kosova-dhe-kroacia-zgjerojne-fushat-e-bashkepunimit\/#primaryimage"},"image":{"@id":"https:\/\/president-ksgov.net\/kosova-dhe-kroacia-zgjerojne-fushat-e-bashkepunimit\/#primaryimage"},"thumbnailUrl":"https:\/\/president-ksgov.net\/wp-content\/uploads\/Kosova_dhe_Kroacia_zgjerojne_fushen_e_bashkepunimit_resize.jpg","datePublished":"2010-11-19T13:05:11+00:00","dateModified":"2010-11-19T13:05:11+00:00","author":{"@id":"https:\/\/president-ksgov.net\/#\/schema\/person\/bb4337a5fb147cb2046d80548172cbee"},"description":"KOSOVA I HRVATSKA PRO&#138;IRUJU OBLATI SARADNJE - Predsednik Republike Kosovo - DR. VJOSA OSMANI - SADRIU -","breadcrumb":{"@id":"https:\/\/president-ksgov.net\/kosova-dhe-kroacia-zgjerojne-fushat-e-bashkepunimit\/#breadcrumb"},"inLanguage":"sr-RS","potentialAction":[{"@type":"ReadAction","target":["https:\/\/president-ksgov.net\/kosova-dhe-kroacia-zgjerojne-fushat-e-bashkepunimit\/"]}]},{"@type":"ImageObject","inLanguage":"sr-RS","@id":"https:\/\/president-ksgov.net\/kosova-dhe-kroacia-zgjerojne-fushat-e-bashkepunimit\/#primaryimage","url":"https:\/\/president-ksgov.net\/wp-content\/uploads\/Kosova_dhe_Kroacia_zgjerojne_fushen_e_bashkepunimit_resize.jpg","contentUrl":"https:\/\/president-ksgov.net\/wp-content\/uploads\/Kosova_dhe_Kroacia_zgjerojne_fushen_e_bashkepunimit_resize.jpg","width":800,"height":533},{"@type":"BreadcrumbList","@id":"https:\/\/president-ksgov.net\/kosova-dhe-kroacia-zgjerojne-fushat-e-bashkepunimit\/#breadcrumb","itemListElement":[{"@type":"ListItem","position":1,"name":"Home","item":"https:\/\/president-ksgov.net\/sr\/"},{"@type":"ListItem","position":2,"name":"KOSOVA I HRVATSKA PRO&#138;IRUJU OBLATI SARADNJE"}]},{"@type":"WebSite","@id":"https:\/\/president-ksgov.net\/#website","url":"https:\/\/president-ksgov.net\/","name":"Presidente e Republik\u00ebs s\u00eb Kosov\u00ebs","description":"Presidente e Republik\u00ebs s\u00eb Kosov\u00ebs","alternateName":"DR. VJOSA OSMANI - SADRIU","potentialAction":[{"@type":"SearchAction","target":{"@type":"EntryPoint","urlTemplate":"https:\/\/president-ksgov.net\/?s={search_term_string}"},"query-input":{"@type":"PropertyValueSpecification","valueRequired":true,"valueName":"search_term_string"}}],"inLanguage":"sr-RS"},{"@type":"Person","@id":"https:\/\/president-ksgov.net\/#\/schema\/person\/bb4337a5fb147cb2046d80548172cbee","name":"admin","image":{"@type":"ImageObject","inLanguage":"sr-RS","@id":"https:\/\/president-ksgov.net\/#\/schema\/person\/image\/","url":"https:\/\/secure.gravatar.com\/avatar\/36156ca0fa3b8d9d25174f146e16beea0cf28f37adf1b9e19b6c9c279a7c9dd3?s=96&d=mm&r=g","contentUrl":"https:\/\/secure.gravatar.com\/avatar\/36156ca0fa3b8d9d25174f146e16beea0cf28f37adf1b9e19b6c9c279a7c9dd3?s=96&d=mm&r=g","caption":"admin"},"sameAs":["https:\/\/president-ksgov.net"]}]}},"_links":{"self":[{"href":"https:\/\/president-ksgov.net\/sr\/wp-json\/wp\/v2\/posts\/79923","targetHints":{"allow":["GET"]}}],"collection":[{"href":"https:\/\/president-ksgov.net\/sr\/wp-json\/wp\/v2\/posts"}],"about":[{"href":"https:\/\/president-ksgov.net\/sr\/wp-json\/wp\/v2\/types\/post"}],"author":[{"embeddable":true,"href":"https:\/\/president-ksgov.net\/sr\/wp-json\/wp\/v2\/users\/1"}],"replies":[{"embeddable":true,"href":"https:\/\/president-ksgov.net\/sr\/wp-json\/wp\/v2\/comments?post=79923"}],"version-history":[{"count":0,"href":"https:\/\/president-ksgov.net\/sr\/wp-json\/wp\/v2\/posts\/79923\/revisions"}],"wp:featuredmedia":[{"embeddable":true,"href":"https:\/\/president-ksgov.net\/sr\/wp-json\/wp\/v2\/media\/62730"}],"wp:attachment":[{"href":"https:\/\/president-ksgov.net\/sr\/wp-json\/wp\/v2\/media?parent=79923"}],"wp:term":[{"taxonomy":"category","embeddable":true,"href":"https:\/\/president-ksgov.net\/sr\/wp-json\/wp\/v2\/categories?post=79923"},{"taxonomy":"post_tag","embeddable":true,"href":"https:\/\/president-ksgov.net\/sr\/wp-json\/wp\/v2\/tags?post=79923"}],"curies":[{"name":"wp","href":"https:\/\/api.w.org\/{rel}","templated":true}]}}