{"id":79909,"date":"2010-11-27T21:37:51","date_gmt":"2010-11-27T21:37:51","guid":{"rendered":"https:\/\/dev.president-ksgov.net\/poruka-vd-predsednika-republike-kosova-dr-jakup-krasnici-povodom-dana-zastave\/"},"modified":"2010-11-27T21:37:51","modified_gmt":"2010-11-27T21:37:51","slug":"poruka-vd-predsednika-republike-kosova-dr-jakup-krasnici-povodom-dana-zastave","status":"publish","type":"post","link":"https:\/\/president-ksgov.net\/sr\/poruka-vd-predsednika-republike-kosova-dr-jakup-krasnici-povodom-dana-zastave\/","title":{"rendered":"Poruka VD Predsednika Republike Kosova, dr. Jakup Krasni\u0107i povodom Dana Zastave"},"content":{"rendered":"<p>Vr&#353;ilac Du&#382;nosti Predsednika Kosova, dr. Jakup Krasni\u0107i je gra\u0111anima uputio poruku \u010destitke povodom 29 Novembra, Dana Zastave.<\/p>\n<p>U poruci se ka&#382;e:<\/p>\n<p>Po&#353;tovani i dragi sunarodnjaci,<\/p>\n<p>Albanici, ma gde se nalazili, <\/p>\n<p>Kad god do\u0111e 28 Novembar, ovaj uzvi&#353;en dan na&#353;e istorije, misli i srca se objedinjuju oko oznake, simbola, zastave, bez potrebe za heralda obja&#353;njenja.<\/p>\n<p>Ovog dana po\u010dinje mukotrpan put,ispa&#353;tanja, ali ujedno hvale i dostojanstva i na&#353;a aspiracija za slobodu postaje Slavlje.<\/p>\n<p>S toga potaknut od ovog sjajnog zra\u010denja praznika,<br \/>\nSrda\u010dno Vam \u010destitam, Dan Zastave- 28 Novembar!\u00a0<\/p>\n","protected":false},"excerpt":{"rendered":"<p>Vr&#353;ilac Du&#382;nosti Predsednika Kosova, dr. Jakup Krasni\u0107i je gra\u0111anima uputio poruku \u010destitke povodom 29 Novembra, Dana Zastave.<\/p>\n","protected":false},"author":1,"featured_media":86338,"comment_status":"open","ping_status":"closed","sticky":false,"template":"","format":"standard","meta":{"_eb_attr":"","footnotes":""},"categories":[101],"tags":[],"class_list":["post-79909","post","type-post","status-publish","format-standard","has-post-thumbnail","hentry","category-vesti"],"yoast_head":"<!-- This site is optimized with the Yoast SEO plugin v23.5 - https:\/\/yoast.com\/wordpress\/plugins\/seo\/ -->\n<title>Poruka VD Predsednika Republike Kosova, dr. Jakup Krasni\u0107i povodom Dana Zastave - Predsednik Republike Kosovo - DR. VJOSA OSMANI - SADRIU<\/title>\n<meta name=\"description\" content=\"Poruka VD Predsednika Republike Kosova, dr. Jakup Krasni\u0107i povodom Dana Zastave - Predsednik Republike Kosovo - DR. VJOSA OSMANI - SADRIU -\" \/>\n<meta name=\"robots\" content=\"index, follow, max-snippet:-1, max-image-preview:large, max-video-preview:-1\" \/>\n<link rel=\"canonical\" href=\"https:\/\/president-ksgov.net\/mesazhi-i-u-d-te-presidentit-te-republikes-se-kosoves-dr-jakup-krasniqi-me-rastin-e-dites-se-flamurit\/\" \/>\n<meta property=\"og:locale\" content=\"sr_RS\" \/>\n<meta property=\"og:type\" content=\"article\" \/>\n<meta property=\"og:title\" content=\"Poruka VD Predsednika Republike Kosova, dr. Jakup Krasni\u0107i povodom Dana Zastave - Predsednik Republike Kosovo - DR. VJOSA OSMANI - SADRIU\" \/>\n<meta property=\"og:description\" content=\"Poruka VD Predsednika Republike Kosova, dr. Jakup Krasni\u0107i povodom Dana Zastave - Predsednik Republike Kosovo - DR. VJOSA OSMANI - SADRIU -\" \/>\n<meta property=\"og:url\" content=\"https:\/\/president-ksgov.net\/mesazhi-i-u-d-te-presidentit-te-republikes-se-kosoves-dr-jakup-krasniqi-me-rastin-e-dites-se-flamurit\/\" \/>\n<meta property=\"og:site_name\" content=\"Predsednik Republike Kosovo - DR. VJOSA OSMANI - SADRIU\" \/>\n<meta property=\"article:published_time\" content=\"2010-11-27T21:37:51+00:00\" \/>\n<meta property=\"og:image\" content=\"https:\/\/president-ksgov.net\/wp-content\/uploads\/Zyra-e-Presidentes-Featured-Image1-e1678970937938.png\" \/>\n\t<meta property=\"og:image:width\" content=\"1024\" \/>\n\t<meta property=\"og:image:height\" content=\"716\" \/>\n\t<meta property=\"og:image:type\" content=\"image\/png\" \/>\n<meta name=\"author\" content=\"admin\" \/>\n<meta name=\"twitter:card\" content=\"summary_large_image\" \/>\n<meta name=\"twitter:label1\" content=\"\u041d\u0430\u043f\u0438\u0441\u0430\u043d\u043e \u043e\u0434\" \/>\n\t<meta name=\"twitter:data1\" content=\"admin\" \/>\n<script type=\"application\/ld+json\" class=\"yoast-schema-graph\">{\"@context\":\"https:\/\/schema.org\",\"@graph\":[{\"@type\":\"WebPage\",\"@id\":\"https:\/\/president-ksgov.net\/mesazhi-i-u-d-te-presidentit-te-republikes-se-kosoves-dr-jakup-krasniqi-me-rastin-e-dites-se-flamurit\/\",\"url\":\"https:\/\/president-ksgov.net\/mesazhi-i-u-d-te-presidentit-te-republikes-se-kosoves-dr-jakup-krasniqi-me-rastin-e-dites-se-flamurit\/\",\"name\":\"Poruka VD Predsednika Republike Kosova, dr. Jakup Krasni\u0107i povodom Dana Zastave - Predsednik Republike Kosovo - DR. VJOSA OSMANI - SADRIU\",\"isPartOf\":{\"@id\":\"https:\/\/president-ksgov.net\/#website\"},\"primaryImageOfPage\":{\"@id\":\"https:\/\/president-ksgov.net\/mesazhi-i-u-d-te-presidentit-te-republikes-se-kosoves-dr-jakup-krasniqi-me-rastin-e-dites-se-flamurit\/#primaryimage\"},\"image\":{\"@id\":\"https:\/\/president-ksgov.net\/mesazhi-i-u-d-te-presidentit-te-republikes-se-kosoves-dr-jakup-krasniqi-me-rastin-e-dites-se-flamurit\/#primaryimage\"},\"thumbnailUrl\":\"https:\/\/president-ksgov.net\/wp-content\/uploads\/Zyra-e-Presidentes-Featured-Image1-e1678970937938.png\",\"datePublished\":\"2010-11-27T21:37:51+00:00\",\"dateModified\":\"2010-11-27T21:37:51+00:00\",\"author\":{\"@id\":\"https:\/\/president-ksgov.net\/#\/schema\/person\/bb4337a5fb147cb2046d80548172cbee\"},\"description\":\"Poruka VD Predsednika Republike Kosova, dr. Jakup Krasni\u0107i povodom Dana Zastave - Predsednik Republike Kosovo - DR. VJOSA OSMANI - SADRIU -\",\"breadcrumb\":{\"@id\":\"https:\/\/president-ksgov.net\/mesazhi-i-u-d-te-presidentit-te-republikes-se-kosoves-dr-jakup-krasniqi-me-rastin-e-dites-se-flamurit\/#breadcrumb\"},\"inLanguage\":\"sr-RS\",\"potentialAction\":[{\"@type\":\"ReadAction\",\"target\":[\"https:\/\/president-ksgov.net\/mesazhi-i-u-d-te-presidentit-te-republikes-se-kosoves-dr-jakup-krasniqi-me-rastin-e-dites-se-flamurit\/\"]}]},{\"@type\":\"ImageObject\",\"inLanguage\":\"sr-RS\",\"@id\":\"https:\/\/president-ksgov.net\/mesazhi-i-u-d-te-presidentit-te-republikes-se-kosoves-dr-jakup-krasniqi-me-rastin-e-dites-se-flamurit\/#primaryimage\",\"url\":\"https:\/\/president-ksgov.net\/wp-content\/uploads\/Zyra-e-Presidentes-Featured-Image1-e1678970937938.png\",\"contentUrl\":\"https:\/\/president-ksgov.net\/wp-content\/uploads\/Zyra-e-Presidentes-Featured-Image1-e1678970937938.png\",\"width\":1024,\"height\":716},{\"@type\":\"BreadcrumbList\",\"@id\":\"https:\/\/president-ksgov.net\/mesazhi-i-u-d-te-presidentit-te-republikes-se-kosoves-dr-jakup-krasniqi-me-rastin-e-dites-se-flamurit\/#breadcrumb\",\"itemListElement\":[{\"@type\":\"ListItem\",\"position\":1,\"name\":\"Home\",\"item\":\"https:\/\/president-ksgov.net\/sr\/\"},{\"@type\":\"ListItem\",\"position\":2,\"name\":\"Poruka VD Predsednika Republike Kosova, dr. Jakup Krasni\u0107i povodom Dana Zastave\"}]},{\"@type\":\"WebSite\",\"@id\":\"https:\/\/president-ksgov.net\/#website\",\"url\":\"https:\/\/president-ksgov.net\/\",\"name\":\"Presidente e Republik\u00ebs s\u00eb Kosov\u00ebs\",\"description\":\"Presidente e Republik\u00ebs s\u00eb Kosov\u00ebs\",\"alternateName\":\"DR. VJOSA OSMANI - SADRIU\",\"potentialAction\":[{\"@type\":\"SearchAction\",\"target\":{\"@type\":\"EntryPoint\",\"urlTemplate\":\"https:\/\/president-ksgov.net\/?s={search_term_string}\"},\"query-input\":{\"@type\":\"PropertyValueSpecification\",\"valueRequired\":true,\"valueName\":\"search_term_string\"}}],\"inLanguage\":\"sr-RS\"},{\"@type\":\"Person\",\"@id\":\"https:\/\/president-ksgov.net\/#\/schema\/person\/bb4337a5fb147cb2046d80548172cbee\",\"name\":\"admin\",\"image\":{\"@type\":\"ImageObject\",\"inLanguage\":\"sr-RS\",\"@id\":\"https:\/\/president-ksgov.net\/#\/schema\/person\/image\/\",\"url\":\"https:\/\/secure.gravatar.com\/avatar\/36156ca0fa3b8d9d25174f146e16beea0cf28f37adf1b9e19b6c9c279a7c9dd3?s=96&d=mm&r=g\",\"contentUrl\":\"https:\/\/secure.gravatar.com\/avatar\/36156ca0fa3b8d9d25174f146e16beea0cf28f37adf1b9e19b6c9c279a7c9dd3?s=96&d=mm&r=g\",\"caption\":\"admin\"},\"sameAs\":[\"https:\/\/president-ksgov.net\"]}]}<\/script>\n<!-- \/ Yoast SEO plugin. -->","yoast_head_json":{"title":"Poruka VD Predsednika Republike Kosova, dr. Jakup Krasni\u0107i povodom Dana Zastave - Predsednik Republike Kosovo - DR. VJOSA OSMANI - SADRIU","description":"Poruka VD Predsednika Republike Kosova, dr. Jakup Krasni\u0107i povodom Dana Zastave - Predsednik Republike Kosovo - DR. VJOSA OSMANI - SADRIU -","robots":{"index":"index","follow":"follow","max-snippet":"max-snippet:-1","max-image-preview":"max-image-preview:large","max-video-preview":"max-video-preview:-1"},"canonical":"https:\/\/president-ksgov.net\/mesazhi-i-u-d-te-presidentit-te-republikes-se-kosoves-dr-jakup-krasniqi-me-rastin-e-dites-se-flamurit\/","og_locale":"sr_RS","og_type":"article","og_title":"Poruka VD Predsednika Republike Kosova, dr. Jakup Krasni\u0107i povodom Dana Zastave - Predsednik Republike Kosovo - DR. VJOSA OSMANI - SADRIU","og_description":"Poruka VD Predsednika Republike Kosova, dr. Jakup Krasni\u0107i povodom Dana Zastave - Predsednik Republike Kosovo - DR. VJOSA OSMANI - SADRIU -","og_url":"https:\/\/president-ksgov.net\/mesazhi-i-u-d-te-presidentit-te-republikes-se-kosoves-dr-jakup-krasniqi-me-rastin-e-dites-se-flamurit\/","og_site_name":"Predsednik Republike Kosovo - DR. VJOSA OSMANI - SADRIU","article_published_time":"2010-11-27T21:37:51+00:00","og_image":[{"width":1024,"height":716,"url":"https:\/\/president-ksgov.net\/wp-content\/uploads\/Zyra-e-Presidentes-Featured-Image1-e1678970937938.png","type":"image\/png"}],"author":"admin","twitter_card":"summary_large_image","twitter_misc":{"\u041d\u0430\u043f\u0438\u0441\u0430\u043d\u043e \u043e\u0434":"admin"},"schema":{"@context":"https:\/\/schema.org","@graph":[{"@type":"WebPage","@id":"https:\/\/president-ksgov.net\/mesazhi-i-u-d-te-presidentit-te-republikes-se-kosoves-dr-jakup-krasniqi-me-rastin-e-dites-se-flamurit\/","url":"https:\/\/president-ksgov.net\/mesazhi-i-u-d-te-presidentit-te-republikes-se-kosoves-dr-jakup-krasniqi-me-rastin-e-dites-se-flamurit\/","name":"Poruka VD Predsednika Republike Kosova, dr. Jakup Krasni\u0107i povodom Dana Zastave - Predsednik Republike Kosovo - DR. VJOSA OSMANI - SADRIU","isPartOf":{"@id":"https:\/\/president-ksgov.net\/#website"},"primaryImageOfPage":{"@id":"https:\/\/president-ksgov.net\/mesazhi-i-u-d-te-presidentit-te-republikes-se-kosoves-dr-jakup-krasniqi-me-rastin-e-dites-se-flamurit\/#primaryimage"},"image":{"@id":"https:\/\/president-ksgov.net\/mesazhi-i-u-d-te-presidentit-te-republikes-se-kosoves-dr-jakup-krasniqi-me-rastin-e-dites-se-flamurit\/#primaryimage"},"thumbnailUrl":"https:\/\/president-ksgov.net\/wp-content\/uploads\/Zyra-e-Presidentes-Featured-Image1-e1678970937938.png","datePublished":"2010-11-27T21:37:51+00:00","dateModified":"2010-11-27T21:37:51+00:00","author":{"@id":"https:\/\/president-ksgov.net\/#\/schema\/person\/bb4337a5fb147cb2046d80548172cbee"},"description":"Poruka VD Predsednika Republike Kosova, dr. Jakup Krasni\u0107i povodom Dana Zastave - Predsednik Republike Kosovo - DR. VJOSA OSMANI - SADRIU -","breadcrumb":{"@id":"https:\/\/president-ksgov.net\/mesazhi-i-u-d-te-presidentit-te-republikes-se-kosoves-dr-jakup-krasniqi-me-rastin-e-dites-se-flamurit\/#breadcrumb"},"inLanguage":"sr-RS","potentialAction":[{"@type":"ReadAction","target":["https:\/\/president-ksgov.net\/mesazhi-i-u-d-te-presidentit-te-republikes-se-kosoves-dr-jakup-krasniqi-me-rastin-e-dites-se-flamurit\/"]}]},{"@type":"ImageObject","inLanguage":"sr-RS","@id":"https:\/\/president-ksgov.net\/mesazhi-i-u-d-te-presidentit-te-republikes-se-kosoves-dr-jakup-krasniqi-me-rastin-e-dites-se-flamurit\/#primaryimage","url":"https:\/\/president-ksgov.net\/wp-content\/uploads\/Zyra-e-Presidentes-Featured-Image1-e1678970937938.png","contentUrl":"https:\/\/president-ksgov.net\/wp-content\/uploads\/Zyra-e-Presidentes-Featured-Image1-e1678970937938.png","width":1024,"height":716},{"@type":"BreadcrumbList","@id":"https:\/\/president-ksgov.net\/mesazhi-i-u-d-te-presidentit-te-republikes-se-kosoves-dr-jakup-krasniqi-me-rastin-e-dites-se-flamurit\/#breadcrumb","itemListElement":[{"@type":"ListItem","position":1,"name":"Home","item":"https:\/\/president-ksgov.net\/sr\/"},{"@type":"ListItem","position":2,"name":"Poruka VD Predsednika Republike Kosova, dr. Jakup Krasni\u0107i povodom Dana Zastave"}]},{"@type":"WebSite","@id":"https:\/\/president-ksgov.net\/#website","url":"https:\/\/president-ksgov.net\/","name":"Presidente e Republik\u00ebs s\u00eb Kosov\u00ebs","description":"Presidente e Republik\u00ebs s\u00eb Kosov\u00ebs","alternateName":"DR. VJOSA OSMANI - SADRIU","potentialAction":[{"@type":"SearchAction","target":{"@type":"EntryPoint","urlTemplate":"https:\/\/president-ksgov.net\/?s={search_term_string}"},"query-input":{"@type":"PropertyValueSpecification","valueRequired":true,"valueName":"search_term_string"}}],"inLanguage":"sr-RS"},{"@type":"Person","@id":"https:\/\/president-ksgov.net\/#\/schema\/person\/bb4337a5fb147cb2046d80548172cbee","name":"admin","image":{"@type":"ImageObject","inLanguage":"sr-RS","@id":"https:\/\/president-ksgov.net\/#\/schema\/person\/image\/","url":"https:\/\/secure.gravatar.com\/avatar\/36156ca0fa3b8d9d25174f146e16beea0cf28f37adf1b9e19b6c9c279a7c9dd3?s=96&d=mm&r=g","contentUrl":"https:\/\/secure.gravatar.com\/avatar\/36156ca0fa3b8d9d25174f146e16beea0cf28f37adf1b9e19b6c9c279a7c9dd3?s=96&d=mm&r=g","caption":"admin"},"sameAs":["https:\/\/president-ksgov.net"]}]}},"_links":{"self":[{"href":"https:\/\/president-ksgov.net\/sr\/wp-json\/wp\/v2\/posts\/79909","targetHints":{"allow":["GET"]}}],"collection":[{"href":"https:\/\/president-ksgov.net\/sr\/wp-json\/wp\/v2\/posts"}],"about":[{"href":"https:\/\/president-ksgov.net\/sr\/wp-json\/wp\/v2\/types\/post"}],"author":[{"embeddable":true,"href":"https:\/\/president-ksgov.net\/sr\/wp-json\/wp\/v2\/users\/1"}],"replies":[{"embeddable":true,"href":"https:\/\/president-ksgov.net\/sr\/wp-json\/wp\/v2\/comments?post=79909"}],"version-history":[{"count":0,"href":"https:\/\/president-ksgov.net\/sr\/wp-json\/wp\/v2\/posts\/79909\/revisions"}],"wp:featuredmedia":[{"embeddable":true,"href":"https:\/\/president-ksgov.net\/sr\/wp-json\/wp\/v2\/media\/86338"}],"wp:attachment":[{"href":"https:\/\/president-ksgov.net\/sr\/wp-json\/wp\/v2\/media?parent=79909"}],"wp:term":[{"taxonomy":"category","embeddable":true,"href":"https:\/\/president-ksgov.net\/sr\/wp-json\/wp\/v2\/categories?post=79909"},{"taxonomy":"post_tag","embeddable":true,"href":"https:\/\/president-ksgov.net\/sr\/wp-json\/wp\/v2\/tags?post=79909"}],"curies":[{"name":"wp","href":"https:\/\/api.w.org\/{rel}","templated":true}]}}