{"id":79905,"date":"2010-11-28T15:44:36","date_gmt":"2010-11-28T15:44:36","guid":{"rendered":"https:\/\/dev.president-ksgov.net\/v-d-predsednika-dr-jaku-krasnici-je-prisustvovao-ceremoniji-imenovanja-aerodroma-imenom-legendarnog-komandanta-adem-jaari\/"},"modified":"2010-11-28T15:44:36","modified_gmt":"2010-11-28T15:44:36","slug":"v-d-predsednika-dr-jaku-krasnici-je-prisustvovao-ceremoniji-imenovanja-aerodroma-imenom-legendarnog-komandanta-adem-jaari","status":"publish","type":"post","link":"https:\/\/president-ksgov.net\/sr\/v-d-predsednika-dr-jaku-krasnici-je-prisustvovao-ceremoniji-imenovanja-aerodroma-imenom-legendarnog-komandanta-adem-jaari\/","title":{"rendered":"V.D. Predsednika, dr. Jaku Krasni\u0107i je prisustvovao Ceremoniji imenovanja Aerodroma imenom legendarnog komandanta &#147;Adem Ja&#154;ari&#148;"},"content":{"rendered":"<p>Vr&#353;ioc Du&#382;nosti Predsednika Republike Kosova, dr. Jakup Krasni\u0107i je prisustvovao Ceremoniji nadevanja medjunarodnog Aerodroma Pri&#353;tine imenom legendarnog komandanta Adem Ja&#353;ari. Ovoj ceremoniji su prisustvovali i Premijer Republike Kosova, Ha&#353;im Tha\u010di, predstavnici porodice Jashari, Rifat Jashari te vi&#353;e drugih li\u010dnosti politi\u010dkog &#382;ivota zemlje.<\/p>\n<p>U nastavku dajemo celokupni govor Vr&#353;ioca Du&#382;nosti Predsednika Republike Kosova, dr. Jakup Krasni\u0107i, odr&#382;anog tokom ceremonije:<\/p>\n<p>Po&#353;tovana porodica Ja&#353;ari, <\/p>\n<p>Dame i gospodo,<\/p>\n<p>Danas, 28 Novembra 2010 godine, na najlavniji praznik albanaca, koji osim vekovne slave, na&#353;oj naciji je dao i dvostruku nezavisnost, dao je \u010dast i dostojanstvo, dao kroz vi&#353;e generacija dugo o\u010dekivanu perspektivu, slavimo i inauguriramo nadevanje Aerodroma Pri&#353;tine imenom &#8220;Adem Jashari&#8221;. Adem Ja&#353;ari, legendarni komandant OVK-a, ro\u0111en 28 Novembra 1955 godine, jedna prijatna koincidencija, ro\u0111en je 43 godine nakon Dana Zastave, &#353;to je u 44 prole\u0107e njegovog &#382;ivota, u na&#353;u najnoviju istoriju u\u010dinio najve\u0107i preokret, ulivaju\u0107i najpre duh slobode i slobodoljubive hrabrosti u na&#353;im domovima i kasnije u epohi slobode i nezavisnost Kosova.<\/p>\n<p>Ovo ime \u0107e od danas ispratiti sve putnike koji kre\u0107u sa Zemlje da bi leteli u vazduh slobodnog Kosova i sve one koji lete sa\/ i slete na &#8211; Aerodrom &#8220;Adem Jashari&#8221;, onako kako isprati &#352;arl de Gol one koji lete\/ i slete sa\/i u\u00a0 Aerodrom &#8220;&#352;arl de Gol u Parizu ili one na Aerodromu &#8220;Kemal Ataturk&#8221; u Istanbulu.<\/p>\n<p>Odavde, dame i gospodo, u Februaru i Martu 1999 godine, bez formalnih procedura okupiranog Aerodroma Pri&#353;tine, imaju\u0107i sa sobom poverenje i duh pobede legendarnog komandanta-Adema Ja&#353;arija, uputili smo se u Med&#382;unarodnu Konferenciju za Kosovo u Rambuje-u i u Junu iste godine,\u00a0 uz pomo\u0107 i med&#382;unarodne zajednice, NATO-a, SAD-e i EZ-e, Kosovo je oslobo\u0111eno, ali ni&#353;ta nije do&#353;lo bez borbe, bez na&#353;e krvi i na&#353;eg &#382;rtvovanja.<\/p>\n<p>Pre deset godina Kosova je bila razorena od rata, danas nigde ne zate\u0107emo ta razaranja, osim\u00a0 spomenika i gorkih se\u0107anja koje nas podse\u0107aju na te te&#353;ke godine.<\/p>\n<p>S toga ovo dana&#353;nje postavljanje naziva &#8220;Adem Jashari&#8221; na&#353;em Aerodromu neka slu&#382;i generacijama za osve&#382;avanje se\u0107anja na slavne dane istorije.<\/p>\n<p>Dame i gospodo, <\/p>\n<p>Ju\u0107e, Adem Ja&#353;ari, legendarni Ja&#353;arevi, sav na&#353; narod, su dali mnogo za na&#353;u slobodu, za na&#353;u nezavisnost, za na&#353; razvoj, za na&#353;e slobodno kretanje na zemlji, vazduhu i more i to se ostvaruje ve\u0107 vi&#353;e od deset godina.<\/p>\n<p>Danas se od nas tra&#382;i po&#353;tovanje i posve\u010denost svima onima koji su &#382;rtvovali vi&#353;e od njihovog &#382;ivota za na&#353;u slobodu i perspektivu. Mogu\u0107e smo tokom ovih godina uz dosta svakodnevnih &#382;ivotnih briga i nekog meskinskog pona&#353;anja tr\u010dali za slavom, iako slavlje ide kod onih koji je ne tra&#382;e, kao &#353;to su heroji i na&#353;i pali borci, kojih se nikada ne prise\u0107amo kao u dane slavlja kao &#353;to je ova na&#353;a Veliko-Novembarska. Danas otkrivamo\u00a0 Plakat sa imenom Adem Jashari, koje \u0107e ime od danas nositi Aerodrom Pri&#353;tine sada Aerodrom &#8220;Adem Jashari&#8221;.<\/p>\n<p>Dragi gra\u0111ani, <\/p>\n<p>Ose\u0107am se privilegovanim i sretnim da ovog Velikog Dana za na&#353;u naciju, za Republiku Kosova, danas mi je pru&#382;ena mogu\u0107nost, da se obratim, svim gra\u0111anima Kosova, svim albancima ma gde se nalazili:<\/p>\n<p>\u010cESTITAM VAM NOVEMBARSKI PRAZNIK!<\/p>\n<p>\u010cESTITAM VAM POSTAVLJANE IME &#8220;ADEM JASHARI&#8221; AERODROMU PRI&#352;TINA!<\/p>\n<p>SRETAN AERODROM &#8222;ADEM JASHARI&#8220;!<br \/>\n\u00a0<\/p>\n","protected":false},"excerpt":{"rendered":"<p>Vr&#353;ioc Du&#382;nosti Predsednika Republike Kosova, dr. Jakup Krasni\u0107i je prisustvovao Ceremoniji nadevanja medjunarodnog Aerodroma Pri&#353;tine imenom legendarnog komandanta Adem Ja&#353;ari. Ovoj ceremoniji su prisustvovali i Premijer Republike Kosova, Ha&#353;im Tha\u010di, predstavnici porodice Jashari, Rifat Jashari te vi&#353;e drugih li\u010dnosti politi\u010dkog &#382;ivota zemlje.<\/p>\n","protected":false},"author":1,"featured_media":62659,"comment_status":"open","ping_status":"closed","sticky":false,"template":"","format":"standard","meta":{"_eb_attr":"","footnotes":""},"categories":[101],"tags":[],"class_list":["post-79905","post","type-post","status-publish","format-standard","has-post-thumbnail","hentry","category-vesti"],"yoast_head":"<!-- This site is optimized with the Yoast SEO plugin v23.5 - https:\/\/yoast.com\/wordpress\/plugins\/seo\/ -->\n<title>V.D. Predsednika, dr. Jaku Krasni\u0107i je prisustvovao Ceremoniji imenovanja Aerodroma imenom legendarnog komandanta &#147;Adem Ja&#154;ari&#148; - Predsednik Republike Kosovo - DR. VJOSA OSMANI - SADRIU<\/title>\n<meta name=\"description\" content=\"V.D. Predsednika, dr. Jaku Krasni\u0107i je prisustvovao Ceremoniji imenovanja Aerodroma imenom legendarnog komandanta &#147;Adem Ja&#154;ari&#148; - Predsednik Republike Kosovo - DR. VJOSA OSMANI - SADRIU -\" \/>\n<meta name=\"robots\" content=\"index, follow, max-snippet:-1, max-image-preview:large, max-video-preview:-1\" \/>\n<link rel=\"canonical\" href=\"https:\/\/president-ksgov.net\/u-d-i-presidentit-dr-jaku-krasniqi-mori-pjese-ne-ceremonine-e-emertimit-te-aeroportit-me-emrin-e-komandantit-legjendar-adem-jashari\/\" \/>\n<meta property=\"og:locale\" content=\"sr_RS\" \/>\n<meta property=\"og:type\" content=\"article\" \/>\n<meta property=\"og:title\" content=\"V.D. Predsednika, dr. Jaku Krasni\u0107i je prisustvovao Ceremoniji imenovanja Aerodroma imenom legendarnog komandanta &#147;Adem Ja&#154;ari&#148; - Predsednik Republike Kosovo - DR. VJOSA OSMANI - SADRIU\" \/>\n<meta property=\"og:description\" content=\"V.D. Predsednika, dr. Jaku Krasni\u0107i je prisustvovao Ceremoniji imenovanja Aerodroma imenom legendarnog komandanta &#147;Adem Ja&#154;ari&#148; - Predsednik Republike Kosovo - DR. VJOSA OSMANI - SADRIU -\" \/>\n<meta property=\"og:url\" content=\"https:\/\/president-ksgov.net\/u-d-i-presidentit-dr-jaku-krasniqi-mori-pjese-ne-ceremonine-e-emertimit-te-aeroportit-me-emrin-e-komandantit-legjendar-adem-jashari\/\" \/>\n<meta property=\"og:site_name\" content=\"Predsednik Republike Kosovo - DR. VJOSA OSMANI - SADRIU\" \/>\n<meta property=\"article:published_time\" content=\"2010-11-28T15:44:36+00:00\" \/>\n<meta property=\"og:image\" content=\"https:\/\/president-ksgov.net\/wp-content\/uploads\/28_11_2010_28nentori_aeroporti_1.jpg\" \/>\n\t<meta property=\"og:image:width\" content=\"1000\" \/>\n\t<meta property=\"og:image:height\" content=\"667\" \/>\n\t<meta property=\"og:image:type\" content=\"image\/jpeg\" \/>\n<meta name=\"author\" content=\"admin\" \/>\n<meta name=\"twitter:card\" content=\"summary_large_image\" \/>\n<meta name=\"twitter:label1\" content=\"\u041d\u0430\u043f\u0438\u0441\u0430\u043d\u043e \u043e\u0434\" \/>\n\t<meta name=\"twitter:data1\" content=\"admin\" \/>\n\t<meta name=\"twitter:label2\" content=\"\u041f\u0440\u043e\u0446\u0435\u045a\u0435\u043d\u043e \u0432\u0440\u0435\u043c\u0435 \u0447\u0438\u0442\u0430\u045a\u0430\" \/>\n\t<meta name=\"twitter:data2\" content=\"3 \u043c\u0438\u043d\u0443\u0442\u0430\" \/>\n<script type=\"application\/ld+json\" class=\"yoast-schema-graph\">{\"@context\":\"https:\/\/schema.org\",\"@graph\":[{\"@type\":\"WebPage\",\"@id\":\"https:\/\/president-ksgov.net\/u-d-i-presidentit-dr-jaku-krasniqi-mori-pjese-ne-ceremonine-e-emertimit-te-aeroportit-me-emrin-e-komandantit-legjendar-adem-jashari\/\",\"url\":\"https:\/\/president-ksgov.net\/u-d-i-presidentit-dr-jaku-krasniqi-mori-pjese-ne-ceremonine-e-emertimit-te-aeroportit-me-emrin-e-komandantit-legjendar-adem-jashari\/\",\"name\":\"V.D. Predsednika, dr. Jaku Krasni\u0107i je prisustvovao Ceremoniji imenovanja Aerodroma imenom legendarnog komandanta &#147;Adem Ja&#154;ari&#148; - Predsednik Republike Kosovo - DR. VJOSA OSMANI - SADRIU\",\"isPartOf\":{\"@id\":\"https:\/\/president-ksgov.net\/#website\"},\"primaryImageOfPage\":{\"@id\":\"https:\/\/president-ksgov.net\/u-d-i-presidentit-dr-jaku-krasniqi-mori-pjese-ne-ceremonine-e-emertimit-te-aeroportit-me-emrin-e-komandantit-legjendar-adem-jashari\/#primaryimage\"},\"image\":{\"@id\":\"https:\/\/president-ksgov.net\/u-d-i-presidentit-dr-jaku-krasniqi-mori-pjese-ne-ceremonine-e-emertimit-te-aeroportit-me-emrin-e-komandantit-legjendar-adem-jashari\/#primaryimage\"},\"thumbnailUrl\":\"https:\/\/president-ksgov.net\/wp-content\/uploads\/28_11_2010_28nentori_aeroporti_1.jpg\",\"datePublished\":\"2010-11-28T15:44:36+00:00\",\"dateModified\":\"2010-11-28T15:44:36+00:00\",\"author\":{\"@id\":\"https:\/\/president-ksgov.net\/#\/schema\/person\/bb4337a5fb147cb2046d80548172cbee\"},\"description\":\"V.D. Predsednika, dr. Jaku Krasni\u0107i je prisustvovao Ceremoniji imenovanja Aerodroma imenom legendarnog komandanta &#147;Adem Ja&#154;ari&#148; - Predsednik Republike Kosovo - DR. VJOSA OSMANI - SADRIU -\",\"breadcrumb\":{\"@id\":\"https:\/\/president-ksgov.net\/u-d-i-presidentit-dr-jaku-krasniqi-mori-pjese-ne-ceremonine-e-emertimit-te-aeroportit-me-emrin-e-komandantit-legjendar-adem-jashari\/#breadcrumb\"},\"inLanguage\":\"sr-RS\",\"potentialAction\":[{\"@type\":\"ReadAction\",\"target\":[\"https:\/\/president-ksgov.net\/u-d-i-presidentit-dr-jaku-krasniqi-mori-pjese-ne-ceremonine-e-emertimit-te-aeroportit-me-emrin-e-komandantit-legjendar-adem-jashari\/\"]}]},{\"@type\":\"ImageObject\",\"inLanguage\":\"sr-RS\",\"@id\":\"https:\/\/president-ksgov.net\/u-d-i-presidentit-dr-jaku-krasniqi-mori-pjese-ne-ceremonine-e-emertimit-te-aeroportit-me-emrin-e-komandantit-legjendar-adem-jashari\/#primaryimage\",\"url\":\"https:\/\/president-ksgov.net\/wp-content\/uploads\/28_11_2010_28nentori_aeroporti_1.jpg\",\"contentUrl\":\"https:\/\/president-ksgov.net\/wp-content\/uploads\/28_11_2010_28nentori_aeroporti_1.jpg\",\"width\":1000,\"height\":667},{\"@type\":\"BreadcrumbList\",\"@id\":\"https:\/\/president-ksgov.net\/u-d-i-presidentit-dr-jaku-krasniqi-mori-pjese-ne-ceremonine-e-emertimit-te-aeroportit-me-emrin-e-komandantit-legjendar-adem-jashari\/#breadcrumb\",\"itemListElement\":[{\"@type\":\"ListItem\",\"position\":1,\"name\":\"Home\",\"item\":\"https:\/\/president-ksgov.net\/sr\/\"},{\"@type\":\"ListItem\",\"position\":2,\"name\":\"V.D. Predsednika, dr. Jaku Krasni\u0107i je prisustvovao Ceremoniji imenovanja Aerodroma imenom legendarnog komandanta &#147;Adem Ja&#154;ari&#148;\"}]},{\"@type\":\"WebSite\",\"@id\":\"https:\/\/president-ksgov.net\/#website\",\"url\":\"https:\/\/president-ksgov.net\/\",\"name\":\"Presidente e Republik\u00ebs s\u00eb Kosov\u00ebs\",\"description\":\"Presidente e Republik\u00ebs s\u00eb Kosov\u00ebs\",\"alternateName\":\"DR. VJOSA OSMANI - SADRIU\",\"potentialAction\":[{\"@type\":\"SearchAction\",\"target\":{\"@type\":\"EntryPoint\",\"urlTemplate\":\"https:\/\/president-ksgov.net\/?s={search_term_string}\"},\"query-input\":{\"@type\":\"PropertyValueSpecification\",\"valueRequired\":true,\"valueName\":\"search_term_string\"}}],\"inLanguage\":\"sr-RS\"},{\"@type\":\"Person\",\"@id\":\"https:\/\/president-ksgov.net\/#\/schema\/person\/bb4337a5fb147cb2046d80548172cbee\",\"name\":\"admin\",\"image\":{\"@type\":\"ImageObject\",\"inLanguage\":\"sr-RS\",\"@id\":\"https:\/\/president-ksgov.net\/#\/schema\/person\/image\/\",\"url\":\"https:\/\/secure.gravatar.com\/avatar\/36156ca0fa3b8d9d25174f146e16beea0cf28f37adf1b9e19b6c9c279a7c9dd3?s=96&d=mm&r=g\",\"contentUrl\":\"https:\/\/secure.gravatar.com\/avatar\/36156ca0fa3b8d9d25174f146e16beea0cf28f37adf1b9e19b6c9c279a7c9dd3?s=96&d=mm&r=g\",\"caption\":\"admin\"},\"sameAs\":[\"https:\/\/president-ksgov.net\"]}]}<\/script>\n<!-- \/ Yoast SEO plugin. -->","yoast_head_json":{"title":"V.D. Predsednika, dr. Jaku Krasni\u0107i je prisustvovao Ceremoniji imenovanja Aerodroma imenom legendarnog komandanta &#147;Adem Ja&#154;ari&#148; - Predsednik Republike Kosovo - DR. VJOSA OSMANI - SADRIU","description":"V.D. Predsednika, dr. Jaku Krasni\u0107i je prisustvovao Ceremoniji imenovanja Aerodroma imenom legendarnog komandanta &#147;Adem Ja&#154;ari&#148; - Predsednik Republike Kosovo - DR. VJOSA OSMANI - SADRIU -","robots":{"index":"index","follow":"follow","max-snippet":"max-snippet:-1","max-image-preview":"max-image-preview:large","max-video-preview":"max-video-preview:-1"},"canonical":"https:\/\/president-ksgov.net\/u-d-i-presidentit-dr-jaku-krasniqi-mori-pjese-ne-ceremonine-e-emertimit-te-aeroportit-me-emrin-e-komandantit-legjendar-adem-jashari\/","og_locale":"sr_RS","og_type":"article","og_title":"V.D. Predsednika, dr. Jaku Krasni\u0107i je prisustvovao Ceremoniji imenovanja Aerodroma imenom legendarnog komandanta &#147;Adem Ja&#154;ari&#148; - Predsednik Republike Kosovo - DR. VJOSA OSMANI - SADRIU","og_description":"V.D. Predsednika, dr. Jaku Krasni\u0107i je prisustvovao Ceremoniji imenovanja Aerodroma imenom legendarnog komandanta &#147;Adem Ja&#154;ari&#148; - Predsednik Republike Kosovo - DR. VJOSA OSMANI - SADRIU -","og_url":"https:\/\/president-ksgov.net\/u-d-i-presidentit-dr-jaku-krasniqi-mori-pjese-ne-ceremonine-e-emertimit-te-aeroportit-me-emrin-e-komandantit-legjendar-adem-jashari\/","og_site_name":"Predsednik Republike Kosovo - DR. VJOSA OSMANI - SADRIU","article_published_time":"2010-11-28T15:44:36+00:00","og_image":[{"width":1000,"height":667,"url":"https:\/\/president-ksgov.net\/wp-content\/uploads\/28_11_2010_28nentori_aeroporti_1.jpg","type":"image\/jpeg"}],"author":"admin","twitter_card":"summary_large_image","twitter_misc":{"\u041d\u0430\u043f\u0438\u0441\u0430\u043d\u043e \u043e\u0434":"admin","\u041f\u0440\u043e\u0446\u0435\u045a\u0435\u043d\u043e \u0432\u0440\u0435\u043c\u0435 \u0447\u0438\u0442\u0430\u045a\u0430":"3 \u043c\u0438\u043d\u0443\u0442\u0430"},"schema":{"@context":"https:\/\/schema.org","@graph":[{"@type":"WebPage","@id":"https:\/\/president-ksgov.net\/u-d-i-presidentit-dr-jaku-krasniqi-mori-pjese-ne-ceremonine-e-emertimit-te-aeroportit-me-emrin-e-komandantit-legjendar-adem-jashari\/","url":"https:\/\/president-ksgov.net\/u-d-i-presidentit-dr-jaku-krasniqi-mori-pjese-ne-ceremonine-e-emertimit-te-aeroportit-me-emrin-e-komandantit-legjendar-adem-jashari\/","name":"V.D. Predsednika, dr. Jaku Krasni\u0107i je prisustvovao Ceremoniji imenovanja Aerodroma imenom legendarnog komandanta &#147;Adem Ja&#154;ari&#148; - Predsednik Republike Kosovo - DR. VJOSA OSMANI - SADRIU","isPartOf":{"@id":"https:\/\/president-ksgov.net\/#website"},"primaryImageOfPage":{"@id":"https:\/\/president-ksgov.net\/u-d-i-presidentit-dr-jaku-krasniqi-mori-pjese-ne-ceremonine-e-emertimit-te-aeroportit-me-emrin-e-komandantit-legjendar-adem-jashari\/#primaryimage"},"image":{"@id":"https:\/\/president-ksgov.net\/u-d-i-presidentit-dr-jaku-krasniqi-mori-pjese-ne-ceremonine-e-emertimit-te-aeroportit-me-emrin-e-komandantit-legjendar-adem-jashari\/#primaryimage"},"thumbnailUrl":"https:\/\/president-ksgov.net\/wp-content\/uploads\/28_11_2010_28nentori_aeroporti_1.jpg","datePublished":"2010-11-28T15:44:36+00:00","dateModified":"2010-11-28T15:44:36+00:00","author":{"@id":"https:\/\/president-ksgov.net\/#\/schema\/person\/bb4337a5fb147cb2046d80548172cbee"},"description":"V.D. Predsednika, dr. Jaku Krasni\u0107i je prisustvovao Ceremoniji imenovanja Aerodroma imenom legendarnog komandanta &#147;Adem Ja&#154;ari&#148; - Predsednik Republike Kosovo - DR. VJOSA OSMANI - SADRIU -","breadcrumb":{"@id":"https:\/\/president-ksgov.net\/u-d-i-presidentit-dr-jaku-krasniqi-mori-pjese-ne-ceremonine-e-emertimit-te-aeroportit-me-emrin-e-komandantit-legjendar-adem-jashari\/#breadcrumb"},"inLanguage":"sr-RS","potentialAction":[{"@type":"ReadAction","target":["https:\/\/president-ksgov.net\/u-d-i-presidentit-dr-jaku-krasniqi-mori-pjese-ne-ceremonine-e-emertimit-te-aeroportit-me-emrin-e-komandantit-legjendar-adem-jashari\/"]}]},{"@type":"ImageObject","inLanguage":"sr-RS","@id":"https:\/\/president-ksgov.net\/u-d-i-presidentit-dr-jaku-krasniqi-mori-pjese-ne-ceremonine-e-emertimit-te-aeroportit-me-emrin-e-komandantit-legjendar-adem-jashari\/#primaryimage","url":"https:\/\/president-ksgov.net\/wp-content\/uploads\/28_11_2010_28nentori_aeroporti_1.jpg","contentUrl":"https:\/\/president-ksgov.net\/wp-content\/uploads\/28_11_2010_28nentori_aeroporti_1.jpg","width":1000,"height":667},{"@type":"BreadcrumbList","@id":"https:\/\/president-ksgov.net\/u-d-i-presidentit-dr-jaku-krasniqi-mori-pjese-ne-ceremonine-e-emertimit-te-aeroportit-me-emrin-e-komandantit-legjendar-adem-jashari\/#breadcrumb","itemListElement":[{"@type":"ListItem","position":1,"name":"Home","item":"https:\/\/president-ksgov.net\/sr\/"},{"@type":"ListItem","position":2,"name":"V.D. Predsednika, dr. Jaku Krasni\u0107i je prisustvovao Ceremoniji imenovanja Aerodroma imenom legendarnog komandanta &#147;Adem Ja&#154;ari&#148;"}]},{"@type":"WebSite","@id":"https:\/\/president-ksgov.net\/#website","url":"https:\/\/president-ksgov.net\/","name":"Presidente e Republik\u00ebs s\u00eb Kosov\u00ebs","description":"Presidente e Republik\u00ebs s\u00eb Kosov\u00ebs","alternateName":"DR. VJOSA OSMANI - SADRIU","potentialAction":[{"@type":"SearchAction","target":{"@type":"EntryPoint","urlTemplate":"https:\/\/president-ksgov.net\/?s={search_term_string}"},"query-input":{"@type":"PropertyValueSpecification","valueRequired":true,"valueName":"search_term_string"}}],"inLanguage":"sr-RS"},{"@type":"Person","@id":"https:\/\/president-ksgov.net\/#\/schema\/person\/bb4337a5fb147cb2046d80548172cbee","name":"admin","image":{"@type":"ImageObject","inLanguage":"sr-RS","@id":"https:\/\/president-ksgov.net\/#\/schema\/person\/image\/","url":"https:\/\/secure.gravatar.com\/avatar\/36156ca0fa3b8d9d25174f146e16beea0cf28f37adf1b9e19b6c9c279a7c9dd3?s=96&d=mm&r=g","contentUrl":"https:\/\/secure.gravatar.com\/avatar\/36156ca0fa3b8d9d25174f146e16beea0cf28f37adf1b9e19b6c9c279a7c9dd3?s=96&d=mm&r=g","caption":"admin"},"sameAs":["https:\/\/president-ksgov.net"]}]}},"_links":{"self":[{"href":"https:\/\/president-ksgov.net\/sr\/wp-json\/wp\/v2\/posts\/79905","targetHints":{"allow":["GET"]}}],"collection":[{"href":"https:\/\/president-ksgov.net\/sr\/wp-json\/wp\/v2\/posts"}],"about":[{"href":"https:\/\/president-ksgov.net\/sr\/wp-json\/wp\/v2\/types\/post"}],"author":[{"embeddable":true,"href":"https:\/\/president-ksgov.net\/sr\/wp-json\/wp\/v2\/users\/1"}],"replies":[{"embeddable":true,"href":"https:\/\/president-ksgov.net\/sr\/wp-json\/wp\/v2\/comments?post=79905"}],"version-history":[{"count":0,"href":"https:\/\/president-ksgov.net\/sr\/wp-json\/wp\/v2\/posts\/79905\/revisions"}],"wp:featuredmedia":[{"embeddable":true,"href":"https:\/\/president-ksgov.net\/sr\/wp-json\/wp\/v2\/media\/62659"}],"wp:attachment":[{"href":"https:\/\/president-ksgov.net\/sr\/wp-json\/wp\/v2\/media?parent=79905"}],"wp:term":[{"taxonomy":"category","embeddable":true,"href":"https:\/\/president-ksgov.net\/sr\/wp-json\/wp\/v2\/categories?post=79905"},{"taxonomy":"post_tag","embeddable":true,"href":"https:\/\/president-ksgov.net\/sr\/wp-json\/wp\/v2\/tags?post=79905"}],"curies":[{"name":"wp","href":"https:\/\/api.w.org\/{rel}","templated":true}]}}