{"id":79904,"date":"2010-11-29T10:38:11","date_gmt":"2010-11-29T10:38:11","guid":{"rendered":"https:\/\/dev.president-ksgov.net\/v-d-predsednika-republike-kosova-dr-jakup-krasnici-je-primio-g-dina-bjorn-von-sydow\/"},"modified":"2010-11-29T10:38:11","modified_gmt":"2010-11-29T10:38:11","slug":"v-d-predsednika-republike-kosova-dr-jakup-krasnici-je-primio-g-dina-bjorn-von-sydow","status":"publish","type":"post","link":"https:\/\/president-ksgov.net\/sr\/v-d-predsednika-republike-kosova-dr-jakup-krasnici-je-primio-g-dina-bjorn-von-sydow\/","title":{"rendered":"V.D. PREDSEDNIKA REPUBLIKE KOSOVA, DR. JAKUP KRASNI\u0106I JE PRIMIO G-DINA BJORN VON SYDOW"},"content":{"rendered":"<p>Vr&#353;ioc Du&#382;nosti Predsednika Republike Kosova, dr. Jakup Krasni\u0107i, je danas primio na sastanak g-dina Bjorn Von Sydow, Izvestitelja Parlamentarne            Skup&#353;tine Saveta Evrope.<\/p>\n<p>&#8220;Mi smo imali jedan sastanak sa Izvestiteljem za Kosovo u Savetu Evrope, g-dinom Sydow i delegacijom iz Saveta Evrope. Razgovaraali smo o nastaloj situaciji na Kosovu nakon ostavke Predsednika i izglasavanja nepoverenja Vladi. Upoznao sam ga da, usprkos svih ovih zbivanja, situacija na Kosovu je dosta stabilna, tojest da je jedna situacija koju predvi\u0111a i Ustav Republike Kosova i da Kosovo \u010dini sve pripreme za slobodne, po&#353;tene i pravedne izbore&#8220;, naglasio je Vr&#353;ioc Du&#382;nosti Predsednika Republike Kosova, dr, Jakup Krasni\u0107i nakon sastanka, dodaju\u0107i da zaista i u ovim izborima, kao u prethodnim izborima, Kosova \u0107e pokazati odgovornost, i svoju politi\u010dku i demokratsku snagu.<\/p>\n<p>&#8222;Razgovarali smo o mogu\u010dnostima da u Komisijama Parlamentarne Skkup&#353;tine Saveta Evrope , ubudu\u0107e, kad god se raspravlja pitanje Kosova u komisijama ove Skup&#353;tine budu prisutni i predstavnici Skup&#353;tine Republike Kosova, i mislim da je ovo jedan novi pristup kojeg Savet Evrope ima prema institucijama Kosova i u ovom smislu i prema Skup&#353;tini Republike Kosova. Zahvalio sam se za anga&#382;ovanja, za izve&#353;taje sa\u010dinjene o Kosovu\u00a0 u Parlamentarnoj Skup&#353;tini Saveta Evrope i verujem da \u0107e Kosovo u budu\u0107e biti deo Generalne Skup&#353;tine Saveta Evrope&#8220;, re\u010de g-din Krasni\u0107i.<\/p>\n<p>Izvestitelj Parlamentarne Skup&#353;tine Saveta Evrope, g-din\u00a0 Bjorn Von Sydow, je naglasio da se sa g-dinom Krasni\u0107ijem i ranije sastao, ali sada \u0107e biti bolje, po&#353;to \u0107e se omogu\u0107iti jedno predstavljanje ili redovnije u\u010de&#353;\u0107e Skup&#353;tine Kosova na sastancima Komisija Parlamentarne Skup&#353;tine Saveta Evrope, kad god se u Savet Evrope i njegovim Komisijama raspravljaju pitanja koja se odnose na Kosovo, za &#353;ta sam jako obradovan ovom \u010dinjenicom.<br \/>\n\u00a0&#8222;Moja poseta ovde se nadovezuje sa op&#353;tim izborima koji se uskoro odr&#382;avaju. Kao izvestitelj za Kosovo, ja navodim pitanja koja su vrlo va&#382;ne za kosovare: slobodne i pravedne izbore. Da se pokvare ovi izbori niti novcem niti nekim drugim oblikom na dan njihovog odr&#382;avanja.<\/p>\n<p>Da bude jedan dobar proces, u svim aspektima glasanja &#8211; sa glasanjem, spiskovima glasa\u010da, prebrojavanjem glasova i tako sve redom&#8220;, re\u010de g-din Sydow.<\/p>\n<p>&#8222;Nadam se da \u0107e tako i biti. Ja u svom programu sam predvideo da se sastanem sa svim predstavnicima politi\u010dkih partija koje u\u010destvuju na izbore i razgovara\u0107u sa njima kako bi doprineli postizanju cilja da ostvarimo ovakve izbore&#8220;, re\u010de on, dodaju\u0107i da &#353;to ve\u0107i izlazak na izbore i &#353;to ve\u0107e u\u010de&#353;\u0107e i manjinskih zajednica jeste od &#382;ivotne va&#382;nosti za izbore.<\/p>\n<p>&#8222;Kada se sve ovo zavr&#353;i, kada \u0107emo imati jednog predsednika Kosova, jednog premijera, nadam se da \u0107e mo\u0107i po\u010deti institucionalni dijalog izmedju Kosova i Srbije&#8220;, re\u010de Izvestitelj Parlamentarne Skup&#353;tine Saveta Evrope, g-din Bjorn Von Sydow.<\/p>\n<p>Upitan kakvim \u0107e se organizmima obezbediti slobodni i demokratski izbori, ukoliko imamo na umu da u jednom minornom izbornom procesu, kao &#353;to be&#353;e onaj u Orahovcu, su zabele&#382;ene neurednosti, i Demokratija na Delo i doma\u0107i posmatra\u010di su na neki na\u010din otkazali u davanju korektnih rezultata, g-din V.D. Predsednika , dr. Jakup Krasni\u0107i\u00a0 je odgovorio:&#8220; U celini mogu re\u0107i da je i u slu\u010daju Orahovca bilo neurednosti, ali su zaista bile minorne\/male i ne bi trebalo da se uveli\u010davaju. Ja o\u010dekujem da politi\u010dke partije na Kosovu koje imaju glavnu odgovornost za organizovanje i odr&#382;avanje izbora dobro zanju va&#382;nost ovih izbora, i odgovorne su pred gradjanima Kosova, pred institucijama Kosova, pred demokratijom Evrope po&#353;to sve politi\u010dke partije u svom re\u010dniku imaju integraciju u pravcu Evropske Zajednice&#8220;.<\/p>\n<p>&#8222;S druge strane&#8220;, dodao je g-din Krasni\u0107i, &#8222;smatram da je Centralna Izborana Komisija izvr&#353;ila sve potrebne tehni\u010dke pripreme i, na drugoj strani , na ovim izborima od 12 decembra \u0107emo imati i me\u0111unarodne posmatra\u0107e, o\u010dekujemo da \u0107e biti pove\u0107an broj posmatra\u0107a i od Demokratije u Delo. Mogu\u0107e da je Demokratija u Delo steklo potrebno iskustvo sa izbora u Orahovcu, kako bi bila organizovanija i jo&#353; vi&#353;e konsolidovana u ovim izborima. Dakle imamo politi\u010dke partije koje imaju odgovornost o\u010duvanja svojih glasova, imamo Demokratiju u Delo koja ima svoje posmatra\u0107e, i takodje, imat \u0107emo posmatra\u0107e Evropske Zajednice, i imat \u0107emo medjunarodne posmatra\u0107e, tako da svi ovi mehanizmi, ovi organizmi \u0107e doprineti da izbori budu slobodni, po&#353;teni i demokratski i ja se nadam da \u0107e oni da budu takvi&#8220;.<\/p>\n","protected":false},"excerpt":{"rendered":"<p>Vr&#353;ioc Du&#382;nosti Predsednika Republike Kosova, dr. Jakup Krasni\u0107i, je danas primio na sastanak g-dina Bjorn Von Sydow, Izvestitelja Parlamentarne            Skup&#353;tine Saveta Evrope.<\/p>\n","protected":false},"author":1,"featured_media":62649,"comment_status":"open","ping_status":"closed","sticky":false,"template":"","format":"standard","meta":{"_eb_attr":"","footnotes":""},"categories":[101],"tags":[],"class_list":["post-79904","post","type-post","status-publish","format-standard","has-post-thumbnail","hentry","category-vesti"],"yoast_head":"<!-- This site is optimized with the Yoast SEO plugin v23.5 - https:\/\/yoast.com\/wordpress\/plugins\/seo\/ -->\n<title>V.D. PREDSEDNIKA REPUBLIKE KOSOVA, DR. JAKUP KRASNI\u0106I JE PRIMIO G-DINA BJORN VON SYDOW - Predsednik Republike Kosovo - DR. VJOSA OSMANI - SADRIU<\/title>\n<meta name=\"description\" content=\"V.D. PREDSEDNIKA REPUBLIKE KOSOVA, DR. JAKUP KRASNI\u0106I JE PRIMIO G-DINA BJORN VON SYDOW - Predsednik Republike Kosovo - DR. VJOSA OSMANI - SADRIU -\" \/>\n<meta name=\"robots\" content=\"index, follow, max-snippet:-1, max-image-preview:large, max-video-preview:-1\" \/>\n<link rel=\"canonical\" href=\"https:\/\/president-ksgov.net\/u-d-i-presidentit-te-republikes-se-kosoves-dr-jakup-krasniqi-priti-z-bjorn-von-sydow\/\" \/>\n<meta property=\"og:locale\" content=\"sr_RS\" \/>\n<meta property=\"og:type\" content=\"article\" \/>\n<meta property=\"og:title\" content=\"V.D. PREDSEDNIKA REPUBLIKE KOSOVA, DR. JAKUP KRASNI\u0106I JE PRIMIO G-DINA BJORN VON SYDOW - Predsednik Republike Kosovo - DR. VJOSA OSMANI - SADRIU\" \/>\n<meta property=\"og:description\" content=\"V.D. PREDSEDNIKA REPUBLIKE KOSOVA, DR. JAKUP KRASNI\u0106I JE PRIMIO G-DINA BJORN VON SYDOW - Predsednik Republike Kosovo - DR. VJOSA OSMANI - SADRIU -\" \/>\n<meta property=\"og:url\" content=\"https:\/\/president-ksgov.net\/u-d-i-presidentit-te-republikes-se-kosoves-dr-jakup-krasniqi-priti-z-bjorn-von-sydow\/\" \/>\n<meta property=\"og:site_name\" content=\"Predsednik Republike Kosovo - DR. VJOSA OSMANI - SADRIU\" \/>\n<meta property=\"article:published_time\" content=\"2010-11-29T10:38:11+00:00\" \/>\n<meta property=\"og:image\" content=\"https:\/\/president-ksgov.net\/wp-content\/uploads\/29_11_2010_Bjorn_Von_Sydow_1.jpg\" \/>\n\t<meta property=\"og:image:width\" content=\"1000\" \/>\n\t<meta property=\"og:image:height\" content=\"709\" \/>\n\t<meta property=\"og:image:type\" content=\"image\/jpeg\" \/>\n<meta name=\"author\" content=\"admin\" \/>\n<meta name=\"twitter:card\" content=\"summary_large_image\" \/>\n<meta name=\"twitter:label1\" content=\"\u041d\u0430\u043f\u0438\u0441\u0430\u043d\u043e \u043e\u0434\" \/>\n\t<meta name=\"twitter:data1\" content=\"admin\" \/>\n\t<meta name=\"twitter:label2\" content=\"\u041f\u0440\u043e\u0446\u0435\u045a\u0435\u043d\u043e \u0432\u0440\u0435\u043c\u0435 \u0447\u0438\u0442\u0430\u045a\u0430\" \/>\n\t<meta name=\"twitter:data2\" content=\"4 \u043c\u0438\u043d\u0443\u0442\u0430\" \/>\n<script type=\"application\/ld+json\" class=\"yoast-schema-graph\">{\"@context\":\"https:\/\/schema.org\",\"@graph\":[{\"@type\":\"WebPage\",\"@id\":\"https:\/\/president-ksgov.net\/u-d-i-presidentit-te-republikes-se-kosoves-dr-jakup-krasniqi-priti-z-bjorn-von-sydow\/\",\"url\":\"https:\/\/president-ksgov.net\/u-d-i-presidentit-te-republikes-se-kosoves-dr-jakup-krasniqi-priti-z-bjorn-von-sydow\/\",\"name\":\"V.D. PREDSEDNIKA REPUBLIKE KOSOVA, DR. JAKUP KRASNI\u0106I JE PRIMIO G-DINA BJORN VON SYDOW - Predsednik Republike Kosovo - DR. VJOSA OSMANI - SADRIU\",\"isPartOf\":{\"@id\":\"https:\/\/president-ksgov.net\/#website\"},\"primaryImageOfPage\":{\"@id\":\"https:\/\/president-ksgov.net\/u-d-i-presidentit-te-republikes-se-kosoves-dr-jakup-krasniqi-priti-z-bjorn-von-sydow\/#primaryimage\"},\"image\":{\"@id\":\"https:\/\/president-ksgov.net\/u-d-i-presidentit-te-republikes-se-kosoves-dr-jakup-krasniqi-priti-z-bjorn-von-sydow\/#primaryimage\"},\"thumbnailUrl\":\"https:\/\/president-ksgov.net\/wp-content\/uploads\/29_11_2010_Bjorn_Von_Sydow_1.jpg\",\"datePublished\":\"2010-11-29T10:38:11+00:00\",\"dateModified\":\"2010-11-29T10:38:11+00:00\",\"author\":{\"@id\":\"https:\/\/president-ksgov.net\/#\/schema\/person\/bb4337a5fb147cb2046d80548172cbee\"},\"description\":\"V.D. PREDSEDNIKA REPUBLIKE KOSOVA, DR. JAKUP KRASNI\u0106I JE PRIMIO G-DINA BJORN VON SYDOW - Predsednik Republike Kosovo - DR. VJOSA OSMANI - SADRIU -\",\"breadcrumb\":{\"@id\":\"https:\/\/president-ksgov.net\/u-d-i-presidentit-te-republikes-se-kosoves-dr-jakup-krasniqi-priti-z-bjorn-von-sydow\/#breadcrumb\"},\"inLanguage\":\"sr-RS\",\"potentialAction\":[{\"@type\":\"ReadAction\",\"target\":[\"https:\/\/president-ksgov.net\/u-d-i-presidentit-te-republikes-se-kosoves-dr-jakup-krasniqi-priti-z-bjorn-von-sydow\/\"]}]},{\"@type\":\"ImageObject\",\"inLanguage\":\"sr-RS\",\"@id\":\"https:\/\/president-ksgov.net\/u-d-i-presidentit-te-republikes-se-kosoves-dr-jakup-krasniqi-priti-z-bjorn-von-sydow\/#primaryimage\",\"url\":\"https:\/\/president-ksgov.net\/wp-content\/uploads\/29_11_2010_Bjorn_Von_Sydow_1.jpg\",\"contentUrl\":\"https:\/\/president-ksgov.net\/wp-content\/uploads\/29_11_2010_Bjorn_Von_Sydow_1.jpg\",\"width\":1000,\"height\":709},{\"@type\":\"BreadcrumbList\",\"@id\":\"https:\/\/president-ksgov.net\/u-d-i-presidentit-te-republikes-se-kosoves-dr-jakup-krasniqi-priti-z-bjorn-von-sydow\/#breadcrumb\",\"itemListElement\":[{\"@type\":\"ListItem\",\"position\":1,\"name\":\"Home\",\"item\":\"https:\/\/president-ksgov.net\/sr\/\"},{\"@type\":\"ListItem\",\"position\":2,\"name\":\"V.D. PREDSEDNIKA REPUBLIKE KOSOVA, DR. JAKUP KRASNI\u0106I JE PRIMIO G-DINA BJORN VON SYDOW\"}]},{\"@type\":\"WebSite\",\"@id\":\"https:\/\/president-ksgov.net\/#website\",\"url\":\"https:\/\/president-ksgov.net\/\",\"name\":\"Presidente e Republik\u00ebs s\u00eb Kosov\u00ebs\",\"description\":\"Presidente e Republik\u00ebs s\u00eb Kosov\u00ebs\",\"alternateName\":\"DR. VJOSA OSMANI - SADRIU\",\"potentialAction\":[{\"@type\":\"SearchAction\",\"target\":{\"@type\":\"EntryPoint\",\"urlTemplate\":\"https:\/\/president-ksgov.net\/?s={search_term_string}\"},\"query-input\":{\"@type\":\"PropertyValueSpecification\",\"valueRequired\":true,\"valueName\":\"search_term_string\"}}],\"inLanguage\":\"sr-RS\"},{\"@type\":\"Person\",\"@id\":\"https:\/\/president-ksgov.net\/#\/schema\/person\/bb4337a5fb147cb2046d80548172cbee\",\"name\":\"admin\",\"image\":{\"@type\":\"ImageObject\",\"inLanguage\":\"sr-RS\",\"@id\":\"https:\/\/president-ksgov.net\/#\/schema\/person\/image\/\",\"url\":\"https:\/\/secure.gravatar.com\/avatar\/36156ca0fa3b8d9d25174f146e16beea0cf28f37adf1b9e19b6c9c279a7c9dd3?s=96&d=mm&r=g\",\"contentUrl\":\"https:\/\/secure.gravatar.com\/avatar\/36156ca0fa3b8d9d25174f146e16beea0cf28f37adf1b9e19b6c9c279a7c9dd3?s=96&d=mm&r=g\",\"caption\":\"admin\"},\"sameAs\":[\"https:\/\/president-ksgov.net\"]}]}<\/script>\n<!-- \/ Yoast SEO plugin. -->","yoast_head_json":{"title":"V.D. PREDSEDNIKA REPUBLIKE KOSOVA, DR. JAKUP KRASNI\u0106I JE PRIMIO G-DINA BJORN VON SYDOW - Predsednik Republike Kosovo - DR. VJOSA OSMANI - SADRIU","description":"V.D. PREDSEDNIKA REPUBLIKE KOSOVA, DR. JAKUP KRASNI\u0106I JE PRIMIO G-DINA BJORN VON SYDOW - Predsednik Republike Kosovo - DR. VJOSA OSMANI - SADRIU -","robots":{"index":"index","follow":"follow","max-snippet":"max-snippet:-1","max-image-preview":"max-image-preview:large","max-video-preview":"max-video-preview:-1"},"canonical":"https:\/\/president-ksgov.net\/u-d-i-presidentit-te-republikes-se-kosoves-dr-jakup-krasniqi-priti-z-bjorn-von-sydow\/","og_locale":"sr_RS","og_type":"article","og_title":"V.D. PREDSEDNIKA REPUBLIKE KOSOVA, DR. JAKUP KRASNI\u0106I JE PRIMIO G-DINA BJORN VON SYDOW - Predsednik Republike Kosovo - DR. VJOSA OSMANI - SADRIU","og_description":"V.D. PREDSEDNIKA REPUBLIKE KOSOVA, DR. JAKUP KRASNI\u0106I JE PRIMIO G-DINA BJORN VON SYDOW - Predsednik Republike Kosovo - DR. VJOSA OSMANI - SADRIU -","og_url":"https:\/\/president-ksgov.net\/u-d-i-presidentit-te-republikes-se-kosoves-dr-jakup-krasniqi-priti-z-bjorn-von-sydow\/","og_site_name":"Predsednik Republike Kosovo - DR. VJOSA OSMANI - SADRIU","article_published_time":"2010-11-29T10:38:11+00:00","og_image":[{"width":1000,"height":709,"url":"https:\/\/president-ksgov.net\/wp-content\/uploads\/29_11_2010_Bjorn_Von_Sydow_1.jpg","type":"image\/jpeg"}],"author":"admin","twitter_card":"summary_large_image","twitter_misc":{"\u041d\u0430\u043f\u0438\u0441\u0430\u043d\u043e \u043e\u0434":"admin","\u041f\u0440\u043e\u0446\u0435\u045a\u0435\u043d\u043e \u0432\u0440\u0435\u043c\u0435 \u0447\u0438\u0442\u0430\u045a\u0430":"4 \u043c\u0438\u043d\u0443\u0442\u0430"},"schema":{"@context":"https:\/\/schema.org","@graph":[{"@type":"WebPage","@id":"https:\/\/president-ksgov.net\/u-d-i-presidentit-te-republikes-se-kosoves-dr-jakup-krasniqi-priti-z-bjorn-von-sydow\/","url":"https:\/\/president-ksgov.net\/u-d-i-presidentit-te-republikes-se-kosoves-dr-jakup-krasniqi-priti-z-bjorn-von-sydow\/","name":"V.D. PREDSEDNIKA REPUBLIKE KOSOVA, DR. JAKUP KRASNI\u0106I JE PRIMIO G-DINA BJORN VON SYDOW - Predsednik Republike Kosovo - DR. VJOSA OSMANI - SADRIU","isPartOf":{"@id":"https:\/\/president-ksgov.net\/#website"},"primaryImageOfPage":{"@id":"https:\/\/president-ksgov.net\/u-d-i-presidentit-te-republikes-se-kosoves-dr-jakup-krasniqi-priti-z-bjorn-von-sydow\/#primaryimage"},"image":{"@id":"https:\/\/president-ksgov.net\/u-d-i-presidentit-te-republikes-se-kosoves-dr-jakup-krasniqi-priti-z-bjorn-von-sydow\/#primaryimage"},"thumbnailUrl":"https:\/\/president-ksgov.net\/wp-content\/uploads\/29_11_2010_Bjorn_Von_Sydow_1.jpg","datePublished":"2010-11-29T10:38:11+00:00","dateModified":"2010-11-29T10:38:11+00:00","author":{"@id":"https:\/\/president-ksgov.net\/#\/schema\/person\/bb4337a5fb147cb2046d80548172cbee"},"description":"V.D. PREDSEDNIKA REPUBLIKE KOSOVA, DR. JAKUP KRASNI\u0106I JE PRIMIO G-DINA BJORN VON SYDOW - Predsednik Republike Kosovo - DR. VJOSA OSMANI - SADRIU -","breadcrumb":{"@id":"https:\/\/president-ksgov.net\/u-d-i-presidentit-te-republikes-se-kosoves-dr-jakup-krasniqi-priti-z-bjorn-von-sydow\/#breadcrumb"},"inLanguage":"sr-RS","potentialAction":[{"@type":"ReadAction","target":["https:\/\/president-ksgov.net\/u-d-i-presidentit-te-republikes-se-kosoves-dr-jakup-krasniqi-priti-z-bjorn-von-sydow\/"]}]},{"@type":"ImageObject","inLanguage":"sr-RS","@id":"https:\/\/president-ksgov.net\/u-d-i-presidentit-te-republikes-se-kosoves-dr-jakup-krasniqi-priti-z-bjorn-von-sydow\/#primaryimage","url":"https:\/\/president-ksgov.net\/wp-content\/uploads\/29_11_2010_Bjorn_Von_Sydow_1.jpg","contentUrl":"https:\/\/president-ksgov.net\/wp-content\/uploads\/29_11_2010_Bjorn_Von_Sydow_1.jpg","width":1000,"height":709},{"@type":"BreadcrumbList","@id":"https:\/\/president-ksgov.net\/u-d-i-presidentit-te-republikes-se-kosoves-dr-jakup-krasniqi-priti-z-bjorn-von-sydow\/#breadcrumb","itemListElement":[{"@type":"ListItem","position":1,"name":"Home","item":"https:\/\/president-ksgov.net\/sr\/"},{"@type":"ListItem","position":2,"name":"V.D. PREDSEDNIKA REPUBLIKE KOSOVA, DR. JAKUP KRASNI\u0106I JE PRIMIO G-DINA BJORN VON SYDOW"}]},{"@type":"WebSite","@id":"https:\/\/president-ksgov.net\/#website","url":"https:\/\/president-ksgov.net\/","name":"Presidente e Republik\u00ebs s\u00eb Kosov\u00ebs","description":"Presidente e Republik\u00ebs s\u00eb Kosov\u00ebs","alternateName":"DR. VJOSA OSMANI - SADRIU","potentialAction":[{"@type":"SearchAction","target":{"@type":"EntryPoint","urlTemplate":"https:\/\/president-ksgov.net\/?s={search_term_string}"},"query-input":{"@type":"PropertyValueSpecification","valueRequired":true,"valueName":"search_term_string"}}],"inLanguage":"sr-RS"},{"@type":"Person","@id":"https:\/\/president-ksgov.net\/#\/schema\/person\/bb4337a5fb147cb2046d80548172cbee","name":"admin","image":{"@type":"ImageObject","inLanguage":"sr-RS","@id":"https:\/\/president-ksgov.net\/#\/schema\/person\/image\/","url":"https:\/\/secure.gravatar.com\/avatar\/36156ca0fa3b8d9d25174f146e16beea0cf28f37adf1b9e19b6c9c279a7c9dd3?s=96&d=mm&r=g","contentUrl":"https:\/\/secure.gravatar.com\/avatar\/36156ca0fa3b8d9d25174f146e16beea0cf28f37adf1b9e19b6c9c279a7c9dd3?s=96&d=mm&r=g","caption":"admin"},"sameAs":["https:\/\/president-ksgov.net"]}]}},"_links":{"self":[{"href":"https:\/\/president-ksgov.net\/sr\/wp-json\/wp\/v2\/posts\/79904","targetHints":{"allow":["GET"]}}],"collection":[{"href":"https:\/\/president-ksgov.net\/sr\/wp-json\/wp\/v2\/posts"}],"about":[{"href":"https:\/\/president-ksgov.net\/sr\/wp-json\/wp\/v2\/types\/post"}],"author":[{"embeddable":true,"href":"https:\/\/president-ksgov.net\/sr\/wp-json\/wp\/v2\/users\/1"}],"replies":[{"embeddable":true,"href":"https:\/\/president-ksgov.net\/sr\/wp-json\/wp\/v2\/comments?post=79904"}],"version-history":[{"count":0,"href":"https:\/\/president-ksgov.net\/sr\/wp-json\/wp\/v2\/posts\/79904\/revisions"}],"wp:featuredmedia":[{"embeddable":true,"href":"https:\/\/president-ksgov.net\/sr\/wp-json\/wp\/v2\/media\/62649"}],"wp:attachment":[{"href":"https:\/\/president-ksgov.net\/sr\/wp-json\/wp\/v2\/media?parent=79904"}],"wp:term":[{"taxonomy":"category","embeddable":true,"href":"https:\/\/president-ksgov.net\/sr\/wp-json\/wp\/v2\/categories?post=79904"},{"taxonomy":"post_tag","embeddable":true,"href":"https:\/\/president-ksgov.net\/sr\/wp-json\/wp\/v2\/tags?post=79904"}],"curies":[{"name":"wp","href":"https:\/\/api.w.org\/{rel}","templated":true}]}}