{"id":79896,"date":"2010-12-06T10:59:44","date_gmt":"2010-12-06T10:59:44","guid":{"rendered":"https:\/\/dev.president-ksgov.net\/vd-predsednika-republike-kosova-dr-jakup-krasnici-je-docekao-jednu-delegaciju-enemo-e\/"},"modified":"2010-12-06T10:59:44","modified_gmt":"2010-12-06T10:59:44","slug":"vd-predsednika-republike-kosova-dr-jakup-krasnici-je-docekao-jednu-delegaciju-enemo-e","status":"publish","type":"post","link":"https:\/\/president-ksgov.net\/sr\/vd-predsednika-republike-kosova-dr-jakup-krasnici-je-docekao-jednu-delegaciju-enemo-e\/","title":{"rendered":"VD Predsednika Republike Kosova, dr. Jakup Krasni\u0107i je do\u010dekao jednu delegaciju ENEMO-e"},"content":{"rendered":"<p>Vr&#353;ilac Du&#382;nosti Predsednika Republike Kosova, dr. Jakup Krasni\u0107i je primio ja sastana jednu delegaciju Evropske Mre&#382;e Organizacija za Posmatranje Izbora(&#8222;ENEMO&#8220;), koja \u0107e posmatrati izborni proces od 12 Decembra u na&#353;oj zemlji.<\/p>\n<p>Govore\u0107i o sastanku sa predstavnicima ENEMO-e, koji su do&#353;li posmatrati izbore na zahtev institucija Republike Kosova, Vr&#353;ilac Du&#382;nosti Predsednika Republike Kosova, dr. Jakup Krasni\u0107i, re\u010de da ih je upoznao sa tokom zbivanja ovih dana u na&#353;oj zemlji, o izbornoj kampanji i o va&#382;nosti izbora od 12 Decembra, koja je dosta velika za Kosovo, za demokratska zbivanja i za demokratske institucije koje \u0107e proiza\u0107i sa izbora.<\/p>\n<p>&#8220;Mi verujemo i nadamo se da \u0107e ovi izbori biti slobodni, pravedni i po&#353;teni,. Drago nam je &#353;to \u0107e mre&#382;a organizacija ENEMO biti prisutna na Kosovu, da \u0107e dati svoju ocenu i za predizborni period, kao i za dan izbora. Mi o\u010dekujemo i &#382;elimo da sve te\u010de shodno onome kako predvi\u0111a zakon i Ustav Republike Kosova&#8220;, re\u010de Vr&#353;ilac Du&#382;nosti Predsednika Republike Kosova, dr. Jakup Krasni\u0107i.<\/p>\n<p>S njegove strane Zlatko Vujovi\u0107, &#353;ef misije ENEMO za nadgledanje izbora na Kosovu, re\u010de da su zadovoljni da su dobili poziv za promatranje izbora na Kosovu i &#353;to \u0107e biti jedina me\u0111unarodna misija koja \u0107e vr&#353;iti monitoring izbora. Misija je prisutna na Kosovu, bit \u0107e tu na dan izbora i posle njih, sve do progla&#353;enja kona\u010dnih rezultata izbora.<\/p>\n<p>&#8222;Misija ENEMO \u0107e imati 170 posmatra\u010da za dan izbora, tako\u0111e si ovde i 20 dugoro\u010dnih posmatra\u010da, koji su \u010dlanovi Centralne Kancelarije ENEMO. Predstaviti \u0107emo preliminarne rezultate, jedan dan posle izbora, dok kona\u010dni izve&#353;taj, koji \u0107e biti zvani\u010dan, \u0107e se podneti oko mesec dana nakon dana izbora i bit \u0107e objavljen za sve zainteresovane&#8220;, naglasio je Vujovi\u0107.<\/p>\n<p>Upitan u vezi \u010dinjenice da su se zvani\u010dni organi Srbije obratili Srbima Kosova i pozvali ih da ne izlaze na izbore, Vr&#353;ilac Du&#382;nosti Predsednika Republike Kosova, dr. Jakup Krasni\u0107i je odgovorio: &#8222;Nama je &#382;ao ukoliko su zvani\u010dni organi Srbije u\u010dinili takav poziv. Ipak, mi se nadamo i o\u010dekujemo da Srbi gra\u0111ani Kosova koriste njihovo pravo da budu deo ovih izbora i da budu demokratskih procesa na Kosovu, ali da ujedno budu i integrirani deo institucija na Kosovu i deo javnog &#382;ivota u op&#353;te&#8220;.<\/p>\n<p>Dok, upitan u veri dosada&#353;njeg odvijanja dosada&#353;nje izborne kampanje, on re\u010de: &#8222;Ja vodim tihu kampanju i u ovom pravcu mislim da se i vi sla&#382;ete da sam u neravnopravnom polo&#382;aju sa drugim kandidatima koji se takmi\u010de. Ono &#353;to ho\u0107u re\u010di jeste da do sada u op&#353;te izborna kampanja te\u010de dobro, mada ponegde se prime\u0107uju ne argumentovane re\u010di, ali i ovo smatram da je u granicama izborne kampanje i demokratskih procesa kroz koje prolazi Kosova&#8220;.<\/p>\n","protected":false},"excerpt":{"rendered":"<p>Vr&#353;ilac Du&#382;nosti Predsednika Republike Kosova, dr. Jakup Krasni\u0107i je primio ja sastana jednu delegaciju Evropske Mre&#382;e Organizacija za Posmatranje Izbora(&#8222;ENEMO&#8220;), koja \u0107e posmatrati izborni proces od 12 Decembra u na&#353;oj zemlji.<\/p>\n","protected":false},"author":1,"featured_media":62620,"comment_status":"open","ping_status":"closed","sticky":false,"template":"","format":"standard","meta":{"_eb_attr":"","footnotes":""},"categories":[101],"tags":[],"class_list":["post-79896","post","type-post","status-publish","format-standard","has-post-thumbnail","hentry","category-vesti"],"yoast_head":"<!-- This site is optimized with the Yoast SEO plugin v23.5 - https:\/\/yoast.com\/wordpress\/plugins\/seo\/ -->\n<title>VD Predsednika Republike Kosova, dr. Jakup Krasni\u0107i je do\u010dekao jednu delegaciju ENEMO-e - Predsednik Republike Kosovo - DR. VJOSA OSMANI - SADRIU<\/title>\n<meta name=\"description\" content=\"VD Predsednika Republike Kosova, dr. Jakup Krasni\u0107i je do\u010dekao jednu delegaciju ENEMO-e - Predsednik Republike Kosovo - DR. VJOSA OSMANI - SADRIU -\" \/>\n<meta name=\"robots\" content=\"index, follow, max-snippet:-1, max-image-preview:large, max-video-preview:-1\" \/>\n<link rel=\"canonical\" href=\"https:\/\/president-ksgov.net\/u-d-i-presidentit-te-republikes-se-kosoves-dr-jakup-krasniqi-priti-nje-delegacion-te-enemo-s\/\" \/>\n<meta property=\"og:locale\" content=\"sr_RS\" \/>\n<meta property=\"og:type\" content=\"article\" \/>\n<meta property=\"og:title\" content=\"VD Predsednika Republike Kosova, dr. Jakup Krasni\u0107i je do\u010dekao jednu delegaciju ENEMO-e - Predsednik Republike Kosovo - DR. VJOSA OSMANI - SADRIU\" \/>\n<meta property=\"og:description\" content=\"VD Predsednika Republike Kosova, dr. Jakup Krasni\u0107i je do\u010dekao jednu delegaciju ENEMO-e - Predsednik Republike Kosovo - DR. VJOSA OSMANI - SADRIU -\" \/>\n<meta property=\"og:url\" content=\"https:\/\/president-ksgov.net\/u-d-i-presidentit-te-republikes-se-kosoves-dr-jakup-krasniqi-priti-nje-delegacion-te-enemo-s\/\" \/>\n<meta property=\"og:site_name\" content=\"Predsednik Republike Kosovo - DR. VJOSA OSMANI - SADRIU\" \/>\n<meta property=\"article:published_time\" content=\"2010-12-06T10:59:44+00:00\" \/>\n<meta property=\"og:image\" content=\"https:\/\/president-ksgov.net\/wp-content\/uploads\/06_12_2010_ENEMO_1.jpg\" \/>\n\t<meta property=\"og:image:width\" content=\"1000\" \/>\n\t<meta property=\"og:image:height\" content=\"675\" \/>\n\t<meta property=\"og:image:type\" content=\"image\/jpeg\" \/>\n<meta name=\"author\" content=\"admin\" \/>\n<meta name=\"twitter:card\" content=\"summary_large_image\" \/>\n<meta name=\"twitter:label1\" content=\"\u041d\u0430\u043f\u0438\u0441\u0430\u043d\u043e \u043e\u0434\" \/>\n\t<meta name=\"twitter:data1\" content=\"admin\" \/>\n\t<meta name=\"twitter:label2\" content=\"\u041f\u0440\u043e\u0446\u0435\u045a\u0435\u043d\u043e \u0432\u0440\u0435\u043c\u0435 \u0447\u0438\u0442\u0430\u045a\u0430\" \/>\n\t<meta name=\"twitter:data2\" content=\"2 \u043c\u0438\u043d\u0443\u0442\u0430\" \/>\n<script type=\"application\/ld+json\" class=\"yoast-schema-graph\">{\"@context\":\"https:\/\/schema.org\",\"@graph\":[{\"@type\":\"WebPage\",\"@id\":\"https:\/\/president-ksgov.net\/u-d-i-presidentit-te-republikes-se-kosoves-dr-jakup-krasniqi-priti-nje-delegacion-te-enemo-s\/\",\"url\":\"https:\/\/president-ksgov.net\/u-d-i-presidentit-te-republikes-se-kosoves-dr-jakup-krasniqi-priti-nje-delegacion-te-enemo-s\/\",\"name\":\"VD Predsednika Republike Kosova, dr. Jakup Krasni\u0107i je do\u010dekao jednu delegaciju ENEMO-e - Predsednik Republike Kosovo - DR. VJOSA OSMANI - SADRIU\",\"isPartOf\":{\"@id\":\"https:\/\/president-ksgov.net\/#website\"},\"primaryImageOfPage\":{\"@id\":\"https:\/\/president-ksgov.net\/u-d-i-presidentit-te-republikes-se-kosoves-dr-jakup-krasniqi-priti-nje-delegacion-te-enemo-s\/#primaryimage\"},\"image\":{\"@id\":\"https:\/\/president-ksgov.net\/u-d-i-presidentit-te-republikes-se-kosoves-dr-jakup-krasniqi-priti-nje-delegacion-te-enemo-s\/#primaryimage\"},\"thumbnailUrl\":\"https:\/\/president-ksgov.net\/wp-content\/uploads\/06_12_2010_ENEMO_1.jpg\",\"datePublished\":\"2010-12-06T10:59:44+00:00\",\"dateModified\":\"2010-12-06T10:59:44+00:00\",\"author\":{\"@id\":\"https:\/\/president-ksgov.net\/#\/schema\/person\/bb4337a5fb147cb2046d80548172cbee\"},\"description\":\"VD Predsednika Republike Kosova, dr. Jakup Krasni\u0107i je do\u010dekao jednu delegaciju ENEMO-e - Predsednik Republike Kosovo - DR. VJOSA OSMANI - SADRIU -\",\"breadcrumb\":{\"@id\":\"https:\/\/president-ksgov.net\/u-d-i-presidentit-te-republikes-se-kosoves-dr-jakup-krasniqi-priti-nje-delegacion-te-enemo-s\/#breadcrumb\"},\"inLanguage\":\"sr-RS\",\"potentialAction\":[{\"@type\":\"ReadAction\",\"target\":[\"https:\/\/president-ksgov.net\/u-d-i-presidentit-te-republikes-se-kosoves-dr-jakup-krasniqi-priti-nje-delegacion-te-enemo-s\/\"]}]},{\"@type\":\"ImageObject\",\"inLanguage\":\"sr-RS\",\"@id\":\"https:\/\/president-ksgov.net\/u-d-i-presidentit-te-republikes-se-kosoves-dr-jakup-krasniqi-priti-nje-delegacion-te-enemo-s\/#primaryimage\",\"url\":\"https:\/\/president-ksgov.net\/wp-content\/uploads\/06_12_2010_ENEMO_1.jpg\",\"contentUrl\":\"https:\/\/president-ksgov.net\/wp-content\/uploads\/06_12_2010_ENEMO_1.jpg\",\"width\":1000,\"height\":675},{\"@type\":\"BreadcrumbList\",\"@id\":\"https:\/\/president-ksgov.net\/u-d-i-presidentit-te-republikes-se-kosoves-dr-jakup-krasniqi-priti-nje-delegacion-te-enemo-s\/#breadcrumb\",\"itemListElement\":[{\"@type\":\"ListItem\",\"position\":1,\"name\":\"Home\",\"item\":\"https:\/\/president-ksgov.net\/sr\/\"},{\"@type\":\"ListItem\",\"position\":2,\"name\":\"VD Predsednika Republike Kosova, dr. Jakup Krasni\u0107i je do\u010dekao jednu delegaciju ENEMO-e\"}]},{\"@type\":\"WebSite\",\"@id\":\"https:\/\/president-ksgov.net\/#website\",\"url\":\"https:\/\/president-ksgov.net\/\",\"name\":\"Presidente e Republik\u00ebs s\u00eb Kosov\u00ebs\",\"description\":\"Presidente e Republik\u00ebs s\u00eb Kosov\u00ebs\",\"alternateName\":\"DR. VJOSA OSMANI - SADRIU\",\"potentialAction\":[{\"@type\":\"SearchAction\",\"target\":{\"@type\":\"EntryPoint\",\"urlTemplate\":\"https:\/\/president-ksgov.net\/?s={search_term_string}\"},\"query-input\":{\"@type\":\"PropertyValueSpecification\",\"valueRequired\":true,\"valueName\":\"search_term_string\"}}],\"inLanguage\":\"sr-RS\"},{\"@type\":\"Person\",\"@id\":\"https:\/\/president-ksgov.net\/#\/schema\/person\/bb4337a5fb147cb2046d80548172cbee\",\"name\":\"admin\",\"image\":{\"@type\":\"ImageObject\",\"inLanguage\":\"sr-RS\",\"@id\":\"https:\/\/president-ksgov.net\/#\/schema\/person\/image\/\",\"url\":\"https:\/\/secure.gravatar.com\/avatar\/36156ca0fa3b8d9d25174f146e16beea0cf28f37adf1b9e19b6c9c279a7c9dd3?s=96&d=mm&r=g\",\"contentUrl\":\"https:\/\/secure.gravatar.com\/avatar\/36156ca0fa3b8d9d25174f146e16beea0cf28f37adf1b9e19b6c9c279a7c9dd3?s=96&d=mm&r=g\",\"caption\":\"admin\"},\"sameAs\":[\"https:\/\/president-ksgov.net\"]}]}<\/script>\n<!-- \/ Yoast SEO plugin. -->","yoast_head_json":{"title":"VD Predsednika Republike Kosova, dr. Jakup Krasni\u0107i je do\u010dekao jednu delegaciju ENEMO-e - Predsednik Republike Kosovo - DR. VJOSA OSMANI - SADRIU","description":"VD Predsednika Republike Kosova, dr. Jakup Krasni\u0107i je do\u010dekao jednu delegaciju ENEMO-e - Predsednik Republike Kosovo - DR. VJOSA OSMANI - SADRIU -","robots":{"index":"index","follow":"follow","max-snippet":"max-snippet:-1","max-image-preview":"max-image-preview:large","max-video-preview":"max-video-preview:-1"},"canonical":"https:\/\/president-ksgov.net\/u-d-i-presidentit-te-republikes-se-kosoves-dr-jakup-krasniqi-priti-nje-delegacion-te-enemo-s\/","og_locale":"sr_RS","og_type":"article","og_title":"VD Predsednika Republike Kosova, dr. Jakup Krasni\u0107i je do\u010dekao jednu delegaciju ENEMO-e - Predsednik Republike Kosovo - DR. VJOSA OSMANI - SADRIU","og_description":"VD Predsednika Republike Kosova, dr. Jakup Krasni\u0107i je do\u010dekao jednu delegaciju ENEMO-e - Predsednik Republike Kosovo - DR. VJOSA OSMANI - SADRIU -","og_url":"https:\/\/president-ksgov.net\/u-d-i-presidentit-te-republikes-se-kosoves-dr-jakup-krasniqi-priti-nje-delegacion-te-enemo-s\/","og_site_name":"Predsednik Republike Kosovo - DR. VJOSA OSMANI - SADRIU","article_published_time":"2010-12-06T10:59:44+00:00","og_image":[{"width":1000,"height":675,"url":"https:\/\/president-ksgov.net\/wp-content\/uploads\/06_12_2010_ENEMO_1.jpg","type":"image\/jpeg"}],"author":"admin","twitter_card":"summary_large_image","twitter_misc":{"\u041d\u0430\u043f\u0438\u0441\u0430\u043d\u043e \u043e\u0434":"admin","\u041f\u0440\u043e\u0446\u0435\u045a\u0435\u043d\u043e \u0432\u0440\u0435\u043c\u0435 \u0447\u0438\u0442\u0430\u045a\u0430":"2 \u043c\u0438\u043d\u0443\u0442\u0430"},"schema":{"@context":"https:\/\/schema.org","@graph":[{"@type":"WebPage","@id":"https:\/\/president-ksgov.net\/u-d-i-presidentit-te-republikes-se-kosoves-dr-jakup-krasniqi-priti-nje-delegacion-te-enemo-s\/","url":"https:\/\/president-ksgov.net\/u-d-i-presidentit-te-republikes-se-kosoves-dr-jakup-krasniqi-priti-nje-delegacion-te-enemo-s\/","name":"VD Predsednika Republike Kosova, dr. Jakup Krasni\u0107i je do\u010dekao jednu delegaciju ENEMO-e - Predsednik Republike Kosovo - DR. VJOSA OSMANI - SADRIU","isPartOf":{"@id":"https:\/\/president-ksgov.net\/#website"},"primaryImageOfPage":{"@id":"https:\/\/president-ksgov.net\/u-d-i-presidentit-te-republikes-se-kosoves-dr-jakup-krasniqi-priti-nje-delegacion-te-enemo-s\/#primaryimage"},"image":{"@id":"https:\/\/president-ksgov.net\/u-d-i-presidentit-te-republikes-se-kosoves-dr-jakup-krasniqi-priti-nje-delegacion-te-enemo-s\/#primaryimage"},"thumbnailUrl":"https:\/\/president-ksgov.net\/wp-content\/uploads\/06_12_2010_ENEMO_1.jpg","datePublished":"2010-12-06T10:59:44+00:00","dateModified":"2010-12-06T10:59:44+00:00","author":{"@id":"https:\/\/president-ksgov.net\/#\/schema\/person\/bb4337a5fb147cb2046d80548172cbee"},"description":"VD Predsednika Republike Kosova, dr. Jakup Krasni\u0107i je do\u010dekao jednu delegaciju ENEMO-e - Predsednik Republike Kosovo - DR. VJOSA OSMANI - SADRIU -","breadcrumb":{"@id":"https:\/\/president-ksgov.net\/u-d-i-presidentit-te-republikes-se-kosoves-dr-jakup-krasniqi-priti-nje-delegacion-te-enemo-s\/#breadcrumb"},"inLanguage":"sr-RS","potentialAction":[{"@type":"ReadAction","target":["https:\/\/president-ksgov.net\/u-d-i-presidentit-te-republikes-se-kosoves-dr-jakup-krasniqi-priti-nje-delegacion-te-enemo-s\/"]}]},{"@type":"ImageObject","inLanguage":"sr-RS","@id":"https:\/\/president-ksgov.net\/u-d-i-presidentit-te-republikes-se-kosoves-dr-jakup-krasniqi-priti-nje-delegacion-te-enemo-s\/#primaryimage","url":"https:\/\/president-ksgov.net\/wp-content\/uploads\/06_12_2010_ENEMO_1.jpg","contentUrl":"https:\/\/president-ksgov.net\/wp-content\/uploads\/06_12_2010_ENEMO_1.jpg","width":1000,"height":675},{"@type":"BreadcrumbList","@id":"https:\/\/president-ksgov.net\/u-d-i-presidentit-te-republikes-se-kosoves-dr-jakup-krasniqi-priti-nje-delegacion-te-enemo-s\/#breadcrumb","itemListElement":[{"@type":"ListItem","position":1,"name":"Home","item":"https:\/\/president-ksgov.net\/sr\/"},{"@type":"ListItem","position":2,"name":"VD Predsednika Republike Kosova, dr. Jakup Krasni\u0107i je do\u010dekao jednu delegaciju ENEMO-e"}]},{"@type":"WebSite","@id":"https:\/\/president-ksgov.net\/#website","url":"https:\/\/president-ksgov.net\/","name":"Presidente e Republik\u00ebs s\u00eb Kosov\u00ebs","description":"Presidente e Republik\u00ebs s\u00eb Kosov\u00ebs","alternateName":"DR. VJOSA OSMANI - SADRIU","potentialAction":[{"@type":"SearchAction","target":{"@type":"EntryPoint","urlTemplate":"https:\/\/president-ksgov.net\/?s={search_term_string}"},"query-input":{"@type":"PropertyValueSpecification","valueRequired":true,"valueName":"search_term_string"}}],"inLanguage":"sr-RS"},{"@type":"Person","@id":"https:\/\/president-ksgov.net\/#\/schema\/person\/bb4337a5fb147cb2046d80548172cbee","name":"admin","image":{"@type":"ImageObject","inLanguage":"sr-RS","@id":"https:\/\/president-ksgov.net\/#\/schema\/person\/image\/","url":"https:\/\/secure.gravatar.com\/avatar\/36156ca0fa3b8d9d25174f146e16beea0cf28f37adf1b9e19b6c9c279a7c9dd3?s=96&d=mm&r=g","contentUrl":"https:\/\/secure.gravatar.com\/avatar\/36156ca0fa3b8d9d25174f146e16beea0cf28f37adf1b9e19b6c9c279a7c9dd3?s=96&d=mm&r=g","caption":"admin"},"sameAs":["https:\/\/president-ksgov.net"]}]}},"_links":{"self":[{"href":"https:\/\/president-ksgov.net\/sr\/wp-json\/wp\/v2\/posts\/79896","targetHints":{"allow":["GET"]}}],"collection":[{"href":"https:\/\/president-ksgov.net\/sr\/wp-json\/wp\/v2\/posts"}],"about":[{"href":"https:\/\/president-ksgov.net\/sr\/wp-json\/wp\/v2\/types\/post"}],"author":[{"embeddable":true,"href":"https:\/\/president-ksgov.net\/sr\/wp-json\/wp\/v2\/users\/1"}],"replies":[{"embeddable":true,"href":"https:\/\/president-ksgov.net\/sr\/wp-json\/wp\/v2\/comments?post=79896"}],"version-history":[{"count":0,"href":"https:\/\/president-ksgov.net\/sr\/wp-json\/wp\/v2\/posts\/79896\/revisions"}],"wp:featuredmedia":[{"embeddable":true,"href":"https:\/\/president-ksgov.net\/sr\/wp-json\/wp\/v2\/media\/62620"}],"wp:attachment":[{"href":"https:\/\/president-ksgov.net\/sr\/wp-json\/wp\/v2\/media?parent=79896"}],"wp:term":[{"taxonomy":"category","embeddable":true,"href":"https:\/\/president-ksgov.net\/sr\/wp-json\/wp\/v2\/categories?post=79896"},{"taxonomy":"post_tag","embeddable":true,"href":"https:\/\/president-ksgov.net\/sr\/wp-json\/wp\/v2\/tags?post=79896"}],"curies":[{"name":"wp","href":"https:\/\/api.w.org\/{rel}","templated":true}]}}