{"id":79874,"date":"2010-12-21T10:18:34","date_gmt":"2010-12-21T10:18:34","guid":{"rendered":"https:\/\/dev.president-ksgov.net\/izvetaj-sa-rasistickim-sadrajem\/"},"modified":"2010-12-21T10:18:34","modified_gmt":"2010-12-21T10:18:34","slug":"izvetaj-sa-rasistickim-sadrajem","status":"publish","type":"post","link":"https:\/\/president-ksgov.net\/sr\/izvetaj-sa-rasistickim-sadrajem\/","title":{"rendered":"IZVE&#138;TAJ SA RASISTI\u010cKIM SADR&#142;AJEM"},"content":{"rendered":"<p>Svesni smo, da ni sami njihovi sastavlja\u0107i, ne veruju ovim optu&#382;bama, ali i oni su svesni da, dok se potvrdjuju kao kleveta, u medjunarodno javno mnjenje, imid&#382; nove dr&#382;ave Kosova, \u0107e biti te&#353;ko o&#353;te\u0107en. Ni&#353;ta nije te&#382;e nego kada se po&#353;tenom osporava po&#353;tenje. Kosova je dotaknuta u ki\u010dmu, u njeno sveto po&#353;tenje, na najcenjenije istorijske i aktualne vrednote.<\/p>\n<p>Pi&#353;e: Dr. Jakup Krasni\u0107i<\/p>\n<p>Ovih dana, albansko, evropsko i med&#382;unarodno javno mnjenje je bombardovano, rekao bih varvarski, od Nacrt Izve&#353;taja Dick Marty-ja, \u010dlana Parlamentarne Skup&#353;tine SE, koji je pun kleveta, izmi&#353;ljotina i poni&#382;enja u onome &#353;to je medju albancima najcenjenije, ideja slobode i oslobodjenja, vrednost koja je stvorena rekama prolivene krvi, popra\u0107ena mnogim ljudskim &#382;rtvama, materijalnim i du&#353;evnim, sa kojima se autor Nacrt izve&#353;taja nikad nije bavio.<\/p>\n<p>Optu&#382;be o trgovini ljudskim organima, drogom i o krijum\u010darenju oru&#382;ja od strane Oslobodila\u010dke Vojske Kosova, su neosnovane i nedokazive, dok sam Izve&#353;taj politi\u010dki je jednostran, tendenciozan, zlonameran i ispunjen stra&#353;nim rasisti\u010dkim i antialbanskim sadr&#382;ajem<\/p>\n<p>Ovaj Izve&#353;taj je produ&#382;etak klevetni\u010dkih i neodgovornih izjava biv&#353;e-glavne tu&#382;iteljke Ha&#353;kog Med&#382;unarodnog Suda za zlo\u010dine u Jugoslaviji, gospodji del Ponte, u njenoj knjizi, za koje istra&#382;itelji su utvrdili da nema dokaza koji bi potvrdili te optu&#382;be.<\/p>\n<p>Ovaj Izve&#353;taj predstavlja nastojanje odredjenih antialbanskih krugova za ujedna\u010davanje pravedne i herojske borbe naroda Kosova i Oslobodila\u010dke Vojske Kosova sa masakrom i zlo\u010dinima koje je u\u010dinio srpski re&#382;im Milo&#353;evi\u0107a. Poku&#353;aji da se pobrkaju &#382;rtve i d&#382;elat bacaju senku sumnje na svu aktivnost i nestranost izve&#353;ta\u0107a Saveta Evrope.<\/p>\n<p>Narod Kosova i njegovi borci su se ose\u010dali previ&#353;e uvredjeni i negodovani niskim spektaklima, sramotno izglumljenih, ovom prilikom ne sa knji&#382;uricama g-dje del Ponte, nego u govornici jedne visoke i vrlo cenjene evropske institucije, u Savet Evrope. \u010clan Parlamentarne Skup&#353;tine Saveta Evrope, g-din Dick Marty, \u010dovek nekontroliranih ose\u010danja mr&#382;nje prema slobodnom Kosovu i njenoj nezavisnosti, koje nas asocira na malo antikosovskih centara u svetu, igra opasnu i nepo&#353;tenu dramu nad ple\u010dima jednog slobodoljubivog, miroljubivog i napa\u010denog naroda. Narod Kosova nijednom nije vodio osvaja\u010dki rat , nije ikad ikome stao na vrat ili teret. Srpski narod je vazda bio manjinska zajednica na Kosovu, ali nikada nije o&#353;te\u0107ena od albanske ve\u0107ine i to jo&#353; manje od Oslobodila\u010dke Vojske Kosova, koja je tokom rata kontrolirala celine teritorija sa srpskim stanovni&#353;tvom, ali civili nisu do&#382;iveli niti jednu jedinu &#353;tetu.<\/p>\n<p>Oslobodila\u010dka Vojska Kosova nebi nikad postupila kako joj se pripisuje u Izve&#353;ataju, jer se zaklela na \u010distotu njene oslobodila\u010dke borbe, jer je njena borba imala za cilj ideale naroda na \u010dijim je njedrima nastala, ideal oslobodjenja Kosova, uspostavljanje mira, izgradnju demokratskog uredjenja a ne profitabilne ambicije, jer je ona ispo&#353;tovala humane ratne zakone, jer je pro&#382;imala tradiciju i kulturu svog naroda jo&#353; od anti\u010dkih vremena, jer bi u protivnom kaznila samu sebe i aspiracije koje je predstavila. Na kraju treba re\u0107i da Oslobodila\u010dka Vojska Kosova nije mogla raspolagati ni tehni\u010dkim uslovima za izvodjenje takovog ru&#382;nog potupka.<\/p>\n<p>U ime pravde i svete borbe Kosova, biv&#353;ih vojnika Oslobodila\u010dke Vojske Kosova, institucija i gradjana koje predstavljam, u ime pravde i istine, uz puno poverenje i ubedjenje izjavljujem da nastojanja g-dina Dick Marty-ja za Oslobodila\u010dku Vojsku Kosova, na njegovom izmi&#353;ljenom Izve&#353;taju bez ijedne \u010dinjenice, nikada ne\u0107e se mo\u0107i dokazati, jer nisu istinite.\u00a0\u00a0\u00a0\u00a0\u00a0\u00a0\u00a0\u00a0\u00a0\u00a0\u00a0\u00a0\u00a0\u00a0\u00a0\u00a0\u00a0\u00a0\u00a0\u00a0 <\/p>\n<p>Ljudi koji se apostrofiraju u famoznom poni&#382;avaju\u0107em Izve&#353;taju g-dina Dick Marty-ja su na \u010delo moderne demokratske dr&#382;ave Kosova, koja je manjinskim zajednicama, obuhvataju\u0107i tu najpre srpsku zajednicu, obezbedila Ustavom, zakonom i u praksi za&#353;titu civilnih ljudskih prava i sloboda, demokratskih i nacionalnih, uzdignutih iznad med&#382;unarodnih standarda. <\/p>\n<p>Najnovija antialbanska kampanja, koju vidimo i \u010dujemo, nije samo protiv Oslobodila\u010dke Vojske Kosova, ne odnosi se samo na pro&#353;lost i nije upu\u0107ena samo protiv Kosova, jer ona kao jeda vrsta biljarda, cilja obaranje vi&#353;e figura odjednom, o&#353;te\u010duju\u0107i budu\u0107nost Kosova i njene prijatelje, koji su se solidarizirali s njom, u te&#353;kim ratnim vremenima i u vreme dr&#382;avotvorstva u miru.<\/p>\n<p>Svesni smo da, ni sami njihovi tvorci, ne veruju ovim optu&#382;bama, ali i oni su svesni, da dok se ne potvrdjuju kao klevete, u vidjenju med&#382;unarodnog javnog mnjenja, imid&#382; nove dr&#382;ave Kosova \u0107e biti te&#353;ko o&#353;te\u0107en. Nije ni&#353;ta te&#382;e nego kada se po&#353;tenom osporava po&#353;tenje. Kosova je o&#353;te\u0107ena u ki\u010dmu, u njeno sveto po&#353;tenje, u najcenjenijim istorijskim i akutalnim vrednotama. <\/p>\n<p>Mi zahtevamo da se pravda hitno bavi razmatranjem ovog predmeta, jer \u010dim prije bude ona rekla svoju kona\u010dnu re\u010d, to \u0107e manja biti javna &#353;teta, koja nam je naneta i to \u0107e br&#382;e da se uzvrati na svome mestu na&#353;e zlonamerno kaljano dostojanstvo.<\/p>\n<p>Ja verujem u pravdu, s toga sam ubedjen da \u0107e ona jednog dana da potpuno rasvetli ove arbitrarne, nipoda&#353;tavaju\u0107e i klevetni\u010dke kvalifikacije. Siguran sam da optu&#382;be Dick Marty-a\u00a0 nikada i pri nijednom med&#382;unarodnom sudu, nijednog nivoa, ne\u0107e se potvrditi, Kosovo je do Juna 1999 godine zatra&#382;ila od zemalja Zapadne Demokratije da je spa&#353;avaju od istrebljuju\u0107e srpske politike Milo&#353;evi\u0107a, koja nije nikad osudjivana od Dick Marty-ja, naprotiv podr&#382;ana je, a sada je prinudjena da zahteva da je za&#353;ti\u0107uju od \u010doveka obla\u010denog odorom \u010dlana Parlamentarne Skup&#353;tina Saveta Evrope.<br \/>\nU takvim okolnostima nam se name\u0107e jedno pitanje za Senatora Dick Marty-ja i njegove sledbenike: Ukoliko su osniva\u010di i upravlja\u010di Oslobodila\u010dke Vojske Kosova, usprkos velikog rizika po njihov &#382;ivot, njihove porodice i njihovu decu, narod u celini, kome se pretilo istrebljenjem i izgonom, se prisetili \u010dak i trgovine ljudskim organima, oru&#382;jem i drogom, on treba da ka&#382;e u kojoj &#353;vajcarskoj klinici ili zemlji ES, kojoj osobi su transplantirani ti organi, iz koje zemlje ili od kojeg preprodavca je kupljeno oru&#382;je i gde je ono prodato, po&#353;to OVK nije imala dovoljno oru&#382;ja, koja je bila trgova\u010dka mre&#382;a droge, odakle je ona nabavljena i gde je zavr&#353;ila? Nema sumnje da takvo ne&#353;to fantasti\u010dno mo&#382;e da se desi samo u filmovima sa supermenom, ali nikada u na&#353;im te&#353;kim, ograni\u010denim, uslovima kada smo se \u010desto borili na &#382;ivot i smrt. Ukoliko &#353;vajcarski senator odgovara na ova pitanja, mi imamo spremnosti odgovarati pri bilo kom &#353;vajcarskom sudu ili pri bilo kojoj drugoj zemlji Evropskog Saveta.<\/p>\n","protected":false},"excerpt":{"rendered":"<p>Svesni smo, da ni sami njihovi sastavlja\u0107i, ne veruju ovim optu&#382;bama, ali i oni su svesni da, dok se potvrdjuju kao kleveta, u medjunarodno javno mnjenje, imid&#382; nove dr&#382;ave Kosova, \u0107e biti te&#353;ko o&#353;te\u0107en. Ni&#353;ta nije te&#382;e nego kada se po&#353;tenom osporava po&#353;tenje. Kosova je dotaknuta u ki\u010dmu, u njeno sveto po&#353;tenje, na najcenjenije istorijske i aktualne vrednote.<\/p>\n","protected":false},"author":1,"featured_media":86338,"comment_status":"open","ping_status":"closed","sticky":false,"template":"","format":"standard","meta":{"_eb_attr":"","footnotes":""},"categories":[101],"tags":[],"class_list":["post-79874","post","type-post","status-publish","format-standard","has-post-thumbnail","hentry","category-vesti"],"yoast_head":"<!-- This site is optimized with the Yoast SEO plugin v23.5 - https:\/\/yoast.com\/wordpress\/plugins\/seo\/ -->\n<title>IZVE&#138;TAJ SA RASISTI\u010cKIM SADR&#142;AJEM - Predsednik Republike Kosovo - DR. VJOSA OSMANI - SADRIU<\/title>\n<meta name=\"description\" content=\"IZVE&#138;TAJ SA RASISTI\u010cKIM SADR&#142;AJEM - Predsednik Republike Kosovo - DR. VJOSA OSMANI - SADRIU -\" \/>\n<meta name=\"robots\" content=\"index, follow, max-snippet:-1, max-image-preview:large, max-video-preview:-1\" \/>\n<link rel=\"canonical\" href=\"https:\/\/president-ksgov.net\/sr\/izvetaj-sa-rasistickim-sadrajem\/\" \/>\n<meta property=\"og:locale\" content=\"sr_RS\" \/>\n<meta property=\"og:type\" content=\"article\" \/>\n<meta property=\"og:title\" content=\"IZVE&#138;TAJ SA RASISTI\u010cKIM SADR&#142;AJEM - Predsednik Republike Kosovo - DR. VJOSA OSMANI - SADRIU\" \/>\n<meta property=\"og:description\" content=\"IZVE&#138;TAJ SA RASISTI\u010cKIM SADR&#142;AJEM - Predsednik Republike Kosovo - DR. VJOSA OSMANI - SADRIU -\" \/>\n<meta property=\"og:url\" content=\"https:\/\/president-ksgov.net\/sr\/izvetaj-sa-rasistickim-sadrajem\/\" \/>\n<meta property=\"og:site_name\" content=\"Predsednik Republike Kosovo - DR. VJOSA OSMANI - SADRIU\" \/>\n<meta property=\"article:published_time\" content=\"2010-12-21T10:18:34+00:00\" \/>\n<meta property=\"og:image\" content=\"https:\/\/president-ksgov.net\/wp-content\/uploads\/Zyra-e-Presidentes-Featured-Image1-e1678970937938.png\" \/>\n\t<meta property=\"og:image:width\" content=\"1024\" \/>\n\t<meta property=\"og:image:height\" content=\"716\" \/>\n\t<meta property=\"og:image:type\" content=\"image\/png\" \/>\n<meta name=\"author\" content=\"admin\" \/>\n<meta name=\"twitter:card\" content=\"summary_large_image\" \/>\n<meta name=\"twitter:label1\" content=\"\u041d\u0430\u043f\u0438\u0441\u0430\u043d\u043e \u043e\u0434\" \/>\n\t<meta name=\"twitter:data1\" content=\"admin\" \/>\n\t<meta name=\"twitter:label2\" content=\"\u041f\u0440\u043e\u0446\u0435\u045a\u0435\u043d\u043e \u0432\u0440\u0435\u043c\u0435 \u0447\u0438\u0442\u0430\u045a\u0430\" \/>\n\t<meta name=\"twitter:data2\" content=\"6 \u043c\u0438\u043d\u0443\u0442\u0430\" \/>\n<script type=\"application\/ld+json\" class=\"yoast-schema-graph\">{\"@context\":\"https:\/\/schema.org\",\"@graph\":[{\"@type\":\"WebPage\",\"@id\":\"https:\/\/president-ksgov.net\/sr\/izvetaj-sa-rasistickim-sadrajem\/\",\"url\":\"https:\/\/president-ksgov.net\/sr\/izvetaj-sa-rasistickim-sadrajem\/\",\"name\":\"IZVE&#138;TAJ SA RASISTI\u010cKIM SADR&#142;AJEM - Predsednik Republike Kosovo - DR. VJOSA OSMANI - SADRIU\",\"isPartOf\":{\"@id\":\"https:\/\/president-ksgov.net\/#website\"},\"primaryImageOfPage\":{\"@id\":\"https:\/\/president-ksgov.net\/sr\/izvetaj-sa-rasistickim-sadrajem\/#primaryimage\"},\"image\":{\"@id\":\"https:\/\/president-ksgov.net\/sr\/izvetaj-sa-rasistickim-sadrajem\/#primaryimage\"},\"thumbnailUrl\":\"https:\/\/president-ksgov.net\/wp-content\/uploads\/Zyra-e-Presidentes-Featured-Image1-e1678970937938.png\",\"datePublished\":\"2010-12-21T10:18:34+00:00\",\"dateModified\":\"2010-12-21T10:18:34+00:00\",\"author\":{\"@id\":\"https:\/\/president-ksgov.net\/#\/schema\/person\/bb4337a5fb147cb2046d80548172cbee\"},\"description\":\"IZVE&#138;TAJ SA RASISTI\u010cKIM SADR&#142;AJEM - Predsednik Republike Kosovo - DR. VJOSA OSMANI - SADRIU -\",\"breadcrumb\":{\"@id\":\"https:\/\/president-ksgov.net\/sr\/izvetaj-sa-rasistickim-sadrajem\/#breadcrumb\"},\"inLanguage\":\"sr-RS\",\"potentialAction\":[{\"@type\":\"ReadAction\",\"target\":[\"https:\/\/president-ksgov.net\/sr\/izvetaj-sa-rasistickim-sadrajem\/\"]}]},{\"@type\":\"ImageObject\",\"inLanguage\":\"sr-RS\",\"@id\":\"https:\/\/president-ksgov.net\/sr\/izvetaj-sa-rasistickim-sadrajem\/#primaryimage\",\"url\":\"https:\/\/president-ksgov.net\/wp-content\/uploads\/Zyra-e-Presidentes-Featured-Image1-e1678970937938.png\",\"contentUrl\":\"https:\/\/president-ksgov.net\/wp-content\/uploads\/Zyra-e-Presidentes-Featured-Image1-e1678970937938.png\",\"width\":1024,\"height\":716},{\"@type\":\"BreadcrumbList\",\"@id\":\"https:\/\/president-ksgov.net\/sr\/izvetaj-sa-rasistickim-sadrajem\/#breadcrumb\",\"itemListElement\":[{\"@type\":\"ListItem\",\"position\":1,\"name\":\"Home\",\"item\":\"https:\/\/president-ksgov.net\/sr\/\"},{\"@type\":\"ListItem\",\"position\":2,\"name\":\"IZVE&#138;TAJ SA RASISTI\u010cKIM SADR&#142;AJEM\"}]},{\"@type\":\"WebSite\",\"@id\":\"https:\/\/president-ksgov.net\/#website\",\"url\":\"https:\/\/president-ksgov.net\/\",\"name\":\"Presidente e Republik\u00ebs s\u00eb Kosov\u00ebs\",\"description\":\"Presidente e Republik\u00ebs s\u00eb Kosov\u00ebs\",\"alternateName\":\"DR. VJOSA OSMANI - SADRIU\",\"potentialAction\":[{\"@type\":\"SearchAction\",\"target\":{\"@type\":\"EntryPoint\",\"urlTemplate\":\"https:\/\/president-ksgov.net\/?s={search_term_string}\"},\"query-input\":{\"@type\":\"PropertyValueSpecification\",\"valueRequired\":true,\"valueName\":\"search_term_string\"}}],\"inLanguage\":\"sr-RS\"},{\"@type\":\"Person\",\"@id\":\"https:\/\/president-ksgov.net\/#\/schema\/person\/bb4337a5fb147cb2046d80548172cbee\",\"name\":\"admin\",\"image\":{\"@type\":\"ImageObject\",\"inLanguage\":\"sr-RS\",\"@id\":\"https:\/\/president-ksgov.net\/#\/schema\/person\/image\/\",\"url\":\"https:\/\/secure.gravatar.com\/avatar\/36156ca0fa3b8d9d25174f146e16beea0cf28f37adf1b9e19b6c9c279a7c9dd3?s=96&d=mm&r=g\",\"contentUrl\":\"https:\/\/secure.gravatar.com\/avatar\/36156ca0fa3b8d9d25174f146e16beea0cf28f37adf1b9e19b6c9c279a7c9dd3?s=96&d=mm&r=g\",\"caption\":\"admin\"},\"sameAs\":[\"https:\/\/president-ksgov.net\"]}]}<\/script>\n<!-- \/ Yoast SEO plugin. -->","yoast_head_json":{"title":"IZVE&#138;TAJ SA RASISTI\u010cKIM SADR&#142;AJEM - Predsednik Republike Kosovo - DR. VJOSA OSMANI - SADRIU","description":"IZVE&#138;TAJ SA RASISTI\u010cKIM SADR&#142;AJEM - Predsednik Republike Kosovo - DR. VJOSA OSMANI - SADRIU -","robots":{"index":"index","follow":"follow","max-snippet":"max-snippet:-1","max-image-preview":"max-image-preview:large","max-video-preview":"max-video-preview:-1"},"canonical":"https:\/\/president-ksgov.net\/sr\/izvetaj-sa-rasistickim-sadrajem\/","og_locale":"sr_RS","og_type":"article","og_title":"IZVE&#138;TAJ SA RASISTI\u010cKIM SADR&#142;AJEM - Predsednik Republike Kosovo - DR. VJOSA OSMANI - SADRIU","og_description":"IZVE&#138;TAJ SA RASISTI\u010cKIM SADR&#142;AJEM - Predsednik Republike Kosovo - DR. VJOSA OSMANI - SADRIU -","og_url":"https:\/\/president-ksgov.net\/sr\/izvetaj-sa-rasistickim-sadrajem\/","og_site_name":"Predsednik Republike Kosovo - DR. VJOSA OSMANI - SADRIU","article_published_time":"2010-12-21T10:18:34+00:00","og_image":[{"width":1024,"height":716,"url":"https:\/\/president-ksgov.net\/wp-content\/uploads\/Zyra-e-Presidentes-Featured-Image1-e1678970937938.png","type":"image\/png"}],"author":"admin","twitter_card":"summary_large_image","twitter_misc":{"\u041d\u0430\u043f\u0438\u0441\u0430\u043d\u043e \u043e\u0434":"admin","\u041f\u0440\u043e\u0446\u0435\u045a\u0435\u043d\u043e \u0432\u0440\u0435\u043c\u0435 \u0447\u0438\u0442\u0430\u045a\u0430":"6 \u043c\u0438\u043d\u0443\u0442\u0430"},"schema":{"@context":"https:\/\/schema.org","@graph":[{"@type":"WebPage","@id":"https:\/\/president-ksgov.net\/sr\/izvetaj-sa-rasistickim-sadrajem\/","url":"https:\/\/president-ksgov.net\/sr\/izvetaj-sa-rasistickim-sadrajem\/","name":"IZVE&#138;TAJ SA RASISTI\u010cKIM SADR&#142;AJEM - Predsednik Republike Kosovo - DR. VJOSA OSMANI - SADRIU","isPartOf":{"@id":"https:\/\/president-ksgov.net\/#website"},"primaryImageOfPage":{"@id":"https:\/\/president-ksgov.net\/sr\/izvetaj-sa-rasistickim-sadrajem\/#primaryimage"},"image":{"@id":"https:\/\/president-ksgov.net\/sr\/izvetaj-sa-rasistickim-sadrajem\/#primaryimage"},"thumbnailUrl":"https:\/\/president-ksgov.net\/wp-content\/uploads\/Zyra-e-Presidentes-Featured-Image1-e1678970937938.png","datePublished":"2010-12-21T10:18:34+00:00","dateModified":"2010-12-21T10:18:34+00:00","author":{"@id":"https:\/\/president-ksgov.net\/#\/schema\/person\/bb4337a5fb147cb2046d80548172cbee"},"description":"IZVE&#138;TAJ SA RASISTI\u010cKIM SADR&#142;AJEM - Predsednik Republike Kosovo - DR. VJOSA OSMANI - SADRIU -","breadcrumb":{"@id":"https:\/\/president-ksgov.net\/sr\/izvetaj-sa-rasistickim-sadrajem\/#breadcrumb"},"inLanguage":"sr-RS","potentialAction":[{"@type":"ReadAction","target":["https:\/\/president-ksgov.net\/sr\/izvetaj-sa-rasistickim-sadrajem\/"]}]},{"@type":"ImageObject","inLanguage":"sr-RS","@id":"https:\/\/president-ksgov.net\/sr\/izvetaj-sa-rasistickim-sadrajem\/#primaryimage","url":"https:\/\/president-ksgov.net\/wp-content\/uploads\/Zyra-e-Presidentes-Featured-Image1-e1678970937938.png","contentUrl":"https:\/\/president-ksgov.net\/wp-content\/uploads\/Zyra-e-Presidentes-Featured-Image1-e1678970937938.png","width":1024,"height":716},{"@type":"BreadcrumbList","@id":"https:\/\/president-ksgov.net\/sr\/izvetaj-sa-rasistickim-sadrajem\/#breadcrumb","itemListElement":[{"@type":"ListItem","position":1,"name":"Home","item":"https:\/\/president-ksgov.net\/sr\/"},{"@type":"ListItem","position":2,"name":"IZVE&#138;TAJ SA RASISTI\u010cKIM SADR&#142;AJEM"}]},{"@type":"WebSite","@id":"https:\/\/president-ksgov.net\/#website","url":"https:\/\/president-ksgov.net\/","name":"Presidente e Republik\u00ebs s\u00eb Kosov\u00ebs","description":"Presidente e Republik\u00ebs s\u00eb Kosov\u00ebs","alternateName":"DR. VJOSA OSMANI - SADRIU","potentialAction":[{"@type":"SearchAction","target":{"@type":"EntryPoint","urlTemplate":"https:\/\/president-ksgov.net\/?s={search_term_string}"},"query-input":{"@type":"PropertyValueSpecification","valueRequired":true,"valueName":"search_term_string"}}],"inLanguage":"sr-RS"},{"@type":"Person","@id":"https:\/\/president-ksgov.net\/#\/schema\/person\/bb4337a5fb147cb2046d80548172cbee","name":"admin","image":{"@type":"ImageObject","inLanguage":"sr-RS","@id":"https:\/\/president-ksgov.net\/#\/schema\/person\/image\/","url":"https:\/\/secure.gravatar.com\/avatar\/36156ca0fa3b8d9d25174f146e16beea0cf28f37adf1b9e19b6c9c279a7c9dd3?s=96&d=mm&r=g","contentUrl":"https:\/\/secure.gravatar.com\/avatar\/36156ca0fa3b8d9d25174f146e16beea0cf28f37adf1b9e19b6c9c279a7c9dd3?s=96&d=mm&r=g","caption":"admin"},"sameAs":["https:\/\/president-ksgov.net"]}]}},"_links":{"self":[{"href":"https:\/\/president-ksgov.net\/sr\/wp-json\/wp\/v2\/posts\/79874","targetHints":{"allow":["GET"]}}],"collection":[{"href":"https:\/\/president-ksgov.net\/sr\/wp-json\/wp\/v2\/posts"}],"about":[{"href":"https:\/\/president-ksgov.net\/sr\/wp-json\/wp\/v2\/types\/post"}],"author":[{"embeddable":true,"href":"https:\/\/president-ksgov.net\/sr\/wp-json\/wp\/v2\/users\/1"}],"replies":[{"embeddable":true,"href":"https:\/\/president-ksgov.net\/sr\/wp-json\/wp\/v2\/comments?post=79874"}],"version-history":[{"count":0,"href":"https:\/\/president-ksgov.net\/sr\/wp-json\/wp\/v2\/posts\/79874\/revisions"}],"wp:featuredmedia":[{"embeddable":true,"href":"https:\/\/president-ksgov.net\/sr\/wp-json\/wp\/v2\/media\/86338"}],"wp:attachment":[{"href":"https:\/\/president-ksgov.net\/sr\/wp-json\/wp\/v2\/media?parent=79874"}],"wp:term":[{"taxonomy":"category","embeddable":true,"href":"https:\/\/president-ksgov.net\/sr\/wp-json\/wp\/v2\/categories?post=79874"},{"taxonomy":"post_tag","embeddable":true,"href":"https:\/\/president-ksgov.net\/sr\/wp-json\/wp\/v2\/tags?post=79874"}],"curies":[{"name":"wp","href":"https:\/\/api.w.org\/{rel}","templated":true}]}}