{"id":79858,"date":"2011-01-13T17:29:03","date_gmt":"2011-01-13T17:29:03","guid":{"rendered":"https:\/\/dev.president-ksgov.net\/v-d-predsednika-republike-kosova-dr-jakup-krasnici-se-sastao-sa-premijerom-albanije-dr-sali-berisha\/"},"modified":"2011-01-13T17:29:03","modified_gmt":"2011-01-13T17:29:03","slug":"v-d-predsednika-republike-kosova-dr-jakup-krasnici-se-sastao-sa-premijerom-albanije-dr-sali-berisha","status":"publish","type":"post","link":"https:\/\/president-ksgov.net\/sr\/v-d-predsednika-republike-kosova-dr-jakup-krasnici-se-sastao-sa-premijerom-albanije-dr-sali-berisha\/","title":{"rendered":"V.D. PREDSEDNIKA REPUBLIKE KOSOVA, DR. JAKUP KRASNI\u0106I SE SASTAO SA PREMIJEROM ALBANIJE, DR. SALI BERISHA"},"content":{"rendered":"<p>Tirana, 13 Januar 2011 god.<br \/>\nVr&#353;ioc Du&#382;nosti Predsednika Republike Kosova, dr. Jakup Krasni\u0107i, u okviru slu&#382;bene posete Republici Albaniji,  danas se sastao sa Premijerom Republike Albanije, dr. Sali Berisha.<\/p>\n<p>Na sastanku se razgovaralo o odnosima i saradnji izmedju dve zemlje, poslednjim zbivanjima na Kosovu nakon op&#353;tih izbora te o pitanjima koja se odnose na izve&#353;taj izve&#353;taca Saveta Evrope, Dick Marty-ja.<\/p>\n<p>Na jednoj zajednickoj konferenciji za medije, odr&#382;ane posle sastanka, V.D. Predsednika Kosova, dr. Jakup Krasnici i Premijer Albanije, Sali Berisha, ocenjujuci u celosti pretenzije izve&#353;taca Marty-ja kao neistinite, rasisticke i antialbanske, zahtevali su da se, u rezoluciji koja se ocekuje usvajati u Parlamentarnoj Skup&#353;tini Saveta Evrope, od izve&#353;taca Marty-ja zatra&#382;i da sve dokaze o pretenzijama\u00a0 pokrenutih njegovim izve&#353;tajem ustupi EULEX-u i Med&#382;unarodnom Sudu Pravde u Hagu.<\/p>\n<p>U nastavku sledi ceo transkript ove konferencije za medije:<br \/>\nVr&#353;ioc Du&#382;nosti Predsednika, dr. Jakup Krasnici: Ja kad god dolazim u Albaniju se osecam upravo kao na Kosovu. Imao sam posebno zadovoljstvo razgovarati sa Premijerom Albanije, g-dinom Berisha, o politickim tokovima na Kosovu s posebnim naglaskom i bivajuci predstavnici dveju zemalja, naravno, da smo razgovarali i o jednoj dubljoj saradnji izmedju Albanije i Kosova, kako na planu unutra&#353;njih politika i ekonomskog razvoja, tako i na planu inostrane diplomatije.<\/p>\n<p>Posebno smo se zadr&#382;ali na izve&#353;taj izve&#353;taca Saveta Evrope, g-dina Dick Marty-ja, koji u izve&#353;taju optu&#382;uje ne samo Oslobodilacku Vojsku Kosova, nego sve albance na Kosovu i Albaniji.<\/p>\n<p>Ova podignuta optu&#382;ba, koja nije nova nego ponovljena,\u00a0 obavezuje obe na&#353;e zemlje, dve diplomatske politike na&#353;ih zemalja da na koordinaciju polova radi suprotstavljanja ovom izve&#353;taju koji je ocenjen kao jedan politicki pamflet. Mi smo spremni da med&#382;unarodne profesionalne institucije vr&#353;e svestranu profesionalnu istragu o svim optu&#382;bama uperene protiv pravedne borbe naroda Kosova za slobodu i ostvareno oslobodjenje. Mi smo ubedjeni da u celokupnom politickom programu nacionalnog pokreta za oslobodjenje Kosova, niti u jednoj njegovoj fazi nije bilo drugog cilja osim borbe za slobodu i oslobodjenje i ukoliko je u odredjenim fazama bilo moguce da se to tretira kao greh ili je moglo da se u odredjenim krugovima smatra\/tretira grehom ona je bila samo borba za slobodu i nacionalno ujedinjenje, ali to nije i&#353;lo putem nikakve forme organizovanog kriminala prema ijednoj etnickoj grupi ili drugom narodu za otimanje, za istrebljenje ili za trgovinu organima, niti ijednom coveku radi kriminalnih ciljeva.<\/p>\n<p>U ovom slucaju mi smo spremni da se suceljavamo sa med&#382;unarodnim pravom. Mi smo ubedjeni da Evropska Zajednica ima jednu strucnu formaciju na Kosovu, za potpomaganje pravnog sistema na Kosovu i u izvr&#353;nom pothvatu tako da smo zahtevali da EULEX nastavlja istragu onde gde je ranije okoncala med&#382;unarodna administracija na Kosovu.<\/p>\n<p>Ovom prilikom smatram da i Kosovo i Albanija smo u pravom, ubedjeni smo da je na&#353;a borba bila pravedna, bila je borba za dostojanstvo, i bivajuci takva, ona je imala podr&#353;ku EZ, te SAD i\u00a0 NATO-a. U ovom slucaju, ovu optu&#382;bu mi smtramo optu&#382;bom koja je upucena svim zemljama koje su pomogle u vi&#353;e vidova, vojno i humanitarno,oslobodjenje naroda Kosova. Tako da sam ja ubedjen, kao &#353;to smo razgovarali sa Premijerom Berisha, da na&#353;a koordinacija od sada pa nadalje ce biti u slu&#382;bi pravde, stabilnosti i razvoja u Albaniji i na Kosovu.<\/p>\n<p>Premijer Berisha: Sa Predsednikom Republike Kosova i Predsednikom Parlamenta, g-din Jakup Krasnici i delegacijom koja ga prati, smo ostvarili srdacan i bratski sastanak, na kojem smo mi pre svega razgovarali o putevima i nacinu svestranog intenziviranja\u00a0 odnosa medju dve na&#353;e zemalje, u svim oblastima i sa zakovoljstvom konstatujem da ovi odnosi do&#382;ivljavaju sve vi&#353;i razvoj te da su ovi odnosi od posebne va&#382;nosti za gradjane obeju zemalja. U ovom kontekstu Kosovo ce uspostavljati nove institucije i, naravno, nalazi se na pragu drugih va&#382;nih dogadjaja, kao &#353;to je pocetak dijaloga izmedju Kosova i Srbije, jednog neophodnog dijaloga za mir, stabilnost i buducnost regije.<\/p>\n<p>Naravno da je na na&#353;em sastanku raspravljen i problem izve&#353;taja\u00a0 senatora Dick Marty-ja. Mi verujemo i mislimo da je najbolji odgovor ovom, od pocetka do kraja rasistickom i klevetnickom izve&#353;taju, jeste na&#353; zahtev za potpunu istragu svih problema, koji se navode u ovom izve&#353;taju, od strane EULEX-a i Ha&#353;kog Med&#382;unarodnog Suda. Jo&#353; jednom nagla&#353;avam da albanska vlada je uputila slu&#382;beni poziv EULEX-u\u00a0 i Med&#382;unarodnom Sudu da ponovo zapocnu istragu ovih pretenzija senatora Marty-ja, koji ne donosi ni&#353;ta novo, osim &#353;to uzastopno ponavlja vi&#353;e puta ranijim istragama odbacene optu&#382;be, po&#353;to sada dolaze u jednoj instituciji, cine neophodnim jo&#353; jednom, mislim, jednu potpunu istragu. Albanska Vlada ce stvoriti sve potrebne olak&#353;ice za istragu problematike koju je on pokrenuo. Mi ne ometamo, nego &#382;elimo ovu istragu, iako svi mi izra&#382;avamo &#382;aljenje &#353;to se takvi rasisticki izve&#353;taji citaju u Savet Evrope.<\/p>\n<p>&#381;elim ovde razjasniti da ne okvalifikujem racistom Dick Marty-ja za optu&#382;be koje cini. Optu&#382;be je on prikupio iz Beogradskih anala, iz ruskih lobija i druge zaredom, ali Dick Marty se doka&#382;e i izlazi goli&#353;av pred svetom sa njegovim rasizmom, opisom koji cini albanskom dru&#353;tvu. On je sebi dozvolio upotrebu &#353;ablona racisticke srpske doktrine o albancima te da ih transkripira na jednom izve&#353;taju za Savet Evrope. Albansko dru&#353;tvo nije ono &#353;to opisuje ni Dick Marty, ni Cubrilovic u njegovim spisima. Albansko dru&#353;tvo, naravno, da je dru&#353;tvo koje ima svoju urbanu hiljadegodi&#353;nju istoriju, ima i njenu istoriju perifernih zona sa njihovim elementima. Ukoliko primecujete, Dick Marty, za skidace bubrega je izabrao albance i za preuzimace bubrega je izabrao jevreje. Nije mogao biti neki rus ili neko drugi da preuzme trgovanje bubrega, nego je trebalo biti jevrej, kako bi ispao gol golcat u njegovom rasizmu.<\/p>\n<p>Jo&#353; jednom hocu reci da je na&#353; zahtev odlucan za istragu. Mi smo slobodne zemlje i apsolutno odlucno osudjujemo svaku vrstu ratnog zlocina ili zlocina nad covecanstvom, ciji god to bio. Prema bilo kome, med&#382;unarodni zakon da deluje najvecom snagom, jer oslobodilacka borba Kosova cini najsvetlije lice albanske nacionalne istorije, cini jedan od ratova, koji je okoncao poslednju koloniju u Evropi, cini albansko naporno nastojanje i patnje, koje je pitanje njihovog oslobodjenja dovelo do pitanja samostalnosti slobodnoga sveta. One koje ozledi sloboda albanaca, preostaje nam samo da im ka&#382;emo: Bog vam oslobodio du&#353;e od mr&#382;nje i rasizma prema albancima. Albanci su nacija koja se odu&#353;evljava vrlinom prijateljstva i koja nema grobova na teritoriji, zemljama ijedne druge nacije. Drugi su ostavljali horde i kosti u albanskim zemljama, albanci nigde. Dve hiljade godine otpora, ovo je njihova istorija. Oslobodilacka borba Kosova je okoncala 130 godi&#353;nju borbu koja se odvijala u okupiranoj zemlji. Albanci su odlucni gledati napred u njihovu zajednicku buducnost, odlucni da bele&#382;e novi odlomak sa svojim susedima, odlomak evropske integracije.<\/p>\n<p>Pitanje: G-dine Krasnici da li mislite da ove optu&#382;be o&#353;tecuju imid&#382; Kosova i da li ce uticati na ocekivani dijalog izmedju Kosova i Srbije? <\/p>\n<p>Vr&#353;iod Du&#382;nosti Predsednika. dr.Jakup Krasnici: Sigurno da je izve&#353;taj izve&#353;taca Saveta Evrope &#353;tetocin, jer sama prevara koja je ucinjena u tom izve&#353;taju, je imala za cilj realno politicko o&#353;tecenje Kosova. Ali da li ce ovaj izve&#353;taj uticati na dijalog koji se ocekuje izmedju Kosova i Srbije, ja mislim da nece\u00a0 moci ometati, mo&#382;da ce prouzrokovati ka&#353;njenje dijaloga.<br \/>\nKosova, jo&#353; od Konferencije u Rambuje pa na ovamo, uvek je imala i ima spremnost razgovarati o svemu &#353;to je u interesu Republike Kosova, njenih gradjana, ali i u interesu Republike Srbije i njenih gradjana. Kada ka&#382;em gradjana Srbije i gradjana Kosova, mislim na gradjane albance koji &#382;ive u Republici Srbiji i na gradjane srbe koji &#382;ive na Kosovu.O svemu &#353;to ide u pravcu pobolj&#353;anja i uzdizanja kvaliteta &#382;ivota ovih gradjana na&#353;ih dveju zemalja mi smo spremni razgovarati.<\/p>\n<p>Pitanje:G-dine Premijeru jo&#353; 22 Decembra vi ste uputili poziv EULEX-u i Ha&#353;kom Sudu za istragu, imali kakav odgovor od njih, koja ce biti reakcija Albanije u Parlamentarnoj Skup&#353;tini Saveta Evrope i kao zemlja clanica &#353;ta ce se konkretno zatra&#382;iti?<\/p>\n<p>Premije Berisha: Najpre &#382;elim samo ne&#353;to dodati za prvo pitanje. Jedna rasisticka antialbanska histerija, ne mo&#382;e dezorjentirati\u00a0 albance sa njihovog kursa anga&#382;ovanja za mir, stabilnosti i integraciju. Bez obzira &#353;to je takav(izve&#353;taj), potpuno smo otvoreni za ozbiljnu med&#382;unarodnu istragu i potpuno ubedjeni za doprinos za svaku istinitost koja bude proiza&#353;la.<br \/>\nDrugo, na&#353;a delegacija ide na Parlamentarnu Skup&#353;tinu sa porukom i odlukom da zatra&#382;i istragu rezolucijom koja ce se izglasat o ovom pitanju od strane med&#382;unarodnih institucija, EULEX-a i Med&#382;unarodnog Suda i amandmanom delegacije koji ce biti u rezoluciji, da se zahteva od Dick Marty-ja da sve podatke koje ima preda EULEX-u i Med&#382;unarodnom Sudu.<\/p>\n<p>Ovo je visoka obaveza, zakonska i moralna, Saveta Evrope. Mi cemo glasati rezoluciju, naravno jo&#353; jednom navodeci na&#353; prezir na rasizam izve&#353;taja Dick Marty-ja. Ali rasizam nikome ne donosi slavu, naprotiv to je atavizam kojem se trebaju protiviti civilizovani ljudi boreci se protiv njega, oslobadjajuci se od njega kako bi i oni u&#382;ivali ljudske vrednote, jer atavizmi jako smetaju.<\/p>\n<p>Ovo ce biti na&#353; stav, stav na&#353;e delegacije. Meni je, poziv da budem tamo, do&#353;ao mesec ranije od Predssednika Parlamentarne Skup&#353;tine, g-dina Cau&#353;oglu, imam zadovoljstvo da se obratim Skup&#353;tini. Mi cemo podneti jedan amandman kojim cemo zahtevat da Dick Marty preda EULEX-u sve dokaze, cinjenice koje on pretendira da ih je prikupio, u najboljem interesu za osvetljavanje istine.<\/p>\n<p>Pitanje: Nezavisno od toga &#353;to mi ne mo&#382;emo predvideti uticaj koji mo&#382;e imati rezolucija Saveta Evrope, &#382;eloibih vas pitati u okviru va&#353;ih anga&#382;ovanja, za obele&#382;avanje jednog novog poglavlja albanskog dru&#353;tva. Pri&#353;tina i Tirana imaju Mogucnost i kapacitete da preambulama dveju na&#353;ih dr&#382;ava potpomognu sastavljanje jednog nacrta ili izve&#353;taja, koji bi se suprotstavio naucno dokazanim, istorijski pravedno i politicki zakonito, svemu onom na cemu se poziva Dick Marty. Koje su mogucnosti da se izlazi sa jednim takvim dokumentom?<\/p>\n<p>Premije Berisha: Istra&#382;ivaci mogu obaviti svoj posao, vladajuci organi ce odgovarati pru&#382;ajuci pomoc, olak&#353;ice, potra&#382;njom potpune med&#382;unarodne istrage optu&#382;bama Dick Marty-jevog izve&#353;taja. Ali, da mi kao vlada tro&#353;imo i da se bavimo arhivima anitalbanskog rasizma ne. Mi cemo se baviti buducno&#353;cu. Istra&#382;ivaci neka vr&#353;e njihov posao, mi cemo se baviti sa izgradnjom buducnosti sa nacijama koje nas okru&#382;uju, sa susednim zemljama.<br \/>\nVr&#353;ioc Du&#382;nosti Predsednika, dr. Jakup Krasnici: Saglasan sam sa ovim &#353;to je rekao Premijer Berisha, znaci da politika na Kosovu i Albaniji ima obavezu razvijati zemlju, da prepoznaje i prihvata perspektive za gradjane na&#353;ih dveju zemalja, i nakon Juna 1999 godine Kosovo i Albanija su zapocele jedan novi period su&#382;ivota, za koju postoje mogucnosti da se razvija u vi&#353;e oblasti. Mo&#382;da tokom ovih malog broja pro&#353;lih godina smo uspeli produbiti odnose saradnje u svim mogucim oblastima, ali ocekujem da ce i Albanija i Kosovo saciniti programe ekonomskog razvoja njihovih zemalja za sjedinjenje svega onog &#353;to se mo&#382;e sjediniti izmedju na&#353;ih dveju zemalja, jednog naroda koji ima jednu kulturu i jednu istoriju.<\/p>\n<p>Pitanje: Ima li novih tokova za formiranje nove vlade Kosova?<\/p>\n<p>Vr&#353;ioc Du&#382;nosti Predsednika, dr. Jakup Krasnici: Vi vec znate da smo na Kosovu 12 Decembra imali jedan izborni proces,jedan\u00a0 proces koji je jo&#353; u toku. Na dan 23 Januar 2011 imat cemo ponavljanje izbora u Mitrovici, kada ocekujemo zavr&#353;avanje ovog rezultata te potom formiranje vlade i institucija koje ce proizaci iz ovih izbnora. Mi smo u ocekivanju i verujemo da ce nezavisne izborne institucije da korigiraju ovaj proces i da ce formirati nove institucije.<\/p>\n","protected":false},"excerpt":{"rendered":"<p>Tirana, 13 Januar 2011 god.<br \/>\nVr&#353;ioc Du&#382;nosti Predsednika Republike Kosova, dr. Jakup Krasni\u0107i, u okviru slu&#382;bene posete Republici Albaniji,  danas se sastao sa Premijerom Republike Albanije, dr. Sali Berisha.<\/p>\n","protected":false},"author":1,"featured_media":62484,"comment_status":"open","ping_status":"closed","sticky":false,"template":"","format":"standard","meta":{"_eb_attr":"","footnotes":""},"categories":[101],"tags":[],"class_list":["post-79858","post","type-post","status-publish","format-standard","has-post-thumbnail","hentry","category-vesti"],"yoast_head":"<!-- This site is optimized with the Yoast SEO plugin v23.5 - https:\/\/yoast.com\/wordpress\/plugins\/seo\/ -->\n<title>V.D. PREDSEDNIKA REPUBLIKE KOSOVA, DR. JAKUP KRASNI\u0106I SE SASTAO SA PREMIJEROM ALBANIJE, DR. SALI BERISHA - Predsednik Republike Kosovo - DR. VJOSA OSMANI - SADRIU<\/title>\n<meta name=\"description\" content=\"V.D. PREDSEDNIKA REPUBLIKE KOSOVA, DR. JAKUP KRASNI\u0106I SE SASTAO SA PREMIJEROM ALBANIJE, DR. SALI BERISHA - Predsednik Republike Kosovo - DR. VJOSA OSMANI - SADRIU -\" \/>\n<meta name=\"robots\" content=\"index, follow, max-snippet:-1, max-image-preview:large, max-video-preview:-1\" \/>\n<link rel=\"canonical\" href=\"https:\/\/president-ksgov.net\/u-d-i-presidentit-te-republikes-se-kosoves-dr-jakup-krasniqi-u-prit-nga-kryeministri-i-shqiperise-dr-sali-berisha\/\" \/>\n<meta property=\"og:locale\" content=\"sr_RS\" \/>\n<meta property=\"og:type\" content=\"article\" \/>\n<meta property=\"og:title\" content=\"V.D. PREDSEDNIKA REPUBLIKE KOSOVA, DR. JAKUP KRASNI\u0106I SE SASTAO SA PREMIJEROM ALBANIJE, DR. SALI BERISHA - Predsednik Republike Kosovo - DR. VJOSA OSMANI - SADRIU\" \/>\n<meta property=\"og:description\" content=\"V.D. PREDSEDNIKA REPUBLIKE KOSOVA, DR. JAKUP KRASNI\u0106I SE SASTAO SA PREMIJEROM ALBANIJE, DR. SALI BERISHA - Predsednik Republike Kosovo - DR. VJOSA OSMANI - SADRIU -\" \/>\n<meta property=\"og:url\" content=\"https:\/\/president-ksgov.net\/u-d-i-presidentit-te-republikes-se-kosoves-dr-jakup-krasniqi-u-prit-nga-kryeministri-i-shqiperise-dr-sali-berisha\/\" \/>\n<meta property=\"og:site_name\" content=\"Predsednik Republike Kosovo - DR. VJOSA OSMANI - SADRIU\" \/>\n<meta property=\"article:published_time\" content=\"2011-01-13T17:29:03+00:00\" \/>\n<meta property=\"og:image\" content=\"https:\/\/president-ksgov.net\/wp-content\/uploads\/foto_1_me_Berishen.jpg\" \/>\n\t<meta property=\"og:image:width\" content=\"800\" \/>\n\t<meta property=\"og:image:height\" content=\"534\" \/>\n\t<meta property=\"og:image:type\" content=\"image\/jpeg\" \/>\n<meta name=\"author\" content=\"admin\" \/>\n<meta name=\"twitter:card\" content=\"summary_large_image\" \/>\n<meta name=\"twitter:label1\" content=\"\u041d\u0430\u043f\u0438\u0441\u0430\u043d\u043e \u043e\u0434\" \/>\n\t<meta name=\"twitter:data1\" content=\"admin\" \/>\n\t<meta name=\"twitter:label2\" content=\"\u041f\u0440\u043e\u0446\u0435\u045a\u0435\u043d\u043e \u0432\u0440\u0435\u043c\u0435 \u0447\u0438\u0442\u0430\u045a\u0430\" \/>\n\t<meta name=\"twitter:data2\" content=\"10 \u043c\u0438\u043d\u0443\u0442\u0430\" \/>\n<script type=\"application\/ld+json\" class=\"yoast-schema-graph\">{\"@context\":\"https:\/\/schema.org\",\"@graph\":[{\"@type\":\"WebPage\",\"@id\":\"https:\/\/president-ksgov.net\/u-d-i-presidentit-te-republikes-se-kosoves-dr-jakup-krasniqi-u-prit-nga-kryeministri-i-shqiperise-dr-sali-berisha\/\",\"url\":\"https:\/\/president-ksgov.net\/u-d-i-presidentit-te-republikes-se-kosoves-dr-jakup-krasniqi-u-prit-nga-kryeministri-i-shqiperise-dr-sali-berisha\/\",\"name\":\"V.D. PREDSEDNIKA REPUBLIKE KOSOVA, DR. JAKUP KRASNI\u0106I SE SASTAO SA PREMIJEROM ALBANIJE, DR. SALI BERISHA - Predsednik Republike Kosovo - DR. VJOSA OSMANI - SADRIU\",\"isPartOf\":{\"@id\":\"https:\/\/president-ksgov.net\/#website\"},\"primaryImageOfPage\":{\"@id\":\"https:\/\/president-ksgov.net\/u-d-i-presidentit-te-republikes-se-kosoves-dr-jakup-krasniqi-u-prit-nga-kryeministri-i-shqiperise-dr-sali-berisha\/#primaryimage\"},\"image\":{\"@id\":\"https:\/\/president-ksgov.net\/u-d-i-presidentit-te-republikes-se-kosoves-dr-jakup-krasniqi-u-prit-nga-kryeministri-i-shqiperise-dr-sali-berisha\/#primaryimage\"},\"thumbnailUrl\":\"https:\/\/president-ksgov.net\/wp-content\/uploads\/foto_1_me_Berishen.jpg\",\"datePublished\":\"2011-01-13T17:29:03+00:00\",\"dateModified\":\"2011-01-13T17:29:03+00:00\",\"author\":{\"@id\":\"https:\/\/president-ksgov.net\/#\/schema\/person\/bb4337a5fb147cb2046d80548172cbee\"},\"description\":\"V.D. PREDSEDNIKA REPUBLIKE KOSOVA, DR. JAKUP KRASNI\u0106I SE SASTAO SA PREMIJEROM ALBANIJE, DR. SALI BERISHA - Predsednik Republike Kosovo - DR. VJOSA OSMANI - SADRIU -\",\"breadcrumb\":{\"@id\":\"https:\/\/president-ksgov.net\/u-d-i-presidentit-te-republikes-se-kosoves-dr-jakup-krasniqi-u-prit-nga-kryeministri-i-shqiperise-dr-sali-berisha\/#breadcrumb\"},\"inLanguage\":\"sr-RS\",\"potentialAction\":[{\"@type\":\"ReadAction\",\"target\":[\"https:\/\/president-ksgov.net\/u-d-i-presidentit-te-republikes-se-kosoves-dr-jakup-krasniqi-u-prit-nga-kryeministri-i-shqiperise-dr-sali-berisha\/\"]}]},{\"@type\":\"ImageObject\",\"inLanguage\":\"sr-RS\",\"@id\":\"https:\/\/president-ksgov.net\/u-d-i-presidentit-te-republikes-se-kosoves-dr-jakup-krasniqi-u-prit-nga-kryeministri-i-shqiperise-dr-sali-berisha\/#primaryimage\",\"url\":\"https:\/\/president-ksgov.net\/wp-content\/uploads\/foto_1_me_Berishen.jpg\",\"contentUrl\":\"https:\/\/president-ksgov.net\/wp-content\/uploads\/foto_1_me_Berishen.jpg\",\"width\":800,\"height\":534},{\"@type\":\"BreadcrumbList\",\"@id\":\"https:\/\/president-ksgov.net\/u-d-i-presidentit-te-republikes-se-kosoves-dr-jakup-krasniqi-u-prit-nga-kryeministri-i-shqiperise-dr-sali-berisha\/#breadcrumb\",\"itemListElement\":[{\"@type\":\"ListItem\",\"position\":1,\"name\":\"Home\",\"item\":\"https:\/\/president-ksgov.net\/sr\/\"},{\"@type\":\"ListItem\",\"position\":2,\"name\":\"V.D. PREDSEDNIKA REPUBLIKE KOSOVA, DR. JAKUP KRASNI\u0106I SE SASTAO SA PREMIJEROM ALBANIJE, DR. SALI BERISHA\"}]},{\"@type\":\"WebSite\",\"@id\":\"https:\/\/president-ksgov.net\/#website\",\"url\":\"https:\/\/president-ksgov.net\/\",\"name\":\"Presidente e Republik\u00ebs s\u00eb Kosov\u00ebs\",\"description\":\"Presidente e Republik\u00ebs s\u00eb Kosov\u00ebs\",\"alternateName\":\"DR. VJOSA OSMANI - SADRIU\",\"potentialAction\":[{\"@type\":\"SearchAction\",\"target\":{\"@type\":\"EntryPoint\",\"urlTemplate\":\"https:\/\/president-ksgov.net\/?s={search_term_string}\"},\"query-input\":{\"@type\":\"PropertyValueSpecification\",\"valueRequired\":true,\"valueName\":\"search_term_string\"}}],\"inLanguage\":\"sr-RS\"},{\"@type\":\"Person\",\"@id\":\"https:\/\/president-ksgov.net\/#\/schema\/person\/bb4337a5fb147cb2046d80548172cbee\",\"name\":\"admin\",\"image\":{\"@type\":\"ImageObject\",\"inLanguage\":\"sr-RS\",\"@id\":\"https:\/\/president-ksgov.net\/#\/schema\/person\/image\/\",\"url\":\"https:\/\/secure.gravatar.com\/avatar\/36156ca0fa3b8d9d25174f146e16beea0cf28f37adf1b9e19b6c9c279a7c9dd3?s=96&d=mm&r=g\",\"contentUrl\":\"https:\/\/secure.gravatar.com\/avatar\/36156ca0fa3b8d9d25174f146e16beea0cf28f37adf1b9e19b6c9c279a7c9dd3?s=96&d=mm&r=g\",\"caption\":\"admin\"},\"sameAs\":[\"https:\/\/president-ksgov.net\"]}]}<\/script>\n<!-- \/ Yoast SEO plugin. -->","yoast_head_json":{"title":"V.D. PREDSEDNIKA REPUBLIKE KOSOVA, DR. JAKUP KRASNI\u0106I SE SASTAO SA PREMIJEROM ALBANIJE, DR. SALI BERISHA - Predsednik Republike Kosovo - DR. VJOSA OSMANI - SADRIU","description":"V.D. PREDSEDNIKA REPUBLIKE KOSOVA, DR. JAKUP KRASNI\u0106I SE SASTAO SA PREMIJEROM ALBANIJE, DR. SALI BERISHA - Predsednik Republike Kosovo - DR. VJOSA OSMANI - SADRIU -","robots":{"index":"index","follow":"follow","max-snippet":"max-snippet:-1","max-image-preview":"max-image-preview:large","max-video-preview":"max-video-preview:-1"},"canonical":"https:\/\/president-ksgov.net\/u-d-i-presidentit-te-republikes-se-kosoves-dr-jakup-krasniqi-u-prit-nga-kryeministri-i-shqiperise-dr-sali-berisha\/","og_locale":"sr_RS","og_type":"article","og_title":"V.D. PREDSEDNIKA REPUBLIKE KOSOVA, DR. JAKUP KRASNI\u0106I SE SASTAO SA PREMIJEROM ALBANIJE, DR. SALI BERISHA - Predsednik Republike Kosovo - DR. VJOSA OSMANI - SADRIU","og_description":"V.D. PREDSEDNIKA REPUBLIKE KOSOVA, DR. JAKUP KRASNI\u0106I SE SASTAO SA PREMIJEROM ALBANIJE, DR. SALI BERISHA - Predsednik Republike Kosovo - DR. VJOSA OSMANI - SADRIU -","og_url":"https:\/\/president-ksgov.net\/u-d-i-presidentit-te-republikes-se-kosoves-dr-jakup-krasniqi-u-prit-nga-kryeministri-i-shqiperise-dr-sali-berisha\/","og_site_name":"Predsednik Republike Kosovo - DR. VJOSA OSMANI - SADRIU","article_published_time":"2011-01-13T17:29:03+00:00","og_image":[{"width":800,"height":534,"url":"https:\/\/president-ksgov.net\/wp-content\/uploads\/foto_1_me_Berishen.jpg","type":"image\/jpeg"}],"author":"admin","twitter_card":"summary_large_image","twitter_misc":{"\u041d\u0430\u043f\u0438\u0441\u0430\u043d\u043e \u043e\u0434":"admin","\u041f\u0440\u043e\u0446\u0435\u045a\u0435\u043d\u043e \u0432\u0440\u0435\u043c\u0435 \u0447\u0438\u0442\u0430\u045a\u0430":"10 \u043c\u0438\u043d\u0443\u0442\u0430"},"schema":{"@context":"https:\/\/schema.org","@graph":[{"@type":"WebPage","@id":"https:\/\/president-ksgov.net\/u-d-i-presidentit-te-republikes-se-kosoves-dr-jakup-krasniqi-u-prit-nga-kryeministri-i-shqiperise-dr-sali-berisha\/","url":"https:\/\/president-ksgov.net\/u-d-i-presidentit-te-republikes-se-kosoves-dr-jakup-krasniqi-u-prit-nga-kryeministri-i-shqiperise-dr-sali-berisha\/","name":"V.D. PREDSEDNIKA REPUBLIKE KOSOVA, DR. JAKUP KRASNI\u0106I SE SASTAO SA PREMIJEROM ALBANIJE, DR. SALI BERISHA - Predsednik Republike Kosovo - DR. VJOSA OSMANI - SADRIU","isPartOf":{"@id":"https:\/\/president-ksgov.net\/#website"},"primaryImageOfPage":{"@id":"https:\/\/president-ksgov.net\/u-d-i-presidentit-te-republikes-se-kosoves-dr-jakup-krasniqi-u-prit-nga-kryeministri-i-shqiperise-dr-sali-berisha\/#primaryimage"},"image":{"@id":"https:\/\/president-ksgov.net\/u-d-i-presidentit-te-republikes-se-kosoves-dr-jakup-krasniqi-u-prit-nga-kryeministri-i-shqiperise-dr-sali-berisha\/#primaryimage"},"thumbnailUrl":"https:\/\/president-ksgov.net\/wp-content\/uploads\/foto_1_me_Berishen.jpg","datePublished":"2011-01-13T17:29:03+00:00","dateModified":"2011-01-13T17:29:03+00:00","author":{"@id":"https:\/\/president-ksgov.net\/#\/schema\/person\/bb4337a5fb147cb2046d80548172cbee"},"description":"V.D. PREDSEDNIKA REPUBLIKE KOSOVA, DR. JAKUP KRASNI\u0106I SE SASTAO SA PREMIJEROM ALBANIJE, DR. SALI BERISHA - Predsednik Republike Kosovo - DR. VJOSA OSMANI - SADRIU -","breadcrumb":{"@id":"https:\/\/president-ksgov.net\/u-d-i-presidentit-te-republikes-se-kosoves-dr-jakup-krasniqi-u-prit-nga-kryeministri-i-shqiperise-dr-sali-berisha\/#breadcrumb"},"inLanguage":"sr-RS","potentialAction":[{"@type":"ReadAction","target":["https:\/\/president-ksgov.net\/u-d-i-presidentit-te-republikes-se-kosoves-dr-jakup-krasniqi-u-prit-nga-kryeministri-i-shqiperise-dr-sali-berisha\/"]}]},{"@type":"ImageObject","inLanguage":"sr-RS","@id":"https:\/\/president-ksgov.net\/u-d-i-presidentit-te-republikes-se-kosoves-dr-jakup-krasniqi-u-prit-nga-kryeministri-i-shqiperise-dr-sali-berisha\/#primaryimage","url":"https:\/\/president-ksgov.net\/wp-content\/uploads\/foto_1_me_Berishen.jpg","contentUrl":"https:\/\/president-ksgov.net\/wp-content\/uploads\/foto_1_me_Berishen.jpg","width":800,"height":534},{"@type":"BreadcrumbList","@id":"https:\/\/president-ksgov.net\/u-d-i-presidentit-te-republikes-se-kosoves-dr-jakup-krasniqi-u-prit-nga-kryeministri-i-shqiperise-dr-sali-berisha\/#breadcrumb","itemListElement":[{"@type":"ListItem","position":1,"name":"Home","item":"https:\/\/president-ksgov.net\/sr\/"},{"@type":"ListItem","position":2,"name":"V.D. PREDSEDNIKA REPUBLIKE KOSOVA, DR. JAKUP KRASNI\u0106I SE SASTAO SA PREMIJEROM ALBANIJE, DR. SALI BERISHA"}]},{"@type":"WebSite","@id":"https:\/\/president-ksgov.net\/#website","url":"https:\/\/president-ksgov.net\/","name":"Presidente e Republik\u00ebs s\u00eb Kosov\u00ebs","description":"Presidente e Republik\u00ebs s\u00eb Kosov\u00ebs","alternateName":"DR. VJOSA OSMANI - SADRIU","potentialAction":[{"@type":"SearchAction","target":{"@type":"EntryPoint","urlTemplate":"https:\/\/president-ksgov.net\/?s={search_term_string}"},"query-input":{"@type":"PropertyValueSpecification","valueRequired":true,"valueName":"search_term_string"}}],"inLanguage":"sr-RS"},{"@type":"Person","@id":"https:\/\/president-ksgov.net\/#\/schema\/person\/bb4337a5fb147cb2046d80548172cbee","name":"admin","image":{"@type":"ImageObject","inLanguage":"sr-RS","@id":"https:\/\/president-ksgov.net\/#\/schema\/person\/image\/","url":"https:\/\/secure.gravatar.com\/avatar\/36156ca0fa3b8d9d25174f146e16beea0cf28f37adf1b9e19b6c9c279a7c9dd3?s=96&d=mm&r=g","contentUrl":"https:\/\/secure.gravatar.com\/avatar\/36156ca0fa3b8d9d25174f146e16beea0cf28f37adf1b9e19b6c9c279a7c9dd3?s=96&d=mm&r=g","caption":"admin"},"sameAs":["https:\/\/president-ksgov.net"]}]}},"_links":{"self":[{"href":"https:\/\/president-ksgov.net\/sr\/wp-json\/wp\/v2\/posts\/79858","targetHints":{"allow":["GET"]}}],"collection":[{"href":"https:\/\/president-ksgov.net\/sr\/wp-json\/wp\/v2\/posts"}],"about":[{"href":"https:\/\/president-ksgov.net\/sr\/wp-json\/wp\/v2\/types\/post"}],"author":[{"embeddable":true,"href":"https:\/\/president-ksgov.net\/sr\/wp-json\/wp\/v2\/users\/1"}],"replies":[{"embeddable":true,"href":"https:\/\/president-ksgov.net\/sr\/wp-json\/wp\/v2\/comments?post=79858"}],"version-history":[{"count":0,"href":"https:\/\/president-ksgov.net\/sr\/wp-json\/wp\/v2\/posts\/79858\/revisions"}],"wp:featuredmedia":[{"embeddable":true,"href":"https:\/\/president-ksgov.net\/sr\/wp-json\/wp\/v2\/media\/62484"}],"wp:attachment":[{"href":"https:\/\/president-ksgov.net\/sr\/wp-json\/wp\/v2\/media?parent=79858"}],"wp:term":[{"taxonomy":"category","embeddable":true,"href":"https:\/\/president-ksgov.net\/sr\/wp-json\/wp\/v2\/categories?post=79858"},{"taxonomy":"post_tag","embeddable":true,"href":"https:\/\/president-ksgov.net\/sr\/wp-json\/wp\/v2\/tags?post=79858"}],"curies":[{"name":"wp","href":"https:\/\/api.w.org\/{rel}","templated":true}]}}