{"id":79856,"date":"2011-01-13T16:38:02","date_gmt":"2011-01-13T16:38:02","guid":{"rendered":"https:\/\/dev.president-ksgov.net\/v-d-predsednika-dr-jakup-krasnici-se-sastao-sa-ermira-mehmeti-poslanik-u-skuptini-makedonije\/"},"modified":"2011-01-13T16:38:02","modified_gmt":"2011-01-13T16:38:02","slug":"v-d-predsednika-dr-jakup-krasnici-se-sastao-sa-ermira-mehmeti-poslanik-u-skuptini-makedonije","status":"publish","type":"post","link":"https:\/\/president-ksgov.net\/sr\/v-d-predsednika-dr-jakup-krasnici-se-sastao-sa-ermira-mehmeti-poslanik-u-skuptini-makedonije\/","title":{"rendered":"V.D. PREDSEDNIKA, DR JAKUP KRASNI\u0106I SE SASTAO SA ERMIRA MEHMETI, POSLANIK U SKUP&#138;TINI MAKEDONIJE"},"content":{"rendered":"<p>Vr&#353;ioc Du&#382;nosti Predsednika Republike Kosova, dr. Jakup Krasni\u0107i, se, tokom posete Albaniji, danas sastao i sa poslanikom Skup&#353;tine Republike Makedonije koja je ujedno i predstavnica albanske zajednice u Parlamentarnoj Skup&#353;tini Saveta Evrope, g-djom Ermira Mehmeti.<\/p>\n<p>U izjavi za medije, Vr&#353;ioc Du&#382;nosti predsednika, dr. Jakup Krasnici rece: &#8222;Nalazimo se u Albanije radi slu&#382;benih kontakata, kako se ne bi prekidali ovi kontakti, a ujedno smo na poseban nacin tretirali pitanje izve&#353;taja Izve&#353;taca Saveta Evrope, g-dina Dick Marty-ja u Parlamentarnoj Skup&#353;tini Saveta Evrope.<\/p>\n<p>Ovde smo i sa poslanikom iz Skup&#353;tine Republike Makedonije koja predstavlja zajednicu albanaca u Parlamentarnoj Skup&#353;tini Saveta Evrope, radi koordinacije zajednickih stavova o ovom izve&#353;taju kojeg smatramo da je recikla&#382;a nekih pitanja koja su bila pokrenuta i istra&#382;ena od strane Ha&#353;kog Med&#382;unarodnog Tribunala, i on\/ Tribunal je na kraju morao da odustaje od istrage po&#353;to nisu postojale cinjenice, nije bilo dokaza.<\/p>\n<p>Ovaj izve&#353;taj je recikla&#382;a tih stvari i ubedjeni smo da nije ozbiljan izve&#353;taj, ali ipak nas obavezuje da jo&#353; jednom zahtevamo i od Izve&#353;taca, i od Parlamentarne Skup&#353;tine Saveta Evrope da sve dokaze koje ima, ukoliko ih ima, da ih preda bilo Ha&#353;kom Tribunalu, bilo EULEX-u, kao strucnom organu Evropske Zajednice, radi potpomaganja pravnom sistemu Kosova, ili, na kraju krajeva, mi ne iskljucujemo mogucnost osnivanja jednog strucnog organa, radi konacnog prosudjivanja na osnovu dokaza i cinjenica. <\/p>\n<p>Ubedjeni smo da su se ovime nepravedno o&#353;tetile i Kosovo i Albanija, te s toga i Kosovo i Albanija i svi albanci, gde god se nalazili, trebalo bi da izvr&#353;e jednu njihovu obavezu i ostvare njihovo pravo pred bilo kojim evropskim ili med&#382;unarodnim mehanizmom da doka&#382;u da nisu krivi. Na kraju krajeva, mo&#382;da prevashodno treba da oni koji su se bavili ovim pitanjem da prikazuju krivicu ako je neko iz Oslobodilacke Vojske Kosova cinio takva kriminalna dela, koje su i za nas neprihvatljiva&#8220;.<\/p>\n<p>Upitan od novinara u cemu i kako su se usaglasili predstavljati u Strasburu, u okviru dana&#353;njih sastanaka sa delegacijom Albanskog Parlamenta u Generalnu Skup&#353;tinu\u00a0 Saveta Evrope i sa g-djom Mehmeti, Vr&#353;ioc Du&#382;nosti Predsednika, dr. Jakup Krasnici rece:&#8220;Zna se da Kosova ne mo&#382;e biti predstavnik, jer nije clanica Evropskog Saveta. Mi i da jesmo tamo necemo imati pravo obracanja\/govora, bar zasada ovako je.<\/p>\n<p>Mi smo zatra&#382;ili od poslanika Republike Albanije, ali i od g-dje Mehmeti da daju njihov doprinos suprotstavljanju ovom dokumentu i da se zahteva od Parlamentarne Skup&#353;tine Saveta Evrope da bilo ko koji ima dokaze za takve stvari neka preda odgovarajucim organima a ne da se daje javnosti radi trovanja javnog mnjenja za ne&#353;to o cemu prethodno pravda nije tako zakljucila. Trebalo bi pravda da daje svoj sud pa potom da se javnost upozna s onim &#353;to je pravni sistem potvrdio, u ovom slucaju med&#382;unarodno sudstvo&#8220;.\u00a0<\/p>\n","protected":false},"excerpt":{"rendered":"<p>Vr&#353;ioc Du&#382;nosti Predsednika Republike Kosova, dr. Jakup Krasni\u0107i, se, tokom posete Albaniji, danas sastao i sa poslanikom Skup&#353;tine Republike Makedonije koja je ujedno i predstavnica albanske zajednice u Parlamentarnoj Skup&#353;tini Saveta Evrope, g-djom Ermira Mehmeti.<\/p>\n","protected":false},"author":1,"featured_media":62455,"comment_status":"open","ping_status":"closed","sticky":false,"template":"","format":"standard","meta":{"_eb_attr":"","footnotes":""},"categories":[101],"tags":[],"class_list":["post-79856","post","type-post","status-publish","format-standard","has-post-thumbnail","hentry","category-vesti"],"yoast_head":"<!-- This site is optimized with the Yoast SEO plugin v23.5 - https:\/\/yoast.com\/wordpress\/plugins\/seo\/ -->\n<title>V.D. PREDSEDNIKA, DR JAKUP KRASNI\u0106I SE SASTAO SA ERMIRA MEHMETI, POSLANIK U SKUP&#138;TINI MAKEDONIJE - Predsednik Republike Kosovo - DR. VJOSA OSMANI - SADRIU<\/title>\n<meta name=\"description\" content=\"V.D. PREDSEDNIKA, DR JAKUP KRASNI\u0106I SE SASTAO SA ERMIRA MEHMETI, POSLANIK U SKUP&#138;TINI MAKEDONIJE - Predsednik Republike Kosovo - DR. VJOSA OSMANI - SADRIU -\" \/>\n<meta name=\"robots\" content=\"index, follow, max-snippet:-1, max-image-preview:large, max-video-preview:-1\" \/>\n<link rel=\"canonical\" href=\"https:\/\/president-ksgov.net\/u-d-i-presidentit-dr-jakup-krasniqi-u-takua-me-deputeten-ne-kuvendin-e-maqedonise-ermira-mehmeti\/\" \/>\n<meta property=\"og:locale\" content=\"sr_RS\" \/>\n<meta property=\"og:type\" content=\"article\" \/>\n<meta property=\"og:title\" content=\"V.D. PREDSEDNIKA, DR JAKUP KRASNI\u0106I SE SASTAO SA ERMIRA MEHMETI, POSLANIK U SKUP&#138;TINI MAKEDONIJE - Predsednik Republike Kosovo - DR. VJOSA OSMANI - SADRIU\" \/>\n<meta property=\"og:description\" content=\"V.D. PREDSEDNIKA, DR JAKUP KRASNI\u0106I SE SASTAO SA ERMIRA MEHMETI, POSLANIK U SKUP&#138;TINI MAKEDONIJE - Predsednik Republike Kosovo - DR. VJOSA OSMANI - SADRIU -\" \/>\n<meta property=\"og:url\" content=\"https:\/\/president-ksgov.net\/u-d-i-presidentit-dr-jakup-krasniqi-u-takua-me-deputeten-ne-kuvendin-e-maqedonise-ermira-mehmeti\/\" \/>\n<meta property=\"og:site_name\" content=\"Predsednik Republike Kosovo - DR. VJOSA OSMANI - SADRIU\" \/>\n<meta property=\"article:published_time\" content=\"2011-01-13T16:38:02+00:00\" \/>\n<meta property=\"og:image\" content=\"https:\/\/president-ksgov.net\/wp-content\/uploads\/Ermira_Mehmeti-foto_1.jpg\" \/>\n\t<meta property=\"og:image:width\" content=\"1000\" \/>\n\t<meta property=\"og:image:height\" content=\"667\" \/>\n\t<meta property=\"og:image:type\" content=\"image\/jpeg\" \/>\n<meta name=\"author\" content=\"admin\" \/>\n<meta name=\"twitter:card\" content=\"summary_large_image\" \/>\n<meta name=\"twitter:label1\" content=\"\u041d\u0430\u043f\u0438\u0441\u0430\u043d\u043e \u043e\u0434\" \/>\n\t<meta name=\"twitter:data1\" content=\"admin\" \/>\n\t<meta name=\"twitter:label2\" content=\"\u041f\u0440\u043e\u0446\u0435\u045a\u0435\u043d\u043e \u0432\u0440\u0435\u043c\u0435 \u0447\u0438\u0442\u0430\u045a\u0430\" \/>\n\t<meta name=\"twitter:data2\" content=\"2 \u043c\u0438\u043d\u0443\u0442\u0430\" \/>\n<script type=\"application\/ld+json\" class=\"yoast-schema-graph\">{\"@context\":\"https:\/\/schema.org\",\"@graph\":[{\"@type\":\"WebPage\",\"@id\":\"https:\/\/president-ksgov.net\/u-d-i-presidentit-dr-jakup-krasniqi-u-takua-me-deputeten-ne-kuvendin-e-maqedonise-ermira-mehmeti\/\",\"url\":\"https:\/\/president-ksgov.net\/u-d-i-presidentit-dr-jakup-krasniqi-u-takua-me-deputeten-ne-kuvendin-e-maqedonise-ermira-mehmeti\/\",\"name\":\"V.D. PREDSEDNIKA, DR JAKUP KRASNI\u0106I SE SASTAO SA ERMIRA MEHMETI, POSLANIK U SKUP&#138;TINI MAKEDONIJE - Predsednik Republike Kosovo - DR. VJOSA OSMANI - SADRIU\",\"isPartOf\":{\"@id\":\"https:\/\/president-ksgov.net\/#website\"},\"primaryImageOfPage\":{\"@id\":\"https:\/\/president-ksgov.net\/u-d-i-presidentit-dr-jakup-krasniqi-u-takua-me-deputeten-ne-kuvendin-e-maqedonise-ermira-mehmeti\/#primaryimage\"},\"image\":{\"@id\":\"https:\/\/president-ksgov.net\/u-d-i-presidentit-dr-jakup-krasniqi-u-takua-me-deputeten-ne-kuvendin-e-maqedonise-ermira-mehmeti\/#primaryimage\"},\"thumbnailUrl\":\"https:\/\/president-ksgov.net\/wp-content\/uploads\/Ermira_Mehmeti-foto_1.jpg\",\"datePublished\":\"2011-01-13T16:38:02+00:00\",\"dateModified\":\"2011-01-13T16:38:02+00:00\",\"author\":{\"@id\":\"https:\/\/president-ksgov.net\/#\/schema\/person\/bb4337a5fb147cb2046d80548172cbee\"},\"description\":\"V.D. PREDSEDNIKA, DR JAKUP KRASNI\u0106I SE SASTAO SA ERMIRA MEHMETI, POSLANIK U SKUP&#138;TINI MAKEDONIJE - Predsednik Republike Kosovo - DR. VJOSA OSMANI - SADRIU -\",\"breadcrumb\":{\"@id\":\"https:\/\/president-ksgov.net\/u-d-i-presidentit-dr-jakup-krasniqi-u-takua-me-deputeten-ne-kuvendin-e-maqedonise-ermira-mehmeti\/#breadcrumb\"},\"inLanguage\":\"sr-RS\",\"potentialAction\":[{\"@type\":\"ReadAction\",\"target\":[\"https:\/\/president-ksgov.net\/u-d-i-presidentit-dr-jakup-krasniqi-u-takua-me-deputeten-ne-kuvendin-e-maqedonise-ermira-mehmeti\/\"]}]},{\"@type\":\"ImageObject\",\"inLanguage\":\"sr-RS\",\"@id\":\"https:\/\/president-ksgov.net\/u-d-i-presidentit-dr-jakup-krasniqi-u-takua-me-deputeten-ne-kuvendin-e-maqedonise-ermira-mehmeti\/#primaryimage\",\"url\":\"https:\/\/president-ksgov.net\/wp-content\/uploads\/Ermira_Mehmeti-foto_1.jpg\",\"contentUrl\":\"https:\/\/president-ksgov.net\/wp-content\/uploads\/Ermira_Mehmeti-foto_1.jpg\",\"width\":1000,\"height\":667},{\"@type\":\"BreadcrumbList\",\"@id\":\"https:\/\/president-ksgov.net\/u-d-i-presidentit-dr-jakup-krasniqi-u-takua-me-deputeten-ne-kuvendin-e-maqedonise-ermira-mehmeti\/#breadcrumb\",\"itemListElement\":[{\"@type\":\"ListItem\",\"position\":1,\"name\":\"Home\",\"item\":\"https:\/\/president-ksgov.net\/sr\/\"},{\"@type\":\"ListItem\",\"position\":2,\"name\":\"V.D. PREDSEDNIKA, DR JAKUP KRASNI\u0106I SE SASTAO SA ERMIRA MEHMETI, POSLANIK U SKUP&#138;TINI MAKEDONIJE\"}]},{\"@type\":\"WebSite\",\"@id\":\"https:\/\/president-ksgov.net\/#website\",\"url\":\"https:\/\/president-ksgov.net\/\",\"name\":\"Presidente e Republik\u00ebs s\u00eb Kosov\u00ebs\",\"description\":\"Presidente e Republik\u00ebs s\u00eb Kosov\u00ebs\",\"alternateName\":\"DR. VJOSA OSMANI - SADRIU\",\"potentialAction\":[{\"@type\":\"SearchAction\",\"target\":{\"@type\":\"EntryPoint\",\"urlTemplate\":\"https:\/\/president-ksgov.net\/?s={search_term_string}\"},\"query-input\":{\"@type\":\"PropertyValueSpecification\",\"valueRequired\":true,\"valueName\":\"search_term_string\"}}],\"inLanguage\":\"sr-RS\"},{\"@type\":\"Person\",\"@id\":\"https:\/\/president-ksgov.net\/#\/schema\/person\/bb4337a5fb147cb2046d80548172cbee\",\"name\":\"admin\",\"image\":{\"@type\":\"ImageObject\",\"inLanguage\":\"sr-RS\",\"@id\":\"https:\/\/president-ksgov.net\/#\/schema\/person\/image\/\",\"url\":\"https:\/\/secure.gravatar.com\/avatar\/36156ca0fa3b8d9d25174f146e16beea0cf28f37adf1b9e19b6c9c279a7c9dd3?s=96&d=mm&r=g\",\"contentUrl\":\"https:\/\/secure.gravatar.com\/avatar\/36156ca0fa3b8d9d25174f146e16beea0cf28f37adf1b9e19b6c9c279a7c9dd3?s=96&d=mm&r=g\",\"caption\":\"admin\"},\"sameAs\":[\"https:\/\/president-ksgov.net\"]}]}<\/script>\n<!-- \/ Yoast SEO plugin. -->","yoast_head_json":{"title":"V.D. PREDSEDNIKA, DR JAKUP KRASNI\u0106I SE SASTAO SA ERMIRA MEHMETI, POSLANIK U SKUP&#138;TINI MAKEDONIJE - Predsednik Republike Kosovo - DR. VJOSA OSMANI - SADRIU","description":"V.D. PREDSEDNIKA, DR JAKUP KRASNI\u0106I SE SASTAO SA ERMIRA MEHMETI, POSLANIK U SKUP&#138;TINI MAKEDONIJE - Predsednik Republike Kosovo - DR. VJOSA OSMANI - SADRIU -","robots":{"index":"index","follow":"follow","max-snippet":"max-snippet:-1","max-image-preview":"max-image-preview:large","max-video-preview":"max-video-preview:-1"},"canonical":"https:\/\/president-ksgov.net\/u-d-i-presidentit-dr-jakup-krasniqi-u-takua-me-deputeten-ne-kuvendin-e-maqedonise-ermira-mehmeti\/","og_locale":"sr_RS","og_type":"article","og_title":"V.D. PREDSEDNIKA, DR JAKUP KRASNI\u0106I SE SASTAO SA ERMIRA MEHMETI, POSLANIK U SKUP&#138;TINI MAKEDONIJE - Predsednik Republike Kosovo - DR. VJOSA OSMANI - SADRIU","og_description":"V.D. PREDSEDNIKA, DR JAKUP KRASNI\u0106I SE SASTAO SA ERMIRA MEHMETI, POSLANIK U SKUP&#138;TINI MAKEDONIJE - Predsednik Republike Kosovo - DR. VJOSA OSMANI - SADRIU -","og_url":"https:\/\/president-ksgov.net\/u-d-i-presidentit-dr-jakup-krasniqi-u-takua-me-deputeten-ne-kuvendin-e-maqedonise-ermira-mehmeti\/","og_site_name":"Predsednik Republike Kosovo - DR. VJOSA OSMANI - SADRIU","article_published_time":"2011-01-13T16:38:02+00:00","og_image":[{"width":1000,"height":667,"url":"https:\/\/president-ksgov.net\/wp-content\/uploads\/Ermira_Mehmeti-foto_1.jpg","type":"image\/jpeg"}],"author":"admin","twitter_card":"summary_large_image","twitter_misc":{"\u041d\u0430\u043f\u0438\u0441\u0430\u043d\u043e \u043e\u0434":"admin","\u041f\u0440\u043e\u0446\u0435\u045a\u0435\u043d\u043e \u0432\u0440\u0435\u043c\u0435 \u0447\u0438\u0442\u0430\u045a\u0430":"2 \u043c\u0438\u043d\u0443\u0442\u0430"},"schema":{"@context":"https:\/\/schema.org","@graph":[{"@type":"WebPage","@id":"https:\/\/president-ksgov.net\/u-d-i-presidentit-dr-jakup-krasniqi-u-takua-me-deputeten-ne-kuvendin-e-maqedonise-ermira-mehmeti\/","url":"https:\/\/president-ksgov.net\/u-d-i-presidentit-dr-jakup-krasniqi-u-takua-me-deputeten-ne-kuvendin-e-maqedonise-ermira-mehmeti\/","name":"V.D. PREDSEDNIKA, DR JAKUP KRASNI\u0106I SE SASTAO SA ERMIRA MEHMETI, POSLANIK U SKUP&#138;TINI MAKEDONIJE - Predsednik Republike Kosovo - DR. VJOSA OSMANI - SADRIU","isPartOf":{"@id":"https:\/\/president-ksgov.net\/#website"},"primaryImageOfPage":{"@id":"https:\/\/president-ksgov.net\/u-d-i-presidentit-dr-jakup-krasniqi-u-takua-me-deputeten-ne-kuvendin-e-maqedonise-ermira-mehmeti\/#primaryimage"},"image":{"@id":"https:\/\/president-ksgov.net\/u-d-i-presidentit-dr-jakup-krasniqi-u-takua-me-deputeten-ne-kuvendin-e-maqedonise-ermira-mehmeti\/#primaryimage"},"thumbnailUrl":"https:\/\/president-ksgov.net\/wp-content\/uploads\/Ermira_Mehmeti-foto_1.jpg","datePublished":"2011-01-13T16:38:02+00:00","dateModified":"2011-01-13T16:38:02+00:00","author":{"@id":"https:\/\/president-ksgov.net\/#\/schema\/person\/bb4337a5fb147cb2046d80548172cbee"},"description":"V.D. PREDSEDNIKA, DR JAKUP KRASNI\u0106I SE SASTAO SA ERMIRA MEHMETI, POSLANIK U SKUP&#138;TINI MAKEDONIJE - Predsednik Republike Kosovo - DR. VJOSA OSMANI - SADRIU -","breadcrumb":{"@id":"https:\/\/president-ksgov.net\/u-d-i-presidentit-dr-jakup-krasniqi-u-takua-me-deputeten-ne-kuvendin-e-maqedonise-ermira-mehmeti\/#breadcrumb"},"inLanguage":"sr-RS","potentialAction":[{"@type":"ReadAction","target":["https:\/\/president-ksgov.net\/u-d-i-presidentit-dr-jakup-krasniqi-u-takua-me-deputeten-ne-kuvendin-e-maqedonise-ermira-mehmeti\/"]}]},{"@type":"ImageObject","inLanguage":"sr-RS","@id":"https:\/\/president-ksgov.net\/u-d-i-presidentit-dr-jakup-krasniqi-u-takua-me-deputeten-ne-kuvendin-e-maqedonise-ermira-mehmeti\/#primaryimage","url":"https:\/\/president-ksgov.net\/wp-content\/uploads\/Ermira_Mehmeti-foto_1.jpg","contentUrl":"https:\/\/president-ksgov.net\/wp-content\/uploads\/Ermira_Mehmeti-foto_1.jpg","width":1000,"height":667},{"@type":"BreadcrumbList","@id":"https:\/\/president-ksgov.net\/u-d-i-presidentit-dr-jakup-krasniqi-u-takua-me-deputeten-ne-kuvendin-e-maqedonise-ermira-mehmeti\/#breadcrumb","itemListElement":[{"@type":"ListItem","position":1,"name":"Home","item":"https:\/\/president-ksgov.net\/sr\/"},{"@type":"ListItem","position":2,"name":"V.D. PREDSEDNIKA, DR JAKUP KRASNI\u0106I SE SASTAO SA ERMIRA MEHMETI, POSLANIK U SKUP&#138;TINI MAKEDONIJE"}]},{"@type":"WebSite","@id":"https:\/\/president-ksgov.net\/#website","url":"https:\/\/president-ksgov.net\/","name":"Presidente e Republik\u00ebs s\u00eb Kosov\u00ebs","description":"Presidente e Republik\u00ebs s\u00eb Kosov\u00ebs","alternateName":"DR. VJOSA OSMANI - SADRIU","potentialAction":[{"@type":"SearchAction","target":{"@type":"EntryPoint","urlTemplate":"https:\/\/president-ksgov.net\/?s={search_term_string}"},"query-input":{"@type":"PropertyValueSpecification","valueRequired":true,"valueName":"search_term_string"}}],"inLanguage":"sr-RS"},{"@type":"Person","@id":"https:\/\/president-ksgov.net\/#\/schema\/person\/bb4337a5fb147cb2046d80548172cbee","name":"admin","image":{"@type":"ImageObject","inLanguage":"sr-RS","@id":"https:\/\/president-ksgov.net\/#\/schema\/person\/image\/","url":"https:\/\/secure.gravatar.com\/avatar\/36156ca0fa3b8d9d25174f146e16beea0cf28f37adf1b9e19b6c9c279a7c9dd3?s=96&d=mm&r=g","contentUrl":"https:\/\/secure.gravatar.com\/avatar\/36156ca0fa3b8d9d25174f146e16beea0cf28f37adf1b9e19b6c9c279a7c9dd3?s=96&d=mm&r=g","caption":"admin"},"sameAs":["https:\/\/president-ksgov.net"]}]}},"_links":{"self":[{"href":"https:\/\/president-ksgov.net\/sr\/wp-json\/wp\/v2\/posts\/79856","targetHints":{"allow":["GET"]}}],"collection":[{"href":"https:\/\/president-ksgov.net\/sr\/wp-json\/wp\/v2\/posts"}],"about":[{"href":"https:\/\/president-ksgov.net\/sr\/wp-json\/wp\/v2\/types\/post"}],"author":[{"embeddable":true,"href":"https:\/\/president-ksgov.net\/sr\/wp-json\/wp\/v2\/users\/1"}],"replies":[{"embeddable":true,"href":"https:\/\/president-ksgov.net\/sr\/wp-json\/wp\/v2\/comments?post=79856"}],"version-history":[{"count":0,"href":"https:\/\/president-ksgov.net\/sr\/wp-json\/wp\/v2\/posts\/79856\/revisions"}],"wp:featuredmedia":[{"embeddable":true,"href":"https:\/\/president-ksgov.net\/sr\/wp-json\/wp\/v2\/media\/62455"}],"wp:attachment":[{"href":"https:\/\/president-ksgov.net\/sr\/wp-json\/wp\/v2\/media?parent=79856"}],"wp:term":[{"taxonomy":"category","embeddable":true,"href":"https:\/\/president-ksgov.net\/sr\/wp-json\/wp\/v2\/categories?post=79856"},{"taxonomy":"post_tag","embeddable":true,"href":"https:\/\/president-ksgov.net\/sr\/wp-json\/wp\/v2\/tags?post=79856"}],"curies":[{"name":"wp","href":"https:\/\/api.w.org\/{rel}","templated":true}]}}