{"id":79855,"date":"2011-01-14T14:23:48","date_gmt":"2011-01-14T14:23:48","guid":{"rendered":"https:\/\/dev.president-ksgov.net\/v-d-predsednika-republike-dr-jakup-krasnici-se-sastao-sa-predsednikom-albanije-bamir-topi\/"},"modified":"2011-01-14T14:23:48","modified_gmt":"2011-01-14T14:23:48","slug":"v-d-predsednika-republike-dr-jakup-krasnici-se-sastao-sa-predsednikom-albanije-bamir-topi","status":"publish","type":"post","link":"https:\/\/president-ksgov.net\/sr\/v-d-predsednika-republike-dr-jakup-krasnici-se-sastao-sa-predsednikom-albanije-bamir-topi\/","title":{"rendered":"V.D. PREDSEDNIKA REPUBLIKE, DR JAKUP KRASNI\u0106I SE SASTAO SA PREDSEDNIKOM ALBANIJE  BAMIR TOPI"},"content":{"rendered":"<p>Tirana, 14 Januar 2011 godine- Vr&#353;ioc Du&#382;nosti Predsednika Republike Kosova, dr. Jakup Krasni\u0107i, je danas do\u010dekan od Predsednika Albanije, Bamir Topi.<\/p>\n<p>Na ovom vrlo toplom i prijateljskom sastanku, V.D. Predsednika Kosova, dr. Jakup Krasni\u0107i i Predsednik Republike Albanije, g-din Bamir Topi su razgovarali o pitanjima saradnje izmedju dve zamlje, o politi\u010dkoj situaciji u dvema zamljama te o dosta prepri\u010danom izve&#353;taju Dick Marty-ja koji \u0107e biti predmet razmatranja Parlamentarne Skup&#353;tine Saveta Evrope.<\/p>\n<p>U Nastavku dajemo transkript Konferencije za medije, Predsednika Topi i Vr&#353;ioca Du&#382;nosti Predsednika Republike Kosova, dr. Jakup Krasni\u0107i, odr&#382;ane nakon sastanka.<\/p>\n<p>Predsednik Albanije, g-din Bamir Topi: <\/p>\n<p>Posebna mi je \u010dast i zadovoljstvo da jo&#353; jednom izrazim visoko po&#353;tovanje za visokog predstavnika Kosova, za V.D. g-din Krasni\u0107i sa kojim smo imali jedan topao razgovor, jedan istovremeno poslovni i prijateljski razgovor da zajedno raspravljamo sva pitanja saradnje izmedju na&#353;ih dveju zemalja koje do&#382;ivljavaju sve vi&#353;e novih zbivanja, za diskusiju o odnosnoj politi\u010dkoj situaciji u dvema na&#353;im zemljama i naravno za diskusiju o vrlo raspri\u010davanom izve&#353;taju Dick Marty-ja, koji \u0107e biti predmet razmatranja u Parlamentarnoj Skup&#353;tine Saveta Evrope.<\/p>\n<p>Naravno, stav albanske dr&#382;ave je jasan, prevashodno mi hrabrimo politi\u010dke lidere Kosova, institucije Kosova za &#353;to br&#382;e konstituisanje ustavnih institucija Parlamenta, Predsednika, Vlade Kosova, za nastavljanje plana obnove novog Kosova, slobodne, nezavisne i suverene dr&#382;ave i radi kori&#353;\u0107enja svih realnih mogu\u0107nosti saradnje u regionu, ali i &#353;ire, bilo kada se radi o uklju\u010divanju jedne dr&#382;ave u ovoj liniji, ali i radi nastavljanja s novim priznanjima Kosova.<\/p>\n<p>Razgovarali smo i o potrebi institucionalne i ekonomske saradnje izmedju na&#353;ih dveju zemalja, &#353;anse su velike i postoje sve mogumogu\u010dnosti, sav teren, da institucije svih nivoa nastavljaju ovu saradnju, pove\u010daju saradnju, jer Albanija i Kosovo su va&#382;ni donatori regionalnog mira i saradnje izmedju zemalja regije i ujedno vrlo jasan pokazatelj profila zapadnog opredeljenja na&#353;ih dveju zemalja.<\/p>\n<p>Ja sam stalno, u razgovoru sa medjunarodnim partnerima, naveo da se nova dr&#382;ava Kosovo dokazala jednom mudrom umerenom politikom u regionu, pove\u010davaju\u0107i mogu\u0107nosti saradnje sa zemljama koje su je priznale, ali ujedno izra&#382;avaju\u0107i spremnost za diskusiju o tehni\u010dkim pitanjima i sa Srbijom.<br \/>\nSigurno da, Srbija kao jeda zemlja balkanske regije, se politi\u010dki izjasnila, bar deklarativno, da tra&#382;i da bude u\u010desnik saradnje i \u010dlanstva u perspektivi evropske porodice, ali, naravno sve po\u010dinje od unutra&#353;njih politika, nastavlja se u regionalnoj saradnji, pove\u010danje standarda, kako bi bili spremni za prijem u evropsku porodicu i mi uvelike doprinosimo ovoj saradnji u regiji, bez ijedne predrasude, bez ikakvog kompleksa o odnosima u pro&#353;losti.<\/p>\n<p>&#381;elimo uspostavljanje jedne regionalne klime saradnje zasnovane na legitimno pravo svako suverene dr&#382;ave, ali i parametara koje ima Evropska Zajednica, Evropski Savet i svi med&#382;unarodni organi koji promoviraju politiku dijaloga i saradnje.<\/p>\n<p>Na poseban na\u010din smo fokusirani na potrebno institucionalno\u00a0 reagiranje obeju na&#353;ih zemalja na sinhron na\u010din u Savet Evrope &#353;to se ti\u0107e izve&#353;taja Dick Marty-ja.<\/p>\n<p>Albanska dr&#382;ava, sve institucije su pravovremeno reagovale, iznele su svoj slu&#382;beni stav o ovom izve&#353;taju, sa kojim vi ste ve\u0107 upoznati i mogu re\u0107i da smo tretirali jedan izve&#353;taj koji se ne zasniva na \u010dinjenice i dokaze, svakako smo pokazali punu spremnost svih institucija da budu transparentne, da se jo&#353; jednom ponovi istraga, jo&#353; jednom ka&#382;em da se ponovi istraga, jer je ranije bilo jednom istra&#382;eno o ovim pitanjima i utvrdilo nepostojanje takvog dela.<\/p>\n<p>Svakako, dok ve\u0107 postoji jedan izve&#353;taj jednog \u010dlana SE, uz maksimalno po&#353;tovanje\u00a0 za Savet Evrope, \u010diji smo mi \u010dlan, svakako da \u0107emo je&#353; jednom dokazati da ove takozvane \u010dinjenice ne postoje.<\/p>\n<p>Svakako, da mi hrabrimo i tehni\u010dki dijalog izmedju Kosova i Srbije, uvek polaze\u0107i s pozicije slobodnih i suverenih dr&#382;ava, ali ja li\u010dno mislim, da se ovaj dijalog postavlja konkretan teren razja&#353;njavanja nekih stvari koje su ve&#353;ta\u010dki nametnute uz sponzorstvo li\u010dnosti tradicionalno poznatih po stavu protiv nezavisnosti Kosova, pothranjuju\u0107i politi\u010dkim stavovima ili falsifikovanim \u010dinjenicama, da bi izvitoperio jednu odredjenu realnost, ne doprinose\u0107i klimi regionalnog mira, i onda postoje sve mogu\u010dnosti da se razgovara o tehni\u010dkim pitanjima.<\/p>\n<p>Ja &#382;elim da se, kao Predsednik Republike Albanije, pridr&#382;im stavu da se stvari sme&#353;taju na konkretan teren i pozivam da sve &#353;to se odnosi na tragi\u0107nu pro&#353;lost ovog napa\u010denog naroda da se razjasni, jer je to zadatak specifi\u010dnih institucija i med&#382;unarodnih institucija da istinu utvrde, ali s druge strane oni koji tra&#382;e mrtve \u010dinjenice, \u0107e biti toliko predisponirani da tra&#382;e &#382;ive dokaze jer i u njihovoj teritoriji se kre\u0107e, ne znam da li uz ili bez dozvole, ne &#382;elim prejudicirati, jedan kriminalac ozna\u010den kao ratni zlo\u010dinac Ratko Mladi\u0107.<\/p>\n<p>Obaveza je svih da doprinose borbi protiv zla, da se zlo\u010dinci dovedu na klupu med&#382;unarodnog prava, radi smirivanja du&#353;e onih koji su bili &#382;rtve genocida, ali i da bi sagradili jednu budu\u0107nost na&#353;im zemljama koje su nesumnjivo projektirane, na vrlo jasan na\u010din, u evro-atlantsku perspektivu. <\/p>\n<p>U duhu ove saradnje, ovim duhom i te kako gradjanski i civilno predisponiranim, \u0107emo saradjivat svi u celom regionu, kako bi balkanski region jednom zauvek dokraj\u010dio s retorikama ultranacionalisti\u010dkih pozicija, medjunacionalnih bitaka, koje su Balkanu i na&#353;im narodima skupo ko&#353;tale, za uspostavljanje jedne politi\u010dki mirne regije, ekonomski razvijene i u funkciji jednog tr&#382;i&#353;ta od preko 50 miliona stanovnika.<\/p>\n<p>Ovo je duh kojem se mi pridr&#382;avamo, ovo je duh kojeg mi zajedno upu\u010dujemo i prenosimo zasnovanog na argumentima i racionalnosti bivaju\u0107i potpuno otvoreni za saradnju i ka&#382;emo onima koji imaju dokaze za podno&#353;enje da ih predstave i predaju EULEX-u, Med&#382;unarodnom Sudu i na taj na\u010din sve usmere na institucionalno podru\u010dje kao &#353;to se zahteva od strane med&#382;unarodnih institucija.<br \/>\nOvo je pozicija, i jo&#353; jednom g-dine Krasni\u0107i vam se zahvaljujem za ovu posetu i podr&#382;avam vas u va&#353;oj va&#382;noj du&#382;nosti. Hvala.<\/p>\n<p>V.D Predsednika Kosova, dr. Jakup Krasni\u0107i:<\/p>\n<p>Bilo je mi je \u010dast i zadovoljstvo za mene i delegaciju koju predstavljam, ostvariti jednan srda\u0107an, bratski sastanak sa Predsednikom Topi, koji se tokom svih ovih godina dr&#382;ao i nastavlja se pridr&#382;avat jednom dostojanstvenom stavu, ne samo za Albaniju, nego i za sve albance u slu&#382;bi jedne politike stabilnosti za celu na&#353;u regiju. <\/p>\n<p>Mi smo danas razgovarali u vezi Kosova, o politi\u010dkim zbivanjima na Kosovu, o politi\u010dkim zbivanjima koja se de&#353;avaju za Kosovo i oko Kosova u na&#353;em kontinentu.<\/p>\n<p>Mi smo ubedjeni da na&#353;e dve zemlje, institucije na&#353;ih dveju zemalja, imaju dosta potrebe da koordiniraju poslove u vi&#353;e oblasti &#382;ivota i ovu novu realnost, nastalu tokom ovih deset i vi&#353;e godina u na&#353;oj regiji, nakon progla&#353;enja nezavisnosti, nakon izgradnje nacionalnog autoputa su stvorene premise koje trebamo koristiti za pove\u0107anje saradnje u oblasti ekonomskog razvoja , u oblasti obrazovanja, u oblasti trgovine izmedju na&#353;e dve zemlje, u oblasti kulture.<\/p>\n<p>Naravno da mi imamo potrebe da koordiniramo ne samo ovu saradnju izmedju na&#353;ih dveju zemalja, nego da saradjujemo radi uzdizanja koodinacije izmedju zemalja regije Balkana, kako bismo unapredili saradnju i u medjunarodnim odnosima. Smatramo da Kosovo i Albanije imaju vi&#353;e toga zajedni\u010dkog i stvoreni su uslovi da iskoristimo ove okolnosti za unapredjenje ekonomskog razvoja, za razvoj demokratije, ali i za razvoj diplomatije na&#353;ih dveju zemalja u odnosima sa med&#382;unarodnom zajednicom.<\/p>\n<p>Ja sam ubedjen da \u0107e ovi na&#353;i susreti slu&#382;iti za unapredjenje svih ovih koordinacija u svim oblastima &#382;ivota i verujem da Albanija ima veliku tradiciju i u planu diplomatije, koju \u0107e Kosovo koristiti.<\/p>\n<p>Albanija \u0107e pomo\u0107i Kosovo da bismo zaista uspeli ostvariti jedan novi imid&#382; i za Albaniju, i za Kosovo, i za albance.<\/p>\n<p>Mi smo ubedjeni, da izve&#353;taji kao &#353;to je ovaj izve&#353;taj izve&#353;ta\u0107a Saveta Evrope, su izve&#353;taji koji se iniciraju iz krugova koji ne &#382;ele dobro Kosovu, dr&#382;avi Kosovo, razvoju demokratije na Kosovu, ali po svemu sude\u0107i odredjeni krugovi ne &#382;ele dobro ni albancima u op&#353;te.<\/p>\n<p>S toga, albanci u na&#353;oj regiji imaju obavezu da pove\u0107aju saradnju, da pove\u0107aju koordinaciju kako bi se zajedno suprotstavili svim antialbanskim krugovima, svim antidemokratskim krugovima, jer na kraju krajeva albanci, i na Kosovu i u Albaniji, su opredeljeni za evropske vrednote, i &#382;ao nam je za predstavnike zemalja sa kojima se mi ponosimo sa evropskim vrednotama nepravedno napadaju dostignu\u0107a Kosova i albanskog naroda u op&#353;te.<br \/>\nUbedjen sam da se zajedni\u010dki, ovim zlonamernim napadima na dostignu\u0107a na&#353;e regije a napose na dostignu\u0107a na Kosovu \u0107emo zajedni\u010dki na institucionalan na\u010din odgovarati.<\/p>\n<p>Zahvaljujem se na pa&#382;nju.<\/p>\n<p>Pitanje 1: Vi ste s pravom primetili da ima nastojanja da se povrede mo&#382;da najvi&#353;e albanske moralne vrednote i preko izve&#353;taja Dick Marty-ja. Reference ve\u0107 istorijski identifikovanih krugova, ali u zadnje vreme na albanskoj politi\u010dkoj sceni imamo rastrojstvo &#353;to se ti\u0107e politi\u010dke performanse, bilo u Albaniji, bilo na Kosvu, putem spletkarenja u dr&#382;avnim kancelarijama, ili putem rastrojenih izbora na Kosovu <\/p>\n<p>Da li mislite da je albansko dru&#353;tvo u krizi, da li rizikuje upasti u duboku moralnu krizu i kako vi vidite prevazila&#382;enje ove krize?<\/p>\n<p>V.D Predsednika, dr. Jakup Krasni\u0107i: g-dine Bajrami, ja mogu re\u0107i da dok \u010detvrta vlast, kao &#353;to su mediji, ima mogu\u010dnosti objaviti deformacije albanske politike i njenu rastrojenost, ne sla&#382;em se da je to defekt albanskog dru&#353;tva, to je defekt odredjenih individua, mo&#382;e biti defekt i kojeg politi\u010dkog dela, ali nikako nije defekt albanskog dru&#353;tva. Na kraju krajeva, i vi, medije, ste deo albanskog dru&#353;tva i smatram da albansko drul&#353;tvo je u redu, ali ima pojedinaca i individualna pitanja te pitanja politi\u010dkih grupacija nikada ne treba nadovezati sa svim albancima ili sa celokupnim albanskim dru&#353;tvom.<\/p>\n<p>Pitanje 2: Imali uticaja izve&#353;taj Dick Mary-ja, kao i trajanje izbornog procesa na Kosovu na formiranje Ekipe za dijalog sa Srbijom?<\/p>\n<p>V.D Predsednika, dr. Jakup Krasni\u0107i : Ja ho\u0107u da verujem da izve&#353;taj izve&#353;ta\u0107a Saveta Evrope, je imao ve\u0107e refleksije na doma\u0107e i evropsko javno mnjenje, nego u krugovima odlu\u010divanja u Evropskoj Zajednici, nego u profesionalnim institucijama koje su odgovorne za istragu zbog \u010dinjenice &#353;to je ono &#353;to je pokrenuo Dick Marty ve\u0107 istra&#382;eno i Med&#382;unarodni Sud u Hag se bio povla\u010dio, s razloga &#353;to nisu postojale neophodne \u010dinjenice i dokazi potrebi tom sudu.<\/p>\n<p>Koliko reflektira ovaj izve&#353;taj na mogu\u0107nosti odvijanja tehni\u010dkog dijaloga izmedju Kosova i Srbije ne mogu prejudicirati, ali mogu re\u010di da se Kosovo nalazi u fazi okon\u010danja op&#353;tih izbora, o\u010dekujemo definitivni odgovor nezavisnih izbornih institucija. Konstituisanje Skup&#353;tine i institucija proiza&#353;lih iz Skup&#353;tine i u okolnostima kada na Kosovu imamo nove institucije, kada \u0107emo mo&#382;da imati i jednu refleksiju odredjenih institucija Evrope, sigurno da mi niti u ijednoj fazi nismo bili protiv razgovora jer smo ubedjeni da su ovi razgovori za dobrobit na&#353;ih dveju zemalja.<\/p>\n<p>Ovi razgovori mogu se odvijati i odr&#382;at \u0107e se ukoliko su u interesu na&#353;ih dveju zemalja, ukoliko su u interesu i albanaca koji &#382;ive u Srbiji, i u interesu srba koji &#382;ive na Kosovu. <\/p>\n<p>Ukoliko neko poku&#353;ava da ovaj dijalog usmeri da samo jedna strana dobije, ja sam ubedjen da \u0107e ovaj dijalog biti vrlo te&#382;ak, bit \u0107e dugotrajan razgovor i sigurno da kosovska strana nije spremna u\u0107i i trguje kako bi &#353;togod izgubila i o&#353;tetila ono &#353;to je postigla tokom ove dekade.<\/p>\n<p>Pitanje 3: g-dine Predsedni\u0107e, da li mislite da \u0107e se certifikovat izbori do kraja marta ili \u0107e\u00a0 na osnovu zakonskog automatizma zemlja i\u0107i na prevremene izbore i da li je Kosova spremna za nove izbore?<\/p>\n<p>V.D Predsednika, dr. Jakup Krasniqi : Iako smo o izborima govorili dosta, &#382;elim re\u010di da izborima od 23 Januara, koji \u0107e se odr&#382;ati u Mitrovici, se zaokru&#382;uje izborni krug izbora zapo\u010detih 12 Decembra 2010 godine. Certifikovanje o\u010dekujem ne u Martu, nego g najdalje prvih deset dana meseca Februara i kraj Februara ili po\u010detak Marta ja sam dosta ubedjen da \u0107e se konstituisati Skup&#353;tina Kosova i da \u0107e se izabrati predsednik i njena vlada.<\/p>\n","protected":false},"excerpt":{"rendered":"<p>Tirana, 14 Januar 2011 godine- Vr&#353;ioc Du&#382;nosti Predsednika Republike Kosova, dr. Jakup Krasni\u0107i, je danas do\u010dekan od Predsednika Albanije, Bamir Topi.<\/p>\n","protected":false},"author":1,"featured_media":62436,"comment_status":"open","ping_status":"closed","sticky":false,"template":"","format":"standard","meta":{"_eb_attr":"","footnotes":""},"categories":[101],"tags":[],"class_list":["post-79855","post","type-post","status-publish","format-standard","has-post-thumbnail","hentry","category-vesti"],"yoast_head":"<!-- This site is optimized with the Yoast SEO plugin v23.5 - https:\/\/yoast.com\/wordpress\/plugins\/seo\/ -->\n<title>V.D. PREDSEDNIKA REPUBLIKE, DR JAKUP KRASNI\u0106I SE SASTAO SA PREDSEDNIKOM ALBANIJE BAMIR TOPI - Predsednik Republike Kosovo - DR. VJOSA OSMANI - SADRIU<\/title>\n<meta name=\"description\" content=\"V.D. PREDSEDNIKA REPUBLIKE, DR JAKUP KRASNI\u0106I SE SASTAO SA PREDSEDNIKOM ALBANIJE BAMIR TOPI - Predsednik Republike Kosovo - DR. VJOSA OSMANI - SADRIU -\" \/>\n<meta name=\"robots\" content=\"index, follow, max-snippet:-1, max-image-preview:large, max-video-preview:-1\" \/>\n<link rel=\"canonical\" href=\"https:\/\/president-ksgov.net\/u-d-i-presidentit-dr-jakup-krasniqi-u-takua-me-presidentin-e-shqiperise-bamir-topi\/\" \/>\n<meta property=\"og:locale\" content=\"sr_RS\" \/>\n<meta property=\"og:type\" content=\"article\" \/>\n<meta property=\"og:title\" content=\"V.D. PREDSEDNIKA REPUBLIKE, DR JAKUP KRASNI\u0106I SE SASTAO SA PREDSEDNIKOM ALBANIJE BAMIR TOPI - Predsednik Republike Kosovo - DR. VJOSA OSMANI - SADRIU\" \/>\n<meta property=\"og:description\" content=\"V.D. PREDSEDNIKA REPUBLIKE, DR JAKUP KRASNI\u0106I SE SASTAO SA PREDSEDNIKOM ALBANIJE BAMIR TOPI - Predsednik Republike Kosovo - DR. VJOSA OSMANI - SADRIU -\" \/>\n<meta property=\"og:url\" content=\"https:\/\/president-ksgov.net\/u-d-i-presidentit-dr-jakup-krasniqi-u-takua-me-presidentin-e-shqiperise-bamir-topi\/\" \/>\n<meta property=\"og:site_name\" content=\"Predsednik Republike Kosovo - DR. VJOSA OSMANI - SADRIU\" \/>\n<meta property=\"article:published_time\" content=\"2011-01-14T14:23:48+00:00\" \/>\n<meta property=\"og:image\" content=\"https:\/\/president-ksgov.net\/wp-content\/uploads\/Takimi_me_Presidentin_Topi_1.jpg\" \/>\n\t<meta property=\"og:image:width\" content=\"1000\" \/>\n\t<meta property=\"og:image:height\" content=\"890\" \/>\n\t<meta property=\"og:image:type\" content=\"image\/jpeg\" \/>\n<meta name=\"author\" content=\"admin\" \/>\n<meta name=\"twitter:card\" content=\"summary_large_image\" \/>\n<meta name=\"twitter:label1\" content=\"\u041d\u0430\u043f\u0438\u0441\u0430\u043d\u043e \u043e\u0434\" \/>\n\t<meta name=\"twitter:data1\" content=\"admin\" \/>\n\t<meta name=\"twitter:label2\" content=\"\u041f\u0440\u043e\u0446\u0435\u045a\u0435\u043d\u043e \u0432\u0440\u0435\u043c\u0435 \u0447\u0438\u0442\u0430\u045a\u0430\" \/>\n\t<meta name=\"twitter:data2\" content=\"10 \u043c\u0438\u043d\u0443\u0442\u0430\" \/>\n<script type=\"application\/ld+json\" class=\"yoast-schema-graph\">{\"@context\":\"https:\/\/schema.org\",\"@graph\":[{\"@type\":\"WebPage\",\"@id\":\"https:\/\/president-ksgov.net\/u-d-i-presidentit-dr-jakup-krasniqi-u-takua-me-presidentin-e-shqiperise-bamir-topi\/\",\"url\":\"https:\/\/president-ksgov.net\/u-d-i-presidentit-dr-jakup-krasniqi-u-takua-me-presidentin-e-shqiperise-bamir-topi\/\",\"name\":\"V.D. PREDSEDNIKA REPUBLIKE, DR JAKUP KRASNI\u0106I SE SASTAO SA PREDSEDNIKOM ALBANIJE BAMIR TOPI - Predsednik Republike Kosovo - DR. VJOSA OSMANI - SADRIU\",\"isPartOf\":{\"@id\":\"https:\/\/president-ksgov.net\/#website\"},\"primaryImageOfPage\":{\"@id\":\"https:\/\/president-ksgov.net\/u-d-i-presidentit-dr-jakup-krasniqi-u-takua-me-presidentin-e-shqiperise-bamir-topi\/#primaryimage\"},\"image\":{\"@id\":\"https:\/\/president-ksgov.net\/u-d-i-presidentit-dr-jakup-krasniqi-u-takua-me-presidentin-e-shqiperise-bamir-topi\/#primaryimage\"},\"thumbnailUrl\":\"https:\/\/president-ksgov.net\/wp-content\/uploads\/Takimi_me_Presidentin_Topi_1.jpg\",\"datePublished\":\"2011-01-14T14:23:48+00:00\",\"dateModified\":\"2011-01-14T14:23:48+00:00\",\"author\":{\"@id\":\"https:\/\/president-ksgov.net\/#\/schema\/person\/bb4337a5fb147cb2046d80548172cbee\"},\"description\":\"V.D. PREDSEDNIKA REPUBLIKE, DR JAKUP KRASNI\u0106I SE SASTAO SA PREDSEDNIKOM ALBANIJE BAMIR TOPI - Predsednik Republike Kosovo - DR. VJOSA OSMANI - SADRIU -\",\"breadcrumb\":{\"@id\":\"https:\/\/president-ksgov.net\/u-d-i-presidentit-dr-jakup-krasniqi-u-takua-me-presidentin-e-shqiperise-bamir-topi\/#breadcrumb\"},\"inLanguage\":\"sr-RS\",\"potentialAction\":[{\"@type\":\"ReadAction\",\"target\":[\"https:\/\/president-ksgov.net\/u-d-i-presidentit-dr-jakup-krasniqi-u-takua-me-presidentin-e-shqiperise-bamir-topi\/\"]}]},{\"@type\":\"ImageObject\",\"inLanguage\":\"sr-RS\",\"@id\":\"https:\/\/president-ksgov.net\/u-d-i-presidentit-dr-jakup-krasniqi-u-takua-me-presidentin-e-shqiperise-bamir-topi\/#primaryimage\",\"url\":\"https:\/\/president-ksgov.net\/wp-content\/uploads\/Takimi_me_Presidentin_Topi_1.jpg\",\"contentUrl\":\"https:\/\/president-ksgov.net\/wp-content\/uploads\/Takimi_me_Presidentin_Topi_1.jpg\",\"width\":1000,\"height\":890},{\"@type\":\"BreadcrumbList\",\"@id\":\"https:\/\/president-ksgov.net\/u-d-i-presidentit-dr-jakup-krasniqi-u-takua-me-presidentin-e-shqiperise-bamir-topi\/#breadcrumb\",\"itemListElement\":[{\"@type\":\"ListItem\",\"position\":1,\"name\":\"Home\",\"item\":\"https:\/\/president-ksgov.net\/sr\/\"},{\"@type\":\"ListItem\",\"position\":2,\"name\":\"V.D. PREDSEDNIKA REPUBLIKE, DR JAKUP KRASNI\u0106I SE SASTAO SA PREDSEDNIKOM ALBANIJE BAMIR TOPI\"}]},{\"@type\":\"WebSite\",\"@id\":\"https:\/\/president-ksgov.net\/#website\",\"url\":\"https:\/\/president-ksgov.net\/\",\"name\":\"Presidente e Republik\u00ebs s\u00eb Kosov\u00ebs\",\"description\":\"Presidente e Republik\u00ebs s\u00eb Kosov\u00ebs\",\"alternateName\":\"DR. VJOSA OSMANI - SADRIU\",\"potentialAction\":[{\"@type\":\"SearchAction\",\"target\":{\"@type\":\"EntryPoint\",\"urlTemplate\":\"https:\/\/president-ksgov.net\/?s={search_term_string}\"},\"query-input\":{\"@type\":\"PropertyValueSpecification\",\"valueRequired\":true,\"valueName\":\"search_term_string\"}}],\"inLanguage\":\"sr-RS\"},{\"@type\":\"Person\",\"@id\":\"https:\/\/president-ksgov.net\/#\/schema\/person\/bb4337a5fb147cb2046d80548172cbee\",\"name\":\"admin\",\"image\":{\"@type\":\"ImageObject\",\"inLanguage\":\"sr-RS\",\"@id\":\"https:\/\/president-ksgov.net\/#\/schema\/person\/image\/\",\"url\":\"https:\/\/secure.gravatar.com\/avatar\/36156ca0fa3b8d9d25174f146e16beea0cf28f37adf1b9e19b6c9c279a7c9dd3?s=96&d=mm&r=g\",\"contentUrl\":\"https:\/\/secure.gravatar.com\/avatar\/36156ca0fa3b8d9d25174f146e16beea0cf28f37adf1b9e19b6c9c279a7c9dd3?s=96&d=mm&r=g\",\"caption\":\"admin\"},\"sameAs\":[\"https:\/\/president-ksgov.net\"]}]}<\/script>\n<!-- \/ Yoast SEO plugin. -->","yoast_head_json":{"title":"V.D. PREDSEDNIKA REPUBLIKE, DR JAKUP KRASNI\u0106I SE SASTAO SA PREDSEDNIKOM ALBANIJE BAMIR TOPI - Predsednik Republike Kosovo - DR. VJOSA OSMANI - SADRIU","description":"V.D. PREDSEDNIKA REPUBLIKE, DR JAKUP KRASNI\u0106I SE SASTAO SA PREDSEDNIKOM ALBANIJE BAMIR TOPI - Predsednik Republike Kosovo - DR. VJOSA OSMANI - SADRIU -","robots":{"index":"index","follow":"follow","max-snippet":"max-snippet:-1","max-image-preview":"max-image-preview:large","max-video-preview":"max-video-preview:-1"},"canonical":"https:\/\/president-ksgov.net\/u-d-i-presidentit-dr-jakup-krasniqi-u-takua-me-presidentin-e-shqiperise-bamir-topi\/","og_locale":"sr_RS","og_type":"article","og_title":"V.D. PREDSEDNIKA REPUBLIKE, DR JAKUP KRASNI\u0106I SE SASTAO SA PREDSEDNIKOM ALBANIJE BAMIR TOPI - Predsednik Republike Kosovo - DR. VJOSA OSMANI - SADRIU","og_description":"V.D. PREDSEDNIKA REPUBLIKE, DR JAKUP KRASNI\u0106I SE SASTAO SA PREDSEDNIKOM ALBANIJE BAMIR TOPI - Predsednik Republike Kosovo - DR. VJOSA OSMANI - SADRIU -","og_url":"https:\/\/president-ksgov.net\/u-d-i-presidentit-dr-jakup-krasniqi-u-takua-me-presidentin-e-shqiperise-bamir-topi\/","og_site_name":"Predsednik Republike Kosovo - DR. VJOSA OSMANI - SADRIU","article_published_time":"2011-01-14T14:23:48+00:00","og_image":[{"width":1000,"height":890,"url":"https:\/\/president-ksgov.net\/wp-content\/uploads\/Takimi_me_Presidentin_Topi_1.jpg","type":"image\/jpeg"}],"author":"admin","twitter_card":"summary_large_image","twitter_misc":{"\u041d\u0430\u043f\u0438\u0441\u0430\u043d\u043e \u043e\u0434":"admin","\u041f\u0440\u043e\u0446\u0435\u045a\u0435\u043d\u043e \u0432\u0440\u0435\u043c\u0435 \u0447\u0438\u0442\u0430\u045a\u0430":"10 \u043c\u0438\u043d\u0443\u0442\u0430"},"schema":{"@context":"https:\/\/schema.org","@graph":[{"@type":"WebPage","@id":"https:\/\/president-ksgov.net\/u-d-i-presidentit-dr-jakup-krasniqi-u-takua-me-presidentin-e-shqiperise-bamir-topi\/","url":"https:\/\/president-ksgov.net\/u-d-i-presidentit-dr-jakup-krasniqi-u-takua-me-presidentin-e-shqiperise-bamir-topi\/","name":"V.D. PREDSEDNIKA REPUBLIKE, DR JAKUP KRASNI\u0106I SE SASTAO SA PREDSEDNIKOM ALBANIJE BAMIR TOPI - Predsednik Republike Kosovo - DR. VJOSA OSMANI - SADRIU","isPartOf":{"@id":"https:\/\/president-ksgov.net\/#website"},"primaryImageOfPage":{"@id":"https:\/\/president-ksgov.net\/u-d-i-presidentit-dr-jakup-krasniqi-u-takua-me-presidentin-e-shqiperise-bamir-topi\/#primaryimage"},"image":{"@id":"https:\/\/president-ksgov.net\/u-d-i-presidentit-dr-jakup-krasniqi-u-takua-me-presidentin-e-shqiperise-bamir-topi\/#primaryimage"},"thumbnailUrl":"https:\/\/president-ksgov.net\/wp-content\/uploads\/Takimi_me_Presidentin_Topi_1.jpg","datePublished":"2011-01-14T14:23:48+00:00","dateModified":"2011-01-14T14:23:48+00:00","author":{"@id":"https:\/\/president-ksgov.net\/#\/schema\/person\/bb4337a5fb147cb2046d80548172cbee"},"description":"V.D. PREDSEDNIKA REPUBLIKE, DR JAKUP KRASNI\u0106I SE SASTAO SA PREDSEDNIKOM ALBANIJE BAMIR TOPI - Predsednik Republike Kosovo - DR. VJOSA OSMANI - SADRIU -","breadcrumb":{"@id":"https:\/\/president-ksgov.net\/u-d-i-presidentit-dr-jakup-krasniqi-u-takua-me-presidentin-e-shqiperise-bamir-topi\/#breadcrumb"},"inLanguage":"sr-RS","potentialAction":[{"@type":"ReadAction","target":["https:\/\/president-ksgov.net\/u-d-i-presidentit-dr-jakup-krasniqi-u-takua-me-presidentin-e-shqiperise-bamir-topi\/"]}]},{"@type":"ImageObject","inLanguage":"sr-RS","@id":"https:\/\/president-ksgov.net\/u-d-i-presidentit-dr-jakup-krasniqi-u-takua-me-presidentin-e-shqiperise-bamir-topi\/#primaryimage","url":"https:\/\/president-ksgov.net\/wp-content\/uploads\/Takimi_me_Presidentin_Topi_1.jpg","contentUrl":"https:\/\/president-ksgov.net\/wp-content\/uploads\/Takimi_me_Presidentin_Topi_1.jpg","width":1000,"height":890},{"@type":"BreadcrumbList","@id":"https:\/\/president-ksgov.net\/u-d-i-presidentit-dr-jakup-krasniqi-u-takua-me-presidentin-e-shqiperise-bamir-topi\/#breadcrumb","itemListElement":[{"@type":"ListItem","position":1,"name":"Home","item":"https:\/\/president-ksgov.net\/sr\/"},{"@type":"ListItem","position":2,"name":"V.D. PREDSEDNIKA REPUBLIKE, DR JAKUP KRASNI\u0106I SE SASTAO SA PREDSEDNIKOM ALBANIJE BAMIR TOPI"}]},{"@type":"WebSite","@id":"https:\/\/president-ksgov.net\/#website","url":"https:\/\/president-ksgov.net\/","name":"Presidente e Republik\u00ebs s\u00eb Kosov\u00ebs","description":"Presidente e Republik\u00ebs s\u00eb Kosov\u00ebs","alternateName":"DR. VJOSA OSMANI - SADRIU","potentialAction":[{"@type":"SearchAction","target":{"@type":"EntryPoint","urlTemplate":"https:\/\/president-ksgov.net\/?s={search_term_string}"},"query-input":{"@type":"PropertyValueSpecification","valueRequired":true,"valueName":"search_term_string"}}],"inLanguage":"sr-RS"},{"@type":"Person","@id":"https:\/\/president-ksgov.net\/#\/schema\/person\/bb4337a5fb147cb2046d80548172cbee","name":"admin","image":{"@type":"ImageObject","inLanguage":"sr-RS","@id":"https:\/\/president-ksgov.net\/#\/schema\/person\/image\/","url":"https:\/\/secure.gravatar.com\/avatar\/36156ca0fa3b8d9d25174f146e16beea0cf28f37adf1b9e19b6c9c279a7c9dd3?s=96&d=mm&r=g","contentUrl":"https:\/\/secure.gravatar.com\/avatar\/36156ca0fa3b8d9d25174f146e16beea0cf28f37adf1b9e19b6c9c279a7c9dd3?s=96&d=mm&r=g","caption":"admin"},"sameAs":["https:\/\/president-ksgov.net"]}]}},"_links":{"self":[{"href":"https:\/\/president-ksgov.net\/sr\/wp-json\/wp\/v2\/posts\/79855","targetHints":{"allow":["GET"]}}],"collection":[{"href":"https:\/\/president-ksgov.net\/sr\/wp-json\/wp\/v2\/posts"}],"about":[{"href":"https:\/\/president-ksgov.net\/sr\/wp-json\/wp\/v2\/types\/post"}],"author":[{"embeddable":true,"href":"https:\/\/president-ksgov.net\/sr\/wp-json\/wp\/v2\/users\/1"}],"replies":[{"embeddable":true,"href":"https:\/\/president-ksgov.net\/sr\/wp-json\/wp\/v2\/comments?post=79855"}],"version-history":[{"count":0,"href":"https:\/\/president-ksgov.net\/sr\/wp-json\/wp\/v2\/posts\/79855\/revisions"}],"wp:featuredmedia":[{"embeddable":true,"href":"https:\/\/president-ksgov.net\/sr\/wp-json\/wp\/v2\/media\/62436"}],"wp:attachment":[{"href":"https:\/\/president-ksgov.net\/sr\/wp-json\/wp\/v2\/media?parent=79855"}],"wp:term":[{"taxonomy":"category","embeddable":true,"href":"https:\/\/president-ksgov.net\/sr\/wp-json\/wp\/v2\/categories?post=79855"},{"taxonomy":"post_tag","embeddable":true,"href":"https:\/\/president-ksgov.net\/sr\/wp-json\/wp\/v2\/tags?post=79855"}],"curies":[{"name":"wp","href":"https:\/\/api.w.org\/{rel}","templated":true}]}}