{"id":79847,"date":"2011-01-20T13:30:57","date_gmt":"2011-01-20T13:30:57","guid":{"rendered":"https:\/\/dev.president-ksgov.net\/v-d-predsednika-republike-kosova-dr-jakup-krasnici-je-imao-radni-sastanak-sa-radnom-grupom-za-balkan\/"},"modified":"2011-01-20T13:30:57","modified_gmt":"2011-01-20T13:30:57","slug":"v-d-predsednika-republike-kosova-dr-jakup-krasnici-je-imao-radni-sastanak-sa-radnom-grupom-za-balkan","status":"publish","type":"post","link":"https:\/\/president-ksgov.net\/sr\/v-d-predsednika-republike-kosova-dr-jakup-krasnici-je-imao-radni-sastanak-sa-radnom-grupom-za-balkan\/","title":{"rendered":"V.D. Predsednika Republike Kosova, Dr. Jakup Krasni\u0107i je imao radni sastanak sa radnom grupom za Balkan"},"content":{"rendered":"<p>Strasburg, 20 Januar 2011 godine. Drugog dana boravka u Strasburg, Vr&#353;ioc Du&#382;nosti Predsednika Republike Kosova, dr. Jakup Krasni\u0107i je imao jedan radni sastanak sa Radnom grupom za Balkan, koju sa\u010dinjavaju europoslanici koji imaju ve\u0107e interesovanje za Balkan, a formirana je pod okriljem Komisije za inostrane poslove.<\/p>\n<p>Ovu grupu predvodi austrijski europoslanik Hanes Svoboda, dok njegovi \u010dlanovi su i Doris Pak, Eduard Kukan, Jelko Kacin, Urlike Luna\u010dek i dr.<\/p>\n<p>Sastanak je prevodio voditelj grupe, Hanes Svoboda, koji je na po\u010detku ovog sastanka po&#382;eleo dobrodo&#353;licu Vr&#353;iocu Du&#382;nosti Predsednika i u kratkim crtama izlo&#382;io gledi&#353;ta Grupe Evropskih Parlamentaraca u vezi sa tokom razvoja zadnjih dogadjaja na Kosovu.<\/p>\n<p>G-din Svoboda, se jo&#353; na po\u010detku zadr&#382;ao na izve&#353;taj Dick Marty-ja, kojeg je ocenio kao \u010dudan izve&#353;taj, bez su&#353;tine\/supstancije i, na jedan na\u010din, on upu\u010duje dozu kritike svom kolegi Dick Marty-ju u vezi ove pokrenute optu&#382;be bez supstancije i u vezi jednog radnog sastanka kojeg je sazvala Kamisija za inostrane Poslove, sastanak kojem se g-din Marty nije odazvao, ne ispoljavaju\u0107i saradnju sa europoslanicima o ovom pitanju. <\/p>\n<p>On je takodje naglasio i ispoljeno malo povla\u010denje Dick Marty-ja od njegovog izve&#353;taja, i \u010dinjenice da, \u010dini se, i on je shvatio da je to izve&#353;taj bez supstancije.<\/p>\n<p>U nastavku sastanka, na kojem su bili svi \u010dlanovi ove Radne grupe, ali bilo je i drugih poslanika kao npr. Tarja Fajon i drugi europoslanici, Vr&#353;ioc Du&#382;nosti Predsednika Kosova, dr. Jakup Krasni\u0107i je imao izlaganje o toku razvoja poslednjih dogadjaja na Kosou, govore\u0107i o svim dogadjajima koji su se dogodili od ostavke Predsednika Sejdiu i li\u010dnog primanja te du&#382;nosti s njegove strane, o celokupnom razvoju dogadjaja koji su potpuno u skladu sa Ustavom, po\u010dev od obavljanja du&#382;nosti predsednika, organizacije prevremenih izbora itd.<\/p>\n<p>On je takodje govorio i o izbornom procesu, urednom toku ovog procesa, izra&#382;avaju\u0107i takodje i njegove stavove koje je i ranije izrazio o propustima kojih je bilo, i izrazio njegov optimizam da \u0107e nezavisne institucije Kosova \u010diniti sve kako bi se otklonile slabosti u\u010dinjene tokom izbora i da proces dobije normalan oblik koji i treba. <\/p>\n<p>Govore\u0107i o izve&#353;taju Dick Marty-ja, g-din Krasni\u0107i je izrazio ne samo njegov, neto i stav institucija Kosova, da je ovaj izve&#353;taj samo recikla&#382;a istrage sprovedene od Ha&#353;kog Tribunala 2004 godine i da u nedostatku dokaza tu&#382;ila&#353;tvo nije moglo podi\u0107i optu&#382;nicu o ovom pitanju.<\/p>\n<p>U nastavku, g-din Krasni\u0107i je odgovorio na interesovanja europoslanika o raznim pitanjima. Izvestiteljica Evropskog Parlamenta za Kosovo, Urlike Luna\u010dek, koja je govorila o nepravilnostima prime\u010denih u poslednjim izborima na Kosovu i u njenom izve&#353;taju i javnim izjavama, podnela je pitanje izborne reforme na Kosovu.<\/p>\n<p>Govore\u0107i na ovu temu, g-din Krasni\u0107i re\u010de da sada&#353;nji izborni sistem na Kosovu jeste takore\u0107i jedan jedinstveni sistem i Kosovo treba jednu izbornu reformu, podelu u izborne zone i da po mogu\u010dnosti liste budu zatvorene.<\/p>\n<p>G-dja Luna\u010dek je takodje govorila i o izve&#353;taju g-dina Dick Marty-ja, nagla&#353;avaju\u0107i da ovaj izve&#353;taj zahteva jednu potpunu istragu i ukoliko ima dokaza, da se utvrde, i da u slu\u010daju da g-din Marty bude imao dokaze, i isti se utvrde, onda akteri treba da se dovodu pred pravdom.<\/p>\n<p>Vezano s ovim, g-din Krasni\u0107i re\u010de da, u takvom slu\u010daju, odluku i presudu o tome treba da donese pravda,.<\/p>\n<p>Izve&#353;ta\u0107 Parlamenta Evrope, Jelko Kacin, nakon &#353;to je naglasio povoljno u\u010de&#353;\u0107e srpske zajednice na izbore, zainteresovao se da sazna vi&#353;e u vezi obuhvata srpske zajednice na upravljanje zemljom.<br \/>\n\u00a0<br \/>\nS njegove strane, g-din Krasni\u0107i re\u010de da \u0107e manjinske zajednice u\u010destvovati na upravljanje zemljom kao &#353;to su u\u010destvovali i u pro&#353;losti.<\/p>\n<p>Europoslanica Tarja Fajon je pokrenula temu dijaloga za liberalizaciju viza. V.D. Predsednika Kosova re\u010de da sva relevantna ministarstva, \u010diji posao se nadovezuje sa ovim procesom, kao &#353;to je Ministarstvo Unutra&#353;njih Poslova, Ministarstvo Inostranih Poslova, su u toku preduzimanja svih mera i u stalnom su kontaktu sa institucijama Evropske Zajednice za stvaranje mogu\u0107nosti i &#353;to br&#382;eg otvaranja dijaloga za liberalizaciju viza.<\/p>\n<p>Sastanak je okon\u010dan u duhu prijateljstva i uverenja za produbljenje i nastavak saradnje europoslanika i institucija Evropske Zajednice sa Kosovom.\u00a0<\/p>\n","protected":false},"excerpt":{"rendered":"<p>Strasburg, 20 Januar 2011 godine. Drugog dana boravka u Strasburg, Vr&#353;ioc Du&#382;nosti Predsednika Republike Kosova, dr. Jakup Krasni\u0107i je imao jedan radni sastanak sa Radnom grupom za Balkan, koju sa\u010dinjavaju europoslanici koji imaju ve\u0107e interesovanje za Balkan, a formirana je pod okriljem Komisije za inostrane poslove.<\/p>\n","protected":false},"author":1,"featured_media":86338,"comment_status":"open","ping_status":"closed","sticky":false,"template":"","format":"standard","meta":{"_eb_attr":"","footnotes":""},"categories":[101],"tags":[],"class_list":["post-79847","post","type-post","status-publish","format-standard","has-post-thumbnail","hentry","category-vesti"],"yoast_head":"<!-- This site is optimized with the Yoast SEO plugin v23.5 - https:\/\/yoast.com\/wordpress\/plugins\/seo\/ -->\n<title>V.D. Predsednika Republike Kosova, Dr. Jakup Krasni\u0107i je imao radni sastanak sa radnom grupom za Balkan - Predsednik Republike Kosovo - DR. VJOSA OSMANI - SADRIU<\/title>\n<meta name=\"description\" content=\"V.D. Predsednika Republike Kosova, Dr. Jakup Krasni\u0107i je imao radni sastanak sa radnom grupom za Balkan - Predsednik Republike Kosovo - DR. VJOSA OSMANI - SADRIU -\" \/>\n<meta name=\"robots\" content=\"index, follow, max-snippet:-1, max-image-preview:large, max-video-preview:-1\" \/>\n<link rel=\"canonical\" href=\"https:\/\/president-ksgov.net\/u-d-i-presidentit-te-republikes-se-kosoves-dr-jakup-krasniqi-zhvilloi-nje-takim-pune-me-grupin-punues-per-ballkanin\/\" \/>\n<meta property=\"og:locale\" content=\"sr_RS\" \/>\n<meta property=\"og:type\" content=\"article\" \/>\n<meta property=\"og:title\" content=\"V.D. Predsednika Republike Kosova, Dr. Jakup Krasni\u0107i je imao radni sastanak sa radnom grupom za Balkan - Predsednik Republike Kosovo - DR. VJOSA OSMANI - SADRIU\" \/>\n<meta property=\"og:description\" content=\"V.D. Predsednika Republike Kosova, Dr. Jakup Krasni\u0107i je imao radni sastanak sa radnom grupom za Balkan - Predsednik Republike Kosovo - DR. VJOSA OSMANI - SADRIU -\" \/>\n<meta property=\"og:url\" content=\"https:\/\/president-ksgov.net\/u-d-i-presidentit-te-republikes-se-kosoves-dr-jakup-krasniqi-zhvilloi-nje-takim-pune-me-grupin-punues-per-ballkanin\/\" \/>\n<meta property=\"og:site_name\" content=\"Predsednik Republike Kosovo - DR. VJOSA OSMANI - SADRIU\" \/>\n<meta property=\"article:published_time\" content=\"2011-01-20T13:30:57+00:00\" \/>\n<meta property=\"og:image\" content=\"https:\/\/president-ksgov.net\/wp-content\/uploads\/Zyra-e-Presidentes-Featured-Image1-e1678970937938.png\" \/>\n\t<meta property=\"og:image:width\" content=\"1024\" \/>\n\t<meta property=\"og:image:height\" content=\"716\" \/>\n\t<meta property=\"og:image:type\" content=\"image\/png\" \/>\n<meta name=\"author\" content=\"admin\" \/>\n<meta name=\"twitter:card\" content=\"summary_large_image\" \/>\n<meta name=\"twitter:label1\" content=\"\u041d\u0430\u043f\u0438\u0441\u0430\u043d\u043e \u043e\u0434\" \/>\n\t<meta name=\"twitter:data1\" content=\"admin\" \/>\n\t<meta name=\"twitter:label2\" content=\"\u041f\u0440\u043e\u0446\u0435\u045a\u0435\u043d\u043e \u0432\u0440\u0435\u043c\u0435 \u0447\u0438\u0442\u0430\u045a\u0430\" \/>\n\t<meta name=\"twitter:data2\" content=\"4 \u043c\u0438\u043d\u0443\u0442\u0430\" \/>\n<script type=\"application\/ld+json\" class=\"yoast-schema-graph\">{\"@context\":\"https:\/\/schema.org\",\"@graph\":[{\"@type\":\"WebPage\",\"@id\":\"https:\/\/president-ksgov.net\/u-d-i-presidentit-te-republikes-se-kosoves-dr-jakup-krasniqi-zhvilloi-nje-takim-pune-me-grupin-punues-per-ballkanin\/\",\"url\":\"https:\/\/president-ksgov.net\/u-d-i-presidentit-te-republikes-se-kosoves-dr-jakup-krasniqi-zhvilloi-nje-takim-pune-me-grupin-punues-per-ballkanin\/\",\"name\":\"V.D. Predsednika Republike Kosova, Dr. Jakup Krasni\u0107i je imao radni sastanak sa radnom grupom za Balkan - Predsednik Republike Kosovo - DR. VJOSA OSMANI - SADRIU\",\"isPartOf\":{\"@id\":\"https:\/\/president-ksgov.net\/#website\"},\"primaryImageOfPage\":{\"@id\":\"https:\/\/president-ksgov.net\/u-d-i-presidentit-te-republikes-se-kosoves-dr-jakup-krasniqi-zhvilloi-nje-takim-pune-me-grupin-punues-per-ballkanin\/#primaryimage\"},\"image\":{\"@id\":\"https:\/\/president-ksgov.net\/u-d-i-presidentit-te-republikes-se-kosoves-dr-jakup-krasniqi-zhvilloi-nje-takim-pune-me-grupin-punues-per-ballkanin\/#primaryimage\"},\"thumbnailUrl\":\"https:\/\/president-ksgov.net\/wp-content\/uploads\/Zyra-e-Presidentes-Featured-Image1-e1678970937938.png\",\"datePublished\":\"2011-01-20T13:30:57+00:00\",\"dateModified\":\"2011-01-20T13:30:57+00:00\",\"author\":{\"@id\":\"https:\/\/president-ksgov.net\/#\/schema\/person\/bb4337a5fb147cb2046d80548172cbee\"},\"description\":\"V.D. Predsednika Republike Kosova, Dr. Jakup Krasni\u0107i je imao radni sastanak sa radnom grupom za Balkan - Predsednik Republike Kosovo - DR. VJOSA OSMANI - SADRIU -\",\"breadcrumb\":{\"@id\":\"https:\/\/president-ksgov.net\/u-d-i-presidentit-te-republikes-se-kosoves-dr-jakup-krasniqi-zhvilloi-nje-takim-pune-me-grupin-punues-per-ballkanin\/#breadcrumb\"},\"inLanguage\":\"sr-RS\",\"potentialAction\":[{\"@type\":\"ReadAction\",\"target\":[\"https:\/\/president-ksgov.net\/u-d-i-presidentit-te-republikes-se-kosoves-dr-jakup-krasniqi-zhvilloi-nje-takim-pune-me-grupin-punues-per-ballkanin\/\"]}]},{\"@type\":\"ImageObject\",\"inLanguage\":\"sr-RS\",\"@id\":\"https:\/\/president-ksgov.net\/u-d-i-presidentit-te-republikes-se-kosoves-dr-jakup-krasniqi-zhvilloi-nje-takim-pune-me-grupin-punues-per-ballkanin\/#primaryimage\",\"url\":\"https:\/\/president-ksgov.net\/wp-content\/uploads\/Zyra-e-Presidentes-Featured-Image1-e1678970937938.png\",\"contentUrl\":\"https:\/\/president-ksgov.net\/wp-content\/uploads\/Zyra-e-Presidentes-Featured-Image1-e1678970937938.png\",\"width\":1024,\"height\":716},{\"@type\":\"BreadcrumbList\",\"@id\":\"https:\/\/president-ksgov.net\/u-d-i-presidentit-te-republikes-se-kosoves-dr-jakup-krasniqi-zhvilloi-nje-takim-pune-me-grupin-punues-per-ballkanin\/#breadcrumb\",\"itemListElement\":[{\"@type\":\"ListItem\",\"position\":1,\"name\":\"Home\",\"item\":\"https:\/\/president-ksgov.net\/sr\/\"},{\"@type\":\"ListItem\",\"position\":2,\"name\":\"V.D. Predsednika Republike Kosova, Dr. Jakup Krasni\u0107i je imao radni sastanak sa radnom grupom za Balkan\"}]},{\"@type\":\"WebSite\",\"@id\":\"https:\/\/president-ksgov.net\/#website\",\"url\":\"https:\/\/president-ksgov.net\/\",\"name\":\"Presidente e Republik\u00ebs s\u00eb Kosov\u00ebs\",\"description\":\"Presidente e Republik\u00ebs s\u00eb Kosov\u00ebs\",\"alternateName\":\"DR. VJOSA OSMANI - SADRIU\",\"potentialAction\":[{\"@type\":\"SearchAction\",\"target\":{\"@type\":\"EntryPoint\",\"urlTemplate\":\"https:\/\/president-ksgov.net\/?s={search_term_string}\"},\"query-input\":{\"@type\":\"PropertyValueSpecification\",\"valueRequired\":true,\"valueName\":\"search_term_string\"}}],\"inLanguage\":\"sr-RS\"},{\"@type\":\"Person\",\"@id\":\"https:\/\/president-ksgov.net\/#\/schema\/person\/bb4337a5fb147cb2046d80548172cbee\",\"name\":\"admin\",\"image\":{\"@type\":\"ImageObject\",\"inLanguage\":\"sr-RS\",\"@id\":\"https:\/\/president-ksgov.net\/#\/schema\/person\/image\/\",\"url\":\"https:\/\/secure.gravatar.com\/avatar\/36156ca0fa3b8d9d25174f146e16beea0cf28f37adf1b9e19b6c9c279a7c9dd3?s=96&d=mm&r=g\",\"contentUrl\":\"https:\/\/secure.gravatar.com\/avatar\/36156ca0fa3b8d9d25174f146e16beea0cf28f37adf1b9e19b6c9c279a7c9dd3?s=96&d=mm&r=g\",\"caption\":\"admin\"},\"sameAs\":[\"https:\/\/president-ksgov.net\"]}]}<\/script>\n<!-- \/ Yoast SEO plugin. -->","yoast_head_json":{"title":"V.D. Predsednika Republike Kosova, Dr. Jakup Krasni\u0107i je imao radni sastanak sa radnom grupom za Balkan - Predsednik Republike Kosovo - DR. VJOSA OSMANI - SADRIU","description":"V.D. Predsednika Republike Kosova, Dr. Jakup Krasni\u0107i je imao radni sastanak sa radnom grupom za Balkan - Predsednik Republike Kosovo - DR. VJOSA OSMANI - SADRIU -","robots":{"index":"index","follow":"follow","max-snippet":"max-snippet:-1","max-image-preview":"max-image-preview:large","max-video-preview":"max-video-preview:-1"},"canonical":"https:\/\/president-ksgov.net\/u-d-i-presidentit-te-republikes-se-kosoves-dr-jakup-krasniqi-zhvilloi-nje-takim-pune-me-grupin-punues-per-ballkanin\/","og_locale":"sr_RS","og_type":"article","og_title":"V.D. Predsednika Republike Kosova, Dr. Jakup Krasni\u0107i je imao radni sastanak sa radnom grupom za Balkan - Predsednik Republike Kosovo - DR. VJOSA OSMANI - SADRIU","og_description":"V.D. Predsednika Republike Kosova, Dr. Jakup Krasni\u0107i je imao radni sastanak sa radnom grupom za Balkan - Predsednik Republike Kosovo - DR. VJOSA OSMANI - SADRIU -","og_url":"https:\/\/president-ksgov.net\/u-d-i-presidentit-te-republikes-se-kosoves-dr-jakup-krasniqi-zhvilloi-nje-takim-pune-me-grupin-punues-per-ballkanin\/","og_site_name":"Predsednik Republike Kosovo - DR. VJOSA OSMANI - SADRIU","article_published_time":"2011-01-20T13:30:57+00:00","og_image":[{"width":1024,"height":716,"url":"https:\/\/president-ksgov.net\/wp-content\/uploads\/Zyra-e-Presidentes-Featured-Image1-e1678970937938.png","type":"image\/png"}],"author":"admin","twitter_card":"summary_large_image","twitter_misc":{"\u041d\u0430\u043f\u0438\u0441\u0430\u043d\u043e \u043e\u0434":"admin","\u041f\u0440\u043e\u0446\u0435\u045a\u0435\u043d\u043e \u0432\u0440\u0435\u043c\u0435 \u0447\u0438\u0442\u0430\u045a\u0430":"4 \u043c\u0438\u043d\u0443\u0442\u0430"},"schema":{"@context":"https:\/\/schema.org","@graph":[{"@type":"WebPage","@id":"https:\/\/president-ksgov.net\/u-d-i-presidentit-te-republikes-se-kosoves-dr-jakup-krasniqi-zhvilloi-nje-takim-pune-me-grupin-punues-per-ballkanin\/","url":"https:\/\/president-ksgov.net\/u-d-i-presidentit-te-republikes-se-kosoves-dr-jakup-krasniqi-zhvilloi-nje-takim-pune-me-grupin-punues-per-ballkanin\/","name":"V.D. Predsednika Republike Kosova, Dr. Jakup Krasni\u0107i je imao radni sastanak sa radnom grupom za Balkan - Predsednik Republike Kosovo - DR. VJOSA OSMANI - SADRIU","isPartOf":{"@id":"https:\/\/president-ksgov.net\/#website"},"primaryImageOfPage":{"@id":"https:\/\/president-ksgov.net\/u-d-i-presidentit-te-republikes-se-kosoves-dr-jakup-krasniqi-zhvilloi-nje-takim-pune-me-grupin-punues-per-ballkanin\/#primaryimage"},"image":{"@id":"https:\/\/president-ksgov.net\/u-d-i-presidentit-te-republikes-se-kosoves-dr-jakup-krasniqi-zhvilloi-nje-takim-pune-me-grupin-punues-per-ballkanin\/#primaryimage"},"thumbnailUrl":"https:\/\/president-ksgov.net\/wp-content\/uploads\/Zyra-e-Presidentes-Featured-Image1-e1678970937938.png","datePublished":"2011-01-20T13:30:57+00:00","dateModified":"2011-01-20T13:30:57+00:00","author":{"@id":"https:\/\/president-ksgov.net\/#\/schema\/person\/bb4337a5fb147cb2046d80548172cbee"},"description":"V.D. Predsednika Republike Kosova, Dr. Jakup Krasni\u0107i je imao radni sastanak sa radnom grupom za Balkan - Predsednik Republike Kosovo - DR. VJOSA OSMANI - SADRIU -","breadcrumb":{"@id":"https:\/\/president-ksgov.net\/u-d-i-presidentit-te-republikes-se-kosoves-dr-jakup-krasniqi-zhvilloi-nje-takim-pune-me-grupin-punues-per-ballkanin\/#breadcrumb"},"inLanguage":"sr-RS","potentialAction":[{"@type":"ReadAction","target":["https:\/\/president-ksgov.net\/u-d-i-presidentit-te-republikes-se-kosoves-dr-jakup-krasniqi-zhvilloi-nje-takim-pune-me-grupin-punues-per-ballkanin\/"]}]},{"@type":"ImageObject","inLanguage":"sr-RS","@id":"https:\/\/president-ksgov.net\/u-d-i-presidentit-te-republikes-se-kosoves-dr-jakup-krasniqi-zhvilloi-nje-takim-pune-me-grupin-punues-per-ballkanin\/#primaryimage","url":"https:\/\/president-ksgov.net\/wp-content\/uploads\/Zyra-e-Presidentes-Featured-Image1-e1678970937938.png","contentUrl":"https:\/\/president-ksgov.net\/wp-content\/uploads\/Zyra-e-Presidentes-Featured-Image1-e1678970937938.png","width":1024,"height":716},{"@type":"BreadcrumbList","@id":"https:\/\/president-ksgov.net\/u-d-i-presidentit-te-republikes-se-kosoves-dr-jakup-krasniqi-zhvilloi-nje-takim-pune-me-grupin-punues-per-ballkanin\/#breadcrumb","itemListElement":[{"@type":"ListItem","position":1,"name":"Home","item":"https:\/\/president-ksgov.net\/sr\/"},{"@type":"ListItem","position":2,"name":"V.D. Predsednika Republike Kosova, Dr. Jakup Krasni\u0107i je imao radni sastanak sa radnom grupom za Balkan"}]},{"@type":"WebSite","@id":"https:\/\/president-ksgov.net\/#website","url":"https:\/\/president-ksgov.net\/","name":"Presidente e Republik\u00ebs s\u00eb Kosov\u00ebs","description":"Presidente e Republik\u00ebs s\u00eb Kosov\u00ebs","alternateName":"DR. VJOSA OSMANI - SADRIU","potentialAction":[{"@type":"SearchAction","target":{"@type":"EntryPoint","urlTemplate":"https:\/\/president-ksgov.net\/?s={search_term_string}"},"query-input":{"@type":"PropertyValueSpecification","valueRequired":true,"valueName":"search_term_string"}}],"inLanguage":"sr-RS"},{"@type":"Person","@id":"https:\/\/president-ksgov.net\/#\/schema\/person\/bb4337a5fb147cb2046d80548172cbee","name":"admin","image":{"@type":"ImageObject","inLanguage":"sr-RS","@id":"https:\/\/president-ksgov.net\/#\/schema\/person\/image\/","url":"https:\/\/secure.gravatar.com\/avatar\/36156ca0fa3b8d9d25174f146e16beea0cf28f37adf1b9e19b6c9c279a7c9dd3?s=96&d=mm&r=g","contentUrl":"https:\/\/secure.gravatar.com\/avatar\/36156ca0fa3b8d9d25174f146e16beea0cf28f37adf1b9e19b6c9c279a7c9dd3?s=96&d=mm&r=g","caption":"admin"},"sameAs":["https:\/\/president-ksgov.net"]}]}},"_links":{"self":[{"href":"https:\/\/president-ksgov.net\/sr\/wp-json\/wp\/v2\/posts\/79847","targetHints":{"allow":["GET"]}}],"collection":[{"href":"https:\/\/president-ksgov.net\/sr\/wp-json\/wp\/v2\/posts"}],"about":[{"href":"https:\/\/president-ksgov.net\/sr\/wp-json\/wp\/v2\/types\/post"}],"author":[{"embeddable":true,"href":"https:\/\/president-ksgov.net\/sr\/wp-json\/wp\/v2\/users\/1"}],"replies":[{"embeddable":true,"href":"https:\/\/president-ksgov.net\/sr\/wp-json\/wp\/v2\/comments?post=79847"}],"version-history":[{"count":0,"href":"https:\/\/president-ksgov.net\/sr\/wp-json\/wp\/v2\/posts\/79847\/revisions"}],"wp:featuredmedia":[{"embeddable":true,"href":"https:\/\/president-ksgov.net\/sr\/wp-json\/wp\/v2\/media\/86338"}],"wp:attachment":[{"href":"https:\/\/president-ksgov.net\/sr\/wp-json\/wp\/v2\/media?parent=79847"}],"wp:term":[{"taxonomy":"category","embeddable":true,"href":"https:\/\/president-ksgov.net\/sr\/wp-json\/wp\/v2\/categories?post=79847"},{"taxonomy":"post_tag","embeddable":true,"href":"https:\/\/president-ksgov.net\/sr\/wp-json\/wp\/v2\/tags?post=79847"}],"curies":[{"name":"wp","href":"https:\/\/api.w.org\/{rel}","templated":true}]}}