{"id":79841,"date":"2011-01-28T20:17:01","date_gmt":"2011-01-28T20:17:01","guid":{"rendered":"https:\/\/dev.president-ksgov.net\/govor-v-d-predsednika-dr-jakup-krasnici-na-prijem-diplomatskog-kora-na-kosovu\/"},"modified":"2011-01-28T20:17:01","modified_gmt":"2011-01-28T20:17:01","slug":"govor-v-d-predsednika-dr-jakup-krasnici-na-prijem-diplomatskog-kora-na-kosovu","status":"publish","type":"post","link":"https:\/\/president-ksgov.net\/sr\/govor-v-d-predsednika-dr-jakup-krasnici-na-prijem-diplomatskog-kora-na-kosovu\/","title":{"rendered":"GOVOR  V.D.  PREDSEDNIKA, DR. JAKUP KRASNI\u0106I NA PRIJEM DIPLOMATSKOG KORA NA KOSOVU"},"content":{"rendered":"<p>Vr&#353;ilac Du&#382;nosti Predsednika Republike Kosova, dr. Jakup Krasni\u0107i je organizovao tradicionalni prijem za diplomatski kor akreditovan u na&#353;oj zemlji<\/p>\n<p>Ovom prilikom, on je odr&#382;ao prigodni govor, koji prenosimo u celosti:<br \/>\n\u00a0<br \/>\nPo&#353;tovani ambasadori,<\/p>\n<p>Po&#353;tovani diplomatski predstavnici,<\/p>\n<p>Dame i gospodo,<\/p>\n<p>Imam \u010dast i zadovoljstvo da vas do\u010dekam na po\u010detku ove godine, po&#382;ele\u0107i vam blagodeti i uspeh, dobro zdravlje i napredak u karijeri u ovoj maloj zemlji sa velikom voljom i prijateljskom du&#353;om.<\/p>\n<p>&#381;elim da preko vas pozdravljam i zemlje koje predstavljate, uz &#382;elju za ja\u010danje prijateljskih odnosa izme\u0111u njih i nove Republike Kosova. <\/p>\n<p>Godina 2010 je donela Kosovu niz dostignu\u0107a, koje skupa sa onima iz ranijih godina, \u010dine dobru osnovu za njenu sigurnu perspektivu. <\/p>\n<p>Pro&#353;log leta je i me\u0111unarodno zape\u010da\u0107ena od strane Me\u0111unarodnog Suda Pravde legitimno pravo Kosova da bude nezavisna i suverena dr&#382;ava.<\/p>\n<p>Kosova je nastavila reforme institucionalnog &#382;ivota, obele&#382;ila je jedan solidan ekonomski i dru&#353;tveni razvoj i izgradila jednu &#353;iroku zakonsku i fizi\u010dku infrastrukturu. Dostignu\u0107a Kosova su rezultat zalaganja njenih gra\u0111ana, demokratskih institucija i mnogo prijatelja koji su nastavili da nas nepo&#353;tedno podr&#382;e.<\/p>\n<p>Izborni proces, zapo\u010det u Decembru pro&#353;le godine, ide u pravcu uspe&#353;nog finala, popravljaju\u0107i evidentiranih neurednosti i vra\u0107aju\u0107i poverenje politi\u010dkih subjekata, bira\u010da i mnogo promatra\u0107a.<\/p>\n<p>O\u010dekujemo da vrlo brzo, prema overenim rezultatima op&#353;tih izbora, da uspostavljamo predstavni\u010dke i izvr&#353;ne institucije i da konsolidiramo na&#353; demokratski sistem.<\/p>\n<p>Kosova i njene nove institucije \u0107e se, i tokom 2011godine, su\u010deljavati sa vi&#353;e te&#353;kih izazova. Bivaju\u0107i jedna nova dr&#382;ava, sa smo tri godine nezavisnosti, Kosova se fakti\u010dki su\u010deljava sa\u00a0 pote&#353;ko\u0107ama rasta i razvoja. Bol koji je do&#382;ivela i koju pro&#382;ivljava Kosova, su bolovi ra\u0111anja; ra\u0111anja slobode, nastajanja dr&#382;ave, ra\u0111anja nezavisnosti i novog demokratskog &#382;ivota. Ali Kosova se su\u010deljava i sa neo\u010dekivanim izazovima, kao &#353;to je famozni izve&#353;taj g-dina Dick Marty, \u010dije pretenzije treba da se istra&#382;e i da se &#353;to pre rasvetljava od strane pravde, da ne bi me\u0111unarodni imid&#382; Kosova ostao njegov talac.<\/p>\n<p>Program i strate&#353;ki prioriteti Kosova su jasni za bilo koju vladu i druge institucije, za civilno dru&#353;tvo i za sve gra\u0111ane: dru&#353;tveno ekonomski razvoj i potpuno vladanje zakona i dobro upravljanje, ja\u010danje politi\u010dke stabilnosti i bezbednosti, sveobuhvatne demokratske reforme i ja\u010danje me\u0111unarodne pozicije, pove\u0107anje priznanja nezavisnosti i \u010dlanstvo u me\u0111unarodne organizme, obuhvataju\u0107i i OUN, ispunjavanje standarda i kriterija, kako bi na&#353;a zemlja zabele&#382;ila napredak u pravcu liberalizacije viza i evro-atlantskih integracija.<\/p>\n<p>Po&#353;tovani u\u010desnici<\/p>\n<p>Mnogo Vam hvala\u00a0 za Va&#353;e u\u010de&#353;\u0107e na ovom skromnom prijemu. &#381;elim da prijatno provedete ove trenutke.\u00a0<\/p>\n","protected":false},"excerpt":{"rendered":"<p>Vr&#353;ilac Du&#382;nosti Predsednika Republike Kosova, dr. Jakup Krasni\u0107i je organizovao tradicionalni prijem za diplomatski kor akreditovan u na&#353;oj zemlji<\/p>\n","protected":false},"author":1,"featured_media":53290,"comment_status":"open","ping_status":"closed","sticky":false,"template":"","format":"standard","meta":{"_eb_attr":"","footnotes":""},"categories":[101],"tags":[],"class_list":["post-79841","post","type-post","status-publish","format-standard","has-post-thumbnail","hentry","category-vesti"],"yoast_head":"<!-- This site is optimized with the Yoast SEO plugin v23.5 - https:\/\/yoast.com\/wordpress\/plugins\/seo\/ -->\n<title>GOVOR V.D. PREDSEDNIKA, DR. JAKUP KRASNI\u0106I NA PRIJEM DIPLOMATSKOG KORA NA KOSOVU - Predsednik Republike Kosovo - DR. VJOSA OSMANI - SADRIU<\/title>\n<meta name=\"description\" content=\"GOVOR V.D. PREDSEDNIKA, DR. JAKUP KRASNI\u0106I NA PRIJEM DIPLOMATSKOG KORA NA KOSOVU - Predsednik Republike Kosovo - DR. VJOSA OSMANI - SADRIU -\" \/>\n<meta name=\"robots\" content=\"index, follow, max-snippet:-1, max-image-preview:large, max-video-preview:-1\" \/>\n<link rel=\"canonical\" href=\"https:\/\/president-ksgov.net\/sr\/govor-v-d-predsednika-dr-jakup-krasnici-na-prijem-diplomatskog-kora-na-kosovu\/\" \/>\n<meta property=\"og:locale\" content=\"sr_RS\" \/>\n<meta property=\"og:type\" content=\"article\" \/>\n<meta property=\"og:title\" content=\"GOVOR V.D. PREDSEDNIKA, DR. JAKUP KRASNI\u0106I NA PRIJEM DIPLOMATSKOG KORA NA KOSOVU - Predsednik Republike Kosovo - DR. VJOSA OSMANI - SADRIU\" \/>\n<meta property=\"og:description\" content=\"GOVOR V.D. PREDSEDNIKA, DR. JAKUP KRASNI\u0106I NA PRIJEM DIPLOMATSKOG KORA NA KOSOVU - Predsednik Republike Kosovo - DR. VJOSA OSMANI - SADRIU -\" \/>\n<meta property=\"og:url\" content=\"https:\/\/president-ksgov.net\/sr\/govor-v-d-predsednika-dr-jakup-krasnici-na-prijem-diplomatskog-kora-na-kosovu\/\" \/>\n<meta property=\"og:site_name\" content=\"Predsednik Republike Kosovo - DR. VJOSA OSMANI - SADRIU\" \/>\n<meta property=\"article:published_time\" content=\"2011-01-28T20:17:01+00:00\" \/>\n<meta property=\"og:image\" content=\"https:\/\/president-ksgov.net\/wp-content\/uploads\/Darka_1.jpg\" \/>\n\t<meta property=\"og:image:width\" content=\"1000\" \/>\n\t<meta property=\"og:image:height\" content=\"667\" \/>\n\t<meta property=\"og:image:type\" content=\"image\/jpeg\" \/>\n<meta name=\"author\" content=\"admin\" \/>\n<meta name=\"twitter:card\" content=\"summary_large_image\" \/>\n<meta name=\"twitter:label1\" content=\"\u041d\u0430\u043f\u0438\u0441\u0430\u043d\u043e \u043e\u0434\" \/>\n\t<meta name=\"twitter:data1\" content=\"admin\" \/>\n\t<meta name=\"twitter:label2\" content=\"\u041f\u0440\u043e\u0446\u0435\u045a\u0435\u043d\u043e \u0432\u0440\u0435\u043c\u0435 \u0447\u0438\u0442\u0430\u045a\u0430\" \/>\n\t<meta name=\"twitter:data2\" content=\"2 \u043c\u0438\u043d\u0443\u0442\u0430\" \/>\n<script type=\"application\/ld+json\" class=\"yoast-schema-graph\">{\"@context\":\"https:\/\/schema.org\",\"@graph\":[{\"@type\":\"WebPage\",\"@id\":\"https:\/\/president-ksgov.net\/sr\/govor-v-d-predsednika-dr-jakup-krasnici-na-prijem-diplomatskog-kora-na-kosovu\/\",\"url\":\"https:\/\/president-ksgov.net\/sr\/govor-v-d-predsednika-dr-jakup-krasnici-na-prijem-diplomatskog-kora-na-kosovu\/\",\"name\":\"GOVOR V.D. PREDSEDNIKA, DR. JAKUP KRASNI\u0106I NA PRIJEM DIPLOMATSKOG KORA NA KOSOVU - Predsednik Republike Kosovo - DR. VJOSA OSMANI - SADRIU\",\"isPartOf\":{\"@id\":\"https:\/\/president-ksgov.net\/#website\"},\"primaryImageOfPage\":{\"@id\":\"https:\/\/president-ksgov.net\/sr\/govor-v-d-predsednika-dr-jakup-krasnici-na-prijem-diplomatskog-kora-na-kosovu\/#primaryimage\"},\"image\":{\"@id\":\"https:\/\/president-ksgov.net\/sr\/govor-v-d-predsednika-dr-jakup-krasnici-na-prijem-diplomatskog-kora-na-kosovu\/#primaryimage\"},\"thumbnailUrl\":\"https:\/\/president-ksgov.net\/wp-content\/uploads\/Darka_1.jpg\",\"datePublished\":\"2011-01-28T20:17:01+00:00\",\"dateModified\":\"2011-01-28T20:17:01+00:00\",\"author\":{\"@id\":\"https:\/\/president-ksgov.net\/#\/schema\/person\/bb4337a5fb147cb2046d80548172cbee\"},\"description\":\"GOVOR V.D. PREDSEDNIKA, DR. JAKUP KRASNI\u0106I NA PRIJEM DIPLOMATSKOG KORA NA KOSOVU - Predsednik Republike Kosovo - DR. VJOSA OSMANI - SADRIU -\",\"breadcrumb\":{\"@id\":\"https:\/\/president-ksgov.net\/sr\/govor-v-d-predsednika-dr-jakup-krasnici-na-prijem-diplomatskog-kora-na-kosovu\/#breadcrumb\"},\"inLanguage\":\"sr-RS\",\"potentialAction\":[{\"@type\":\"ReadAction\",\"target\":[\"https:\/\/president-ksgov.net\/sr\/govor-v-d-predsednika-dr-jakup-krasnici-na-prijem-diplomatskog-kora-na-kosovu\/\"]}]},{\"@type\":\"ImageObject\",\"inLanguage\":\"sr-RS\",\"@id\":\"https:\/\/president-ksgov.net\/sr\/govor-v-d-predsednika-dr-jakup-krasnici-na-prijem-diplomatskog-kora-na-kosovu\/#primaryimage\",\"url\":\"https:\/\/president-ksgov.net\/wp-content\/uploads\/Darka_1.jpg\",\"contentUrl\":\"https:\/\/president-ksgov.net\/wp-content\/uploads\/Darka_1.jpg\",\"width\":1000,\"height\":667},{\"@type\":\"BreadcrumbList\",\"@id\":\"https:\/\/president-ksgov.net\/sr\/govor-v-d-predsednika-dr-jakup-krasnici-na-prijem-diplomatskog-kora-na-kosovu\/#breadcrumb\",\"itemListElement\":[{\"@type\":\"ListItem\",\"position\":1,\"name\":\"Home\",\"item\":\"https:\/\/president-ksgov.net\/sr\/\"},{\"@type\":\"ListItem\",\"position\":2,\"name\":\"GOVOR V.D. PREDSEDNIKA, DR. JAKUP KRASNI\u0106I NA PRIJEM DIPLOMATSKOG KORA NA KOSOVU\"}]},{\"@type\":\"WebSite\",\"@id\":\"https:\/\/president-ksgov.net\/#website\",\"url\":\"https:\/\/president-ksgov.net\/\",\"name\":\"Presidente e Republik\u00ebs s\u00eb Kosov\u00ebs\",\"description\":\"Presidente e Republik\u00ebs s\u00eb Kosov\u00ebs\",\"alternateName\":\"DR. VJOSA OSMANI - SADRIU\",\"potentialAction\":[{\"@type\":\"SearchAction\",\"target\":{\"@type\":\"EntryPoint\",\"urlTemplate\":\"https:\/\/president-ksgov.net\/?s={search_term_string}\"},\"query-input\":{\"@type\":\"PropertyValueSpecification\",\"valueRequired\":true,\"valueName\":\"search_term_string\"}}],\"inLanguage\":\"sr-RS\"},{\"@type\":\"Person\",\"@id\":\"https:\/\/president-ksgov.net\/#\/schema\/person\/bb4337a5fb147cb2046d80548172cbee\",\"name\":\"admin\",\"image\":{\"@type\":\"ImageObject\",\"inLanguage\":\"sr-RS\",\"@id\":\"https:\/\/president-ksgov.net\/#\/schema\/person\/image\/\",\"url\":\"https:\/\/secure.gravatar.com\/avatar\/36156ca0fa3b8d9d25174f146e16beea0cf28f37adf1b9e19b6c9c279a7c9dd3?s=96&d=mm&r=g\",\"contentUrl\":\"https:\/\/secure.gravatar.com\/avatar\/36156ca0fa3b8d9d25174f146e16beea0cf28f37adf1b9e19b6c9c279a7c9dd3?s=96&d=mm&r=g\",\"caption\":\"admin\"},\"sameAs\":[\"https:\/\/president-ksgov.net\"]}]}<\/script>\n<!-- \/ Yoast SEO plugin. -->","yoast_head_json":{"title":"GOVOR V.D. PREDSEDNIKA, DR. JAKUP KRASNI\u0106I NA PRIJEM DIPLOMATSKOG KORA NA KOSOVU - Predsednik Republike Kosovo - DR. VJOSA OSMANI - SADRIU","description":"GOVOR V.D. PREDSEDNIKA, DR. JAKUP KRASNI\u0106I NA PRIJEM DIPLOMATSKOG KORA NA KOSOVU - Predsednik Republike Kosovo - DR. VJOSA OSMANI - SADRIU -","robots":{"index":"index","follow":"follow","max-snippet":"max-snippet:-1","max-image-preview":"max-image-preview:large","max-video-preview":"max-video-preview:-1"},"canonical":"https:\/\/president-ksgov.net\/sr\/govor-v-d-predsednika-dr-jakup-krasnici-na-prijem-diplomatskog-kora-na-kosovu\/","og_locale":"sr_RS","og_type":"article","og_title":"GOVOR V.D. PREDSEDNIKA, DR. JAKUP KRASNI\u0106I NA PRIJEM DIPLOMATSKOG KORA NA KOSOVU - Predsednik Republike Kosovo - DR. VJOSA OSMANI - SADRIU","og_description":"GOVOR V.D. PREDSEDNIKA, DR. JAKUP KRASNI\u0106I NA PRIJEM DIPLOMATSKOG KORA NA KOSOVU - Predsednik Republike Kosovo - DR. VJOSA OSMANI - SADRIU -","og_url":"https:\/\/president-ksgov.net\/sr\/govor-v-d-predsednika-dr-jakup-krasnici-na-prijem-diplomatskog-kora-na-kosovu\/","og_site_name":"Predsednik Republike Kosovo - DR. VJOSA OSMANI - SADRIU","article_published_time":"2011-01-28T20:17:01+00:00","og_image":[{"width":1000,"height":667,"url":"https:\/\/president-ksgov.net\/wp-content\/uploads\/Darka_1.jpg","type":"image\/jpeg"}],"author":"admin","twitter_card":"summary_large_image","twitter_misc":{"\u041d\u0430\u043f\u0438\u0441\u0430\u043d\u043e \u043e\u0434":"admin","\u041f\u0440\u043e\u0446\u0435\u045a\u0435\u043d\u043e \u0432\u0440\u0435\u043c\u0435 \u0447\u0438\u0442\u0430\u045a\u0430":"2 \u043c\u0438\u043d\u0443\u0442\u0430"},"schema":{"@context":"https:\/\/schema.org","@graph":[{"@type":"WebPage","@id":"https:\/\/president-ksgov.net\/sr\/govor-v-d-predsednika-dr-jakup-krasnici-na-prijem-diplomatskog-kora-na-kosovu\/","url":"https:\/\/president-ksgov.net\/sr\/govor-v-d-predsednika-dr-jakup-krasnici-na-prijem-diplomatskog-kora-na-kosovu\/","name":"GOVOR V.D. PREDSEDNIKA, DR. JAKUP KRASNI\u0106I NA PRIJEM DIPLOMATSKOG KORA NA KOSOVU - Predsednik Republike Kosovo - DR. VJOSA OSMANI - SADRIU","isPartOf":{"@id":"https:\/\/president-ksgov.net\/#website"},"primaryImageOfPage":{"@id":"https:\/\/president-ksgov.net\/sr\/govor-v-d-predsednika-dr-jakup-krasnici-na-prijem-diplomatskog-kora-na-kosovu\/#primaryimage"},"image":{"@id":"https:\/\/president-ksgov.net\/sr\/govor-v-d-predsednika-dr-jakup-krasnici-na-prijem-diplomatskog-kora-na-kosovu\/#primaryimage"},"thumbnailUrl":"https:\/\/president-ksgov.net\/wp-content\/uploads\/Darka_1.jpg","datePublished":"2011-01-28T20:17:01+00:00","dateModified":"2011-01-28T20:17:01+00:00","author":{"@id":"https:\/\/president-ksgov.net\/#\/schema\/person\/bb4337a5fb147cb2046d80548172cbee"},"description":"GOVOR V.D. PREDSEDNIKA, DR. JAKUP KRASNI\u0106I NA PRIJEM DIPLOMATSKOG KORA NA KOSOVU - Predsednik Republike Kosovo - DR. VJOSA OSMANI - SADRIU -","breadcrumb":{"@id":"https:\/\/president-ksgov.net\/sr\/govor-v-d-predsednika-dr-jakup-krasnici-na-prijem-diplomatskog-kora-na-kosovu\/#breadcrumb"},"inLanguage":"sr-RS","potentialAction":[{"@type":"ReadAction","target":["https:\/\/president-ksgov.net\/sr\/govor-v-d-predsednika-dr-jakup-krasnici-na-prijem-diplomatskog-kora-na-kosovu\/"]}]},{"@type":"ImageObject","inLanguage":"sr-RS","@id":"https:\/\/president-ksgov.net\/sr\/govor-v-d-predsednika-dr-jakup-krasnici-na-prijem-diplomatskog-kora-na-kosovu\/#primaryimage","url":"https:\/\/president-ksgov.net\/wp-content\/uploads\/Darka_1.jpg","contentUrl":"https:\/\/president-ksgov.net\/wp-content\/uploads\/Darka_1.jpg","width":1000,"height":667},{"@type":"BreadcrumbList","@id":"https:\/\/president-ksgov.net\/sr\/govor-v-d-predsednika-dr-jakup-krasnici-na-prijem-diplomatskog-kora-na-kosovu\/#breadcrumb","itemListElement":[{"@type":"ListItem","position":1,"name":"Home","item":"https:\/\/president-ksgov.net\/sr\/"},{"@type":"ListItem","position":2,"name":"GOVOR V.D. PREDSEDNIKA, DR. JAKUP KRASNI\u0106I NA PRIJEM DIPLOMATSKOG KORA NA KOSOVU"}]},{"@type":"WebSite","@id":"https:\/\/president-ksgov.net\/#website","url":"https:\/\/president-ksgov.net\/","name":"Presidente e Republik\u00ebs s\u00eb Kosov\u00ebs","description":"Presidente e Republik\u00ebs s\u00eb Kosov\u00ebs","alternateName":"DR. VJOSA OSMANI - SADRIU","potentialAction":[{"@type":"SearchAction","target":{"@type":"EntryPoint","urlTemplate":"https:\/\/president-ksgov.net\/?s={search_term_string}"},"query-input":{"@type":"PropertyValueSpecification","valueRequired":true,"valueName":"search_term_string"}}],"inLanguage":"sr-RS"},{"@type":"Person","@id":"https:\/\/president-ksgov.net\/#\/schema\/person\/bb4337a5fb147cb2046d80548172cbee","name":"admin","image":{"@type":"ImageObject","inLanguage":"sr-RS","@id":"https:\/\/president-ksgov.net\/#\/schema\/person\/image\/","url":"https:\/\/secure.gravatar.com\/avatar\/36156ca0fa3b8d9d25174f146e16beea0cf28f37adf1b9e19b6c9c279a7c9dd3?s=96&d=mm&r=g","contentUrl":"https:\/\/secure.gravatar.com\/avatar\/36156ca0fa3b8d9d25174f146e16beea0cf28f37adf1b9e19b6c9c279a7c9dd3?s=96&d=mm&r=g","caption":"admin"},"sameAs":["https:\/\/president-ksgov.net"]}]}},"_links":{"self":[{"href":"https:\/\/president-ksgov.net\/sr\/wp-json\/wp\/v2\/posts\/79841","targetHints":{"allow":["GET"]}}],"collection":[{"href":"https:\/\/president-ksgov.net\/sr\/wp-json\/wp\/v2\/posts"}],"about":[{"href":"https:\/\/president-ksgov.net\/sr\/wp-json\/wp\/v2\/types\/post"}],"author":[{"embeddable":true,"href":"https:\/\/president-ksgov.net\/sr\/wp-json\/wp\/v2\/users\/1"}],"replies":[{"embeddable":true,"href":"https:\/\/president-ksgov.net\/sr\/wp-json\/wp\/v2\/comments?post=79841"}],"version-history":[{"count":0,"href":"https:\/\/president-ksgov.net\/sr\/wp-json\/wp\/v2\/posts\/79841\/revisions"}],"wp:featuredmedia":[{"embeddable":true,"href":"https:\/\/president-ksgov.net\/sr\/wp-json\/wp\/v2\/media\/53290"}],"wp:attachment":[{"href":"https:\/\/president-ksgov.net\/sr\/wp-json\/wp\/v2\/media?parent=79841"}],"wp:term":[{"taxonomy":"category","embeddable":true,"href":"https:\/\/president-ksgov.net\/sr\/wp-json\/wp\/v2\/categories?post=79841"},{"taxonomy":"post_tag","embeddable":true,"href":"https:\/\/president-ksgov.net\/sr\/wp-json\/wp\/v2\/tags?post=79841"}],"curies":[{"name":"wp","href":"https:\/\/api.w.org\/{rel}","templated":true}]}}