{"id":79792,"date":"2011-03-01T19:09:45","date_gmt":"2011-03-01T19:09:45","guid":{"rendered":"https:\/\/dev.president-ksgov.net\/predsednik-pacolli-je-docekao-predstavnike-national-breakfast-prayer\/"},"modified":"2011-03-01T19:09:45","modified_gmt":"2011-03-01T19:09:45","slug":"predsednik-pacolli-je-docekao-predstavnike-national-breakfast-prayer","status":"publish","type":"post","link":"https:\/\/president-ksgov.net\/sr\/predsednik-pacolli-je-docekao-predstavnike-national-breakfast-prayer\/","title":{"rendered":"Predsednik Pacolli je do\u010dekao predstavnike &#8222;National Breakfast Prayer&#8220;"},"content":{"rendered":"<p>Predsednik Republike Kosova je danas do\u010dekao na sastanak jednu ameri\u010dku delegaciju sa predstavnicima Jutarnje Molitve (&#8220;National Breakfast Prayer&#8221;), u kojem su bili David Bizli, biv&#353;i guverner Karoline, te Mansuer Fatfat, Lary Ros i Brajan Palmieri.<\/p>\n<p>Predsednik Pacolli je razgovarao sa ameri\u010dkim prijateljima o nizu tema. On je upoznao njih sa aktualnim zbivanjima u na&#353;oj zemlji, sa uspostavljanjem novih institucija i izazovima koje o\u010dekuju ove institucije kako na unutra&#353;njem tako i na me\u0111unarodnom planu.<\/p>\n<p>On je naglasio da je Kosova jedna mala zemlja, ali sa mnogo prijatelja u svetu, koji su je podr&#382;ali i podr&#382;ati \u0107e na&#353;u zemlju u va&#382;nim procesima koje nam predstoje, naro\u010dito u procesu obezbe\u0111enja novih priznanja za Republiku Kosova i njenu integraciju u me\u0111unarodne i evropsko-atlantske institucije.<\/p>\n<p>Predsednik Pacolli posebno je visoko cenio trajnu podr&#353;ku koju su SAD-e dale i nastavljaju dati narodu i institucijama Kosova, podr&#353;ka ova koja se visoko ceni u na&#353;oj zemlji.<\/p>\n<p>S njegove strane, g.din David Bizli i ostali \u010dlanovi delegacije su \u010destitali Predsedniku Pacolli za izbor na va&#382;noj du&#382;nosti Predsednika Kosova, uz &#382;elju za uspeh u njegovom radu.<\/p>\n<p>Oni su objasnili va&#382;nost koju imaju Jutarnje Molitve za Sjedinjene Ameri\u010dke Dr&#382;ave, obja&#353;njavaju\u0107i na\u010din organizovanja ovog vrlo zna\u010dajnog dana za amerikance, i naglasili su da je jako potrebno da se osnuju grupe prijateljstva izme\u0111u dve zemlje. <\/p>\n<p>U ovom planu, ameri\u010dki predstavnici su izlo&#382;ili potrebu osnivanja jednog centra &#8220;National Breakfast Prayer&#8221; u na&#353;oj zemlji, za &#353;ta su dobili punu podr&#353;ku Predsednika Pacolli.\u00a0<\/p>\n","protected":false},"excerpt":{"rendered":"<p>Predsednik Republike Kosova je danas do\u010dekao na sastanak jednu ameri\u010dku delegaciju sa predstavnicima Jutarnje Molitve (&#8220;National Breakfast Prayer&#8221;), u kojem su bili David Bizli, biv&#353;i guverner Karoline, te Mansuer Fatfat, Lary Ros i Brajan Palmieri.<\/p>\n","protected":false},"author":1,"featured_media":62204,"comment_status":"open","ping_status":"closed","sticky":false,"template":"","format":"standard","meta":{"_eb_attr":"","footnotes":""},"categories":[101],"tags":[],"class_list":["post-79792","post","type-post","status-publish","format-standard","has-post-thumbnail","hentry","category-vesti"],"yoast_head":"<!-- This site is optimized with the Yoast SEO plugin v23.5 - https:\/\/yoast.com\/wordpress\/plugins\/seo\/ -->\n<title>Predsednik Pacolli je do\u010dekao predstavnike &quot;National Breakfast Prayer&quot; - Predsednik Republike Kosovo - DR. VJOSA OSMANI - SADRIU<\/title>\n<meta name=\"description\" content=\"Predsednik Pacolli je do\u010dekao predstavnike &quot;National Breakfast Prayer&quot; - Predsednik Republike Kosovo - DR. VJOSA OSMANI - SADRIU -\" \/>\n<meta name=\"robots\" content=\"index, follow, max-snippet:-1, max-image-preview:large, max-video-preview:-1\" \/>\n<link rel=\"canonical\" href=\"https:\/\/president-ksgov.net\/presidenti-pacolli-priti-perfaqesuesit-e-national-breakfast-prayer\/\" \/>\n<meta property=\"og:locale\" content=\"sr_RS\" \/>\n<meta property=\"og:type\" content=\"article\" \/>\n<meta property=\"og:title\" content=\"Predsednik Pacolli je do\u010dekao predstavnike &quot;National Breakfast Prayer&quot; - Predsednik Republike Kosovo - DR. VJOSA OSMANI - SADRIU\" \/>\n<meta property=\"og:description\" content=\"Predsednik Pacolli je do\u010dekao predstavnike &quot;National Breakfast Prayer&quot; - Predsednik Republike Kosovo - DR. VJOSA OSMANI - SADRIU -\" \/>\n<meta property=\"og:url\" content=\"https:\/\/president-ksgov.net\/presidenti-pacolli-priti-perfaqesuesit-e-national-breakfast-prayer\/\" \/>\n<meta property=\"og:site_name\" content=\"Predsednik Republike Kosovo - DR. VJOSA OSMANI - SADRIU\" \/>\n<meta property=\"article:published_time\" content=\"2011-03-01T19:09:45+00:00\" \/>\n<meta property=\"og:image\" content=\"https:\/\/president-ksgov.net\/wp-content\/uploads\/01_03_2011_National_Breakfast_Prayer_1.jpg\" \/>\n\t<meta property=\"og:image:width\" content=\"1000\" \/>\n\t<meta property=\"og:image:height\" content=\"667\" \/>\n\t<meta property=\"og:image:type\" content=\"image\/jpeg\" \/>\n<meta name=\"author\" content=\"admin\" \/>\n<meta name=\"twitter:card\" content=\"summary_large_image\" \/>\n<meta name=\"twitter:label1\" content=\"\u041d\u0430\u043f\u0438\u0441\u0430\u043d\u043e \u043e\u0434\" \/>\n\t<meta name=\"twitter:data1\" content=\"admin\" \/>\n\t<meta name=\"twitter:label2\" content=\"\u041f\u0440\u043e\u0446\u0435\u045a\u0435\u043d\u043e \u0432\u0440\u0435\u043c\u0435 \u0447\u0438\u0442\u0430\u045a\u0430\" \/>\n\t<meta name=\"twitter:data2\" content=\"1 \u043c\u0438\u043d\u0443\u0442\" \/>\n<script type=\"application\/ld+json\" class=\"yoast-schema-graph\">{\"@context\":\"https:\/\/schema.org\",\"@graph\":[{\"@type\":\"WebPage\",\"@id\":\"https:\/\/president-ksgov.net\/presidenti-pacolli-priti-perfaqesuesit-e-national-breakfast-prayer\/\",\"url\":\"https:\/\/president-ksgov.net\/presidenti-pacolli-priti-perfaqesuesit-e-national-breakfast-prayer\/\",\"name\":\"Predsednik Pacolli je do\u010dekao predstavnike \\\"National Breakfast Prayer\\\" - Predsednik Republike Kosovo - DR. VJOSA OSMANI - SADRIU\",\"isPartOf\":{\"@id\":\"https:\/\/president-ksgov.net\/#website\"},\"primaryImageOfPage\":{\"@id\":\"https:\/\/president-ksgov.net\/presidenti-pacolli-priti-perfaqesuesit-e-national-breakfast-prayer\/#primaryimage\"},\"image\":{\"@id\":\"https:\/\/president-ksgov.net\/presidenti-pacolli-priti-perfaqesuesit-e-national-breakfast-prayer\/#primaryimage\"},\"thumbnailUrl\":\"https:\/\/president-ksgov.net\/wp-content\/uploads\/01_03_2011_National_Breakfast_Prayer_1.jpg\",\"datePublished\":\"2011-03-01T19:09:45+00:00\",\"dateModified\":\"2011-03-01T19:09:45+00:00\",\"author\":{\"@id\":\"https:\/\/president-ksgov.net\/#\/schema\/person\/bb4337a5fb147cb2046d80548172cbee\"},\"description\":\"Predsednik Pacolli je do\u010dekao predstavnike \\\"National Breakfast Prayer\\\" - Predsednik Republike Kosovo - DR. VJOSA OSMANI - SADRIU -\",\"breadcrumb\":{\"@id\":\"https:\/\/president-ksgov.net\/presidenti-pacolli-priti-perfaqesuesit-e-national-breakfast-prayer\/#breadcrumb\"},\"inLanguage\":\"sr-RS\",\"potentialAction\":[{\"@type\":\"ReadAction\",\"target\":[\"https:\/\/president-ksgov.net\/presidenti-pacolli-priti-perfaqesuesit-e-national-breakfast-prayer\/\"]}]},{\"@type\":\"ImageObject\",\"inLanguage\":\"sr-RS\",\"@id\":\"https:\/\/president-ksgov.net\/presidenti-pacolli-priti-perfaqesuesit-e-national-breakfast-prayer\/#primaryimage\",\"url\":\"https:\/\/president-ksgov.net\/wp-content\/uploads\/01_03_2011_National_Breakfast_Prayer_1.jpg\",\"contentUrl\":\"https:\/\/president-ksgov.net\/wp-content\/uploads\/01_03_2011_National_Breakfast_Prayer_1.jpg\",\"width\":1000,\"height\":667},{\"@type\":\"BreadcrumbList\",\"@id\":\"https:\/\/president-ksgov.net\/presidenti-pacolli-priti-perfaqesuesit-e-national-breakfast-prayer\/#breadcrumb\",\"itemListElement\":[{\"@type\":\"ListItem\",\"position\":1,\"name\":\"Home\",\"item\":\"https:\/\/president-ksgov.net\/sr\/\"},{\"@type\":\"ListItem\",\"position\":2,\"name\":\"Predsednik Pacolli je do\u010dekao predstavnike &#8220;National Breakfast Prayer&#8221;\"}]},{\"@type\":\"WebSite\",\"@id\":\"https:\/\/president-ksgov.net\/#website\",\"url\":\"https:\/\/president-ksgov.net\/\",\"name\":\"Presidente e Republik\u00ebs s\u00eb Kosov\u00ebs\",\"description\":\"Presidente e Republik\u00ebs s\u00eb Kosov\u00ebs\",\"alternateName\":\"DR. VJOSA OSMANI - SADRIU\",\"potentialAction\":[{\"@type\":\"SearchAction\",\"target\":{\"@type\":\"EntryPoint\",\"urlTemplate\":\"https:\/\/president-ksgov.net\/?s={search_term_string}\"},\"query-input\":{\"@type\":\"PropertyValueSpecification\",\"valueRequired\":true,\"valueName\":\"search_term_string\"}}],\"inLanguage\":\"sr-RS\"},{\"@type\":\"Person\",\"@id\":\"https:\/\/president-ksgov.net\/#\/schema\/person\/bb4337a5fb147cb2046d80548172cbee\",\"name\":\"admin\",\"image\":{\"@type\":\"ImageObject\",\"inLanguage\":\"sr-RS\",\"@id\":\"https:\/\/president-ksgov.net\/#\/schema\/person\/image\/\",\"url\":\"https:\/\/secure.gravatar.com\/avatar\/36156ca0fa3b8d9d25174f146e16beea0cf28f37adf1b9e19b6c9c279a7c9dd3?s=96&d=mm&r=g\",\"contentUrl\":\"https:\/\/secure.gravatar.com\/avatar\/36156ca0fa3b8d9d25174f146e16beea0cf28f37adf1b9e19b6c9c279a7c9dd3?s=96&d=mm&r=g\",\"caption\":\"admin\"},\"sameAs\":[\"https:\/\/president-ksgov.net\"]}]}<\/script>\n<!-- \/ Yoast SEO plugin. -->","yoast_head_json":{"title":"Predsednik Pacolli je do\u010dekao predstavnike \"National Breakfast Prayer\" - Predsednik Republike Kosovo - DR. VJOSA OSMANI - SADRIU","description":"Predsednik Pacolli je do\u010dekao predstavnike \"National Breakfast Prayer\" - Predsednik Republike Kosovo - DR. VJOSA OSMANI - SADRIU -","robots":{"index":"index","follow":"follow","max-snippet":"max-snippet:-1","max-image-preview":"max-image-preview:large","max-video-preview":"max-video-preview:-1"},"canonical":"https:\/\/president-ksgov.net\/presidenti-pacolli-priti-perfaqesuesit-e-national-breakfast-prayer\/","og_locale":"sr_RS","og_type":"article","og_title":"Predsednik Pacolli je do\u010dekao predstavnike \"National Breakfast Prayer\" - Predsednik Republike Kosovo - DR. VJOSA OSMANI - SADRIU","og_description":"Predsednik Pacolli je do\u010dekao predstavnike \"National Breakfast Prayer\" - Predsednik Republike Kosovo - DR. VJOSA OSMANI - SADRIU -","og_url":"https:\/\/president-ksgov.net\/presidenti-pacolli-priti-perfaqesuesit-e-national-breakfast-prayer\/","og_site_name":"Predsednik Republike Kosovo - DR. VJOSA OSMANI - SADRIU","article_published_time":"2011-03-01T19:09:45+00:00","og_image":[{"width":1000,"height":667,"url":"https:\/\/president-ksgov.net\/wp-content\/uploads\/01_03_2011_National_Breakfast_Prayer_1.jpg","type":"image\/jpeg"}],"author":"admin","twitter_card":"summary_large_image","twitter_misc":{"\u041d\u0430\u043f\u0438\u0441\u0430\u043d\u043e \u043e\u0434":"admin","\u041f\u0440\u043e\u0446\u0435\u045a\u0435\u043d\u043e \u0432\u0440\u0435\u043c\u0435 \u0447\u0438\u0442\u0430\u045a\u0430":"1 \u043c\u0438\u043d\u0443\u0442"},"schema":{"@context":"https:\/\/schema.org","@graph":[{"@type":"WebPage","@id":"https:\/\/president-ksgov.net\/presidenti-pacolli-priti-perfaqesuesit-e-national-breakfast-prayer\/","url":"https:\/\/president-ksgov.net\/presidenti-pacolli-priti-perfaqesuesit-e-national-breakfast-prayer\/","name":"Predsednik Pacolli je do\u010dekao predstavnike \"National Breakfast Prayer\" - Predsednik Republike Kosovo - DR. VJOSA OSMANI - SADRIU","isPartOf":{"@id":"https:\/\/president-ksgov.net\/#website"},"primaryImageOfPage":{"@id":"https:\/\/president-ksgov.net\/presidenti-pacolli-priti-perfaqesuesit-e-national-breakfast-prayer\/#primaryimage"},"image":{"@id":"https:\/\/president-ksgov.net\/presidenti-pacolli-priti-perfaqesuesit-e-national-breakfast-prayer\/#primaryimage"},"thumbnailUrl":"https:\/\/president-ksgov.net\/wp-content\/uploads\/01_03_2011_National_Breakfast_Prayer_1.jpg","datePublished":"2011-03-01T19:09:45+00:00","dateModified":"2011-03-01T19:09:45+00:00","author":{"@id":"https:\/\/president-ksgov.net\/#\/schema\/person\/bb4337a5fb147cb2046d80548172cbee"},"description":"Predsednik Pacolli je do\u010dekao predstavnike \"National Breakfast Prayer\" - Predsednik Republike Kosovo - DR. VJOSA OSMANI - SADRIU -","breadcrumb":{"@id":"https:\/\/president-ksgov.net\/presidenti-pacolli-priti-perfaqesuesit-e-national-breakfast-prayer\/#breadcrumb"},"inLanguage":"sr-RS","potentialAction":[{"@type":"ReadAction","target":["https:\/\/president-ksgov.net\/presidenti-pacolli-priti-perfaqesuesit-e-national-breakfast-prayer\/"]}]},{"@type":"ImageObject","inLanguage":"sr-RS","@id":"https:\/\/president-ksgov.net\/presidenti-pacolli-priti-perfaqesuesit-e-national-breakfast-prayer\/#primaryimage","url":"https:\/\/president-ksgov.net\/wp-content\/uploads\/01_03_2011_National_Breakfast_Prayer_1.jpg","contentUrl":"https:\/\/president-ksgov.net\/wp-content\/uploads\/01_03_2011_National_Breakfast_Prayer_1.jpg","width":1000,"height":667},{"@type":"BreadcrumbList","@id":"https:\/\/president-ksgov.net\/presidenti-pacolli-priti-perfaqesuesit-e-national-breakfast-prayer\/#breadcrumb","itemListElement":[{"@type":"ListItem","position":1,"name":"Home","item":"https:\/\/president-ksgov.net\/sr\/"},{"@type":"ListItem","position":2,"name":"Predsednik Pacolli je do\u010dekao predstavnike &#8220;National Breakfast Prayer&#8221;"}]},{"@type":"WebSite","@id":"https:\/\/president-ksgov.net\/#website","url":"https:\/\/president-ksgov.net\/","name":"Presidente e Republik\u00ebs s\u00eb Kosov\u00ebs","description":"Presidente e Republik\u00ebs s\u00eb Kosov\u00ebs","alternateName":"DR. VJOSA OSMANI - SADRIU","potentialAction":[{"@type":"SearchAction","target":{"@type":"EntryPoint","urlTemplate":"https:\/\/president-ksgov.net\/?s={search_term_string}"},"query-input":{"@type":"PropertyValueSpecification","valueRequired":true,"valueName":"search_term_string"}}],"inLanguage":"sr-RS"},{"@type":"Person","@id":"https:\/\/president-ksgov.net\/#\/schema\/person\/bb4337a5fb147cb2046d80548172cbee","name":"admin","image":{"@type":"ImageObject","inLanguage":"sr-RS","@id":"https:\/\/president-ksgov.net\/#\/schema\/person\/image\/","url":"https:\/\/secure.gravatar.com\/avatar\/36156ca0fa3b8d9d25174f146e16beea0cf28f37adf1b9e19b6c9c279a7c9dd3?s=96&d=mm&r=g","contentUrl":"https:\/\/secure.gravatar.com\/avatar\/36156ca0fa3b8d9d25174f146e16beea0cf28f37adf1b9e19b6c9c279a7c9dd3?s=96&d=mm&r=g","caption":"admin"},"sameAs":["https:\/\/president-ksgov.net"]}]}},"_links":{"self":[{"href":"https:\/\/president-ksgov.net\/sr\/wp-json\/wp\/v2\/posts\/79792","targetHints":{"allow":["GET"]}}],"collection":[{"href":"https:\/\/president-ksgov.net\/sr\/wp-json\/wp\/v2\/posts"}],"about":[{"href":"https:\/\/president-ksgov.net\/sr\/wp-json\/wp\/v2\/types\/post"}],"author":[{"embeddable":true,"href":"https:\/\/president-ksgov.net\/sr\/wp-json\/wp\/v2\/users\/1"}],"replies":[{"embeddable":true,"href":"https:\/\/president-ksgov.net\/sr\/wp-json\/wp\/v2\/comments?post=79792"}],"version-history":[{"count":0,"href":"https:\/\/president-ksgov.net\/sr\/wp-json\/wp\/v2\/posts\/79792\/revisions"}],"wp:featuredmedia":[{"embeddable":true,"href":"https:\/\/president-ksgov.net\/sr\/wp-json\/wp\/v2\/media\/62204"}],"wp:attachment":[{"href":"https:\/\/president-ksgov.net\/sr\/wp-json\/wp\/v2\/media?parent=79792"}],"wp:term":[{"taxonomy":"category","embeddable":true,"href":"https:\/\/president-ksgov.net\/sr\/wp-json\/wp\/v2\/categories?post=79792"},{"taxonomy":"post_tag","embeddable":true,"href":"https:\/\/president-ksgov.net\/sr\/wp-json\/wp\/v2\/tags?post=79792"}],"curies":[{"name":"wp","href":"https:\/\/api.w.org\/{rel}","templated":true}]}}