{"id":79768,"date":"2011-03-07T19:05:02","date_gmt":"2011-03-07T19:05:02","guid":{"rendered":"https:\/\/dev.president-ksgov.net\/predsednik-pacolli-je-cestitao-nastavnicima-i-veteranima-prosvete-dan-ucitelja\/"},"modified":"2011-03-07T19:05:02","modified_gmt":"2011-03-07T19:05:02","slug":"predsednik-pacolli-je-cestitao-nastavnicima-i-veteranima-prosvete-dan-ucitelja","status":"publish","type":"post","link":"https:\/\/president-ksgov.net\/sr\/predsednik-pacolli-je-cestitao-nastavnicima-i-veteranima-prosvete-dan-ucitelja\/","title":{"rendered":"Predsednik Pacolli je \u010destitao nastavnicima i veteranima prosvete Dan U\u010ditelja"},"content":{"rendered":"<p>Predsednik Republike Kosova Behgjet Pacolli je, povodom Dana U\u010ditelja, do\u010dekao  jednu grupu nastavnika i veterana prosvete.<\/p>\n<p>U jednom du&#382;em i prijateljskom razgovoru, Predsednik Pacolli je \u010destitao svojim gostima Dan U\u010ditelja, i zahvalio im se za veliki doprinos koji su dali i nastavljaju dati za prosvetu na Kosovu u najte&#382;im vremenima, i po&#382;eleo im dobro zdravlje i mnogo sre\u0107e.<\/p>\n<p>&#8222;Ja sam imao \u010dast da provodim nekoliko trenutaka sa na&#353;im vaspita\u010dima, na&#353;im u\u010diteljima, sa ljudima koje visoko cenim, ljudima s vrednostima, ljudima koji su doprineli i \u010diji doprinos nastavlja da bude jako va&#382;an za Kosovo. Nisam imao mogu\u0107nosti da sretnem sve one koji pripadaju ovoj kategoriji, ali simboli\u010dno sam imao \u010dast da provodim par lepih trenutaka, razmenjuju\u0107i razna mi&#353;ljenja uz jo&#353; ve\u0107e inspiracije da jo&#353; vi&#353;e radimo za na&#353;e dru&#353;tvo&#8220;, re\u010de Predsednik Pacolli nakon sastanka, dodaju\u0107i da na&#353;e dru&#353;tvo ima potrebe da ide napred, ima potrebe za pomo\u0107, ima potrebe za savet.<\/p>\n<p>Govore\u0107i u ime nastavnika i veterana prosvete, profesor i knji&#382;evnik Ramiz Kelmendi\u00a0 se izrazio: &#8222;Ose\u0107a sam se jako po\u010da&#353;\u0107en. Blago onoj dr&#382;avi i vlastima koji\u00a0 visoko cene svoje nastavnike&#8220;.<\/p>\n<p>Dok u\u010diteljica Sofije Klloko\u00e7i, koja je bila nastavnica Predsednika Pacolli, je evocirala se\u0107anja iz tog vremena i izrazila se jako obradovanom &#353;to je njen u\u010denik postigao tako mnogo uspeha da je postao Predsednik zemlje.<\/p>\n","protected":false},"excerpt":{"rendered":"<p>Predsednik Republike Kosova Behgjet Pacolli je, povodom Dana U\u010ditelja, do\u010dekao  jednu grupu nastavnika i veterana prosvete.<\/p>\n","protected":false},"author":1,"featured_media":62042,"comment_status":"open","ping_status":"closed","sticky":false,"template":"","format":"standard","meta":{"_eb_attr":"","footnotes":""},"categories":[101],"tags":[],"class_list":["post-79768","post","type-post","status-publish","format-standard","has-post-thumbnail","hentry","category-vesti"],"yoast_head":"<!-- This site is optimized with the Yoast SEO plugin v23.5 - https:\/\/yoast.com\/wordpress\/plugins\/seo\/ -->\n<title>Predsednik Pacolli je \u010destitao nastavnicima i veteranima prosvete Dan U\u010ditelja - Predsednik Republike Kosovo - DR. VJOSA OSMANI - SADRIU<\/title>\n<meta name=\"description\" content=\"Predsednik Pacolli je \u010destitao nastavnicima i veteranima prosvete Dan U\u010ditelja - Predsednik Republike Kosovo - DR. VJOSA OSMANI - SADRIU -\" \/>\n<meta name=\"robots\" content=\"index, follow, max-snippet:-1, max-image-preview:large, max-video-preview:-1\" \/>\n<link rel=\"canonical\" href=\"https:\/\/president-ksgov.net\/presidenti-pacolli-uroi-arsimtaret-dhe-veteranet-e-arsimit-per-diten-e-mesuesit-2\/\" \/>\n<meta property=\"og:locale\" content=\"sr_RS\" \/>\n<meta property=\"og:type\" content=\"article\" \/>\n<meta property=\"og:title\" content=\"Predsednik Pacolli je \u010destitao nastavnicima i veteranima prosvete Dan U\u010ditelja - Predsednik Republike Kosovo - DR. VJOSA OSMANI - SADRIU\" \/>\n<meta property=\"og:description\" content=\"Predsednik Pacolli je \u010destitao nastavnicima i veteranima prosvete Dan U\u010ditelja - Predsednik Republike Kosovo - DR. VJOSA OSMANI - SADRIU -\" \/>\n<meta property=\"og:url\" content=\"https:\/\/president-ksgov.net\/presidenti-pacolli-uroi-arsimtaret-dhe-veteranet-e-arsimit-per-diten-e-mesuesit-2\/\" \/>\n<meta property=\"og:site_name\" content=\"Predsednik Republike Kosovo - DR. VJOSA OSMANI - SADRIU\" \/>\n<meta property=\"article:published_time\" content=\"2011-03-07T19:05:02+00:00\" \/>\n<meta property=\"og:image\" content=\"https:\/\/president-ksgov.net\/wp-content\/uploads\/07_03_2011_Takime_me_Veteranet_e_Arsimit_1.jpg\" \/>\n\t<meta property=\"og:image:width\" content=\"1000\" \/>\n\t<meta property=\"og:image:height\" content=\"667\" \/>\n\t<meta property=\"og:image:type\" content=\"image\/jpeg\" \/>\n<meta name=\"author\" content=\"admin\" \/>\n<meta name=\"twitter:card\" content=\"summary_large_image\" \/>\n<meta name=\"twitter:label1\" content=\"\u041d\u0430\u043f\u0438\u0441\u0430\u043d\u043e \u043e\u0434\" \/>\n\t<meta name=\"twitter:data1\" content=\"admin\" \/>\n\t<meta name=\"twitter:label2\" content=\"\u041f\u0440\u043e\u0446\u0435\u045a\u0435\u043d\u043e \u0432\u0440\u0435\u043c\u0435 \u0447\u0438\u0442\u0430\u045a\u0430\" \/>\n\t<meta name=\"twitter:data2\" content=\"1 \u043c\u0438\u043d\u0443\u0442\" \/>\n<script type=\"application\/ld+json\" class=\"yoast-schema-graph\">{\"@context\":\"https:\/\/schema.org\",\"@graph\":[{\"@type\":\"WebPage\",\"@id\":\"https:\/\/president-ksgov.net\/presidenti-pacolli-uroi-arsimtaret-dhe-veteranet-e-arsimit-per-diten-e-mesuesit-2\/\",\"url\":\"https:\/\/president-ksgov.net\/presidenti-pacolli-uroi-arsimtaret-dhe-veteranet-e-arsimit-per-diten-e-mesuesit-2\/\",\"name\":\"Predsednik Pacolli je \u010destitao nastavnicima i veteranima prosvete Dan U\u010ditelja - Predsednik Republike Kosovo - DR. VJOSA OSMANI - SADRIU\",\"isPartOf\":{\"@id\":\"https:\/\/president-ksgov.net\/#website\"},\"primaryImageOfPage\":{\"@id\":\"https:\/\/president-ksgov.net\/presidenti-pacolli-uroi-arsimtaret-dhe-veteranet-e-arsimit-per-diten-e-mesuesit-2\/#primaryimage\"},\"image\":{\"@id\":\"https:\/\/president-ksgov.net\/presidenti-pacolli-uroi-arsimtaret-dhe-veteranet-e-arsimit-per-diten-e-mesuesit-2\/#primaryimage\"},\"thumbnailUrl\":\"https:\/\/president-ksgov.net\/wp-content\/uploads\/07_03_2011_Takime_me_Veteranet_e_Arsimit_1.jpg\",\"datePublished\":\"2011-03-07T19:05:02+00:00\",\"dateModified\":\"2011-03-07T19:05:02+00:00\",\"author\":{\"@id\":\"https:\/\/president-ksgov.net\/#\/schema\/person\/bb4337a5fb147cb2046d80548172cbee\"},\"description\":\"Predsednik Pacolli je \u010destitao nastavnicima i veteranima prosvete Dan U\u010ditelja - Predsednik Republike Kosovo - DR. VJOSA OSMANI - SADRIU -\",\"breadcrumb\":{\"@id\":\"https:\/\/president-ksgov.net\/presidenti-pacolli-uroi-arsimtaret-dhe-veteranet-e-arsimit-per-diten-e-mesuesit-2\/#breadcrumb\"},\"inLanguage\":\"sr-RS\",\"potentialAction\":[{\"@type\":\"ReadAction\",\"target\":[\"https:\/\/president-ksgov.net\/presidenti-pacolli-uroi-arsimtaret-dhe-veteranet-e-arsimit-per-diten-e-mesuesit-2\/\"]}]},{\"@type\":\"ImageObject\",\"inLanguage\":\"sr-RS\",\"@id\":\"https:\/\/president-ksgov.net\/presidenti-pacolli-uroi-arsimtaret-dhe-veteranet-e-arsimit-per-diten-e-mesuesit-2\/#primaryimage\",\"url\":\"https:\/\/president-ksgov.net\/wp-content\/uploads\/07_03_2011_Takime_me_Veteranet_e_Arsimit_1.jpg\",\"contentUrl\":\"https:\/\/president-ksgov.net\/wp-content\/uploads\/07_03_2011_Takime_me_Veteranet_e_Arsimit_1.jpg\",\"width\":1000,\"height\":667},{\"@type\":\"BreadcrumbList\",\"@id\":\"https:\/\/president-ksgov.net\/presidenti-pacolli-uroi-arsimtaret-dhe-veteranet-e-arsimit-per-diten-e-mesuesit-2\/#breadcrumb\",\"itemListElement\":[{\"@type\":\"ListItem\",\"position\":1,\"name\":\"Home\",\"item\":\"https:\/\/president-ksgov.net\/sr\/\"},{\"@type\":\"ListItem\",\"position\":2,\"name\":\"Predsednik Pacolli je \u010destitao nastavnicima i veteranima prosvete Dan U\u010ditelja\"}]},{\"@type\":\"WebSite\",\"@id\":\"https:\/\/president-ksgov.net\/#website\",\"url\":\"https:\/\/president-ksgov.net\/\",\"name\":\"Presidente e Republik\u00ebs s\u00eb Kosov\u00ebs\",\"description\":\"Presidente e Republik\u00ebs s\u00eb Kosov\u00ebs\",\"alternateName\":\"DR. VJOSA OSMANI - SADRIU\",\"potentialAction\":[{\"@type\":\"SearchAction\",\"target\":{\"@type\":\"EntryPoint\",\"urlTemplate\":\"https:\/\/president-ksgov.net\/?s={search_term_string}\"},\"query-input\":{\"@type\":\"PropertyValueSpecification\",\"valueRequired\":true,\"valueName\":\"search_term_string\"}}],\"inLanguage\":\"sr-RS\"},{\"@type\":\"Person\",\"@id\":\"https:\/\/president-ksgov.net\/#\/schema\/person\/bb4337a5fb147cb2046d80548172cbee\",\"name\":\"admin\",\"image\":{\"@type\":\"ImageObject\",\"inLanguage\":\"sr-RS\",\"@id\":\"https:\/\/president-ksgov.net\/#\/schema\/person\/image\/\",\"url\":\"https:\/\/secure.gravatar.com\/avatar\/36156ca0fa3b8d9d25174f146e16beea0cf28f37adf1b9e19b6c9c279a7c9dd3?s=96&d=mm&r=g\",\"contentUrl\":\"https:\/\/secure.gravatar.com\/avatar\/36156ca0fa3b8d9d25174f146e16beea0cf28f37adf1b9e19b6c9c279a7c9dd3?s=96&d=mm&r=g\",\"caption\":\"admin\"},\"sameAs\":[\"https:\/\/president-ksgov.net\"]}]}<\/script>\n<!-- \/ Yoast SEO plugin. -->","yoast_head_json":{"title":"Predsednik Pacolli je \u010destitao nastavnicima i veteranima prosvete Dan U\u010ditelja - Predsednik Republike Kosovo - DR. VJOSA OSMANI - SADRIU","description":"Predsednik Pacolli je \u010destitao nastavnicima i veteranima prosvete Dan U\u010ditelja - Predsednik Republike Kosovo - DR. VJOSA OSMANI - SADRIU -","robots":{"index":"index","follow":"follow","max-snippet":"max-snippet:-1","max-image-preview":"max-image-preview:large","max-video-preview":"max-video-preview:-1"},"canonical":"https:\/\/president-ksgov.net\/presidenti-pacolli-uroi-arsimtaret-dhe-veteranet-e-arsimit-per-diten-e-mesuesit-2\/","og_locale":"sr_RS","og_type":"article","og_title":"Predsednik Pacolli je \u010destitao nastavnicima i veteranima prosvete Dan U\u010ditelja - Predsednik Republike Kosovo - DR. VJOSA OSMANI - SADRIU","og_description":"Predsednik Pacolli je \u010destitao nastavnicima i veteranima prosvete Dan U\u010ditelja - Predsednik Republike Kosovo - DR. VJOSA OSMANI - SADRIU -","og_url":"https:\/\/president-ksgov.net\/presidenti-pacolli-uroi-arsimtaret-dhe-veteranet-e-arsimit-per-diten-e-mesuesit-2\/","og_site_name":"Predsednik Republike Kosovo - DR. VJOSA OSMANI - SADRIU","article_published_time":"2011-03-07T19:05:02+00:00","og_image":[{"width":1000,"height":667,"url":"https:\/\/president-ksgov.net\/wp-content\/uploads\/07_03_2011_Takime_me_Veteranet_e_Arsimit_1.jpg","type":"image\/jpeg"}],"author":"admin","twitter_card":"summary_large_image","twitter_misc":{"\u041d\u0430\u043f\u0438\u0441\u0430\u043d\u043e \u043e\u0434":"admin","\u041f\u0440\u043e\u0446\u0435\u045a\u0435\u043d\u043e \u0432\u0440\u0435\u043c\u0435 \u0447\u0438\u0442\u0430\u045a\u0430":"1 \u043c\u0438\u043d\u0443\u0442"},"schema":{"@context":"https:\/\/schema.org","@graph":[{"@type":"WebPage","@id":"https:\/\/president-ksgov.net\/presidenti-pacolli-uroi-arsimtaret-dhe-veteranet-e-arsimit-per-diten-e-mesuesit-2\/","url":"https:\/\/president-ksgov.net\/presidenti-pacolli-uroi-arsimtaret-dhe-veteranet-e-arsimit-per-diten-e-mesuesit-2\/","name":"Predsednik Pacolli je \u010destitao nastavnicima i veteranima prosvete Dan U\u010ditelja - Predsednik Republike Kosovo - DR. VJOSA OSMANI - SADRIU","isPartOf":{"@id":"https:\/\/president-ksgov.net\/#website"},"primaryImageOfPage":{"@id":"https:\/\/president-ksgov.net\/presidenti-pacolli-uroi-arsimtaret-dhe-veteranet-e-arsimit-per-diten-e-mesuesit-2\/#primaryimage"},"image":{"@id":"https:\/\/president-ksgov.net\/presidenti-pacolli-uroi-arsimtaret-dhe-veteranet-e-arsimit-per-diten-e-mesuesit-2\/#primaryimage"},"thumbnailUrl":"https:\/\/president-ksgov.net\/wp-content\/uploads\/07_03_2011_Takime_me_Veteranet_e_Arsimit_1.jpg","datePublished":"2011-03-07T19:05:02+00:00","dateModified":"2011-03-07T19:05:02+00:00","author":{"@id":"https:\/\/president-ksgov.net\/#\/schema\/person\/bb4337a5fb147cb2046d80548172cbee"},"description":"Predsednik Pacolli je \u010destitao nastavnicima i veteranima prosvete Dan U\u010ditelja - Predsednik Republike Kosovo - DR. VJOSA OSMANI - SADRIU -","breadcrumb":{"@id":"https:\/\/president-ksgov.net\/presidenti-pacolli-uroi-arsimtaret-dhe-veteranet-e-arsimit-per-diten-e-mesuesit-2\/#breadcrumb"},"inLanguage":"sr-RS","potentialAction":[{"@type":"ReadAction","target":["https:\/\/president-ksgov.net\/presidenti-pacolli-uroi-arsimtaret-dhe-veteranet-e-arsimit-per-diten-e-mesuesit-2\/"]}]},{"@type":"ImageObject","inLanguage":"sr-RS","@id":"https:\/\/president-ksgov.net\/presidenti-pacolli-uroi-arsimtaret-dhe-veteranet-e-arsimit-per-diten-e-mesuesit-2\/#primaryimage","url":"https:\/\/president-ksgov.net\/wp-content\/uploads\/07_03_2011_Takime_me_Veteranet_e_Arsimit_1.jpg","contentUrl":"https:\/\/president-ksgov.net\/wp-content\/uploads\/07_03_2011_Takime_me_Veteranet_e_Arsimit_1.jpg","width":1000,"height":667},{"@type":"BreadcrumbList","@id":"https:\/\/president-ksgov.net\/presidenti-pacolli-uroi-arsimtaret-dhe-veteranet-e-arsimit-per-diten-e-mesuesit-2\/#breadcrumb","itemListElement":[{"@type":"ListItem","position":1,"name":"Home","item":"https:\/\/president-ksgov.net\/sr\/"},{"@type":"ListItem","position":2,"name":"Predsednik Pacolli je \u010destitao nastavnicima i veteranima prosvete Dan U\u010ditelja"}]},{"@type":"WebSite","@id":"https:\/\/president-ksgov.net\/#website","url":"https:\/\/president-ksgov.net\/","name":"Presidente e Republik\u00ebs s\u00eb Kosov\u00ebs","description":"Presidente e Republik\u00ebs s\u00eb Kosov\u00ebs","alternateName":"DR. VJOSA OSMANI - SADRIU","potentialAction":[{"@type":"SearchAction","target":{"@type":"EntryPoint","urlTemplate":"https:\/\/president-ksgov.net\/?s={search_term_string}"},"query-input":{"@type":"PropertyValueSpecification","valueRequired":true,"valueName":"search_term_string"}}],"inLanguage":"sr-RS"},{"@type":"Person","@id":"https:\/\/president-ksgov.net\/#\/schema\/person\/bb4337a5fb147cb2046d80548172cbee","name":"admin","image":{"@type":"ImageObject","inLanguage":"sr-RS","@id":"https:\/\/president-ksgov.net\/#\/schema\/person\/image\/","url":"https:\/\/secure.gravatar.com\/avatar\/36156ca0fa3b8d9d25174f146e16beea0cf28f37adf1b9e19b6c9c279a7c9dd3?s=96&d=mm&r=g","contentUrl":"https:\/\/secure.gravatar.com\/avatar\/36156ca0fa3b8d9d25174f146e16beea0cf28f37adf1b9e19b6c9c279a7c9dd3?s=96&d=mm&r=g","caption":"admin"},"sameAs":["https:\/\/president-ksgov.net"]}]}},"_links":{"self":[{"href":"https:\/\/president-ksgov.net\/sr\/wp-json\/wp\/v2\/posts\/79768","targetHints":{"allow":["GET"]}}],"collection":[{"href":"https:\/\/president-ksgov.net\/sr\/wp-json\/wp\/v2\/posts"}],"about":[{"href":"https:\/\/president-ksgov.net\/sr\/wp-json\/wp\/v2\/types\/post"}],"author":[{"embeddable":true,"href":"https:\/\/president-ksgov.net\/sr\/wp-json\/wp\/v2\/users\/1"}],"replies":[{"embeddable":true,"href":"https:\/\/president-ksgov.net\/sr\/wp-json\/wp\/v2\/comments?post=79768"}],"version-history":[{"count":0,"href":"https:\/\/president-ksgov.net\/sr\/wp-json\/wp\/v2\/posts\/79768\/revisions"}],"wp:featuredmedia":[{"embeddable":true,"href":"https:\/\/president-ksgov.net\/sr\/wp-json\/wp\/v2\/media\/62042"}],"wp:attachment":[{"href":"https:\/\/president-ksgov.net\/sr\/wp-json\/wp\/v2\/media?parent=79768"}],"wp:term":[{"taxonomy":"category","embeddable":true,"href":"https:\/\/president-ksgov.net\/sr\/wp-json\/wp\/v2\/categories?post=79768"},{"taxonomy":"post_tag","embeddable":true,"href":"https:\/\/president-ksgov.net\/sr\/wp-json\/wp\/v2\/tags?post=79768"}],"curies":[{"name":"wp","href":"https:\/\/api.w.org\/{rel}","templated":true}]}}