{"id":79571,"date":"2011-05-27T18:19:49","date_gmt":"2011-05-27T18:19:49","guid":{"rendered":"https:\/\/dev.president-ksgov.net\/izlaganje-predsednice-atifete-jahjaga-na-samitu-lidera-zemalja-centralne-evrope\/"},"modified":"2023-03-08T09:05:40","modified_gmt":"2023-03-08T09:05:40","slug":"izlaganje-predsednice-atifete-jahjaga-na-samitu-lidera-zemalja-centralne-evrope","status":"publish","type":"post","link":"https:\/\/president-ksgov.net\/sr\/izlaganje-predsednice-atifete-jahjaga-na-samitu-lidera-zemalja-centralne-evrope\/","title":{"rendered":"Izlaganje Predsednice Atifete Jahjaga na Samitu lidera zemalja Centralne Evrope"},"content":{"rendered":"<p>Cast mi je da se obratim ovom susretu predsednika dr&#382;ava Srednje i Istocne Evrope. Format ovog susreta odr&#382;ava duboke promene kroz koje je pro&#353;lo pola na&#353;eg kontinenta u poslednje dve decenije.<\/p>\n<p>Po&#353;tovani predsednici dr&#382;ava,<br \/>\nPpo&#353;tovane ekselencije,<br \/>\nDame i gospodo! <\/p>\n<p>Cast mi je da se obratim\u00a0 ovom susretu predsednika dr&#382;ava Srednje i<br \/>\nIstocne Evrope. Format ovog susreta odr&#382;ava duboke promene kroz koje je<br \/>\npro&#353;lo pola na&#353;eg kontinenta u poslednje dve decenije.<br \/>\nVa&#382;an korak u preobra&#382;aju Evrope je intervencija NATO-a na Kosovu. Ova<br \/>\nintervencija je zabele&#382;ila prvi korak &#8222;izvan zone&#8220; Alijanse za za&#353;titu<br \/>\nljudskih &#382;ivota i za promovisanje medunarodne norme prava na\u00a0 odbranu.<br \/>\nZbog NATO-a i EU i rezultata politika njihovih otvorenih vrata,<br \/>\nJugo-istocna\u00a0 Evropa je okoncala poglavlje konflikata i zemlje Zapdanog<br \/>\nBalkana su u konacnoj fazi tranzicije. Danas, NATO i EU pokazuju da su<br \/>\ngeneratori mira, bezbednosti i demokratske tranzicije izvan evropskih<br \/>\ngranica.<br \/>\nDok, ostale zemlje u tranziciji, su se usredsredile na strukturalne<br \/>\nreforme i stvaranja demokratskih dru&#353;tava, Kosovo je trebalo da izgradi<br \/>\nmnogo toga od samog pocetka, nakon uni&#353;tavanja njegovih institucija,<br \/>\ndru&#353;tvenih struktura i ekonomske osnove.<\/p>\n<p>Po&#353;tovani predsednici dr&#382;ava,<br \/>\nEkselencije,<br \/>\nRepublika Kosovo dokazuje da je uspe&#353;na istorija demokratskog i<br \/>\nmultietnickog dr&#382;avotvorstva. Na ovom putu uspeha, Kosovo nije bilo<br \/>\nusamljeno, vec\u00a0 je dostojanstveno podr&#382;ano od svojih prijatelja iz celog<br \/>\nsveta. Koristim priliku da se zahvalim na podr&#353;ci va&#353;im vladama i<br \/>\nnarodima, koju su dali mojoj zemlji.<br \/>\nKosovo danas ima svoje funkcionalne vi&#353;eetnicke dr&#382;avne institucije.<br \/>\nKosovo kao posveceni clan transatlantske zajednice obavezuje se o istim<br \/>\nideailma i o visokim nacelima slobode, mira, demokratije i po&#353;tovanja<br \/>\nljudskih prava i prava zajednica, sa kojima\u00a0 se rukovode i ostale<br \/>\ndemokratije.<br \/>\nAli, ipak mi se suocavamo sa nizom izazova koji proizilaze iz na&#353;e kasne<br \/>\ntranzicije i postizanja dr&#382;avnosti, kao i preostalim problemima sa<br \/>\nSrbijom.<br \/>\nKosovo ima potrebu za ojacanjem institucionalnih kapaciteta u oblasti<br \/>\nvladavine zakona, borbe protiv korupcije i organizovanog kriminala. Kao<br \/>\n&#353;to mo&#382;da i znate, u mojoj prethodnoj karijeri bila sam profesionalac za<br \/>\nsprovodenje zakona i ucinila la sam da vladavina zakona bude jedan od<br \/>\nprioriteta mog predsedavanja. Koristim ovu priliku da se zahvalim EU,<br \/>\nSAD-a\u00a0 i ostalima koji su dali doprinos podr&#353;ci njihovoj zajednickoj<br \/>\nmisiji za vladavinu zakona na Kosovu-Eulex &#8211;u. Dok, radimo na<br \/>\nkonsolidovanju na&#353;ih institucija, osna&#382;ivanju vladavine zakona i<br \/>\nrazvijanju na&#353;e privrede, mi smo uvek svesni za evropski put Kosova. Na<br \/>\novaj nacin\u00a0 Republika Kosovo je potpuno posvecena ispunjavanju kriterija<br \/>\nuclanjivanja i vrednostima koje predstavlja Evropska zajednica i NATO. U<br \/>\nizgradnji svoje buducnosti, Kosovo ce pratiti svoje unutra&#353;nje reforme u<br \/>\nskladu sa kriterijumima EU za prijem i uclanjenje u NATO.<br \/>\nKosovo, ima odlicne odnose sa vecinom svojih suseda i cinimo sve &#353;to je moguce da otvorimo\u00a0 novu stranicu odnosa sa Srbijom .<br \/>\nI uprkos\u00a0 na&#353;oj pro&#353;losti, Kosovo i Srbija, moraju biti susedi i jednoga<br \/>\ndana isto tako cemo biti i prijatelji. Ovo je na&#353;a buducnost i ja\u00a0 nestrpljivo\u00a0 cekam da dode taj dan. U Evropi XXI veka nema mesta za<br \/>\nstare ideje podele ljudi na osnovu etnicke pripadnosti. Kosovo i Srbija<br \/>\nzbog tog razloga moraju da se uzajamno poma&#382;u ka napretku i da jednom za<br \/>\nsva vremena zatvore svoju te&#353;ku i bolnu pro&#353;lost.<br \/>\nDanas, gradani Kosova &#382;ive sigurni i u slobodi, za&#353;ticeni zakonom uz<br \/>\nlicni i dru&#353;tveni napredak. Posebno iskustvo moje zemlje dokazuje da<br \/>\npostoje odredeni uslovi koji se trebaju ispuniti za uspe&#353;nu tranziciju, i<br \/>\nto: mir i sigurnost, demokratske i odgovorne institucije &#8211;<br \/>\ntransparentne i vi&#353;e nacionalne uz duboko po&#353;tovanje vladavine zakona,<br \/>\ntr&#382;i&#353;ne privrede slobodne konkurencije, sigurnost privatnog i javnog<br \/>\nvlasni&#353;tva, kao i dobrosusedski\u00a0 odnosi. To je ono &#353;to moramo znati kada<br \/>\nje rec o novim demokratijama u susedstvu sa Evropom. <\/p>\n<p>Po&#353;tovane ekselencije ,<br \/>\nDamo i gospodo, <\/p>\n<p>Evropa ce biti cela i ujedinjenja onda kada se sve zemlje Zapadnog<br \/>\nBalkana, ukljucujuci i Republiku Kosovo budu potpuno integrisane u EU i<br \/>\nNATO. Celovita i ujedinjenja Evropa, sa kohezivnom spoljnom i<br \/>\nbezbednosnom politikom bice veran aleat koji deli globalne odgovornosti<br \/>\nsa SAD-om. Zajedno smo zajednica vrednosti koja obezbeduje medunarodni<br \/>\nmir i bezbednost, poma&#382;e nove demokratije u susedstvu sa Evropom i &#353;ire.<br \/>\nMoja zemlja nestrpljivo ceka da da svoj doprinos unutar transatlantske<br \/>\nzajednice i EU za postizanje ovog cilja. <\/p>\n<p>Hvala vam na pa&#382;nji !<\/p>\n","protected":false},"excerpt":{"rendered":"<p>Cast mi je da se obratim ovom susretu predsednika dr&#382;ava Srednje i Istocne Evrope. Format ovog susreta odr&#382;ava duboke promene kroz koje je pro&#353;lo pola na&#353;eg kontinenta u poslednje dve decenije.<\/p>\n","protected":false},"author":1,"featured_media":60713,"comment_status":"open","ping_status":"closed","sticky":false,"template":"","format":"standard","meta":{"_eb_attr":"","footnotes":""},"categories":[106],"tags":[],"class_list":["post-79571","post","type-post","status-publish","format-standard","has-post-thumbnail","hentry","category-govori"],"yoast_head":"<!-- This site is optimized with the Yoast SEO plugin v23.5 - https:\/\/yoast.com\/wordpress\/plugins\/seo\/ -->\n<title>Izlaganje Predsednice Atifete Jahjaga na Samitu lidera zemalja Centralne Evrope - Predsednik Republike Kosovo - DR. VJOSA OSMANI - SADRIU<\/title>\n<meta name=\"description\" content=\"Izlaganje Predsednice Atifete Jahjaga na Samitu lidera zemalja Centralne Evrope - Predsednik Republike Kosovo - DR. VJOSA OSMANI - SADRIU -\" \/>\n<meta name=\"robots\" content=\"index, follow, max-snippet:-1, max-image-preview:large, max-video-preview:-1\" \/>\n<link rel=\"canonical\" href=\"https:\/\/president-ksgov.net\/fjalimi-i-presidentes-atifete-jahjaga-ne-samitin-e-lidereve-te-evropes-qendrore\/\" \/>\n<meta property=\"og:locale\" content=\"sr_RS\" \/>\n<meta property=\"og:type\" content=\"article\" \/>\n<meta property=\"og:title\" content=\"Izlaganje Predsednice Atifete Jahjaga na Samitu lidera zemalja Centralne Evrope - Predsednik Republike Kosovo - DR. VJOSA OSMANI - SADRIU\" \/>\n<meta property=\"og:description\" content=\"Izlaganje Predsednice Atifete Jahjaga na Samitu lidera zemalja Centralne Evrope - Predsednik Republike Kosovo - DR. VJOSA OSMANI - SADRIU -\" \/>\n<meta property=\"og:url\" content=\"https:\/\/president-ksgov.net\/fjalimi-i-presidentes-atifete-jahjaga-ne-samitin-e-lidereve-te-evropes-qendrore\/\" \/>\n<meta property=\"og:site_name\" content=\"Predsednik Republike Kosovo - DR. VJOSA OSMANI - SADRIU\" \/>\n<meta property=\"article:published_time\" content=\"2011-05-27T18:19:49+00:00\" \/>\n<meta property=\"article:modified_time\" content=\"2023-03-08T09:05:40+00:00\" \/>\n<meta property=\"og:image\" content=\"https:\/\/president-ksgov.net\/wp-content\/uploads\/Fjalimi_i_Presidentes_Atifete_Jahjaga_ne_Samitin_e_lidereve_te_Evropes_Qendrore_01.jpg\" \/>\n\t<meta property=\"og:image:width\" content=\"800\" \/>\n\t<meta property=\"og:image:height\" content=\"533\" \/>\n\t<meta property=\"og:image:type\" content=\"image\/jpeg\" \/>\n<meta name=\"author\" content=\"admin\" \/>\n<meta name=\"twitter:card\" content=\"summary_large_image\" \/>\n<meta name=\"twitter:label1\" content=\"\u041d\u0430\u043f\u0438\u0441\u0430\u043d\u043e \u043e\u0434\" \/>\n\t<meta name=\"twitter:data1\" content=\"admin\" \/>\n\t<meta name=\"twitter:label2\" content=\"\u041f\u0440\u043e\u0446\u0435\u045a\u0435\u043d\u043e \u0432\u0440\u0435\u043c\u0435 \u0447\u0438\u0442\u0430\u045a\u0430\" \/>\n\t<meta name=\"twitter:data2\" content=\"4 \u043c\u0438\u043d\u0443\u0442\u0430\" \/>\n<script type=\"application\/ld+json\" class=\"yoast-schema-graph\">{\"@context\":\"https:\/\/schema.org\",\"@graph\":[{\"@type\":\"WebPage\",\"@id\":\"https:\/\/president-ksgov.net\/fjalimi-i-presidentes-atifete-jahjaga-ne-samitin-e-lidereve-te-evropes-qendrore\/\",\"url\":\"https:\/\/president-ksgov.net\/fjalimi-i-presidentes-atifete-jahjaga-ne-samitin-e-lidereve-te-evropes-qendrore\/\",\"name\":\"Izlaganje Predsednice Atifete Jahjaga na Samitu lidera zemalja Centralne Evrope - Predsednik Republike Kosovo - DR. VJOSA OSMANI - SADRIU\",\"isPartOf\":{\"@id\":\"https:\/\/president-ksgov.net\/#website\"},\"primaryImageOfPage\":{\"@id\":\"https:\/\/president-ksgov.net\/fjalimi-i-presidentes-atifete-jahjaga-ne-samitin-e-lidereve-te-evropes-qendrore\/#primaryimage\"},\"image\":{\"@id\":\"https:\/\/president-ksgov.net\/fjalimi-i-presidentes-atifete-jahjaga-ne-samitin-e-lidereve-te-evropes-qendrore\/#primaryimage\"},\"thumbnailUrl\":\"https:\/\/president-ksgov.net\/wp-content\/uploads\/Fjalimi_i_Presidentes_Atifete_Jahjaga_ne_Samitin_e_lidereve_te_Evropes_Qendrore_01.jpg\",\"datePublished\":\"2011-05-27T18:19:49+00:00\",\"dateModified\":\"2023-03-08T09:05:40+00:00\",\"author\":{\"@id\":\"https:\/\/president-ksgov.net\/#\/schema\/person\/bb4337a5fb147cb2046d80548172cbee\"},\"description\":\"Izlaganje Predsednice Atifete Jahjaga na Samitu lidera zemalja Centralne Evrope - Predsednik Republike Kosovo - DR. VJOSA OSMANI - SADRIU -\",\"breadcrumb\":{\"@id\":\"https:\/\/president-ksgov.net\/fjalimi-i-presidentes-atifete-jahjaga-ne-samitin-e-lidereve-te-evropes-qendrore\/#breadcrumb\"},\"inLanguage\":\"sr-RS\",\"potentialAction\":[{\"@type\":\"ReadAction\",\"target\":[\"https:\/\/president-ksgov.net\/fjalimi-i-presidentes-atifete-jahjaga-ne-samitin-e-lidereve-te-evropes-qendrore\/\"]}]},{\"@type\":\"ImageObject\",\"inLanguage\":\"sr-RS\",\"@id\":\"https:\/\/president-ksgov.net\/fjalimi-i-presidentes-atifete-jahjaga-ne-samitin-e-lidereve-te-evropes-qendrore\/#primaryimage\",\"url\":\"https:\/\/president-ksgov.net\/wp-content\/uploads\/Fjalimi_i_Presidentes_Atifete_Jahjaga_ne_Samitin_e_lidereve_te_Evropes_Qendrore_01.jpg\",\"contentUrl\":\"https:\/\/president-ksgov.net\/wp-content\/uploads\/Fjalimi_i_Presidentes_Atifete_Jahjaga_ne_Samitin_e_lidereve_te_Evropes_Qendrore_01.jpg\",\"width\":800,\"height\":533},{\"@type\":\"BreadcrumbList\",\"@id\":\"https:\/\/president-ksgov.net\/fjalimi-i-presidentes-atifete-jahjaga-ne-samitin-e-lidereve-te-evropes-qendrore\/#breadcrumb\",\"itemListElement\":[{\"@type\":\"ListItem\",\"position\":1,\"name\":\"Home\",\"item\":\"https:\/\/president-ksgov.net\/sr\/\"},{\"@type\":\"ListItem\",\"position\":2,\"name\":\"Izlaganje Predsednice Atifete Jahjaga na Samitu lidera zemalja Centralne Evrope\"}]},{\"@type\":\"WebSite\",\"@id\":\"https:\/\/president-ksgov.net\/#website\",\"url\":\"https:\/\/president-ksgov.net\/\",\"name\":\"Presidente e Republik\u00ebs s\u00eb Kosov\u00ebs\",\"description\":\"Presidente e Republik\u00ebs s\u00eb Kosov\u00ebs\",\"alternateName\":\"DR. VJOSA OSMANI - SADRIU\",\"potentialAction\":[{\"@type\":\"SearchAction\",\"target\":{\"@type\":\"EntryPoint\",\"urlTemplate\":\"https:\/\/president-ksgov.net\/?s={search_term_string}\"},\"query-input\":{\"@type\":\"PropertyValueSpecification\",\"valueRequired\":true,\"valueName\":\"search_term_string\"}}],\"inLanguage\":\"sr-RS\"},{\"@type\":\"Person\",\"@id\":\"https:\/\/president-ksgov.net\/#\/schema\/person\/bb4337a5fb147cb2046d80548172cbee\",\"name\":\"admin\",\"image\":{\"@type\":\"ImageObject\",\"inLanguage\":\"sr-RS\",\"@id\":\"https:\/\/president-ksgov.net\/#\/schema\/person\/image\/\",\"url\":\"https:\/\/secure.gravatar.com\/avatar\/36156ca0fa3b8d9d25174f146e16beea0cf28f37adf1b9e19b6c9c279a7c9dd3?s=96&d=mm&r=g\",\"contentUrl\":\"https:\/\/secure.gravatar.com\/avatar\/36156ca0fa3b8d9d25174f146e16beea0cf28f37adf1b9e19b6c9c279a7c9dd3?s=96&d=mm&r=g\",\"caption\":\"admin\"},\"sameAs\":[\"https:\/\/president-ksgov.net\"]}]}<\/script>\n<!-- \/ Yoast SEO plugin. -->","yoast_head_json":{"title":"Izlaganje Predsednice Atifete Jahjaga na Samitu lidera zemalja Centralne Evrope - Predsednik Republike Kosovo - DR. VJOSA OSMANI - SADRIU","description":"Izlaganje Predsednice Atifete Jahjaga na Samitu lidera zemalja Centralne Evrope - Predsednik Republike Kosovo - DR. VJOSA OSMANI - SADRIU -","robots":{"index":"index","follow":"follow","max-snippet":"max-snippet:-1","max-image-preview":"max-image-preview:large","max-video-preview":"max-video-preview:-1"},"canonical":"https:\/\/president-ksgov.net\/fjalimi-i-presidentes-atifete-jahjaga-ne-samitin-e-lidereve-te-evropes-qendrore\/","og_locale":"sr_RS","og_type":"article","og_title":"Izlaganje Predsednice Atifete Jahjaga na Samitu lidera zemalja Centralne Evrope - Predsednik Republike Kosovo - DR. VJOSA OSMANI - SADRIU","og_description":"Izlaganje Predsednice Atifete Jahjaga na Samitu lidera zemalja Centralne Evrope - Predsednik Republike Kosovo - DR. VJOSA OSMANI - SADRIU -","og_url":"https:\/\/president-ksgov.net\/fjalimi-i-presidentes-atifete-jahjaga-ne-samitin-e-lidereve-te-evropes-qendrore\/","og_site_name":"Predsednik Republike Kosovo - DR. VJOSA OSMANI - SADRIU","article_published_time":"2011-05-27T18:19:49+00:00","article_modified_time":"2023-03-08T09:05:40+00:00","og_image":[{"width":800,"height":533,"url":"https:\/\/president-ksgov.net\/wp-content\/uploads\/Fjalimi_i_Presidentes_Atifete_Jahjaga_ne_Samitin_e_lidereve_te_Evropes_Qendrore_01.jpg","type":"image\/jpeg"}],"author":"admin","twitter_card":"summary_large_image","twitter_misc":{"\u041d\u0430\u043f\u0438\u0441\u0430\u043d\u043e \u043e\u0434":"admin","\u041f\u0440\u043e\u0446\u0435\u045a\u0435\u043d\u043e \u0432\u0440\u0435\u043c\u0435 \u0447\u0438\u0442\u0430\u045a\u0430":"4 \u043c\u0438\u043d\u0443\u0442\u0430"},"schema":{"@context":"https:\/\/schema.org","@graph":[{"@type":"WebPage","@id":"https:\/\/president-ksgov.net\/fjalimi-i-presidentes-atifete-jahjaga-ne-samitin-e-lidereve-te-evropes-qendrore\/","url":"https:\/\/president-ksgov.net\/fjalimi-i-presidentes-atifete-jahjaga-ne-samitin-e-lidereve-te-evropes-qendrore\/","name":"Izlaganje Predsednice Atifete Jahjaga na Samitu lidera zemalja Centralne Evrope - Predsednik Republike Kosovo - DR. VJOSA OSMANI - SADRIU","isPartOf":{"@id":"https:\/\/president-ksgov.net\/#website"},"primaryImageOfPage":{"@id":"https:\/\/president-ksgov.net\/fjalimi-i-presidentes-atifete-jahjaga-ne-samitin-e-lidereve-te-evropes-qendrore\/#primaryimage"},"image":{"@id":"https:\/\/president-ksgov.net\/fjalimi-i-presidentes-atifete-jahjaga-ne-samitin-e-lidereve-te-evropes-qendrore\/#primaryimage"},"thumbnailUrl":"https:\/\/president-ksgov.net\/wp-content\/uploads\/Fjalimi_i_Presidentes_Atifete_Jahjaga_ne_Samitin_e_lidereve_te_Evropes_Qendrore_01.jpg","datePublished":"2011-05-27T18:19:49+00:00","dateModified":"2023-03-08T09:05:40+00:00","author":{"@id":"https:\/\/president-ksgov.net\/#\/schema\/person\/bb4337a5fb147cb2046d80548172cbee"},"description":"Izlaganje Predsednice Atifete Jahjaga na Samitu lidera zemalja Centralne Evrope - Predsednik Republike Kosovo - DR. VJOSA OSMANI - SADRIU -","breadcrumb":{"@id":"https:\/\/president-ksgov.net\/fjalimi-i-presidentes-atifete-jahjaga-ne-samitin-e-lidereve-te-evropes-qendrore\/#breadcrumb"},"inLanguage":"sr-RS","potentialAction":[{"@type":"ReadAction","target":["https:\/\/president-ksgov.net\/fjalimi-i-presidentes-atifete-jahjaga-ne-samitin-e-lidereve-te-evropes-qendrore\/"]}]},{"@type":"ImageObject","inLanguage":"sr-RS","@id":"https:\/\/president-ksgov.net\/fjalimi-i-presidentes-atifete-jahjaga-ne-samitin-e-lidereve-te-evropes-qendrore\/#primaryimage","url":"https:\/\/president-ksgov.net\/wp-content\/uploads\/Fjalimi_i_Presidentes_Atifete_Jahjaga_ne_Samitin_e_lidereve_te_Evropes_Qendrore_01.jpg","contentUrl":"https:\/\/president-ksgov.net\/wp-content\/uploads\/Fjalimi_i_Presidentes_Atifete_Jahjaga_ne_Samitin_e_lidereve_te_Evropes_Qendrore_01.jpg","width":800,"height":533},{"@type":"BreadcrumbList","@id":"https:\/\/president-ksgov.net\/fjalimi-i-presidentes-atifete-jahjaga-ne-samitin-e-lidereve-te-evropes-qendrore\/#breadcrumb","itemListElement":[{"@type":"ListItem","position":1,"name":"Home","item":"https:\/\/president-ksgov.net\/sr\/"},{"@type":"ListItem","position":2,"name":"Izlaganje Predsednice Atifete Jahjaga na Samitu lidera zemalja Centralne Evrope"}]},{"@type":"WebSite","@id":"https:\/\/president-ksgov.net\/#website","url":"https:\/\/president-ksgov.net\/","name":"Presidente e Republik\u00ebs s\u00eb Kosov\u00ebs","description":"Presidente e Republik\u00ebs s\u00eb Kosov\u00ebs","alternateName":"DR. VJOSA OSMANI - SADRIU","potentialAction":[{"@type":"SearchAction","target":{"@type":"EntryPoint","urlTemplate":"https:\/\/president-ksgov.net\/?s={search_term_string}"},"query-input":{"@type":"PropertyValueSpecification","valueRequired":true,"valueName":"search_term_string"}}],"inLanguage":"sr-RS"},{"@type":"Person","@id":"https:\/\/president-ksgov.net\/#\/schema\/person\/bb4337a5fb147cb2046d80548172cbee","name":"admin","image":{"@type":"ImageObject","inLanguage":"sr-RS","@id":"https:\/\/president-ksgov.net\/#\/schema\/person\/image\/","url":"https:\/\/secure.gravatar.com\/avatar\/36156ca0fa3b8d9d25174f146e16beea0cf28f37adf1b9e19b6c9c279a7c9dd3?s=96&d=mm&r=g","contentUrl":"https:\/\/secure.gravatar.com\/avatar\/36156ca0fa3b8d9d25174f146e16beea0cf28f37adf1b9e19b6c9c279a7c9dd3?s=96&d=mm&r=g","caption":"admin"},"sameAs":["https:\/\/president-ksgov.net"]}]}},"_links":{"self":[{"href":"https:\/\/president-ksgov.net\/sr\/wp-json\/wp\/v2\/posts\/79571","targetHints":{"allow":["GET"]}}],"collection":[{"href":"https:\/\/president-ksgov.net\/sr\/wp-json\/wp\/v2\/posts"}],"about":[{"href":"https:\/\/president-ksgov.net\/sr\/wp-json\/wp\/v2\/types\/post"}],"author":[{"embeddable":true,"href":"https:\/\/president-ksgov.net\/sr\/wp-json\/wp\/v2\/users\/1"}],"replies":[{"embeddable":true,"href":"https:\/\/president-ksgov.net\/sr\/wp-json\/wp\/v2\/comments?post=79571"}],"version-history":[{"count":1,"href":"https:\/\/president-ksgov.net\/sr\/wp-json\/wp\/v2\/posts\/79571\/revisions"}],"predecessor-version":[{"id":81861,"href":"https:\/\/president-ksgov.net\/sr\/wp-json\/wp\/v2\/posts\/79571\/revisions\/81861"}],"wp:featuredmedia":[{"embeddable":true,"href":"https:\/\/president-ksgov.net\/sr\/wp-json\/wp\/v2\/media\/60713"}],"wp:attachment":[{"href":"https:\/\/president-ksgov.net\/sr\/wp-json\/wp\/v2\/media?parent=79571"}],"wp:term":[{"taxonomy":"category","embeddable":true,"href":"https:\/\/president-ksgov.net\/sr\/wp-json\/wp\/v2\/categories?post=79571"},{"taxonomy":"post_tag","embeddable":true,"href":"https:\/\/president-ksgov.net\/sr\/wp-json\/wp\/v2\/tags?post=79571"}],"curies":[{"name":"wp","href":"https:\/\/api.w.org\/{rel}","templated":true}]}}