{"id":79567,"date":"2011-05-28T00:03:00","date_gmt":"2011-05-28T00:03:00","guid":{"rendered":"https:\/\/dev.president-ksgov.net\/predsednica-atifete-jahjaga-susrela-se-sa-presidentom-sad-barack-obama\/"},"modified":"2011-05-28T00:03:00","modified_gmt":"2011-05-28T00:03:00","slug":"predsednica-atifete-jahjaga-susrela-se-sa-presidentom-sad-barack-obama","status":"publish","type":"post","link":"https:\/\/president-ksgov.net\/sr\/predsednica-atifete-jahjaga-susrela-se-sa-presidentom-sad-barack-obama\/","title":{"rendered":"Predsednica Atifete Jahjaga susrela se sa Presidentom SAD, Barack Obama"},"content":{"rendered":"<p>Var&#353;ava, 27.  maja 2011 &#8211; Predsednica Republike Kosovo, gospo\u0111a Atifete Jahjaga, koja u\u010destvuje na Samitu lidera Centralne Evrope, koji se odr&#382;ava u Var&#353;avi,  susrela se  ve\u0107eras sa Presidentom Sjedinjenih Ameri\u010dkih Dr&#382;ava, Barack Obama, na zajedni\u010dkoj ve\u010deri lidera u\u010desnika na  samitu Var&#353;ave.  U  svom govoru  na radnoj ve\u010deri, koju je priredio president SAD, Barack Obama, gospo\u0111a Jahjaga  je  rekla :<\/p>\n<p>Po&#353;tovane ekselencije,<br \/>\nDame i gospodo, <\/p>\n<p>Republika Kosovo\u00a0 zaokru&#382;uje\u00a0 proces raspada biv&#353;e Jugoslavije, koji na &#382;alost nije bio jednostavan, ali ostavio je posljedice za sve narode u ovoj regiji. <\/p>\n<p>Kosovo 10. juna 1999 stavljeno je pod me\u0111unarodnom administracijom. Izgradnja doma\u0107ih institucija, dobra vladavina, visok nivo demokratizacije, dobre me\u0111unacionalne odnose i\u00a0 vjerski sa&#382;ivot stvorili su uslove da Kosovo proglasi svoju nezavisnost 17. februara\u00a0 2008. god.<\/p>\n<p>Ovu je nezavisnost priznavalo 75\u00a0 dr&#382;ava, tako da je\u00a0 moja zemlja\u00a0 u&#353;la u nepovratnu stvarnost, koja je faktor\u00a0 mira i stabilnosti i koja razvija vrlo dobre susedske odnose\u00a0 sa zemaljama u okru&#382;enju. <\/p>\n<p>Uloga SAD je peramnetno bila od &#382;itovnog zna\u010daja\u00a0 za mir u regiji, demokratizaciju i\u00a0 dr&#382;avotvorstvo\u00a0 svake dr&#382;ave.<br \/>\nKosovo, kao najnovija zemlja\u00a0 Evrope, gradi\u00a0 humano dru&#353;tvo\u00a0 zasnivano na ravnopravnost i zakon. Na\u00a0 tom putu podr&#353;ka od SAD je od vitalnog zna\u010daja.<\/p>\n<p>\u00a0U mojoj zemlji, od kraja rata, nekoliko puta su odr&#382;ani lokalni i centralni izbori, koje su me\u0111unarodni\u00a0 i lokalni posmatra\u010di okvalikovali kao\u00a0 ispravne\u00a0 i sa me\u0111unarodnim standardima. <\/p>\n<p>Republika Kosovo, Ustavom i zakonima ima zagarantovana\u00a0\u00a0 mesta za manjinske zajednice\u00a0 u Skup&#353;tini Kosova i u Vladi.\u00a0 Ova norma\u00a0 je uvek ispunjena. <\/p>\n<p>Uz posredovanje Europske zajednice\u00a0 zapo\u010deli smo\u00a0 proces razgovora sa\u00a0 Republikom\u00a0 Srbijom , za prakti\u010dna pitanja koja olak&#353;avaju &#382;ivot gra\u0111ana i normalizuju\u00a0 odnose izme\u0111u dveju zemalja. <\/p>\n<p>U interesu svih nas je da dijalog uspe, pru&#382;aju\u0107i evropska re&#353;enja. <\/p>\n<p>Ovde &#382;elim re\u0107i da zemlje koje nisu jo&#353; priznale Kosovo, trebaju\u00a0 to u\u010diniti jer bi to bilo u skladu sa slobodno izra&#382;enom voljom svih gra\u0111ana moje zemlje, te \u0107e slu&#382;iti stabilnosti regije.<\/p>\n<p>Moja zemlja, geograsfki, se nalazi\u00a0\u00a0 na\u00a0 najzna\u010dajnim putevima i koridorima od istoka prema zapadu.<\/p>\n<p>Republika\u00a0 Kosovo izra&#382;ava volju za\u00a0 dobru saradnju sa\u00a0 svim zemljama, po&#353;tuju\u0107i ravnopravnost i volju svih naroda..<\/p>\n<p>Budu\u0107nost moje zemlje i cele Balkanske regije je\u00a0 \u010dlanstvo u Evropsku zajednicu i\u00a0 nema druge\u00a0 alternative. <\/p>\n<p>U nastavku\u00a0 g-\u0111a Jajhaga\u00a0\u00a0 je govorila i o narodnim pokretima\u00a0 u arapskim\u00a0 i srednjoisto\u010dinm zemljama .<\/p>\n<p>Arapske i srednjoisto\u010dne zemlje, obuhva\u0107ene su\u00a0 velikim narodnim pokretima koji imaju za cilj promene, koriste\u0107i mogu\u0107nosti savremene tehnologije i globalizacije.<\/p>\n<p>Politi\u010dki sistem u tim zemljama je kombinacija tradicionalizma, apsolutizma i teokracije. Nova generacija u tim zemljama, izbliza prati tehnolo&#353;ki\u00a0 razvoj te je svesna\u00a0 za\u00a0 savremene trendove. To je stvorilo nedoslednosti izme\u0111u onoga &#353;to vide i &#353;to do&#382;ivljavaju. Budu\u0107nost je napred, oni &#382;ele da stignu svoju\u00a0 budu\u0107nost i nadamo se da se to mo&#382;e posti\u0107i sa &#353;to manje potresa\u00a0 i nasilja.<br \/>\n\u00a0\u00a0\u00a0\u00a0\u00a0\u00a0\u00a0\u00a0\u00a0\u00a0\u00a0\u00a0\u00a0\u00a0\u00a0\u00a0<br \/>\nIskustva Republike Kosovo i mog naroda, mogu poslu&#382;iti da ovaj put lak&#353;e prevladavaju. Stanovni&#353;tvo Kosova je preko devedeset posto islamske vere i tako je\u00a0 to ve\u0107 vekovima. Me\u0111utim, islam u mojoj zemlji je privatna stvar i nije postavljen na razini ideologije. Niti je nametnuto na razini ure\u0111enja dr&#382;ave ili odnosa izme\u0111u dr&#382;ave i naroda. Dok &#353;erijat nikada nije bio zakonska norma na Kosovu, imali smo na&#353;eg tradicionalnog Kanona. On je postojao veoma davno pre dana&#353;njeg Ustava, ali oba odra&#382;avaju po&#353;tovanje ljudskog dostojanstva.<\/p>\n<p>Kosovo je demokratska zemlja koja pripada Evropskoj civilizaciji. Islam je odnos pojedinca sa Bogom, a ne pojedinca sa dr&#382;avom. Ljudski je odnos verovanja koji se ne nametne drugima.<\/p>\n<p>Kao &#382;ena i kao predsednik Republike Kosovo, ja sam dokaz o ravnopravnosti polova koja postoji na Kosovu i imam podr&#353;ku celog politi\u010dkog spektra i svih gra\u0111ana bez obzira na nacionalnu, versku, rasnu ili drugu pripadnost.<\/p>\n<p>Promene na srednjem istoku i severoafri\u010dkim zemljama mogu oboriti dinastije, mogu da svrgavaju vo\u0111e, mogu ukloniti sa vlasti pojedine porodice ili plemena, ali ponekad kao &#353;to je bio slu\u010daj sa Iranom mogu dovesti na vlast teokrate. Kako bi se osiguralo da ovi narodni pokreti postignu demokratiju, trebamo ih podr&#382;ati.<\/p>\n<p>Mi, demokratski svet, nikada ne bi trebalo da zatvaramo o\u010di prema\u00a0 ignoranciji, ugnetavanju i negiranju\u00a0 prava i sloboda ostatku sveta.<br \/>\nSolidarnost i du&#382;nost za pomaganje na&#353;a su oaveza, jer Bog je jednako stvorio sve nas i po svom primeru.<\/p>\n","protected":false},"excerpt":{"rendered":"<p>Var&#353;ava, 27.  maja 2011 &#8211; Predsednica Republike Kosovo, gospo\u0111a Atifete Jahjaga, koja u\u010destvuje na Samitu lidera Centralne Evrope, koji se odr&#382;ava u Var&#353;avi,  susrela se  ve\u0107eras sa Presidentom Sjedinjenih Ameri\u010dkih Dr&#382;ava, Barack Obama, na zajedni\u010dkoj ve\u010deri lidera u\u010desnika na  samitu Var&#353;ave.  U  svom govoru  na radnoj ve\u010deri, koju je priredio president SAD, Barack Obama, gospo\u0111a Jahjaga  je  rekla :<\/p>\n","protected":false},"author":1,"featured_media":60667,"comment_status":"open","ping_status":"closed","sticky":false,"template":"","format":"standard","meta":{"_eb_attr":"","footnotes":""},"categories":[101],"tags":[],"class_list":["post-79567","post","type-post","status-publish","format-standard","has-post-thumbnail","hentry","category-vesti"],"yoast_head":"<!-- This site is optimized with the Yoast SEO plugin v23.5 - https:\/\/yoast.com\/wordpress\/plugins\/seo\/ -->\n<title>Predsednica Atifete Jahjaga susrela se sa Presidentom SAD, Barack Obama - Predsednik Republike Kosovo - DR. VJOSA OSMANI - SADRIU<\/title>\n<meta name=\"description\" content=\"Predsednica Atifete Jahjaga susrela se sa Presidentom SAD, Barack Obama - Predsednik Republike Kosovo - DR. VJOSA OSMANI - SADRIU -\" \/>\n<meta name=\"robots\" content=\"index, follow, max-snippet:-1, max-image-preview:large, max-video-preview:-1\" \/>\n<link rel=\"canonical\" href=\"https:\/\/president-ksgov.net\/presidentja-atifete-jahjaga-u-takua-me-presidentin-e-shba-barack-obama\/\" \/>\n<meta property=\"og:locale\" content=\"sr_RS\" \/>\n<meta property=\"og:type\" content=\"article\" \/>\n<meta property=\"og:title\" content=\"Predsednica Atifete Jahjaga susrela se sa Presidentom SAD, Barack Obama - Predsednik Republike Kosovo - DR. VJOSA OSMANI - SADRIU\" \/>\n<meta property=\"og:description\" content=\"Predsednica Atifete Jahjaga susrela se sa Presidentom SAD, Barack Obama - Predsednik Republike Kosovo - DR. VJOSA OSMANI - SADRIU -\" \/>\n<meta property=\"og:url\" content=\"https:\/\/president-ksgov.net\/presidentja-atifete-jahjaga-u-takua-me-presidentin-e-shba-barack-obama\/\" \/>\n<meta property=\"og:site_name\" content=\"Predsednik Republike Kosovo - DR. VJOSA OSMANI - SADRIU\" \/>\n<meta property=\"article:published_time\" content=\"2011-05-28T00:03:00+00:00\" \/>\n<meta property=\"og:image\" content=\"https:\/\/president-ksgov.net\/wp-content\/uploads\/ME_OBAMEN_resize.jpg\" \/>\n\t<meta property=\"og:image:width\" content=\"800\" \/>\n\t<meta property=\"og:image:height\" content=\"533\" \/>\n\t<meta property=\"og:image:type\" content=\"image\/jpeg\" \/>\n<meta name=\"author\" content=\"admin\" \/>\n<meta name=\"twitter:card\" content=\"summary_large_image\" \/>\n<meta name=\"twitter:label1\" content=\"\u041d\u0430\u043f\u0438\u0441\u0430\u043d\u043e \u043e\u0434\" \/>\n\t<meta name=\"twitter:data1\" content=\"admin\" \/>\n\t<meta name=\"twitter:label2\" content=\"\u041f\u0440\u043e\u0446\u0435\u045a\u0435\u043d\u043e \u0432\u0440\u0435\u043c\u0435 \u0447\u0438\u0442\u0430\u045a\u0430\" \/>\n\t<meta name=\"twitter:data2\" content=\"4 \u043c\u0438\u043d\u0443\u0442\u0430\" \/>\n<script type=\"application\/ld+json\" class=\"yoast-schema-graph\">{\"@context\":\"https:\/\/schema.org\",\"@graph\":[{\"@type\":\"WebPage\",\"@id\":\"https:\/\/president-ksgov.net\/presidentja-atifete-jahjaga-u-takua-me-presidentin-e-shba-barack-obama\/\",\"url\":\"https:\/\/president-ksgov.net\/presidentja-atifete-jahjaga-u-takua-me-presidentin-e-shba-barack-obama\/\",\"name\":\"Predsednica Atifete Jahjaga susrela se sa Presidentom SAD, Barack Obama - Predsednik Republike Kosovo - DR. VJOSA OSMANI - SADRIU\",\"isPartOf\":{\"@id\":\"https:\/\/president-ksgov.net\/#website\"},\"primaryImageOfPage\":{\"@id\":\"https:\/\/president-ksgov.net\/presidentja-atifete-jahjaga-u-takua-me-presidentin-e-shba-barack-obama\/#primaryimage\"},\"image\":{\"@id\":\"https:\/\/president-ksgov.net\/presidentja-atifete-jahjaga-u-takua-me-presidentin-e-shba-barack-obama\/#primaryimage\"},\"thumbnailUrl\":\"https:\/\/president-ksgov.net\/wp-content\/uploads\/ME_OBAMEN_resize.jpg\",\"datePublished\":\"2011-05-28T00:03:00+00:00\",\"dateModified\":\"2011-05-28T00:03:00+00:00\",\"author\":{\"@id\":\"https:\/\/president-ksgov.net\/#\/schema\/person\/bb4337a5fb147cb2046d80548172cbee\"},\"description\":\"Predsednica Atifete Jahjaga susrela se sa Presidentom SAD, Barack Obama - Predsednik Republike Kosovo - DR. VJOSA OSMANI - SADRIU -\",\"breadcrumb\":{\"@id\":\"https:\/\/president-ksgov.net\/presidentja-atifete-jahjaga-u-takua-me-presidentin-e-shba-barack-obama\/#breadcrumb\"},\"inLanguage\":\"sr-RS\",\"potentialAction\":[{\"@type\":\"ReadAction\",\"target\":[\"https:\/\/president-ksgov.net\/presidentja-atifete-jahjaga-u-takua-me-presidentin-e-shba-barack-obama\/\"]}]},{\"@type\":\"ImageObject\",\"inLanguage\":\"sr-RS\",\"@id\":\"https:\/\/president-ksgov.net\/presidentja-atifete-jahjaga-u-takua-me-presidentin-e-shba-barack-obama\/#primaryimage\",\"url\":\"https:\/\/president-ksgov.net\/wp-content\/uploads\/ME_OBAMEN_resize.jpg\",\"contentUrl\":\"https:\/\/president-ksgov.net\/wp-content\/uploads\/ME_OBAMEN_resize.jpg\",\"width\":800,\"height\":533},{\"@type\":\"BreadcrumbList\",\"@id\":\"https:\/\/president-ksgov.net\/presidentja-atifete-jahjaga-u-takua-me-presidentin-e-shba-barack-obama\/#breadcrumb\",\"itemListElement\":[{\"@type\":\"ListItem\",\"position\":1,\"name\":\"Home\",\"item\":\"https:\/\/president-ksgov.net\/sr\/\"},{\"@type\":\"ListItem\",\"position\":2,\"name\":\"Predsednica Atifete Jahjaga susrela se sa Presidentom SAD, Barack Obama\"}]},{\"@type\":\"WebSite\",\"@id\":\"https:\/\/president-ksgov.net\/#website\",\"url\":\"https:\/\/president-ksgov.net\/\",\"name\":\"Presidente e Republik\u00ebs s\u00eb Kosov\u00ebs\",\"description\":\"Presidente e Republik\u00ebs s\u00eb Kosov\u00ebs\",\"alternateName\":\"DR. VJOSA OSMANI - SADRIU\",\"potentialAction\":[{\"@type\":\"SearchAction\",\"target\":{\"@type\":\"EntryPoint\",\"urlTemplate\":\"https:\/\/president-ksgov.net\/?s={search_term_string}\"},\"query-input\":{\"@type\":\"PropertyValueSpecification\",\"valueRequired\":true,\"valueName\":\"search_term_string\"}}],\"inLanguage\":\"sr-RS\"},{\"@type\":\"Person\",\"@id\":\"https:\/\/president-ksgov.net\/#\/schema\/person\/bb4337a5fb147cb2046d80548172cbee\",\"name\":\"admin\",\"image\":{\"@type\":\"ImageObject\",\"inLanguage\":\"sr-RS\",\"@id\":\"https:\/\/president-ksgov.net\/#\/schema\/person\/image\/\",\"url\":\"https:\/\/secure.gravatar.com\/avatar\/36156ca0fa3b8d9d25174f146e16beea0cf28f37adf1b9e19b6c9c279a7c9dd3?s=96&d=mm&r=g\",\"contentUrl\":\"https:\/\/secure.gravatar.com\/avatar\/36156ca0fa3b8d9d25174f146e16beea0cf28f37adf1b9e19b6c9c279a7c9dd3?s=96&d=mm&r=g\",\"caption\":\"admin\"},\"sameAs\":[\"https:\/\/president-ksgov.net\"]}]}<\/script>\n<!-- \/ Yoast SEO plugin. -->","yoast_head_json":{"title":"Predsednica Atifete Jahjaga susrela se sa Presidentom SAD, Barack Obama - Predsednik Republike Kosovo - DR. VJOSA OSMANI - SADRIU","description":"Predsednica Atifete Jahjaga susrela se sa Presidentom SAD, Barack Obama - Predsednik Republike Kosovo - DR. VJOSA OSMANI - SADRIU -","robots":{"index":"index","follow":"follow","max-snippet":"max-snippet:-1","max-image-preview":"max-image-preview:large","max-video-preview":"max-video-preview:-1"},"canonical":"https:\/\/president-ksgov.net\/presidentja-atifete-jahjaga-u-takua-me-presidentin-e-shba-barack-obama\/","og_locale":"sr_RS","og_type":"article","og_title":"Predsednica Atifete Jahjaga susrela se sa Presidentom SAD, Barack Obama - Predsednik Republike Kosovo - DR. VJOSA OSMANI - SADRIU","og_description":"Predsednica Atifete Jahjaga susrela se sa Presidentom SAD, Barack Obama - Predsednik Republike Kosovo - DR. VJOSA OSMANI - SADRIU -","og_url":"https:\/\/president-ksgov.net\/presidentja-atifete-jahjaga-u-takua-me-presidentin-e-shba-barack-obama\/","og_site_name":"Predsednik Republike Kosovo - DR. VJOSA OSMANI - SADRIU","article_published_time":"2011-05-28T00:03:00+00:00","og_image":[{"width":800,"height":533,"url":"https:\/\/president-ksgov.net\/wp-content\/uploads\/ME_OBAMEN_resize.jpg","type":"image\/jpeg"}],"author":"admin","twitter_card":"summary_large_image","twitter_misc":{"\u041d\u0430\u043f\u0438\u0441\u0430\u043d\u043e \u043e\u0434":"admin","\u041f\u0440\u043e\u0446\u0435\u045a\u0435\u043d\u043e \u0432\u0440\u0435\u043c\u0435 \u0447\u0438\u0442\u0430\u045a\u0430":"4 \u043c\u0438\u043d\u0443\u0442\u0430"},"schema":{"@context":"https:\/\/schema.org","@graph":[{"@type":"WebPage","@id":"https:\/\/president-ksgov.net\/presidentja-atifete-jahjaga-u-takua-me-presidentin-e-shba-barack-obama\/","url":"https:\/\/president-ksgov.net\/presidentja-atifete-jahjaga-u-takua-me-presidentin-e-shba-barack-obama\/","name":"Predsednica Atifete Jahjaga susrela se sa Presidentom SAD, Barack Obama - Predsednik Republike Kosovo - DR. VJOSA OSMANI - SADRIU","isPartOf":{"@id":"https:\/\/president-ksgov.net\/#website"},"primaryImageOfPage":{"@id":"https:\/\/president-ksgov.net\/presidentja-atifete-jahjaga-u-takua-me-presidentin-e-shba-barack-obama\/#primaryimage"},"image":{"@id":"https:\/\/president-ksgov.net\/presidentja-atifete-jahjaga-u-takua-me-presidentin-e-shba-barack-obama\/#primaryimage"},"thumbnailUrl":"https:\/\/president-ksgov.net\/wp-content\/uploads\/ME_OBAMEN_resize.jpg","datePublished":"2011-05-28T00:03:00+00:00","dateModified":"2011-05-28T00:03:00+00:00","author":{"@id":"https:\/\/president-ksgov.net\/#\/schema\/person\/bb4337a5fb147cb2046d80548172cbee"},"description":"Predsednica Atifete Jahjaga susrela se sa Presidentom SAD, Barack Obama - Predsednik Republike Kosovo - DR. VJOSA OSMANI - SADRIU -","breadcrumb":{"@id":"https:\/\/president-ksgov.net\/presidentja-atifete-jahjaga-u-takua-me-presidentin-e-shba-barack-obama\/#breadcrumb"},"inLanguage":"sr-RS","potentialAction":[{"@type":"ReadAction","target":["https:\/\/president-ksgov.net\/presidentja-atifete-jahjaga-u-takua-me-presidentin-e-shba-barack-obama\/"]}]},{"@type":"ImageObject","inLanguage":"sr-RS","@id":"https:\/\/president-ksgov.net\/presidentja-atifete-jahjaga-u-takua-me-presidentin-e-shba-barack-obama\/#primaryimage","url":"https:\/\/president-ksgov.net\/wp-content\/uploads\/ME_OBAMEN_resize.jpg","contentUrl":"https:\/\/president-ksgov.net\/wp-content\/uploads\/ME_OBAMEN_resize.jpg","width":800,"height":533},{"@type":"BreadcrumbList","@id":"https:\/\/president-ksgov.net\/presidentja-atifete-jahjaga-u-takua-me-presidentin-e-shba-barack-obama\/#breadcrumb","itemListElement":[{"@type":"ListItem","position":1,"name":"Home","item":"https:\/\/president-ksgov.net\/sr\/"},{"@type":"ListItem","position":2,"name":"Predsednica Atifete Jahjaga susrela se sa Presidentom SAD, Barack Obama"}]},{"@type":"WebSite","@id":"https:\/\/president-ksgov.net\/#website","url":"https:\/\/president-ksgov.net\/","name":"Presidente e Republik\u00ebs s\u00eb Kosov\u00ebs","description":"Presidente e Republik\u00ebs s\u00eb Kosov\u00ebs","alternateName":"DR. VJOSA OSMANI - SADRIU","potentialAction":[{"@type":"SearchAction","target":{"@type":"EntryPoint","urlTemplate":"https:\/\/president-ksgov.net\/?s={search_term_string}"},"query-input":{"@type":"PropertyValueSpecification","valueRequired":true,"valueName":"search_term_string"}}],"inLanguage":"sr-RS"},{"@type":"Person","@id":"https:\/\/president-ksgov.net\/#\/schema\/person\/bb4337a5fb147cb2046d80548172cbee","name":"admin","image":{"@type":"ImageObject","inLanguage":"sr-RS","@id":"https:\/\/president-ksgov.net\/#\/schema\/person\/image\/","url":"https:\/\/secure.gravatar.com\/avatar\/36156ca0fa3b8d9d25174f146e16beea0cf28f37adf1b9e19b6c9c279a7c9dd3?s=96&d=mm&r=g","contentUrl":"https:\/\/secure.gravatar.com\/avatar\/36156ca0fa3b8d9d25174f146e16beea0cf28f37adf1b9e19b6c9c279a7c9dd3?s=96&d=mm&r=g","caption":"admin"},"sameAs":["https:\/\/president-ksgov.net"]}]}},"_links":{"self":[{"href":"https:\/\/president-ksgov.net\/sr\/wp-json\/wp\/v2\/posts\/79567","targetHints":{"allow":["GET"]}}],"collection":[{"href":"https:\/\/president-ksgov.net\/sr\/wp-json\/wp\/v2\/posts"}],"about":[{"href":"https:\/\/president-ksgov.net\/sr\/wp-json\/wp\/v2\/types\/post"}],"author":[{"embeddable":true,"href":"https:\/\/president-ksgov.net\/sr\/wp-json\/wp\/v2\/users\/1"}],"replies":[{"embeddable":true,"href":"https:\/\/president-ksgov.net\/sr\/wp-json\/wp\/v2\/comments?post=79567"}],"version-history":[{"count":0,"href":"https:\/\/president-ksgov.net\/sr\/wp-json\/wp\/v2\/posts\/79567\/revisions"}],"wp:featuredmedia":[{"embeddable":true,"href":"https:\/\/president-ksgov.net\/sr\/wp-json\/wp\/v2\/media\/60667"}],"wp:attachment":[{"href":"https:\/\/president-ksgov.net\/sr\/wp-json\/wp\/v2\/media?parent=79567"}],"wp:term":[{"taxonomy":"category","embeddable":true,"href":"https:\/\/president-ksgov.net\/sr\/wp-json\/wp\/v2\/categories?post=79567"},{"taxonomy":"post_tag","embeddable":true,"href":"https:\/\/president-ksgov.net\/sr\/wp-json\/wp\/v2\/tags?post=79567"}],"curies":[{"name":"wp","href":"https:\/\/api.w.org\/{rel}","templated":true}]}}