{"id":79563,"date":"2011-05-29T14:20:50","date_gmt":"2011-05-29T14:20:50","guid":{"rendered":"https:\/\/dev.president-ksgov.net\/predsednica-jahjaga-se-vratila-iz-zvanicne-posete-u-polskoj\/"},"modified":"2011-05-29T14:20:50","modified_gmt":"2011-05-29T14:20:50","slug":"predsednica-jahjaga-se-vratila-iz-zvanicne-posete-u-polskoj","status":"publish","type":"post","link":"https:\/\/president-ksgov.net\/sr\/predsednica-jahjaga-se-vratila-iz-zvanicne-posete-u-polskoj\/","title":{"rendered":"Predsednica Jahjaga se vratila iz zvanicne posete u Polskoj"},"content":{"rendered":"<p>Na  Pri&#353;tinskom aerodromu, predsednica Jahjaga je do\u010dekana uz slu&#382;bene po\u010dasti Po\u010dasne garde Bezbednosnih snaga Kosova.<\/p>\n<p>Predsednica Republike Kosova, g.\u0111a Atifete Jahjaga\u00a0 odr&#382;ala je konferenciju za medije, \u010diji transkript donosimo u nastavku:<\/p>\n<p>Vratila sem se danas sa\u00a0\u00a0 izuzetno dobrog i uspe&#353;nog putovanja. Vra\u0107am se sa veoma dobrim porukama za institucije i gra\u0111ane Kosova. Jer\u00a0 moje i u\u010de&#353;\u0107e Kosova po prvi puta\u00a0 na takvom samitu, na istom nivou sa svim predsednicima Centralne i Jugoisto\u010dne Evrope, veliko je dostignu\u0107e Kosova i\u00a0 njenih\u00a0 institucija,\u00a0 posebno za gra\u0111ane Kosova. <\/p>\n<p>U\u010destvovala sam ravnopravna\u00a0 sa svim predsednicima 20 zemalja, koji su bili prisutni\u00a0 okruglom stolu i prezentovala sam Kosovu, dostignu\u0107a i progres kao i demokratsku izgradnju dr&#382;ave i o\u00a0\u00a0\u00a0\u00a0\u00a0\u00a0\u00a0\u00a0\u00a0\u00a0\u00a0\u00a0\u00a0 postignutim reformama u zadnjim godinama. Isto tako, u toku ovog samita,\u00a0 razmatrane su i mnogo tema, na osnovu predvi\u0111enog programa od\u00a0 strane predvodnika &#8211; organizatora predsednika Republike Poljske g.-dina. Komorovskog, gde je Kosovo u\u010destvovalo i prezentovala sam svojim govorom u toku prve plenarne sednice i isto tako u\u010destvovala sam na svim diskusijama.<\/p>\n<p>Prvi je puta da je Kosovo u\u010destvovalo na diskusijama. I ne samo o svojim unutra&#353;njim pitanjima, nego\u00a0 i o op&#353;tim pitanjima koja su postala briga\u00a0 svih zemalja Evrope. Li\u010dno to smatram velikim dostignu\u0107em, da se Kosovo kona\u010dno\u00a0 prezentira kao ravnopravna sa svim dr&#382;avama i mo&#382;e dati\u00a0 svoj doprinos na isti nivo i sa dr&#382;avnicima ostalih zemalja Evrope.<br \/>\n\u00a0<br \/>\nIsto tako, imala sam odre\u0111en broj bilateralnih susreta sa\u00a0 predsednicima ostalih zemalja i to: Sa predsednikom Ma\u0111arske, predsednikom Slovenije, Predsednikom Hrvatske, predsednikom Nema\u010dke, predsednikom Austrije, predsednikom Makedonije, predsednikom Bugarske, predsednikom Albanije, predsednikom Crne Gore i sa ostalim predsednicima.<\/p>\n<p>Na ovim bilateralnim susretima diskutovali smo\u00a0 o pitanjima od zajedni\u010dkog interesa iz politi\u010dkih ali i iz oblasti ekonomskog razvoja. Od ve\u0107ine predsednika tra&#382;ila sam da nastavljaju da poma&#382;u Kosovo u agendi evropske integracije i dobila sam njihovo pozitivno potvr\u0111ivanje, da Kosovo mora da radi\u00a0 sna&#382;no, kao &#353;to je to u\u010dinila i dosada za postizanje preduslova &#353;to se ti\u010de evropske agende i evropskih integracija.<\/p>\n<p>Isto tako, energi\u010dno sam\u00a0 zahtevala\u00a0 da Kosovo &#353;to pre ulazi u ugovorene odnose sa zemljama EU da bi se oja\u010dale ne samo unutra&#353;nje reforme nego time\u00a0 poticala bi se unutra&#353;nja debata o\u00a0 postizanju ovih reformi, ali to bi poticalo i pitanja ekonomskog razvoja i\u00a0 otvorilo bi\u00a0 mogu\u0107nosti trgovine za Kosovo.<\/p>\n<p>Imali smo zajedni\u010dku ve\u010deru sa svim predsednicima, gde je bio prisutan i\u00a0 predsednik SAD,\u00a0 i tamo na ravnopravan i potpuno otvoren na\u010din sa svim ostalim predsednicima,\u00a0 diskutovali smo po pitanjima\u00a0 od vitalnog interesa za Evropu u celini a posebno za zemlje Jugoisto\u010dne\u00a0 Evrope koje se nalaze na zna\u010dajnom koridoru izme\u0111u istoka i zapada, kao i o dostignu\u0107ima tih zemalja uklju\u010duju\u0107i i Kosovo. Data je poruka da \u0107e biti otvorena vrata za sve zemlje uklju\u010duju\u0107i i Kosovo, ka pravcu integracija u EU, NATO i OUN.<\/p>\n<p>U nastavku predsednica\u00a0 Jahjaga je odgovorila na pitanja novinara: <\/p>\n<p>Pitanje: Da li ste dobili obe\u0107anja za nova priznanja? I koji je va&#353; stav o podeli Kosova? ideja o kojoj\u00a0 govore zvani\u010dnici Srbije.<\/p>\n<p>Odgovor: Zahtev i potreba za pro&#353;irenje i intensifikaciju procesa za priznavanje Kosova ne samo da sam postavila u zajedni\u010dkom susretu sa dr&#382;avnicima u\u010desnika Var&#353;avskog Samita,\u00a0 nego\u00a0 to je bio specifi\u010dni zahtev i u\u00a0 bilateralnim susretima koje sam imala\u00a0 sa svakim predsednikom. Od svakog od njih dobila sam\u00a0 obe\u0107anje\u00a0 da \u0107emo imati njihovu sna&#382;nu podr&#353;ku u pravcu procesa lobiranja za priznavanje dr&#382;avnosti Kosova.<\/p>\n<p>Isto tako u toku ovih susreta, imala sam mnoge pozive od predsednika za posetu njihovih zemalja, uklju\u010duju\u0107i Hrvatsku, Sloveniju, Nema\u010dku, Ma\u0111arsku i Lituaniju. Verujem da posetama u ovim zemljama mo\u0107i\u0107emo da pro&#353;irimo na&#353;e lobiranje i potrebe za priznavanje dr&#382;avnosti Kosova.<\/p>\n<p>Pitanje dijaloga izme\u0111u Republike Kosova i Republike Srbije sigurno da je bilo tema ovih susreta. Moj\u00a0 je i\u00a0 stav kojeg sam uvek imala, da je to tehni\u010dki dijalog, gde \u0107e se diskutovati o tehni\u010dkim pitanjima koja \u0107e olak&#353;avati &#382;ivot\u00a0 gra\u0111ana Republike Kosova i gra\u0111ana Republike Srbije\u00a0 ali i pitanja koja se otvaraju u odnosu na\u00a0 unutra&#353;nje organizovanje ili pitanje statusa, to su pitanja koje imaju crvenu liniju. Ja sam par puta navela pitanje crvene linije i o tome\u00a0 ne\u0107e biti nikakve diskusije. <\/p>\n<p>Pitanje: Koliko ste sigurni o tome, s obzirom\u00a0 da presidencija nije direktno uklju\u010dena u\u00a0 razgovore?<\/p>\n<p>Odgovor: Vi znate da usvojena Rezolucija u Skup&#353;tini Republike Kosova nagla&#353;ava\u00a0 da ovim pitanjem rukovodi Kancelarija\u00a0 Premijera, predstavljena od Zamenice Premijera g- \u0111e Edita Tahiri. <\/p>\n<p>Mi, svakako, neprekidno nakon odlaska i povratka iz Brisela\u00a0 imamo\u00a0 susrete i informi&#353;em se\u00a0 u vezi progresa\u00a0 i mogu da ka&#382;em da je\u00a0 isti do sada bio u fazama\u00a0 tehni\u010dkog dijaloga. <\/p>\n<p>Vi znate\u00a0 veoma dobro podr&#353;ku koju imamo od SAD, i od EU, &#353;to fascilira proces razgovora izme\u0111u Kosova i Srbije.<\/p>\n","protected":false},"excerpt":{"rendered":"<p>Na  Pri&#353;tinskom aerodromu, predsednica Jahjaga je do\u010dekana uz slu&#382;bene po\u010dasti Po\u010dasne garde Bezbednosnih snaga Kosova.<\/p>\n","protected":false},"author":1,"featured_media":60627,"comment_status":"open","ping_status":"closed","sticky":false,"template":"","format":"standard","meta":{"_eb_attr":"","footnotes":""},"categories":[101],"tags":[],"class_list":["post-79563","post","type-post","status-publish","format-standard","has-post-thumbnail","hentry","category-vesti"],"yoast_head":"<!-- This site is optimized with the Yoast SEO plugin v23.5 - https:\/\/yoast.com\/wordpress\/plugins\/seo\/ -->\n<title>Predsednica Jahjaga se vratila iz zvanicne posete u Polskoj - Predsednik Republike Kosovo - DR. VJOSA OSMANI - SADRIU<\/title>\n<meta name=\"description\" content=\"Predsednica Jahjaga se vratila iz zvanicne posete u Polskoj - Predsednik Republike Kosovo - DR. VJOSA OSMANI - SADRIU -\" \/>\n<meta name=\"robots\" content=\"index, follow, max-snippet:-1, max-image-preview:large, max-video-preview:-1\" \/>\n<link rel=\"canonical\" href=\"https:\/\/president-ksgov.net\/presidentja-jahjaga-u-kthye-nga-vizita-zyrtare-ne-poloni\/\" \/>\n<meta property=\"og:locale\" content=\"sr_RS\" \/>\n<meta property=\"og:type\" content=\"article\" \/>\n<meta property=\"og:title\" content=\"Predsednica Jahjaga se vratila iz zvanicne posete u Polskoj - Predsednik Republike Kosovo - DR. VJOSA OSMANI - SADRIU\" \/>\n<meta property=\"og:description\" content=\"Predsednica Jahjaga se vratila iz zvanicne posete u Polskoj - Predsednik Republike Kosovo - DR. VJOSA OSMANI - SADRIU -\" \/>\n<meta property=\"og:url\" content=\"https:\/\/president-ksgov.net\/presidentja-jahjaga-u-kthye-nga-vizita-zyrtare-ne-poloni\/\" \/>\n<meta property=\"og:site_name\" content=\"Predsednik Republike Kosovo - DR. VJOSA OSMANI - SADRIU\" \/>\n<meta property=\"article:published_time\" content=\"2011-05-29T14:20:50+00:00\" \/>\n<meta property=\"og:image\" content=\"https:\/\/president-ksgov.net\/wp-content\/uploads\/29_05_2011_Konferenca_ne_Aeroportin_e_Prishtines_2.jpg\" \/>\n\t<meta property=\"og:image:width\" content=\"1000\" \/>\n\t<meta property=\"og:image:height\" content=\"667\" \/>\n\t<meta property=\"og:image:type\" content=\"image\/jpeg\" \/>\n<meta name=\"author\" content=\"admin\" \/>\n<meta name=\"twitter:card\" content=\"summary_large_image\" \/>\n<meta name=\"twitter:label1\" content=\"\u041d\u0430\u043f\u0438\u0441\u0430\u043d\u043e \u043e\u0434\" \/>\n\t<meta name=\"twitter:data1\" content=\"admin\" \/>\n\t<meta name=\"twitter:label2\" content=\"\u041f\u0440\u043e\u0446\u0435\u045a\u0435\u043d\u043e \u0432\u0440\u0435\u043c\u0435 \u0447\u0438\u0442\u0430\u045a\u0430\" \/>\n\t<meta name=\"twitter:data2\" content=\"4 \u043c\u0438\u043d\u0443\u0442\u0430\" \/>\n<script type=\"application\/ld+json\" class=\"yoast-schema-graph\">{\"@context\":\"https:\/\/schema.org\",\"@graph\":[{\"@type\":\"WebPage\",\"@id\":\"https:\/\/president-ksgov.net\/presidentja-jahjaga-u-kthye-nga-vizita-zyrtare-ne-poloni\/\",\"url\":\"https:\/\/president-ksgov.net\/presidentja-jahjaga-u-kthye-nga-vizita-zyrtare-ne-poloni\/\",\"name\":\"Predsednica Jahjaga se vratila iz zvanicne posete u Polskoj - Predsednik Republike Kosovo - DR. VJOSA OSMANI - SADRIU\",\"isPartOf\":{\"@id\":\"https:\/\/president-ksgov.net\/#website\"},\"primaryImageOfPage\":{\"@id\":\"https:\/\/president-ksgov.net\/presidentja-jahjaga-u-kthye-nga-vizita-zyrtare-ne-poloni\/#primaryimage\"},\"image\":{\"@id\":\"https:\/\/president-ksgov.net\/presidentja-jahjaga-u-kthye-nga-vizita-zyrtare-ne-poloni\/#primaryimage\"},\"thumbnailUrl\":\"https:\/\/president-ksgov.net\/wp-content\/uploads\/29_05_2011_Konferenca_ne_Aeroportin_e_Prishtines_2.jpg\",\"datePublished\":\"2011-05-29T14:20:50+00:00\",\"dateModified\":\"2011-05-29T14:20:50+00:00\",\"author\":{\"@id\":\"https:\/\/president-ksgov.net\/#\/schema\/person\/bb4337a5fb147cb2046d80548172cbee\"},\"description\":\"Predsednica Jahjaga se vratila iz zvanicne posete u Polskoj - Predsednik Republike Kosovo - DR. VJOSA OSMANI - SADRIU -\",\"breadcrumb\":{\"@id\":\"https:\/\/president-ksgov.net\/presidentja-jahjaga-u-kthye-nga-vizita-zyrtare-ne-poloni\/#breadcrumb\"},\"inLanguage\":\"sr-RS\",\"potentialAction\":[{\"@type\":\"ReadAction\",\"target\":[\"https:\/\/president-ksgov.net\/presidentja-jahjaga-u-kthye-nga-vizita-zyrtare-ne-poloni\/\"]}]},{\"@type\":\"ImageObject\",\"inLanguage\":\"sr-RS\",\"@id\":\"https:\/\/president-ksgov.net\/presidentja-jahjaga-u-kthye-nga-vizita-zyrtare-ne-poloni\/#primaryimage\",\"url\":\"https:\/\/president-ksgov.net\/wp-content\/uploads\/29_05_2011_Konferenca_ne_Aeroportin_e_Prishtines_2.jpg\",\"contentUrl\":\"https:\/\/president-ksgov.net\/wp-content\/uploads\/29_05_2011_Konferenca_ne_Aeroportin_e_Prishtines_2.jpg\",\"width\":1000,\"height\":667},{\"@type\":\"BreadcrumbList\",\"@id\":\"https:\/\/president-ksgov.net\/presidentja-jahjaga-u-kthye-nga-vizita-zyrtare-ne-poloni\/#breadcrumb\",\"itemListElement\":[{\"@type\":\"ListItem\",\"position\":1,\"name\":\"Home\",\"item\":\"https:\/\/president-ksgov.net\/sr\/\"},{\"@type\":\"ListItem\",\"position\":2,\"name\":\"Predsednica Jahjaga se vratila iz zvanicne posete u Polskoj\"}]},{\"@type\":\"WebSite\",\"@id\":\"https:\/\/president-ksgov.net\/#website\",\"url\":\"https:\/\/president-ksgov.net\/\",\"name\":\"Presidente e Republik\u00ebs s\u00eb Kosov\u00ebs\",\"description\":\"Presidente e Republik\u00ebs s\u00eb Kosov\u00ebs\",\"alternateName\":\"DR. VJOSA OSMANI - SADRIU\",\"potentialAction\":[{\"@type\":\"SearchAction\",\"target\":{\"@type\":\"EntryPoint\",\"urlTemplate\":\"https:\/\/president-ksgov.net\/?s={search_term_string}\"},\"query-input\":{\"@type\":\"PropertyValueSpecification\",\"valueRequired\":true,\"valueName\":\"search_term_string\"}}],\"inLanguage\":\"sr-RS\"},{\"@type\":\"Person\",\"@id\":\"https:\/\/president-ksgov.net\/#\/schema\/person\/bb4337a5fb147cb2046d80548172cbee\",\"name\":\"admin\",\"image\":{\"@type\":\"ImageObject\",\"inLanguage\":\"sr-RS\",\"@id\":\"https:\/\/president-ksgov.net\/#\/schema\/person\/image\/\",\"url\":\"https:\/\/secure.gravatar.com\/avatar\/36156ca0fa3b8d9d25174f146e16beea0cf28f37adf1b9e19b6c9c279a7c9dd3?s=96&d=mm&r=g\",\"contentUrl\":\"https:\/\/secure.gravatar.com\/avatar\/36156ca0fa3b8d9d25174f146e16beea0cf28f37adf1b9e19b6c9c279a7c9dd3?s=96&d=mm&r=g\",\"caption\":\"admin\"},\"sameAs\":[\"https:\/\/president-ksgov.net\"]}]}<\/script>\n<!-- \/ Yoast SEO plugin. -->","yoast_head_json":{"title":"Predsednica Jahjaga se vratila iz zvanicne posete u Polskoj - Predsednik Republike Kosovo - DR. VJOSA OSMANI - SADRIU","description":"Predsednica Jahjaga se vratila iz zvanicne posete u Polskoj - Predsednik Republike Kosovo - DR. VJOSA OSMANI - SADRIU -","robots":{"index":"index","follow":"follow","max-snippet":"max-snippet:-1","max-image-preview":"max-image-preview:large","max-video-preview":"max-video-preview:-1"},"canonical":"https:\/\/president-ksgov.net\/presidentja-jahjaga-u-kthye-nga-vizita-zyrtare-ne-poloni\/","og_locale":"sr_RS","og_type":"article","og_title":"Predsednica Jahjaga se vratila iz zvanicne posete u Polskoj - Predsednik Republike Kosovo - DR. VJOSA OSMANI - SADRIU","og_description":"Predsednica Jahjaga se vratila iz zvanicne posete u Polskoj - Predsednik Republike Kosovo - DR. VJOSA OSMANI - SADRIU -","og_url":"https:\/\/president-ksgov.net\/presidentja-jahjaga-u-kthye-nga-vizita-zyrtare-ne-poloni\/","og_site_name":"Predsednik Republike Kosovo - DR. VJOSA OSMANI - SADRIU","article_published_time":"2011-05-29T14:20:50+00:00","og_image":[{"width":1000,"height":667,"url":"https:\/\/president-ksgov.net\/wp-content\/uploads\/29_05_2011_Konferenca_ne_Aeroportin_e_Prishtines_2.jpg","type":"image\/jpeg"}],"author":"admin","twitter_card":"summary_large_image","twitter_misc":{"\u041d\u0430\u043f\u0438\u0441\u0430\u043d\u043e \u043e\u0434":"admin","\u041f\u0440\u043e\u0446\u0435\u045a\u0435\u043d\u043e \u0432\u0440\u0435\u043c\u0435 \u0447\u0438\u0442\u0430\u045a\u0430":"4 \u043c\u0438\u043d\u0443\u0442\u0430"},"schema":{"@context":"https:\/\/schema.org","@graph":[{"@type":"WebPage","@id":"https:\/\/president-ksgov.net\/presidentja-jahjaga-u-kthye-nga-vizita-zyrtare-ne-poloni\/","url":"https:\/\/president-ksgov.net\/presidentja-jahjaga-u-kthye-nga-vizita-zyrtare-ne-poloni\/","name":"Predsednica Jahjaga se vratila iz zvanicne posete u Polskoj - Predsednik Republike Kosovo - DR. VJOSA OSMANI - SADRIU","isPartOf":{"@id":"https:\/\/president-ksgov.net\/#website"},"primaryImageOfPage":{"@id":"https:\/\/president-ksgov.net\/presidentja-jahjaga-u-kthye-nga-vizita-zyrtare-ne-poloni\/#primaryimage"},"image":{"@id":"https:\/\/president-ksgov.net\/presidentja-jahjaga-u-kthye-nga-vizita-zyrtare-ne-poloni\/#primaryimage"},"thumbnailUrl":"https:\/\/president-ksgov.net\/wp-content\/uploads\/29_05_2011_Konferenca_ne_Aeroportin_e_Prishtines_2.jpg","datePublished":"2011-05-29T14:20:50+00:00","dateModified":"2011-05-29T14:20:50+00:00","author":{"@id":"https:\/\/president-ksgov.net\/#\/schema\/person\/bb4337a5fb147cb2046d80548172cbee"},"description":"Predsednica Jahjaga se vratila iz zvanicne posete u Polskoj - Predsednik Republike Kosovo - DR. VJOSA OSMANI - SADRIU -","breadcrumb":{"@id":"https:\/\/president-ksgov.net\/presidentja-jahjaga-u-kthye-nga-vizita-zyrtare-ne-poloni\/#breadcrumb"},"inLanguage":"sr-RS","potentialAction":[{"@type":"ReadAction","target":["https:\/\/president-ksgov.net\/presidentja-jahjaga-u-kthye-nga-vizita-zyrtare-ne-poloni\/"]}]},{"@type":"ImageObject","inLanguage":"sr-RS","@id":"https:\/\/president-ksgov.net\/presidentja-jahjaga-u-kthye-nga-vizita-zyrtare-ne-poloni\/#primaryimage","url":"https:\/\/president-ksgov.net\/wp-content\/uploads\/29_05_2011_Konferenca_ne_Aeroportin_e_Prishtines_2.jpg","contentUrl":"https:\/\/president-ksgov.net\/wp-content\/uploads\/29_05_2011_Konferenca_ne_Aeroportin_e_Prishtines_2.jpg","width":1000,"height":667},{"@type":"BreadcrumbList","@id":"https:\/\/president-ksgov.net\/presidentja-jahjaga-u-kthye-nga-vizita-zyrtare-ne-poloni\/#breadcrumb","itemListElement":[{"@type":"ListItem","position":1,"name":"Home","item":"https:\/\/president-ksgov.net\/sr\/"},{"@type":"ListItem","position":2,"name":"Predsednica Jahjaga se vratila iz zvanicne posete u Polskoj"}]},{"@type":"WebSite","@id":"https:\/\/president-ksgov.net\/#website","url":"https:\/\/president-ksgov.net\/","name":"Presidente e Republik\u00ebs s\u00eb Kosov\u00ebs","description":"Presidente e Republik\u00ebs s\u00eb Kosov\u00ebs","alternateName":"DR. VJOSA OSMANI - SADRIU","potentialAction":[{"@type":"SearchAction","target":{"@type":"EntryPoint","urlTemplate":"https:\/\/president-ksgov.net\/?s={search_term_string}"},"query-input":{"@type":"PropertyValueSpecification","valueRequired":true,"valueName":"search_term_string"}}],"inLanguage":"sr-RS"},{"@type":"Person","@id":"https:\/\/president-ksgov.net\/#\/schema\/person\/bb4337a5fb147cb2046d80548172cbee","name":"admin","image":{"@type":"ImageObject","inLanguage":"sr-RS","@id":"https:\/\/president-ksgov.net\/#\/schema\/person\/image\/","url":"https:\/\/secure.gravatar.com\/avatar\/36156ca0fa3b8d9d25174f146e16beea0cf28f37adf1b9e19b6c9c279a7c9dd3?s=96&d=mm&r=g","contentUrl":"https:\/\/secure.gravatar.com\/avatar\/36156ca0fa3b8d9d25174f146e16beea0cf28f37adf1b9e19b6c9c279a7c9dd3?s=96&d=mm&r=g","caption":"admin"},"sameAs":["https:\/\/president-ksgov.net"]}]}},"_links":{"self":[{"href":"https:\/\/president-ksgov.net\/sr\/wp-json\/wp\/v2\/posts\/79563","targetHints":{"allow":["GET"]}}],"collection":[{"href":"https:\/\/president-ksgov.net\/sr\/wp-json\/wp\/v2\/posts"}],"about":[{"href":"https:\/\/president-ksgov.net\/sr\/wp-json\/wp\/v2\/types\/post"}],"author":[{"embeddable":true,"href":"https:\/\/president-ksgov.net\/sr\/wp-json\/wp\/v2\/users\/1"}],"replies":[{"embeddable":true,"href":"https:\/\/president-ksgov.net\/sr\/wp-json\/wp\/v2\/comments?post=79563"}],"version-history":[{"count":0,"href":"https:\/\/president-ksgov.net\/sr\/wp-json\/wp\/v2\/posts\/79563\/revisions"}],"wp:featuredmedia":[{"embeddable":true,"href":"https:\/\/president-ksgov.net\/sr\/wp-json\/wp\/v2\/media\/60627"}],"wp:attachment":[{"href":"https:\/\/president-ksgov.net\/sr\/wp-json\/wp\/v2\/media?parent=79563"}],"wp:term":[{"taxonomy":"category","embeddable":true,"href":"https:\/\/president-ksgov.net\/sr\/wp-json\/wp\/v2\/categories?post=79563"},{"taxonomy":"post_tag","embeddable":true,"href":"https:\/\/president-ksgov.net\/sr\/wp-json\/wp\/v2\/tags?post=79563"}],"curies":[{"name":"wp","href":"https:\/\/api.w.org\/{rel}","templated":true}]}}