{"id":79557,"date":"2011-06-03T16:35:29","date_gmt":"2011-06-03T16:35:29","guid":{"rendered":"https:\/\/dev.president-ksgov.net\/predsednica-jahjaga-se-vratila-iz-slubenog-poseta-italiji\/"},"modified":"2011-06-03T16:35:29","modified_gmt":"2011-06-03T16:35:29","slug":"predsednica-jahjaga-se-vratila-iz-slubenog-poseta-italiji","status":"publish","type":"post","link":"https:\/\/president-ksgov.net\/sr\/predsednica-jahjaga-se-vratila-iz-slubenog-poseta-italiji\/","title":{"rendered":"Predsednica Jahjaga se vratila iz slu&#158;benog poseta Italiji"},"content":{"rendered":"<p>Predsjednica  Republike Kosova, gospo\u0111a Atifete Jahjaga, vratila se danas na Kosovu, nakon slu&#382;benog poseta Italiji, na poziv italijanskog predsednika Giorgia Napolitana, gde je prisustvovala centralnoj manifestaciji obele&#382;avanja 150. god&#353;[njice italijanske nacionalne unije i me\u0111unarodnoj centralnoj  konferenciji &#8222;La citt\u00e0 Interetnica &#8222;(&#8222;Me\u0111uetni\u010dki grad. &#8222;)<\/p>\n<p>Predsjednica Jahjaga je na Pri&#353;tinskom aerodromu do\u010dekana uz po\u010dasti\u00a0 po\u010dasne jedinice\u00a0 BSK-a.Predsednica\u00a0 je odr&#382;ala konferenciju za novinare u Pri&#353;tinkom\u00a0 aerodromu, koju objavimo u cielosti: <\/p>\n<p>U\u010de&#353;\u0107e\u00a0 Kosova na sve\u010danosti obele&#382;avanje 150-godi&#353;njice ujedinjenja\u00a0 Republike Italije, gde su prisustvovali vi&#353;e od 80 dr&#382;avnika iz celog sveta, je iznimno va&#382;an doga\u0111aj,\u00a0 &#353;to dokazuje da Kosovo postaje dio inicijative i drugih me\u0111unarodnih aran&#382;mana.<br \/>\n\u00a0<br \/>\nTokom ovog poseta, na poziv predsjednika Italije, g-dina .Napolitano, imala sam niz bilateralnih susreta sa predsednicima ostalih dr&#382;ava koje u\u010destvuju\u00a0 u ceremoniji. Osim redovnih razgovora koji su u okviru ja\u010danja bilateralnih odnosa me\u0111u dr&#382;avama,\u00a0 zahtevali smo\u00a0 ii njihov anga&#382;man za stalnu podr&#353;ku Kosovu, kako bi podr&#382;ali u\u010dlanjenje u regionalnom i globalnom organizacijama.<br \/>\n\u00a0<br \/>\nKosovo, ovom posetom Ii posetom pro&#353;le nedelje, sna&#382;no dokazuje da je u\u010desnik doga\u0111aja koji u kojima se raspravlja o pitanjima od posebnim zna\u010daja i o globalnim izazvovima, gdje je Kosovo do sada bilo deo diskusija u raznim forumima i samitima. Ali, sada Kosovo ravnopravno u\u010destvuje sa ostalim zemljama, gde\u00a0 su mi&#353;ljenje, re\u010d i preporuke koje dolaze sa Kosova cenjena i uzimaju se u obzir ravnopravno i od ostalih zemalja.<\/p>\n<p>To dokazuje spremnost Kosova za pokret\u00a0 u pravcu kuda su kro\u010dale i ostale zemlje, ne samo Evrope nego i &#353;ire. <\/p>\n<p>Kosovo je imala mnogo rezultata i svakog dana je vi&#353;e i vi&#353;e igra zna\u010dajnu ulogu i na osnovu politi\u010dkih ugovora koji su doprineli unapre\u0111ivanju dr&#382;ave, ali I stabilnosti u zemlji\u00a0 iregiji. <\/p>\n<p>Pitanje: Kako komentari&#353;ete raskid dogovora izme\u0111u Kosova i Me\u0111unarodnog monetarnog fonda?<\/p>\n<p>Odgovor: Izra&#382;avam svoje &#382;alenje o odluci MMF-a u vezi abrogovanja odluke\u00a0 o dogovoru &#8220;Stand by&#8221;. Ja sam se danas vratila sa puta i odmah\u00a0 \u0107u imati odre\u0111ene susrete I podr&#382;a\u010du sve doma\u0107e institucije da &#353;to pre bude mogu\u010de ispunjavaju\u00a0 svoje zakonske uslove i obaveze, kako bi mogli da preduzmemo korak u pravcu postizanja dogovora &#353;to je pre mogu\u010de. <\/p>\n<p>Pitanje: Da li ste dobili garancije u Italiji za ne podelu Kosova?<\/p>\n<p>Odgovor: Prvog dana psoete u Italiji, u\u010destvovala sam na konferenciju &#8220;Me\u0111uetni\u010dki grad&#8221;, gde u svom govoru sam ponovno istakal stavove dr&#382;ave KOsova I moje statove, u odnosu na relacije sa Reublikom Ssrbije. <\/p>\n<p>U toku bilateralnih susreta sa prisutnim dr&#382;avnicima dobila sam obe\u010danja za dodatna priznavanja dr&#382;ave Kosova I obe\u010danja od ostalih ddr&#382;avnika, koji \u0107e biti na&#353; glas I koji \u0107e se anga&#382;ovati u lobiranju za priznavanju dr&#382;ave Kosova.<\/p>\n<p>\u00a0<\/p>\n","protected":false},"excerpt":{"rendered":"<p>Predsjednica  Republike Kosova, gospo\u0111a Atifete Jahjaga, vratila se danas na Kosovu, nakon slu&#382;benog poseta Italiji, na poziv italijanskog predsednika Giorgia Napolitana, gde je prisustvovala centralnoj manifestaciji obele&#382;avanja 150. god&#353;[njice italijanske nacionalne unije i me\u0111unarodnoj centralnoj  konferenciji &#8222;La citt\u00e0 Interetnica &#8222;(&#8222;Me\u0111uetni\u010dki grad. &#8222;)<\/p>\n","protected":false},"author":1,"featured_media":60540,"comment_status":"open","ping_status":"closed","sticky":false,"template":"","format":"standard","meta":{"_eb_attr":"","footnotes":""},"categories":[101],"tags":[],"class_list":["post-79557","post","type-post","status-publish","format-standard","has-post-thumbnail","hentry","category-vesti"],"yoast_head":"<!-- This site is optimized with the Yoast SEO plugin v23.5 - https:\/\/yoast.com\/wordpress\/plugins\/seo\/ -->\n<title>Predsednica Jahjaga se vratila iz slu&#158;benog poseta Italiji - Predsednik Republike Kosovo - DR. VJOSA OSMANI - SADRIU<\/title>\n<meta name=\"description\" content=\"Predsednica Jahjaga se vratila iz slu&#158;benog poseta Italiji - Predsednik Republike Kosovo - DR. VJOSA OSMANI - SADRIU -\" \/>\n<meta name=\"robots\" content=\"index, follow, max-snippet:-1, max-image-preview:large, max-video-preview:-1\" \/>\n<link rel=\"canonical\" href=\"https:\/\/president-ksgov.net\/presidentja-jahjaga-u-kthye-nga-vizita-zyrtare-ne-itali\/\" \/>\n<meta property=\"og:locale\" content=\"sr_RS\" \/>\n<meta property=\"og:type\" content=\"article\" \/>\n<meta property=\"og:title\" content=\"Predsednica Jahjaga se vratila iz slu&#158;benog poseta Italiji - Predsednik Republike Kosovo - DR. VJOSA OSMANI - SADRIU\" \/>\n<meta property=\"og:description\" content=\"Predsednica Jahjaga se vratila iz slu&#158;benog poseta Italiji - Predsednik Republike Kosovo - DR. VJOSA OSMANI - SADRIU -\" \/>\n<meta property=\"og:url\" content=\"https:\/\/president-ksgov.net\/presidentja-jahjaga-u-kthye-nga-vizita-zyrtare-ne-itali\/\" \/>\n<meta property=\"og:site_name\" content=\"Predsednik Republike Kosovo - DR. VJOSA OSMANI - SADRIU\" \/>\n<meta property=\"article:published_time\" content=\"2011-06-03T16:35:29+00:00\" \/>\n<meta property=\"og:image\" content=\"https:\/\/president-ksgov.net\/wp-content\/uploads\/03_06_2011_Kthimi_nga_Italia_1.jpg\" \/>\n\t<meta property=\"og:image:width\" content=\"1000\" \/>\n\t<meta property=\"og:image:height\" content=\"667\" \/>\n\t<meta property=\"og:image:type\" content=\"image\/jpeg\" \/>\n<meta name=\"author\" content=\"admin\" \/>\n<meta name=\"twitter:card\" content=\"summary_large_image\" \/>\n<meta name=\"twitter:label1\" content=\"\u041d\u0430\u043f\u0438\u0441\u0430\u043d\u043e \u043e\u0434\" \/>\n\t<meta name=\"twitter:data1\" content=\"admin\" \/>\n\t<meta name=\"twitter:label2\" content=\"\u041f\u0440\u043e\u0446\u0435\u045a\u0435\u043d\u043e \u0432\u0440\u0435\u043c\u0435 \u0447\u0438\u0442\u0430\u045a\u0430\" \/>\n\t<meta name=\"twitter:data2\" content=\"2 \u043c\u0438\u043d\u0443\u0442\u0430\" \/>\n<script type=\"application\/ld+json\" class=\"yoast-schema-graph\">{\"@context\":\"https:\/\/schema.org\",\"@graph\":[{\"@type\":\"WebPage\",\"@id\":\"https:\/\/president-ksgov.net\/presidentja-jahjaga-u-kthye-nga-vizita-zyrtare-ne-itali\/\",\"url\":\"https:\/\/president-ksgov.net\/presidentja-jahjaga-u-kthye-nga-vizita-zyrtare-ne-itali\/\",\"name\":\"Predsednica Jahjaga se vratila iz slu&#158;benog poseta Italiji - Predsednik Republike Kosovo - DR. VJOSA OSMANI - SADRIU\",\"isPartOf\":{\"@id\":\"https:\/\/president-ksgov.net\/#website\"},\"primaryImageOfPage\":{\"@id\":\"https:\/\/president-ksgov.net\/presidentja-jahjaga-u-kthye-nga-vizita-zyrtare-ne-itali\/#primaryimage\"},\"image\":{\"@id\":\"https:\/\/president-ksgov.net\/presidentja-jahjaga-u-kthye-nga-vizita-zyrtare-ne-itali\/#primaryimage\"},\"thumbnailUrl\":\"https:\/\/president-ksgov.net\/wp-content\/uploads\/03_06_2011_Kthimi_nga_Italia_1.jpg\",\"datePublished\":\"2011-06-03T16:35:29+00:00\",\"dateModified\":\"2011-06-03T16:35:29+00:00\",\"author\":{\"@id\":\"https:\/\/president-ksgov.net\/#\/schema\/person\/bb4337a5fb147cb2046d80548172cbee\"},\"description\":\"Predsednica Jahjaga se vratila iz slu&#158;benog poseta Italiji - Predsednik Republike Kosovo - DR. VJOSA OSMANI - SADRIU -\",\"breadcrumb\":{\"@id\":\"https:\/\/president-ksgov.net\/presidentja-jahjaga-u-kthye-nga-vizita-zyrtare-ne-itali\/#breadcrumb\"},\"inLanguage\":\"sr-RS\",\"potentialAction\":[{\"@type\":\"ReadAction\",\"target\":[\"https:\/\/president-ksgov.net\/presidentja-jahjaga-u-kthye-nga-vizita-zyrtare-ne-itali\/\"]}]},{\"@type\":\"ImageObject\",\"inLanguage\":\"sr-RS\",\"@id\":\"https:\/\/president-ksgov.net\/presidentja-jahjaga-u-kthye-nga-vizita-zyrtare-ne-itali\/#primaryimage\",\"url\":\"https:\/\/president-ksgov.net\/wp-content\/uploads\/03_06_2011_Kthimi_nga_Italia_1.jpg\",\"contentUrl\":\"https:\/\/president-ksgov.net\/wp-content\/uploads\/03_06_2011_Kthimi_nga_Italia_1.jpg\",\"width\":1000,\"height\":667},{\"@type\":\"BreadcrumbList\",\"@id\":\"https:\/\/president-ksgov.net\/presidentja-jahjaga-u-kthye-nga-vizita-zyrtare-ne-itali\/#breadcrumb\",\"itemListElement\":[{\"@type\":\"ListItem\",\"position\":1,\"name\":\"Home\",\"item\":\"https:\/\/president-ksgov.net\/sr\/\"},{\"@type\":\"ListItem\",\"position\":2,\"name\":\"Predsednica Jahjaga se vratila iz slu&#158;benog poseta Italiji\"}]},{\"@type\":\"WebSite\",\"@id\":\"https:\/\/president-ksgov.net\/#website\",\"url\":\"https:\/\/president-ksgov.net\/\",\"name\":\"Presidente e Republik\u00ebs s\u00eb Kosov\u00ebs\",\"description\":\"Presidente e Republik\u00ebs s\u00eb Kosov\u00ebs\",\"alternateName\":\"DR. VJOSA OSMANI - SADRIU\",\"potentialAction\":[{\"@type\":\"SearchAction\",\"target\":{\"@type\":\"EntryPoint\",\"urlTemplate\":\"https:\/\/president-ksgov.net\/?s={search_term_string}\"},\"query-input\":{\"@type\":\"PropertyValueSpecification\",\"valueRequired\":true,\"valueName\":\"search_term_string\"}}],\"inLanguage\":\"sr-RS\"},{\"@type\":\"Person\",\"@id\":\"https:\/\/president-ksgov.net\/#\/schema\/person\/bb4337a5fb147cb2046d80548172cbee\",\"name\":\"admin\",\"image\":{\"@type\":\"ImageObject\",\"inLanguage\":\"sr-RS\",\"@id\":\"https:\/\/president-ksgov.net\/#\/schema\/person\/image\/\",\"url\":\"https:\/\/secure.gravatar.com\/avatar\/36156ca0fa3b8d9d25174f146e16beea0cf28f37adf1b9e19b6c9c279a7c9dd3?s=96&d=mm&r=g\",\"contentUrl\":\"https:\/\/secure.gravatar.com\/avatar\/36156ca0fa3b8d9d25174f146e16beea0cf28f37adf1b9e19b6c9c279a7c9dd3?s=96&d=mm&r=g\",\"caption\":\"admin\"},\"sameAs\":[\"https:\/\/president-ksgov.net\"]}]}<\/script>\n<!-- \/ Yoast SEO plugin. -->","yoast_head_json":{"title":"Predsednica Jahjaga se vratila iz slu&#158;benog poseta Italiji - Predsednik Republike Kosovo - DR. VJOSA OSMANI - SADRIU","description":"Predsednica Jahjaga se vratila iz slu&#158;benog poseta Italiji - Predsednik Republike Kosovo - DR. VJOSA OSMANI - SADRIU -","robots":{"index":"index","follow":"follow","max-snippet":"max-snippet:-1","max-image-preview":"max-image-preview:large","max-video-preview":"max-video-preview:-1"},"canonical":"https:\/\/president-ksgov.net\/presidentja-jahjaga-u-kthye-nga-vizita-zyrtare-ne-itali\/","og_locale":"sr_RS","og_type":"article","og_title":"Predsednica Jahjaga se vratila iz slu&#158;benog poseta Italiji - Predsednik Republike Kosovo - DR. VJOSA OSMANI - SADRIU","og_description":"Predsednica Jahjaga se vratila iz slu&#158;benog poseta Italiji - Predsednik Republike Kosovo - DR. VJOSA OSMANI - SADRIU -","og_url":"https:\/\/president-ksgov.net\/presidentja-jahjaga-u-kthye-nga-vizita-zyrtare-ne-itali\/","og_site_name":"Predsednik Republike Kosovo - DR. VJOSA OSMANI - SADRIU","article_published_time":"2011-06-03T16:35:29+00:00","og_image":[{"width":1000,"height":667,"url":"https:\/\/president-ksgov.net\/wp-content\/uploads\/03_06_2011_Kthimi_nga_Italia_1.jpg","type":"image\/jpeg"}],"author":"admin","twitter_card":"summary_large_image","twitter_misc":{"\u041d\u0430\u043f\u0438\u0441\u0430\u043d\u043e \u043e\u0434":"admin","\u041f\u0440\u043e\u0446\u0435\u045a\u0435\u043d\u043e \u0432\u0440\u0435\u043c\u0435 \u0447\u0438\u0442\u0430\u045a\u0430":"2 \u043c\u0438\u043d\u0443\u0442\u0430"},"schema":{"@context":"https:\/\/schema.org","@graph":[{"@type":"WebPage","@id":"https:\/\/president-ksgov.net\/presidentja-jahjaga-u-kthye-nga-vizita-zyrtare-ne-itali\/","url":"https:\/\/president-ksgov.net\/presidentja-jahjaga-u-kthye-nga-vizita-zyrtare-ne-itali\/","name":"Predsednica Jahjaga se vratila iz slu&#158;benog poseta Italiji - Predsednik Republike Kosovo - DR. VJOSA OSMANI - SADRIU","isPartOf":{"@id":"https:\/\/president-ksgov.net\/#website"},"primaryImageOfPage":{"@id":"https:\/\/president-ksgov.net\/presidentja-jahjaga-u-kthye-nga-vizita-zyrtare-ne-itali\/#primaryimage"},"image":{"@id":"https:\/\/president-ksgov.net\/presidentja-jahjaga-u-kthye-nga-vizita-zyrtare-ne-itali\/#primaryimage"},"thumbnailUrl":"https:\/\/president-ksgov.net\/wp-content\/uploads\/03_06_2011_Kthimi_nga_Italia_1.jpg","datePublished":"2011-06-03T16:35:29+00:00","dateModified":"2011-06-03T16:35:29+00:00","author":{"@id":"https:\/\/president-ksgov.net\/#\/schema\/person\/bb4337a5fb147cb2046d80548172cbee"},"description":"Predsednica Jahjaga se vratila iz slu&#158;benog poseta Italiji - Predsednik Republike Kosovo - DR. VJOSA OSMANI - SADRIU -","breadcrumb":{"@id":"https:\/\/president-ksgov.net\/presidentja-jahjaga-u-kthye-nga-vizita-zyrtare-ne-itali\/#breadcrumb"},"inLanguage":"sr-RS","potentialAction":[{"@type":"ReadAction","target":["https:\/\/president-ksgov.net\/presidentja-jahjaga-u-kthye-nga-vizita-zyrtare-ne-itali\/"]}]},{"@type":"ImageObject","inLanguage":"sr-RS","@id":"https:\/\/president-ksgov.net\/presidentja-jahjaga-u-kthye-nga-vizita-zyrtare-ne-itali\/#primaryimage","url":"https:\/\/president-ksgov.net\/wp-content\/uploads\/03_06_2011_Kthimi_nga_Italia_1.jpg","contentUrl":"https:\/\/president-ksgov.net\/wp-content\/uploads\/03_06_2011_Kthimi_nga_Italia_1.jpg","width":1000,"height":667},{"@type":"BreadcrumbList","@id":"https:\/\/president-ksgov.net\/presidentja-jahjaga-u-kthye-nga-vizita-zyrtare-ne-itali\/#breadcrumb","itemListElement":[{"@type":"ListItem","position":1,"name":"Home","item":"https:\/\/president-ksgov.net\/sr\/"},{"@type":"ListItem","position":2,"name":"Predsednica Jahjaga se vratila iz slu&#158;benog poseta Italiji"}]},{"@type":"WebSite","@id":"https:\/\/president-ksgov.net\/#website","url":"https:\/\/president-ksgov.net\/","name":"Presidente e Republik\u00ebs s\u00eb Kosov\u00ebs","description":"Presidente e Republik\u00ebs s\u00eb Kosov\u00ebs","alternateName":"DR. VJOSA OSMANI - SADRIU","potentialAction":[{"@type":"SearchAction","target":{"@type":"EntryPoint","urlTemplate":"https:\/\/president-ksgov.net\/?s={search_term_string}"},"query-input":{"@type":"PropertyValueSpecification","valueRequired":true,"valueName":"search_term_string"}}],"inLanguage":"sr-RS"},{"@type":"Person","@id":"https:\/\/president-ksgov.net\/#\/schema\/person\/bb4337a5fb147cb2046d80548172cbee","name":"admin","image":{"@type":"ImageObject","inLanguage":"sr-RS","@id":"https:\/\/president-ksgov.net\/#\/schema\/person\/image\/","url":"https:\/\/secure.gravatar.com\/avatar\/36156ca0fa3b8d9d25174f146e16beea0cf28f37adf1b9e19b6c9c279a7c9dd3?s=96&d=mm&r=g","contentUrl":"https:\/\/secure.gravatar.com\/avatar\/36156ca0fa3b8d9d25174f146e16beea0cf28f37adf1b9e19b6c9c279a7c9dd3?s=96&d=mm&r=g","caption":"admin"},"sameAs":["https:\/\/president-ksgov.net"]}]}},"_links":{"self":[{"href":"https:\/\/president-ksgov.net\/sr\/wp-json\/wp\/v2\/posts\/79557","targetHints":{"allow":["GET"]}}],"collection":[{"href":"https:\/\/president-ksgov.net\/sr\/wp-json\/wp\/v2\/posts"}],"about":[{"href":"https:\/\/president-ksgov.net\/sr\/wp-json\/wp\/v2\/types\/post"}],"author":[{"embeddable":true,"href":"https:\/\/president-ksgov.net\/sr\/wp-json\/wp\/v2\/users\/1"}],"replies":[{"embeddable":true,"href":"https:\/\/president-ksgov.net\/sr\/wp-json\/wp\/v2\/comments?post=79557"}],"version-history":[{"count":0,"href":"https:\/\/president-ksgov.net\/sr\/wp-json\/wp\/v2\/posts\/79557\/revisions"}],"wp:featuredmedia":[{"embeddable":true,"href":"https:\/\/president-ksgov.net\/sr\/wp-json\/wp\/v2\/media\/60540"}],"wp:attachment":[{"href":"https:\/\/president-ksgov.net\/sr\/wp-json\/wp\/v2\/media?parent=79557"}],"wp:term":[{"taxonomy":"category","embeddable":true,"href":"https:\/\/president-ksgov.net\/sr\/wp-json\/wp\/v2\/categories?post=79557"},{"taxonomy":"post_tag","embeddable":true,"href":"https:\/\/president-ksgov.net\/sr\/wp-json\/wp\/v2\/tags?post=79557"}],"curies":[{"name":"wp","href":"https:\/\/api.w.org\/{rel}","templated":true}]}}