{"id":79545,"date":"2011-06-11T13:27:03","date_gmt":"2011-06-11T13:27:03","guid":{"rendered":"https:\/\/dev.president-ksgov.net\/predsednica-jahjaga-je-ucestvovala-na-manifestaciji-obeleavanja-dana-pritine\/"},"modified":"2011-06-11T13:27:03","modified_gmt":"2011-06-11T13:27:03","slug":"predsednica-jahjaga-je-ucestvovala-na-manifestaciji-obeleavanja-dana-pritine","status":"publish","type":"post","link":"https:\/\/president-ksgov.net\/sr\/predsednica-jahjaga-je-ucestvovala-na-manifestaciji-obeleavanja-dana-pritine\/","title":{"rendered":"Predsednica Jahjaga je u\u010destvovala na manifestaciji obele&#158;avanja Dana Pri&#154;tine"},"content":{"rendered":"<p>Predsednica Republike Kosova g-\u0111a Atifete Jahjaga je u\u010destvovala danas na aktivnostima organizovanim povodom Dana Pri&#353;tine.  U pratnji predsednika op&#353;tine Pri&#353;tine Ise Musatafe i saradnika, ona je na po\u010detku  odala po\u010dasti, postavljanjem venca cve\u0107a na grob prvog predsednika Kosova d-ra Ibrahima Rugove u Velaniji, a potom i na groblju palih boraca u istom naselju, kao i  ispred biste heroja  Zahira Pajazitija.<\/p>\n<p>Predsednica\u00a0 Jahjaga je zatim u\u010destvovala na\u00a0 sve\u010danoj akademiji Skup&#353;tine op&#353;tine Pri&#353;tina.<\/p>\n<p>Prigodnim govorom, nakon po\u010dasti red grobom predsednika Rugove, predsednica Jahjaga je visoko cenila anga&#382;man, politiku i viziju d-ra Rugove, kao ideologa nezavisnosti Republike Kosova. <\/p>\n<p>Ona je istakla da je dr Rugova bio\u00a0 ideolog politike za slobodu, nezavisnost, i demokratiju &#353;to je osnova nezavisne dr&#382;ave Kosova, koju imamo danas.<\/p>\n<p>Nakon po\u010dasti na groblju palih boraca i ispred biste heroja Zahira Pajazitija, predsednica Jahjaga je odr&#382;ala govor na sve\u010danoj akademiji\u00a0 Skup&#353;tine op&#353;tine Pri&#353;tina. <\/p>\n<p>Celokupan govor predsednice je u nastavku: <\/p>\n<p>Po&#353;tovani u\u010desnici,<\/p>\n<p>Godi&#353;njica oslobo\u0111enja Pri&#353;tine, glavnog grada Republike Kosova bele&#382;i kraj duge epohe na&#353;ih napora za slobodu, demokratiju i nezavisnost, koji su se uspe&#353;no oven\u010dani nakon\u00a0 miroljubivog i aktivnog pokreta koji\u00a0 simbolizuje\u00a0\u00a0 ideologa i arhitektu\u00a0 platforme za nezavisnost i vi&#353;epartijskog demokratskog &#382;ivota, presidnika d-ra Ibrahima Rugove. Ovaj dan, tako\u0111e se nadovezuje na delo Adema Ja&#353;arija, komandanta OVK &#8211; a, oru&#382;ani otpor za\u00a0 slobodu i dr&#382;avotvorstvo.<\/p>\n<p>Oslobo\u0111enje Pri&#353;tine i celog Kosova je\u00a0 povezano i uz veliku nepo&#353;tednu pomo\u0107 me\u0111unarodne\u00a0 zajednice, SAD i EU, kao i\u00a0 direktnog delovanja\u00a0 vazdu&#353;nih NATO snaga\u00a0 protiv ciljeva u biv&#353;oj Jugoslaviji.<\/p>\n<p>\u00a0Po&#353;tovani u\u010desnici, oslobo\u0111enje Kosova i progla&#353;enje nezavisnom i suverenom dr&#382;avom je veli\u010danstveno delo mnogih generacija koje su\u00a0 radile i &#382;rtvovale se\u00a0 za nacionalno pitanje,\u00a0 koje je\u00a0 uvek bilo povezano sa aspektima\u00a0 naprednog i civilizovanog pokreta\u00a0 za\u00a0 izgradnju\u00a0 slobodne i demokratske\u00a0 dr&#382;ave\u00a0 za prosperitet\u00a0 i jednaka prava za sve gra\u0111ane bez obzira na\u00a0 nacionalnu, rasnu, versku i polnu pripadnost.<\/p>\n<p>Republika Kosovo je zemlja jednakih mogu\u0107nosti, demokratska zemlja koja ima za cilj evro-atlantske integracije, \u010dlanstvo u EU i NATO-u kao i o stalnom prijateljstvu sa SAD-om. <\/p>\n<p>Ve\u010dita &#382;elja na&#353;eg naroda je bila da bude slobodan, da ima svoju dr&#382;avu, da ima svoj dignitet i\u00a0 da bude ravnopravan sa ostalim narodima. Istorija u toku celog ovog\u00a0 putovanja je bila bolna, uz mnogo patnji\u00a0 i po&#382;rtvovanosti, ali ujedno ova istorija je bila slavna i ponosna jer politika pot\u010dinjavanja nikada nije vladala nad ovim teritorijama i da\u00a0 otpor\u00a0 u svim svojim oblicima\u00a0 nije prestao\u00a0 ni za trenutak,\u00a0 tako\u00a0 se\u00a0 i pretvorilo u\u00a0 nesalomljivu volju\u00a0 celog naroda.<\/p>\n<p>Na&#353;a pro&#353;lost\u00a0 slu&#382;i kao se\u0107anje da bismo\u00a0 izgradili\u00a0\u00a0 budu\u0107nost imaju\u0107i u obzir da smo mi nastavlja\u010di\u00a0 te\u00a0 delatnosti, delatnost onih\u00a0 intelektualaca, boraca i pokoljenja koja su nam svojim radom omogu\u0107ila da se danas nalazimo ovde, da izgradimo demokratsku dr&#382;avu Kosovao, da budemo po&#353;tovani faktor i da imamo me\u0111unarodne prijatelje.<\/p>\n<p>Dozvolite mi\u00a0 da ovde ponavim ideju da se u na&#353;em glavnom gradu treba izgraditi obelisk, odnosno monument koji simbolizuje\u00a0 put slobode i jedinstvo naroda, koji simbolizuje i me\u0111unarodnu podr&#353;ku gde bismo\u00a0\u00a0 mi\u00a0 ali i strane delegacije postavili vence sve\u0107a i odali po\u010dast kao simbol praznika i na&#353;ih zna\u010dajnih datuma. <\/p>\n<p>Dame i gospodo,<\/p>\n<p>Nezavisnost Kosova je\u00a0 izraz volje naroda, realni proces koji je stvorio mir i stabilnost u regiji. Dr&#382;ava Kosovo svakog dana je zna\u010dajniji faktor na Balkanu razvijaju\u0107i dobrosusedsku saradnju ali i daju\u0107i svoj doprinos u regionalnim i me\u0111unarodnim inicijativama da bi Republika Kosovo postala \u010dlan OUN-a i &#353;to pre se to posti&#382;e, tim pre \u0107e se regija integrisati u Evropsku zajednicu i u svim me\u0111unarodnim organizmima\u00a0 gde \u0107e dati svoj doprinos.<\/p>\n<p>Nezavisnost zemlje, nepovratan je proces, jer se zasniva na plebiscitarnu volju naroda koja je stalna i o \u010demu se ne pregovara. Snaga ovog argumenta stoji na jedinstvu naroda, dignitetu i subjektivitetu politi\u010dkih stranaka,\u00a0 koje nacionalni interes uvek stavljaju ispred svih ostalih interesa. Ova\u00a0 je ona\u00a0 usa\u0111ena karakteristika koja ne dozvoljava zemlji da ulazi u krizu, zajedno uz volju da uvek idemo napred. <\/p>\n<p>Kosovo nastavlja sa procesom priznavanja nezavisnosti od ostalih zemalja u cilju postizanja respektovanog broja priznavanja\u00a0 i da uspostavlja diplomatske odnose\u00a0 kako bi\u00a0 &#353;to pre postala \u010dlan OUN-a i EU.<\/p>\n<p>Dame i gospodo,<\/p>\n<p>Procesom decentralizacije ciljamo da prenosimo vlast na lokalnom nivou u slu&#382;bi gra\u0111ana, ali isto tako da formiramo nove op&#353;tine kao osnovne jedinice vlasti, po&#353;tuju\u0107i etni\u010dke karakteristike stanovni&#353;tva, tako da nezavisnost Kosova svi do&#382;ive kao svoje delo i dovoljan okvir za obavljanje oblika vlasti koja obezbe\u0111uje\u00a0\u00a0 potpunu ravnopravnost za sve gra\u0111ane, za sva prava i\u00a0 njihove kolektivne i individualne obaveze.<\/p>\n<p>U ovoj fazi demokratije i\u00a0 razvoja dr&#382;ave, Kosovo ima svoje me\u0111unarodno\u00a0 civilno i vojno prisustvo, &#353;to je zna\u010dajan faktor u izgradnji demokratskih institucija i\u00a0 za stabilnost zemlje. Ova misija je dala svoj cenjeni doprinos i zato smo mi zahvalni ljudima\u00a0 i zemljama koje su slu&#382;ile ovde i da \u0107e Kosovo\u00a0 vremenom izgraditi potrebne kapacitete da\u00a0 i samo u\u010destvuje i daje\u00a0 doprinos u takvim me\u0111unarodnim misijama.<\/p>\n<p>Po&#353;tovani u\u010desnici, <\/p>\n<p>Pri&#353;tina kao\u00a0 najve\u0107a op&#353;tina Kosova i glavni grad zemlje treba &#353;to pre da se funkcionalizira u ovom pravcu sa celom svojom potrebnom infrastrukturom i ima\u0107ete moju institucionalnu podr&#353;ku.<\/p>\n","protected":false},"excerpt":{"rendered":"<p>Predsednica Republike Kosova g-\u0111a Atifete Jahjaga je u\u010destvovala danas na aktivnostima organizovanim povodom Dana Pri&#353;tine.  U pratnji predsednika op&#353;tine Pri&#353;tine Ise Musatafe i saradnika, ona je na po\u010detku  odala po\u010dasti, postavljanjem venca cve\u0107a na grob prvog predsednika Kosova d-ra Ibrahima Rugove u Velaniji, a potom i na groblju palih boraca u istom naselju, kao i  ispred biste heroja  Zahira Pajazitija.<\/p>\n","protected":false},"author":1,"featured_media":60438,"comment_status":"open","ping_status":"closed","sticky":false,"template":"","format":"standard","meta":{"_eb_attr":"","footnotes":""},"categories":[101],"tags":[],"class_list":["post-79545","post","type-post","status-publish","format-standard","has-post-thumbnail","hentry","category-vesti"],"yoast_head":"<!-- This site is optimized with the Yoast SEO plugin v23.5 - https:\/\/yoast.com\/wordpress\/plugins\/seo\/ -->\n<title>Predsednica Jahjaga je u\u010destvovala na manifestaciji obele&#158;avanja Dana Pri&#154;tine - Predsednik Republike Kosovo - DR. VJOSA OSMANI - SADRIU<\/title>\n<meta name=\"description\" content=\"Predsednica Jahjaga je u\u010destvovala na manifestaciji obele&#158;avanja Dana Pri&#154;tine - Predsednik Republike Kosovo - DR. VJOSA OSMANI - SADRIU -\" \/>\n<meta name=\"robots\" content=\"index, follow, max-snippet:-1, max-image-preview:large, max-video-preview:-1\" \/>\n<link rel=\"canonical\" href=\"https:\/\/president-ksgov.net\/presidentja-jahjaga-mori-pjese-ne-manifestimet-per-shenimin-e-dites-se-prishtines\/\" \/>\n<meta property=\"og:locale\" content=\"sr_RS\" \/>\n<meta property=\"og:type\" content=\"article\" \/>\n<meta property=\"og:title\" content=\"Predsednica Jahjaga je u\u010destvovala na manifestaciji obele&#158;avanja Dana Pri&#154;tine - Predsednik Republike Kosovo - DR. VJOSA OSMANI - SADRIU\" \/>\n<meta property=\"og:description\" content=\"Predsednica Jahjaga je u\u010destvovala na manifestaciji obele&#158;avanja Dana Pri&#154;tine - Predsednik Republike Kosovo - DR. VJOSA OSMANI - SADRIU -\" \/>\n<meta property=\"og:url\" content=\"https:\/\/president-ksgov.net\/presidentja-jahjaga-mori-pjese-ne-manifestimet-per-shenimin-e-dites-se-prishtines\/\" \/>\n<meta property=\"og:site_name\" content=\"Predsednik Republike Kosovo - DR. VJOSA OSMANI - SADRIU\" \/>\n<meta property=\"article:published_time\" content=\"2011-06-11T13:27:03+00:00\" \/>\n<meta property=\"og:image\" content=\"https:\/\/president-ksgov.net\/wp-content\/uploads\/11_06_2011_Tek_varri_i_Presidentit_Rugova.jpg\" \/>\n\t<meta property=\"og:image:width\" content=\"1000\" \/>\n\t<meta property=\"og:image:height\" content=\"667\" \/>\n\t<meta property=\"og:image:type\" content=\"image\/jpeg\" \/>\n<meta name=\"author\" content=\"admin\" \/>\n<meta name=\"twitter:card\" content=\"summary_large_image\" \/>\n<meta name=\"twitter:label1\" content=\"\u041d\u0430\u043f\u0438\u0441\u0430\u043d\u043e \u043e\u0434\" \/>\n\t<meta name=\"twitter:data1\" content=\"admin\" \/>\n\t<meta name=\"twitter:label2\" content=\"\u041f\u0440\u043e\u0446\u0435\u045a\u0435\u043d\u043e \u0432\u0440\u0435\u043c\u0435 \u0447\u0438\u0442\u0430\u045a\u0430\" \/>\n\t<meta name=\"twitter:data2\" content=\"5 \u043c\u0438\u043d\u0443\u0442\u0430\" \/>\n<script type=\"application\/ld+json\" class=\"yoast-schema-graph\">{\"@context\":\"https:\/\/schema.org\",\"@graph\":[{\"@type\":\"WebPage\",\"@id\":\"https:\/\/president-ksgov.net\/presidentja-jahjaga-mori-pjese-ne-manifestimet-per-shenimin-e-dites-se-prishtines\/\",\"url\":\"https:\/\/president-ksgov.net\/presidentja-jahjaga-mori-pjese-ne-manifestimet-per-shenimin-e-dites-se-prishtines\/\",\"name\":\"Predsednica Jahjaga je u\u010destvovala na manifestaciji obele&#158;avanja Dana Pri&#154;tine - Predsednik Republike Kosovo - DR. VJOSA OSMANI - SADRIU\",\"isPartOf\":{\"@id\":\"https:\/\/president-ksgov.net\/#website\"},\"primaryImageOfPage\":{\"@id\":\"https:\/\/president-ksgov.net\/presidentja-jahjaga-mori-pjese-ne-manifestimet-per-shenimin-e-dites-se-prishtines\/#primaryimage\"},\"image\":{\"@id\":\"https:\/\/president-ksgov.net\/presidentja-jahjaga-mori-pjese-ne-manifestimet-per-shenimin-e-dites-se-prishtines\/#primaryimage\"},\"thumbnailUrl\":\"https:\/\/president-ksgov.net\/wp-content\/uploads\/11_06_2011_Tek_varri_i_Presidentit_Rugova.jpg\",\"datePublished\":\"2011-06-11T13:27:03+00:00\",\"dateModified\":\"2011-06-11T13:27:03+00:00\",\"author\":{\"@id\":\"https:\/\/president-ksgov.net\/#\/schema\/person\/bb4337a5fb147cb2046d80548172cbee\"},\"description\":\"Predsednica Jahjaga je u\u010destvovala na manifestaciji obele&#158;avanja Dana Pri&#154;tine - Predsednik Republike Kosovo - DR. VJOSA OSMANI - SADRIU -\",\"breadcrumb\":{\"@id\":\"https:\/\/president-ksgov.net\/presidentja-jahjaga-mori-pjese-ne-manifestimet-per-shenimin-e-dites-se-prishtines\/#breadcrumb\"},\"inLanguage\":\"sr-RS\",\"potentialAction\":[{\"@type\":\"ReadAction\",\"target\":[\"https:\/\/president-ksgov.net\/presidentja-jahjaga-mori-pjese-ne-manifestimet-per-shenimin-e-dites-se-prishtines\/\"]}]},{\"@type\":\"ImageObject\",\"inLanguage\":\"sr-RS\",\"@id\":\"https:\/\/president-ksgov.net\/presidentja-jahjaga-mori-pjese-ne-manifestimet-per-shenimin-e-dites-se-prishtines\/#primaryimage\",\"url\":\"https:\/\/president-ksgov.net\/wp-content\/uploads\/11_06_2011_Tek_varri_i_Presidentit_Rugova.jpg\",\"contentUrl\":\"https:\/\/president-ksgov.net\/wp-content\/uploads\/11_06_2011_Tek_varri_i_Presidentit_Rugova.jpg\",\"width\":1000,\"height\":667},{\"@type\":\"BreadcrumbList\",\"@id\":\"https:\/\/president-ksgov.net\/presidentja-jahjaga-mori-pjese-ne-manifestimet-per-shenimin-e-dites-se-prishtines\/#breadcrumb\",\"itemListElement\":[{\"@type\":\"ListItem\",\"position\":1,\"name\":\"Home\",\"item\":\"https:\/\/president-ksgov.net\/sr\/\"},{\"@type\":\"ListItem\",\"position\":2,\"name\":\"Predsednica Jahjaga je u\u010destvovala na manifestaciji obele&#158;avanja Dana Pri&#154;tine\"}]},{\"@type\":\"WebSite\",\"@id\":\"https:\/\/president-ksgov.net\/#website\",\"url\":\"https:\/\/president-ksgov.net\/\",\"name\":\"Presidente e Republik\u00ebs s\u00eb Kosov\u00ebs\",\"description\":\"Presidente e Republik\u00ebs s\u00eb Kosov\u00ebs\",\"alternateName\":\"DR. VJOSA OSMANI - SADRIU\",\"potentialAction\":[{\"@type\":\"SearchAction\",\"target\":{\"@type\":\"EntryPoint\",\"urlTemplate\":\"https:\/\/president-ksgov.net\/?s={search_term_string}\"},\"query-input\":{\"@type\":\"PropertyValueSpecification\",\"valueRequired\":true,\"valueName\":\"search_term_string\"}}],\"inLanguage\":\"sr-RS\"},{\"@type\":\"Person\",\"@id\":\"https:\/\/president-ksgov.net\/#\/schema\/person\/bb4337a5fb147cb2046d80548172cbee\",\"name\":\"admin\",\"image\":{\"@type\":\"ImageObject\",\"inLanguage\":\"sr-RS\",\"@id\":\"https:\/\/president-ksgov.net\/#\/schema\/person\/image\/\",\"url\":\"https:\/\/secure.gravatar.com\/avatar\/36156ca0fa3b8d9d25174f146e16beea0cf28f37adf1b9e19b6c9c279a7c9dd3?s=96&d=mm&r=g\",\"contentUrl\":\"https:\/\/secure.gravatar.com\/avatar\/36156ca0fa3b8d9d25174f146e16beea0cf28f37adf1b9e19b6c9c279a7c9dd3?s=96&d=mm&r=g\",\"caption\":\"admin\"},\"sameAs\":[\"https:\/\/president-ksgov.net\"]}]}<\/script>\n<!-- \/ Yoast SEO plugin. -->","yoast_head_json":{"title":"Predsednica Jahjaga je u\u010destvovala na manifestaciji obele&#158;avanja Dana Pri&#154;tine - Predsednik Republike Kosovo - DR. VJOSA OSMANI - SADRIU","description":"Predsednica Jahjaga je u\u010destvovala na manifestaciji obele&#158;avanja Dana Pri&#154;tine - Predsednik Republike Kosovo - DR. VJOSA OSMANI - SADRIU -","robots":{"index":"index","follow":"follow","max-snippet":"max-snippet:-1","max-image-preview":"max-image-preview:large","max-video-preview":"max-video-preview:-1"},"canonical":"https:\/\/president-ksgov.net\/presidentja-jahjaga-mori-pjese-ne-manifestimet-per-shenimin-e-dites-se-prishtines\/","og_locale":"sr_RS","og_type":"article","og_title":"Predsednica Jahjaga je u\u010destvovala na manifestaciji obele&#158;avanja Dana Pri&#154;tine - Predsednik Republike Kosovo - DR. VJOSA OSMANI - SADRIU","og_description":"Predsednica Jahjaga je u\u010destvovala na manifestaciji obele&#158;avanja Dana Pri&#154;tine - Predsednik Republike Kosovo - DR. VJOSA OSMANI - SADRIU -","og_url":"https:\/\/president-ksgov.net\/presidentja-jahjaga-mori-pjese-ne-manifestimet-per-shenimin-e-dites-se-prishtines\/","og_site_name":"Predsednik Republike Kosovo - DR. VJOSA OSMANI - SADRIU","article_published_time":"2011-06-11T13:27:03+00:00","og_image":[{"width":1000,"height":667,"url":"https:\/\/president-ksgov.net\/wp-content\/uploads\/11_06_2011_Tek_varri_i_Presidentit_Rugova.jpg","type":"image\/jpeg"}],"author":"admin","twitter_card":"summary_large_image","twitter_misc":{"\u041d\u0430\u043f\u0438\u0441\u0430\u043d\u043e \u043e\u0434":"admin","\u041f\u0440\u043e\u0446\u0435\u045a\u0435\u043d\u043e \u0432\u0440\u0435\u043c\u0435 \u0447\u0438\u0442\u0430\u045a\u0430":"5 \u043c\u0438\u043d\u0443\u0442\u0430"},"schema":{"@context":"https:\/\/schema.org","@graph":[{"@type":"WebPage","@id":"https:\/\/president-ksgov.net\/presidentja-jahjaga-mori-pjese-ne-manifestimet-per-shenimin-e-dites-se-prishtines\/","url":"https:\/\/president-ksgov.net\/presidentja-jahjaga-mori-pjese-ne-manifestimet-per-shenimin-e-dites-se-prishtines\/","name":"Predsednica Jahjaga je u\u010destvovala na manifestaciji obele&#158;avanja Dana Pri&#154;tine - Predsednik Republike Kosovo - DR. VJOSA OSMANI - SADRIU","isPartOf":{"@id":"https:\/\/president-ksgov.net\/#website"},"primaryImageOfPage":{"@id":"https:\/\/president-ksgov.net\/presidentja-jahjaga-mori-pjese-ne-manifestimet-per-shenimin-e-dites-se-prishtines\/#primaryimage"},"image":{"@id":"https:\/\/president-ksgov.net\/presidentja-jahjaga-mori-pjese-ne-manifestimet-per-shenimin-e-dites-se-prishtines\/#primaryimage"},"thumbnailUrl":"https:\/\/president-ksgov.net\/wp-content\/uploads\/11_06_2011_Tek_varri_i_Presidentit_Rugova.jpg","datePublished":"2011-06-11T13:27:03+00:00","dateModified":"2011-06-11T13:27:03+00:00","author":{"@id":"https:\/\/president-ksgov.net\/#\/schema\/person\/bb4337a5fb147cb2046d80548172cbee"},"description":"Predsednica Jahjaga je u\u010destvovala na manifestaciji obele&#158;avanja Dana Pri&#154;tine - Predsednik Republike Kosovo - DR. VJOSA OSMANI - SADRIU -","breadcrumb":{"@id":"https:\/\/president-ksgov.net\/presidentja-jahjaga-mori-pjese-ne-manifestimet-per-shenimin-e-dites-se-prishtines\/#breadcrumb"},"inLanguage":"sr-RS","potentialAction":[{"@type":"ReadAction","target":["https:\/\/president-ksgov.net\/presidentja-jahjaga-mori-pjese-ne-manifestimet-per-shenimin-e-dites-se-prishtines\/"]}]},{"@type":"ImageObject","inLanguage":"sr-RS","@id":"https:\/\/president-ksgov.net\/presidentja-jahjaga-mori-pjese-ne-manifestimet-per-shenimin-e-dites-se-prishtines\/#primaryimage","url":"https:\/\/president-ksgov.net\/wp-content\/uploads\/11_06_2011_Tek_varri_i_Presidentit_Rugova.jpg","contentUrl":"https:\/\/president-ksgov.net\/wp-content\/uploads\/11_06_2011_Tek_varri_i_Presidentit_Rugova.jpg","width":1000,"height":667},{"@type":"BreadcrumbList","@id":"https:\/\/president-ksgov.net\/presidentja-jahjaga-mori-pjese-ne-manifestimet-per-shenimin-e-dites-se-prishtines\/#breadcrumb","itemListElement":[{"@type":"ListItem","position":1,"name":"Home","item":"https:\/\/president-ksgov.net\/sr\/"},{"@type":"ListItem","position":2,"name":"Predsednica Jahjaga je u\u010destvovala na manifestaciji obele&#158;avanja Dana Pri&#154;tine"}]},{"@type":"WebSite","@id":"https:\/\/president-ksgov.net\/#website","url":"https:\/\/president-ksgov.net\/","name":"Presidente e Republik\u00ebs s\u00eb Kosov\u00ebs","description":"Presidente e Republik\u00ebs s\u00eb Kosov\u00ebs","alternateName":"DR. VJOSA OSMANI - SADRIU","potentialAction":[{"@type":"SearchAction","target":{"@type":"EntryPoint","urlTemplate":"https:\/\/president-ksgov.net\/?s={search_term_string}"},"query-input":{"@type":"PropertyValueSpecification","valueRequired":true,"valueName":"search_term_string"}}],"inLanguage":"sr-RS"},{"@type":"Person","@id":"https:\/\/president-ksgov.net\/#\/schema\/person\/bb4337a5fb147cb2046d80548172cbee","name":"admin","image":{"@type":"ImageObject","inLanguage":"sr-RS","@id":"https:\/\/president-ksgov.net\/#\/schema\/person\/image\/","url":"https:\/\/secure.gravatar.com\/avatar\/36156ca0fa3b8d9d25174f146e16beea0cf28f37adf1b9e19b6c9c279a7c9dd3?s=96&d=mm&r=g","contentUrl":"https:\/\/secure.gravatar.com\/avatar\/36156ca0fa3b8d9d25174f146e16beea0cf28f37adf1b9e19b6c9c279a7c9dd3?s=96&d=mm&r=g","caption":"admin"},"sameAs":["https:\/\/president-ksgov.net"]}]}},"_links":{"self":[{"href":"https:\/\/president-ksgov.net\/sr\/wp-json\/wp\/v2\/posts\/79545","targetHints":{"allow":["GET"]}}],"collection":[{"href":"https:\/\/president-ksgov.net\/sr\/wp-json\/wp\/v2\/posts"}],"about":[{"href":"https:\/\/president-ksgov.net\/sr\/wp-json\/wp\/v2\/types\/post"}],"author":[{"embeddable":true,"href":"https:\/\/president-ksgov.net\/sr\/wp-json\/wp\/v2\/users\/1"}],"replies":[{"embeddable":true,"href":"https:\/\/president-ksgov.net\/sr\/wp-json\/wp\/v2\/comments?post=79545"}],"version-history":[{"count":0,"href":"https:\/\/president-ksgov.net\/sr\/wp-json\/wp\/v2\/posts\/79545\/revisions"}],"wp:featuredmedia":[{"embeddable":true,"href":"https:\/\/president-ksgov.net\/sr\/wp-json\/wp\/v2\/media\/60438"}],"wp:attachment":[{"href":"https:\/\/president-ksgov.net\/sr\/wp-json\/wp\/v2\/media?parent=79545"}],"wp:term":[{"taxonomy":"category","embeddable":true,"href":"https:\/\/president-ksgov.net\/sr\/wp-json\/wp\/v2\/categories?post=79545"},{"taxonomy":"post_tag","embeddable":true,"href":"https:\/\/president-ksgov.net\/sr\/wp-json\/wp\/v2\/tags?post=79545"}],"curies":[{"name":"wp","href":"https:\/\/api.w.org\/{rel}","templated":true}]}}