{"id":79539,"date":"2011-06-16T15:21:52","date_gmt":"2011-06-16T15:21:52","guid":{"rendered":"https:\/\/dev.president-ksgov.net\/predsednica-atifete-jahjaga-docekala-je-danas-americkog-zamenika-dravnog-sekretara-philipa-gordona\/"},"modified":"2011-06-16T15:21:52","modified_gmt":"2011-06-16T15:21:52","slug":"predsednica-atifete-jahjaga-docekala-je-danas-americkog-zamenika-dravnog-sekretara-philipa-gordona","status":"publish","type":"post","link":"https:\/\/president-ksgov.net\/sr\/predsednica-atifete-jahjaga-docekala-je-danas-americkog-zamenika-dravnog-sekretara-philipa-gordona\/","title":{"rendered":"Predsednica  Atifete Jahjaga, do\u010dekala  je danas ameri\u010dkog zamenika dr&#158;avnog sekretara,  Philipa Gordona"},"content":{"rendered":"<p>Predsednica  Republike Kosova, gospo\u0111a Atifete Jahjaga, do\u010dekala  je danas ameri\u010dkog zamenika dr&#382;avnog sekretara,  Philipa Gordona.  G-din  Gordon je \u010destitao  predsednici Jahjaga na izbor na \u010delu dr&#382;ave i rekao da to predstavlja  veliki korak napred  i dokaz je  istinske demokratije.<\/p>\n<p>Ameri\u010dki zamenik dr&#382;avnog sekretara,\u00a0 Philip\u00a0 Gordon , rekao je da\u00a0 su SAD privr&#382;ene\u00a0 i nastavi\u0107e svoj\u00a0 anga&#382;man\u00a0 za pomo\u0107 Kosovu i\u00a0 regiji i ocenio da je veoma\u00a0 zna\u010dajno da\u00a0 sve zemlje Balkana napreduju\u00a0 u pravcu\u00a0 evropskih integracija.<\/p>\n<p>On je\u00a0 rekao, svim zemljama regije\u00a0 strate&#353;ki je cilj\u00a0 \u010dlanstvo u Evropsku zajednicu. Ameri\u010dki zamenik dr&#382;avnog sekretara,\u00a0 Philip\u00a0 Gordon\u00a0 je rekao da \u0107e SAD nastaviti da rade zajedno sa doma\u0107im institucijama po pitanju novih\u00a0 priznavanja Kosova.<\/p>\n<p>G-din\u00a0 Gordon je ocenio pozitivno odvijanja na Kosovu i rekao da\u00a0 je potreban dalji napredak u oja\u010danju\u00a0 demokratije,\u00a0 ekonomskog razvoja, oja\u010danje zakona i reda i\u00a0 borbe\u00a0 protiv korupcije\u00a0 kao i u privla\u010denja\u00a0 stranih investicija .<br \/>\n\u00a0<br \/>\nPredsednica\u00a0 Republike Kosova, gospo\u0111a Atifete Jahjaga , je rekla\u00a0 da prvenstvena uloga\u00a0 SAD-a na Zapadnom Balkanu , nastavlja da\u00a0 bude\u00a0 odlu\u010duju\u0107e za Kosovo i celu regiju i pribli&#382;avanje\u00a0 zemalja regije\u00a0 EZ\u00a0 zahteva uklju\u010divanje SAD-a i\u00a0 u budu\u0107e. \u00a0<\/p>\n<p>Predsednica\u00a0 Jahjaga je rekla da Kosovo ima potrebu za\u00a0 neprekidnu pomo\u0107 SAD i\u00a0 evropskih projatelja, za nova priznanja\u00a0 i za njeno \u010dlanstvo u\u00a0 me\u0111unarodnim organizacijama.\u00a0 Ona je\u00a0 rekla da Kosovo ima potrebu za kontraktualnu saradnju sa\u00a0 sa EU,\u00a0 s obzirom da \u0107e se\u00a0 time razjasniti\u00a0 evropski put i stvori\u0107e se ravopravnost sa zemljama\u00a0 regije kao i oja\u010da\u0107e se me\u0111unarodni subjektivitet i poverenje gra\u0111ana prema istitucijama.\u00a0\u00a0 \u00a0<\/p>\n<p>Predsednica Jahjaga je rekla da Kosovo mora imati nezavisnost, subjektivnost i svoj puni suverenitet\u00a0 i da prisustvo me\u0111unarodnih\u00a0 misija na Kosovu\u00a0 mora se uspe&#353;no zavr&#353;iti, &#353;to bi zna\u010dilo zajedni\u010dki uspeh. <\/p>\n<p>Ona je\u00a0 rekla da prisustvo EU na Kosovu ne mo&#382;e\u00a0 biti neutralna u\u00a0 odnosu na\u00a0 staus, s\u00a0 obzirom da da je nezavisnost Kosova nepovratna i sav posao u zemnlji mora da bude na osnovu Ustava i zakona Kosova. Ona rekla\u00a0 da EULEX mora da poma&#382;e za oja\u010danje reda i zakona u Republici Kosoovu i\u00a0 istakla je\u00a0 da borba protiv korupcije i\u00a0 organizovanog\u00a0 kriminaliteta\u00a0\u00a0 bitna. \u00a0<\/p>\n<p>Predsednica Jahjaga je rekla da uspeh\u00a0 dijaloga izme\u0111u Kosova i Srbije u interesu je gra\u0111ana obih zemalja i istakla da\u00a0 re&#353;enja mogu se na\u010di\u00a0 ako se\u00a0 po&#353;tuju\u00a0 evropski\u00a0 standardi . Ona\u00a0 je rekla\u00a0 da podela Kosova , razmena teritorija\u00a0 ili novo\u00a0 unutra&#353;nje rearan&#382;ovanje\u00a0 nije re&#353;enje i\u00a0 nikada ne\u0107e podr&#382;avati, s obzirom da ratovi za teritorije u pro&#353;losti su uzrokovali mnogo bolova i patnji\u00a0 i\u00a0 ostavili\u00a0 mnogo posledica\u00a0 za sve ljude\u00a0 Zapadnog Balkana.<\/p>\n","protected":false},"excerpt":{"rendered":"<p>Predsednica  Republike Kosova, gospo\u0111a Atifete Jahjaga, do\u010dekala  je danas ameri\u010dkog zamenika dr&#382;avnog sekretara,  Philipa Gordona.  G-din  Gordon je \u010destitao  predsednici Jahjaga na izbor na \u010delu dr&#382;ave i rekao da to predstavlja  veliki korak napred  i dokaz je  istinske demokratije.<\/p>\n","protected":false},"author":1,"featured_media":60387,"comment_status":"open","ping_status":"closed","sticky":false,"template":"","format":"standard","meta":{"_eb_attr":"","footnotes":""},"categories":[101],"tags":[],"class_list":["post-79539","post","type-post","status-publish","format-standard","has-post-thumbnail","hentry","category-vesti"],"yoast_head":"<!-- This site is optimized with the Yoast SEO plugin v23.5 - https:\/\/yoast.com\/wordpress\/plugins\/seo\/ -->\n<title>Predsednica Atifete Jahjaga, do\u010dekala je danas ameri\u010dkog zamenika dr&#158;avnog sekretara, Philipa Gordona - Predsednik Republike Kosovo - DR. VJOSA OSMANI - SADRIU<\/title>\n<meta name=\"description\" content=\"Predsednica Atifete Jahjaga, do\u010dekala je danas ameri\u010dkog zamenika dr&#158;avnog sekretara, Philipa Gordona - Predsednik Republike Kosovo - DR. VJOSA OSMANI - SADRIU -\" \/>\n<meta name=\"robots\" content=\"index, follow, max-snippet:-1, max-image-preview:large, max-video-preview:-1\" \/>\n<link rel=\"canonical\" href=\"https:\/\/president-ksgov.net\/presidentja-atifete-jahjaga-priti-ndihmessekretarin-amerikan-te-shtetit-philip-gordon\/\" \/>\n<meta property=\"og:locale\" content=\"sr_RS\" \/>\n<meta property=\"og:type\" content=\"article\" \/>\n<meta property=\"og:title\" content=\"Predsednica Atifete Jahjaga, do\u010dekala je danas ameri\u010dkog zamenika dr&#158;avnog sekretara, Philipa Gordona - Predsednik Republike Kosovo - DR. VJOSA OSMANI - SADRIU\" \/>\n<meta property=\"og:description\" content=\"Predsednica Atifete Jahjaga, do\u010dekala je danas ameri\u010dkog zamenika dr&#158;avnog sekretara, Philipa Gordona - Predsednik Republike Kosovo - DR. VJOSA OSMANI - SADRIU -\" \/>\n<meta property=\"og:url\" content=\"https:\/\/president-ksgov.net\/presidentja-atifete-jahjaga-priti-ndihmessekretarin-amerikan-te-shtetit-philip-gordon\/\" \/>\n<meta property=\"og:site_name\" content=\"Predsednik Republike Kosovo - DR. VJOSA OSMANI - SADRIU\" \/>\n<meta property=\"article:published_time\" content=\"2011-06-16T15:21:52+00:00\" \/>\n<meta property=\"og:image\" content=\"https:\/\/president-ksgov.net\/wp-content\/uploads\/16_06_2011_Takim_me_Gordon_11.jpg\" \/>\n\t<meta property=\"og:image:width\" content=\"1000\" \/>\n\t<meta property=\"og:image:height\" content=\"846\" \/>\n\t<meta property=\"og:image:type\" content=\"image\/jpeg\" \/>\n<meta name=\"author\" content=\"admin\" \/>\n<meta name=\"twitter:card\" content=\"summary_large_image\" \/>\n<meta name=\"twitter:label1\" content=\"\u041d\u0430\u043f\u0438\u0441\u0430\u043d\u043e \u043e\u0434\" \/>\n\t<meta name=\"twitter:data1\" content=\"admin\" \/>\n\t<meta name=\"twitter:label2\" content=\"\u041f\u0440\u043e\u0446\u0435\u045a\u0435\u043d\u043e \u0432\u0440\u0435\u043c\u0435 \u0447\u0438\u0442\u0430\u045a\u0430\" \/>\n\t<meta name=\"twitter:data2\" content=\"2 \u043c\u0438\u043d\u0443\u0442\u0430\" \/>\n<script type=\"application\/ld+json\" class=\"yoast-schema-graph\">{\"@context\":\"https:\/\/schema.org\",\"@graph\":[{\"@type\":\"WebPage\",\"@id\":\"https:\/\/president-ksgov.net\/presidentja-atifete-jahjaga-priti-ndihmessekretarin-amerikan-te-shtetit-philip-gordon\/\",\"url\":\"https:\/\/president-ksgov.net\/presidentja-atifete-jahjaga-priti-ndihmessekretarin-amerikan-te-shtetit-philip-gordon\/\",\"name\":\"Predsednica Atifete Jahjaga, do\u010dekala je danas ameri\u010dkog zamenika dr&#158;avnog sekretara, Philipa Gordona - Predsednik Republike Kosovo - DR. VJOSA OSMANI - SADRIU\",\"isPartOf\":{\"@id\":\"https:\/\/president-ksgov.net\/#website\"},\"primaryImageOfPage\":{\"@id\":\"https:\/\/president-ksgov.net\/presidentja-atifete-jahjaga-priti-ndihmessekretarin-amerikan-te-shtetit-philip-gordon\/#primaryimage\"},\"image\":{\"@id\":\"https:\/\/president-ksgov.net\/presidentja-atifete-jahjaga-priti-ndihmessekretarin-amerikan-te-shtetit-philip-gordon\/#primaryimage\"},\"thumbnailUrl\":\"https:\/\/president-ksgov.net\/wp-content\/uploads\/16_06_2011_Takim_me_Gordon_11.jpg\",\"datePublished\":\"2011-06-16T15:21:52+00:00\",\"dateModified\":\"2011-06-16T15:21:52+00:00\",\"author\":{\"@id\":\"https:\/\/president-ksgov.net\/#\/schema\/person\/bb4337a5fb147cb2046d80548172cbee\"},\"description\":\"Predsednica Atifete Jahjaga, do\u010dekala je danas ameri\u010dkog zamenika dr&#158;avnog sekretara, Philipa Gordona - Predsednik Republike Kosovo - DR. VJOSA OSMANI - SADRIU -\",\"breadcrumb\":{\"@id\":\"https:\/\/president-ksgov.net\/presidentja-atifete-jahjaga-priti-ndihmessekretarin-amerikan-te-shtetit-philip-gordon\/#breadcrumb\"},\"inLanguage\":\"sr-RS\",\"potentialAction\":[{\"@type\":\"ReadAction\",\"target\":[\"https:\/\/president-ksgov.net\/presidentja-atifete-jahjaga-priti-ndihmessekretarin-amerikan-te-shtetit-philip-gordon\/\"]}]},{\"@type\":\"ImageObject\",\"inLanguage\":\"sr-RS\",\"@id\":\"https:\/\/president-ksgov.net\/presidentja-atifete-jahjaga-priti-ndihmessekretarin-amerikan-te-shtetit-philip-gordon\/#primaryimage\",\"url\":\"https:\/\/president-ksgov.net\/wp-content\/uploads\/16_06_2011_Takim_me_Gordon_11.jpg\",\"contentUrl\":\"https:\/\/president-ksgov.net\/wp-content\/uploads\/16_06_2011_Takim_me_Gordon_11.jpg\",\"width\":1000,\"height\":846},{\"@type\":\"BreadcrumbList\",\"@id\":\"https:\/\/president-ksgov.net\/presidentja-atifete-jahjaga-priti-ndihmessekretarin-amerikan-te-shtetit-philip-gordon\/#breadcrumb\",\"itemListElement\":[{\"@type\":\"ListItem\",\"position\":1,\"name\":\"Home\",\"item\":\"https:\/\/president-ksgov.net\/sr\/\"},{\"@type\":\"ListItem\",\"position\":2,\"name\":\"Predsednica Atifete Jahjaga, do\u010dekala je danas ameri\u010dkog zamenika dr&#158;avnog sekretara, Philipa Gordona\"}]},{\"@type\":\"WebSite\",\"@id\":\"https:\/\/president-ksgov.net\/#website\",\"url\":\"https:\/\/president-ksgov.net\/\",\"name\":\"Presidente e Republik\u00ebs s\u00eb Kosov\u00ebs\",\"description\":\"Presidente e Republik\u00ebs s\u00eb Kosov\u00ebs\",\"alternateName\":\"DR. VJOSA OSMANI - SADRIU\",\"potentialAction\":[{\"@type\":\"SearchAction\",\"target\":{\"@type\":\"EntryPoint\",\"urlTemplate\":\"https:\/\/president-ksgov.net\/?s={search_term_string}\"},\"query-input\":{\"@type\":\"PropertyValueSpecification\",\"valueRequired\":true,\"valueName\":\"search_term_string\"}}],\"inLanguage\":\"sr-RS\"},{\"@type\":\"Person\",\"@id\":\"https:\/\/president-ksgov.net\/#\/schema\/person\/bb4337a5fb147cb2046d80548172cbee\",\"name\":\"admin\",\"image\":{\"@type\":\"ImageObject\",\"inLanguage\":\"sr-RS\",\"@id\":\"https:\/\/president-ksgov.net\/#\/schema\/person\/image\/\",\"url\":\"https:\/\/secure.gravatar.com\/avatar\/36156ca0fa3b8d9d25174f146e16beea0cf28f37adf1b9e19b6c9c279a7c9dd3?s=96&d=mm&r=g\",\"contentUrl\":\"https:\/\/secure.gravatar.com\/avatar\/36156ca0fa3b8d9d25174f146e16beea0cf28f37adf1b9e19b6c9c279a7c9dd3?s=96&d=mm&r=g\",\"caption\":\"admin\"},\"sameAs\":[\"https:\/\/president-ksgov.net\"]}]}<\/script>\n<!-- \/ Yoast SEO plugin. -->","yoast_head_json":{"title":"Predsednica Atifete Jahjaga, do\u010dekala je danas ameri\u010dkog zamenika dr&#158;avnog sekretara, Philipa Gordona - Predsednik Republike Kosovo - DR. VJOSA OSMANI - SADRIU","description":"Predsednica Atifete Jahjaga, do\u010dekala je danas ameri\u010dkog zamenika dr&#158;avnog sekretara, Philipa Gordona - Predsednik Republike Kosovo - DR. VJOSA OSMANI - SADRIU -","robots":{"index":"index","follow":"follow","max-snippet":"max-snippet:-1","max-image-preview":"max-image-preview:large","max-video-preview":"max-video-preview:-1"},"canonical":"https:\/\/president-ksgov.net\/presidentja-atifete-jahjaga-priti-ndihmessekretarin-amerikan-te-shtetit-philip-gordon\/","og_locale":"sr_RS","og_type":"article","og_title":"Predsednica Atifete Jahjaga, do\u010dekala je danas ameri\u010dkog zamenika dr&#158;avnog sekretara, Philipa Gordona - Predsednik Republike Kosovo - DR. VJOSA OSMANI - SADRIU","og_description":"Predsednica Atifete Jahjaga, do\u010dekala je danas ameri\u010dkog zamenika dr&#158;avnog sekretara, Philipa Gordona - Predsednik Republike Kosovo - DR. VJOSA OSMANI - SADRIU -","og_url":"https:\/\/president-ksgov.net\/presidentja-atifete-jahjaga-priti-ndihmessekretarin-amerikan-te-shtetit-philip-gordon\/","og_site_name":"Predsednik Republike Kosovo - DR. VJOSA OSMANI - SADRIU","article_published_time":"2011-06-16T15:21:52+00:00","og_image":[{"width":1000,"height":846,"url":"https:\/\/president-ksgov.net\/wp-content\/uploads\/16_06_2011_Takim_me_Gordon_11.jpg","type":"image\/jpeg"}],"author":"admin","twitter_card":"summary_large_image","twitter_misc":{"\u041d\u0430\u043f\u0438\u0441\u0430\u043d\u043e \u043e\u0434":"admin","\u041f\u0440\u043e\u0446\u0435\u045a\u0435\u043d\u043e \u0432\u0440\u0435\u043c\u0435 \u0447\u0438\u0442\u0430\u045a\u0430":"2 \u043c\u0438\u043d\u0443\u0442\u0430"},"schema":{"@context":"https:\/\/schema.org","@graph":[{"@type":"WebPage","@id":"https:\/\/president-ksgov.net\/presidentja-atifete-jahjaga-priti-ndihmessekretarin-amerikan-te-shtetit-philip-gordon\/","url":"https:\/\/president-ksgov.net\/presidentja-atifete-jahjaga-priti-ndihmessekretarin-amerikan-te-shtetit-philip-gordon\/","name":"Predsednica Atifete Jahjaga, do\u010dekala je danas ameri\u010dkog zamenika dr&#158;avnog sekretara, Philipa Gordona - Predsednik Republike Kosovo - DR. VJOSA OSMANI - SADRIU","isPartOf":{"@id":"https:\/\/president-ksgov.net\/#website"},"primaryImageOfPage":{"@id":"https:\/\/president-ksgov.net\/presidentja-atifete-jahjaga-priti-ndihmessekretarin-amerikan-te-shtetit-philip-gordon\/#primaryimage"},"image":{"@id":"https:\/\/president-ksgov.net\/presidentja-atifete-jahjaga-priti-ndihmessekretarin-amerikan-te-shtetit-philip-gordon\/#primaryimage"},"thumbnailUrl":"https:\/\/president-ksgov.net\/wp-content\/uploads\/16_06_2011_Takim_me_Gordon_11.jpg","datePublished":"2011-06-16T15:21:52+00:00","dateModified":"2011-06-16T15:21:52+00:00","author":{"@id":"https:\/\/president-ksgov.net\/#\/schema\/person\/bb4337a5fb147cb2046d80548172cbee"},"description":"Predsednica Atifete Jahjaga, do\u010dekala je danas ameri\u010dkog zamenika dr&#158;avnog sekretara, Philipa Gordona - Predsednik Republike Kosovo - DR. VJOSA OSMANI - SADRIU -","breadcrumb":{"@id":"https:\/\/president-ksgov.net\/presidentja-atifete-jahjaga-priti-ndihmessekretarin-amerikan-te-shtetit-philip-gordon\/#breadcrumb"},"inLanguage":"sr-RS","potentialAction":[{"@type":"ReadAction","target":["https:\/\/president-ksgov.net\/presidentja-atifete-jahjaga-priti-ndihmessekretarin-amerikan-te-shtetit-philip-gordon\/"]}]},{"@type":"ImageObject","inLanguage":"sr-RS","@id":"https:\/\/president-ksgov.net\/presidentja-atifete-jahjaga-priti-ndihmessekretarin-amerikan-te-shtetit-philip-gordon\/#primaryimage","url":"https:\/\/president-ksgov.net\/wp-content\/uploads\/16_06_2011_Takim_me_Gordon_11.jpg","contentUrl":"https:\/\/president-ksgov.net\/wp-content\/uploads\/16_06_2011_Takim_me_Gordon_11.jpg","width":1000,"height":846},{"@type":"BreadcrumbList","@id":"https:\/\/president-ksgov.net\/presidentja-atifete-jahjaga-priti-ndihmessekretarin-amerikan-te-shtetit-philip-gordon\/#breadcrumb","itemListElement":[{"@type":"ListItem","position":1,"name":"Home","item":"https:\/\/president-ksgov.net\/sr\/"},{"@type":"ListItem","position":2,"name":"Predsednica Atifete Jahjaga, do\u010dekala je danas ameri\u010dkog zamenika dr&#158;avnog sekretara, Philipa Gordona"}]},{"@type":"WebSite","@id":"https:\/\/president-ksgov.net\/#website","url":"https:\/\/president-ksgov.net\/","name":"Presidente e Republik\u00ebs s\u00eb Kosov\u00ebs","description":"Presidente e Republik\u00ebs s\u00eb Kosov\u00ebs","alternateName":"DR. VJOSA OSMANI - SADRIU","potentialAction":[{"@type":"SearchAction","target":{"@type":"EntryPoint","urlTemplate":"https:\/\/president-ksgov.net\/?s={search_term_string}"},"query-input":{"@type":"PropertyValueSpecification","valueRequired":true,"valueName":"search_term_string"}}],"inLanguage":"sr-RS"},{"@type":"Person","@id":"https:\/\/president-ksgov.net\/#\/schema\/person\/bb4337a5fb147cb2046d80548172cbee","name":"admin","image":{"@type":"ImageObject","inLanguage":"sr-RS","@id":"https:\/\/president-ksgov.net\/#\/schema\/person\/image\/","url":"https:\/\/secure.gravatar.com\/avatar\/36156ca0fa3b8d9d25174f146e16beea0cf28f37adf1b9e19b6c9c279a7c9dd3?s=96&d=mm&r=g","contentUrl":"https:\/\/secure.gravatar.com\/avatar\/36156ca0fa3b8d9d25174f146e16beea0cf28f37adf1b9e19b6c9c279a7c9dd3?s=96&d=mm&r=g","caption":"admin"},"sameAs":["https:\/\/president-ksgov.net"]}]}},"_links":{"self":[{"href":"https:\/\/president-ksgov.net\/sr\/wp-json\/wp\/v2\/posts\/79539","targetHints":{"allow":["GET"]}}],"collection":[{"href":"https:\/\/president-ksgov.net\/sr\/wp-json\/wp\/v2\/posts"}],"about":[{"href":"https:\/\/president-ksgov.net\/sr\/wp-json\/wp\/v2\/types\/post"}],"author":[{"embeddable":true,"href":"https:\/\/president-ksgov.net\/sr\/wp-json\/wp\/v2\/users\/1"}],"replies":[{"embeddable":true,"href":"https:\/\/president-ksgov.net\/sr\/wp-json\/wp\/v2\/comments?post=79539"}],"version-history":[{"count":0,"href":"https:\/\/president-ksgov.net\/sr\/wp-json\/wp\/v2\/posts\/79539\/revisions"}],"wp:featuredmedia":[{"embeddable":true,"href":"https:\/\/president-ksgov.net\/sr\/wp-json\/wp\/v2\/media\/60387"}],"wp:attachment":[{"href":"https:\/\/president-ksgov.net\/sr\/wp-json\/wp\/v2\/media?parent=79539"}],"wp:term":[{"taxonomy":"category","embeddable":true,"href":"https:\/\/president-ksgov.net\/sr\/wp-json\/wp\/v2\/categories?post=79539"},{"taxonomy":"post_tag","embeddable":true,"href":"https:\/\/president-ksgov.net\/sr\/wp-json\/wp\/v2\/tags?post=79539"}],"curies":[{"name":"wp","href":"https:\/\/api.w.org\/{rel}","templated":true}]}}