{"id":79469,"date":"2011-07-26T20:15:47","date_gmt":"2011-07-26T20:15:47","guid":{"rendered":"https:\/\/dev.president-ksgov.net\/izjava-predsednice-republike-g-de-atifete-jahjaga\/"},"modified":"2011-07-26T20:15:47","modified_gmt":"2011-07-26T20:15:47","slug":"izjava-predsednice-republike-g-de-atifete-jahjaga","status":"publish","type":"post","link":"https:\/\/president-ksgov.net\/sr\/izjava-predsednice-republike-g-de-atifete-jahjaga\/","title":{"rendered":"Izjava  Predsednice Republike, g-de Atifete Jahjaga"},"content":{"rendered":"<p>Predsednica Republike Kosova, g-da Atifete Jahjaga, o sinocnoj i jutra&#353;njoj  akciji Policije Republike Kosova, preduzete na osnovu odluke Premijera Kosova, nakon unutra&#353;njih i  stranih  izve&#353;tavanja, izjavljuje:<\/p>\n<p>Akcija\u00a0 Policije\u00a0 Republike\u00a0 Kosova, na osnovu odluke Vlade, za stavljanje pod kontrolom tacke 1 i 31 pogranicnih prelaza izmedu Republike Kosova i\u00a0 Republike Srbije, da bi se po&#353;tovala odluka o merama reciprociteta u carinskoj razmeni izmedu dve zemlje, je pogodan postupak koji ima punu podr&#353;ku naroda i svih politickih subjekata na Kosovu, ali i medunarodnu podr&#353;ku\u00a0 jer je suvereno i legitimno pravo dr&#382;ave da ima kontrolu na celoj svojoj teritoriji. <\/p>\n<p>Mnogo smo se nadali na proces dijaloga izmedu Republike Kosova i\u00a0 Republike Srbije, koji je odr&#382;an\u00a0 u\u00a0 Briselu\u00a0 uz posredovanje\u00a0 Evropske zajednice, koji poma&#382;e gradanima obe zemlje da re&#353;avaju pitanja koja su od 1999 odlukom Srbije\u00a0 postale prepreka slobodnom komuniciranju ljudi i razmeni robe, li&#353;avajuci ih\u00a0 na\u00a0 taj nacin od elementarnih prava i sloboda.\u00a0\u00a0\u00a0\u00a0 <\/p>\n<p>S obzirom da se na zadnju rundu pregovora Srbija se povukla bez ijednog razloga, dovodeci u opasnost\u00a0 i tri postignuta dogovora o kojima su se slo&#382;ile delegacije, nije bilo druge alternative izuzev da Republika Kosova legalnim i lakonskim sredstvima\u00a0 pru&#382;a svoju vlast na celoj teritoriji, suprotstavljajuci se krijumcarenju i organizovanom kriminalu, jedan\u00a0 od preduslova za evropsku integraciju Republike Kosova.<\/p>\n<p>Republika Kosova i sve njene institucije , odlucne su da sprovode red i zakon na celoj teritoriji za dobrobit svih\u00a0 gradana bez razlike\u00a0 &#353;to doprinosi miru\u00a0 i stabilnosti regije i\u00a0 &#353;ire. <\/p>\n<p>Dijalog\u00a0 je jedini put\u00a0 normalizacije odnosa izmedu Republike Kosova i\u00a0 Republike Srbije , kao\u00a0 dve suverene zemlje\u00a0 koje na putu evropskih integracija imaju zajednicku .<\/p>\n<p>Ovom prilikom &#382;elim da hvalim\u00a0 rad i\u00a0 anga&#382;man Policije Kosova za njihove veoma profesionalne postupke u sprovodenju ustavnosti i zakonitosti u zemlji <\/p>\n<p>Na sinocnom razgovoru i dana&#353;njem susretu sa Premijerom Kosova izrazila\u00a0 sam mu institucionalnu podr&#353;ku o ovom\u00a0 neophodnom\u00a0 postupku za funkcionisanje dr&#382;ave .\u00a0<br \/>\n\u00a0<\/p>\n","protected":false},"excerpt":{"rendered":"<p>Predsednica Republike Kosova, g-da Atifete Jahjaga, o sinocnoj i jutra&#353;njoj  akciji Policije Republike Kosova, preduzete na osnovu odluke Premijera Kosova, nakon unutra&#353;njih i  stranih  izve&#353;tavanja, izjavljuje:<\/p>\n","protected":false},"author":1,"featured_media":86338,"comment_status":"open","ping_status":"closed","sticky":false,"template":"","format":"standard","meta":{"_eb_attr":"","footnotes":""},"categories":[101],"tags":[],"class_list":["post-79469","post","type-post","status-publish","format-standard","has-post-thumbnail","hentry","category-vesti"],"yoast_head":"<!-- This site is optimized with the Yoast SEO plugin v23.5 - https:\/\/yoast.com\/wordpress\/plugins\/seo\/ -->\n<title>Izjava Predsednice Republike, g-de Atifete Jahjaga - Predsednik Republike Kosovo - DR. VJOSA OSMANI - SADRIU<\/title>\n<meta name=\"description\" content=\"Izjava Predsednice Republike, g-de Atifete Jahjaga - Predsednik Republike Kosovo - DR. VJOSA OSMANI - SADRIU -\" \/>\n<meta name=\"robots\" content=\"index, follow, max-snippet:-1, max-image-preview:large, max-video-preview:-1\" \/>\n<link rel=\"canonical\" href=\"https:\/\/president-ksgov.net\/deklarate-e-presidentes-se-republikes-zonjes-atifete-jahjaga\/\" \/>\n<meta property=\"og:locale\" content=\"sr_RS\" \/>\n<meta property=\"og:type\" content=\"article\" \/>\n<meta property=\"og:title\" content=\"Izjava Predsednice Republike, g-de Atifete Jahjaga - Predsednik Republike Kosovo - DR. VJOSA OSMANI - SADRIU\" \/>\n<meta property=\"og:description\" content=\"Izjava Predsednice Republike, g-de Atifete Jahjaga - Predsednik Republike Kosovo - DR. VJOSA OSMANI - SADRIU -\" \/>\n<meta property=\"og:url\" content=\"https:\/\/president-ksgov.net\/deklarate-e-presidentes-se-republikes-zonjes-atifete-jahjaga\/\" \/>\n<meta property=\"og:site_name\" content=\"Predsednik Republike Kosovo - DR. VJOSA OSMANI - SADRIU\" \/>\n<meta property=\"article:published_time\" content=\"2011-07-26T20:15:47+00:00\" \/>\n<meta property=\"og:image\" content=\"https:\/\/president-ksgov.net\/wp-content\/uploads\/Zyra-e-Presidentes-Featured-Image1-e1678970937938.png\" \/>\n\t<meta property=\"og:image:width\" content=\"1024\" \/>\n\t<meta property=\"og:image:height\" content=\"716\" \/>\n\t<meta property=\"og:image:type\" content=\"image\/png\" \/>\n<meta name=\"author\" content=\"admin\" \/>\n<meta name=\"twitter:card\" content=\"summary_large_image\" \/>\n<meta name=\"twitter:label1\" content=\"\u041d\u0430\u043f\u0438\u0441\u0430\u043d\u043e \u043e\u0434\" \/>\n\t<meta name=\"twitter:data1\" content=\"admin\" \/>\n\t<meta name=\"twitter:label2\" content=\"\u041f\u0440\u043e\u0446\u0435\u045a\u0435\u043d\u043e \u0432\u0440\u0435\u043c\u0435 \u0447\u0438\u0442\u0430\u045a\u0430\" \/>\n\t<meta name=\"twitter:data2\" content=\"2 \u043c\u0438\u043d\u0443\u0442\u0430\" \/>\n<script type=\"application\/ld+json\" class=\"yoast-schema-graph\">{\"@context\":\"https:\/\/schema.org\",\"@graph\":[{\"@type\":\"WebPage\",\"@id\":\"https:\/\/president-ksgov.net\/deklarate-e-presidentes-se-republikes-zonjes-atifete-jahjaga\/\",\"url\":\"https:\/\/president-ksgov.net\/deklarate-e-presidentes-se-republikes-zonjes-atifete-jahjaga\/\",\"name\":\"Izjava Predsednice Republike, g-de Atifete Jahjaga - Predsednik Republike Kosovo - DR. VJOSA OSMANI - SADRIU\",\"isPartOf\":{\"@id\":\"https:\/\/president-ksgov.net\/#website\"},\"primaryImageOfPage\":{\"@id\":\"https:\/\/president-ksgov.net\/deklarate-e-presidentes-se-republikes-zonjes-atifete-jahjaga\/#primaryimage\"},\"image\":{\"@id\":\"https:\/\/president-ksgov.net\/deklarate-e-presidentes-se-republikes-zonjes-atifete-jahjaga\/#primaryimage\"},\"thumbnailUrl\":\"https:\/\/president-ksgov.net\/wp-content\/uploads\/Zyra-e-Presidentes-Featured-Image1-e1678970937938.png\",\"datePublished\":\"2011-07-26T20:15:47+00:00\",\"dateModified\":\"2011-07-26T20:15:47+00:00\",\"author\":{\"@id\":\"https:\/\/president-ksgov.net\/#\/schema\/person\/bb4337a5fb147cb2046d80548172cbee\"},\"description\":\"Izjava Predsednice Republike, g-de Atifete Jahjaga - Predsednik Republike Kosovo - DR. VJOSA OSMANI - SADRIU -\",\"breadcrumb\":{\"@id\":\"https:\/\/president-ksgov.net\/deklarate-e-presidentes-se-republikes-zonjes-atifete-jahjaga\/#breadcrumb\"},\"inLanguage\":\"sr-RS\",\"potentialAction\":[{\"@type\":\"ReadAction\",\"target\":[\"https:\/\/president-ksgov.net\/deklarate-e-presidentes-se-republikes-zonjes-atifete-jahjaga\/\"]}]},{\"@type\":\"ImageObject\",\"inLanguage\":\"sr-RS\",\"@id\":\"https:\/\/president-ksgov.net\/deklarate-e-presidentes-se-republikes-zonjes-atifete-jahjaga\/#primaryimage\",\"url\":\"https:\/\/president-ksgov.net\/wp-content\/uploads\/Zyra-e-Presidentes-Featured-Image1-e1678970937938.png\",\"contentUrl\":\"https:\/\/president-ksgov.net\/wp-content\/uploads\/Zyra-e-Presidentes-Featured-Image1-e1678970937938.png\",\"width\":1024,\"height\":716},{\"@type\":\"BreadcrumbList\",\"@id\":\"https:\/\/president-ksgov.net\/deklarate-e-presidentes-se-republikes-zonjes-atifete-jahjaga\/#breadcrumb\",\"itemListElement\":[{\"@type\":\"ListItem\",\"position\":1,\"name\":\"Home\",\"item\":\"https:\/\/president-ksgov.net\/sr\/\"},{\"@type\":\"ListItem\",\"position\":2,\"name\":\"Izjava Predsednice Republike, g-de Atifete Jahjaga\"}]},{\"@type\":\"WebSite\",\"@id\":\"https:\/\/president-ksgov.net\/#website\",\"url\":\"https:\/\/president-ksgov.net\/\",\"name\":\"Presidente e Republik\u00ebs s\u00eb Kosov\u00ebs\",\"description\":\"Presidente e Republik\u00ebs s\u00eb Kosov\u00ebs\",\"alternateName\":\"DR. VJOSA OSMANI - SADRIU\",\"potentialAction\":[{\"@type\":\"SearchAction\",\"target\":{\"@type\":\"EntryPoint\",\"urlTemplate\":\"https:\/\/president-ksgov.net\/?s={search_term_string}\"},\"query-input\":{\"@type\":\"PropertyValueSpecification\",\"valueRequired\":true,\"valueName\":\"search_term_string\"}}],\"inLanguage\":\"sr-RS\"},{\"@type\":\"Person\",\"@id\":\"https:\/\/president-ksgov.net\/#\/schema\/person\/bb4337a5fb147cb2046d80548172cbee\",\"name\":\"admin\",\"image\":{\"@type\":\"ImageObject\",\"inLanguage\":\"sr-RS\",\"@id\":\"https:\/\/president-ksgov.net\/#\/schema\/person\/image\/\",\"url\":\"https:\/\/secure.gravatar.com\/avatar\/36156ca0fa3b8d9d25174f146e16beea0cf28f37adf1b9e19b6c9c279a7c9dd3?s=96&d=mm&r=g\",\"contentUrl\":\"https:\/\/secure.gravatar.com\/avatar\/36156ca0fa3b8d9d25174f146e16beea0cf28f37adf1b9e19b6c9c279a7c9dd3?s=96&d=mm&r=g\",\"caption\":\"admin\"},\"sameAs\":[\"https:\/\/president-ksgov.net\"]}]}<\/script>\n<!-- \/ Yoast SEO plugin. -->","yoast_head_json":{"title":"Izjava Predsednice Republike, g-de Atifete Jahjaga - Predsednik Republike Kosovo - DR. VJOSA OSMANI - SADRIU","description":"Izjava Predsednice Republike, g-de Atifete Jahjaga - Predsednik Republike Kosovo - DR. VJOSA OSMANI - SADRIU -","robots":{"index":"index","follow":"follow","max-snippet":"max-snippet:-1","max-image-preview":"max-image-preview:large","max-video-preview":"max-video-preview:-1"},"canonical":"https:\/\/president-ksgov.net\/deklarate-e-presidentes-se-republikes-zonjes-atifete-jahjaga\/","og_locale":"sr_RS","og_type":"article","og_title":"Izjava Predsednice Republike, g-de Atifete Jahjaga - Predsednik Republike Kosovo - DR. VJOSA OSMANI - SADRIU","og_description":"Izjava Predsednice Republike, g-de Atifete Jahjaga - Predsednik Republike Kosovo - DR. VJOSA OSMANI - SADRIU -","og_url":"https:\/\/president-ksgov.net\/deklarate-e-presidentes-se-republikes-zonjes-atifete-jahjaga\/","og_site_name":"Predsednik Republike Kosovo - DR. VJOSA OSMANI - SADRIU","article_published_time":"2011-07-26T20:15:47+00:00","og_image":[{"width":1024,"height":716,"url":"https:\/\/president-ksgov.net\/wp-content\/uploads\/Zyra-e-Presidentes-Featured-Image1-e1678970937938.png","type":"image\/png"}],"author":"admin","twitter_card":"summary_large_image","twitter_misc":{"\u041d\u0430\u043f\u0438\u0441\u0430\u043d\u043e \u043e\u0434":"admin","\u041f\u0440\u043e\u0446\u0435\u045a\u0435\u043d\u043e \u0432\u0440\u0435\u043c\u0435 \u0447\u0438\u0442\u0430\u045a\u0430":"2 \u043c\u0438\u043d\u0443\u0442\u0430"},"schema":{"@context":"https:\/\/schema.org","@graph":[{"@type":"WebPage","@id":"https:\/\/president-ksgov.net\/deklarate-e-presidentes-se-republikes-zonjes-atifete-jahjaga\/","url":"https:\/\/president-ksgov.net\/deklarate-e-presidentes-se-republikes-zonjes-atifete-jahjaga\/","name":"Izjava Predsednice Republike, g-de Atifete Jahjaga - Predsednik Republike Kosovo - DR. VJOSA OSMANI - SADRIU","isPartOf":{"@id":"https:\/\/president-ksgov.net\/#website"},"primaryImageOfPage":{"@id":"https:\/\/president-ksgov.net\/deklarate-e-presidentes-se-republikes-zonjes-atifete-jahjaga\/#primaryimage"},"image":{"@id":"https:\/\/president-ksgov.net\/deklarate-e-presidentes-se-republikes-zonjes-atifete-jahjaga\/#primaryimage"},"thumbnailUrl":"https:\/\/president-ksgov.net\/wp-content\/uploads\/Zyra-e-Presidentes-Featured-Image1-e1678970937938.png","datePublished":"2011-07-26T20:15:47+00:00","dateModified":"2011-07-26T20:15:47+00:00","author":{"@id":"https:\/\/president-ksgov.net\/#\/schema\/person\/bb4337a5fb147cb2046d80548172cbee"},"description":"Izjava Predsednice Republike, g-de Atifete Jahjaga - Predsednik Republike Kosovo - DR. VJOSA OSMANI - SADRIU -","breadcrumb":{"@id":"https:\/\/president-ksgov.net\/deklarate-e-presidentes-se-republikes-zonjes-atifete-jahjaga\/#breadcrumb"},"inLanguage":"sr-RS","potentialAction":[{"@type":"ReadAction","target":["https:\/\/president-ksgov.net\/deklarate-e-presidentes-se-republikes-zonjes-atifete-jahjaga\/"]}]},{"@type":"ImageObject","inLanguage":"sr-RS","@id":"https:\/\/president-ksgov.net\/deklarate-e-presidentes-se-republikes-zonjes-atifete-jahjaga\/#primaryimage","url":"https:\/\/president-ksgov.net\/wp-content\/uploads\/Zyra-e-Presidentes-Featured-Image1-e1678970937938.png","contentUrl":"https:\/\/president-ksgov.net\/wp-content\/uploads\/Zyra-e-Presidentes-Featured-Image1-e1678970937938.png","width":1024,"height":716},{"@type":"BreadcrumbList","@id":"https:\/\/president-ksgov.net\/deklarate-e-presidentes-se-republikes-zonjes-atifete-jahjaga\/#breadcrumb","itemListElement":[{"@type":"ListItem","position":1,"name":"Home","item":"https:\/\/president-ksgov.net\/sr\/"},{"@type":"ListItem","position":2,"name":"Izjava Predsednice Republike, g-de Atifete Jahjaga"}]},{"@type":"WebSite","@id":"https:\/\/president-ksgov.net\/#website","url":"https:\/\/president-ksgov.net\/","name":"Presidente e Republik\u00ebs s\u00eb Kosov\u00ebs","description":"Presidente e Republik\u00ebs s\u00eb Kosov\u00ebs","alternateName":"DR. VJOSA OSMANI - SADRIU","potentialAction":[{"@type":"SearchAction","target":{"@type":"EntryPoint","urlTemplate":"https:\/\/president-ksgov.net\/?s={search_term_string}"},"query-input":{"@type":"PropertyValueSpecification","valueRequired":true,"valueName":"search_term_string"}}],"inLanguage":"sr-RS"},{"@type":"Person","@id":"https:\/\/president-ksgov.net\/#\/schema\/person\/bb4337a5fb147cb2046d80548172cbee","name":"admin","image":{"@type":"ImageObject","inLanguage":"sr-RS","@id":"https:\/\/president-ksgov.net\/#\/schema\/person\/image\/","url":"https:\/\/secure.gravatar.com\/avatar\/36156ca0fa3b8d9d25174f146e16beea0cf28f37adf1b9e19b6c9c279a7c9dd3?s=96&d=mm&r=g","contentUrl":"https:\/\/secure.gravatar.com\/avatar\/36156ca0fa3b8d9d25174f146e16beea0cf28f37adf1b9e19b6c9c279a7c9dd3?s=96&d=mm&r=g","caption":"admin"},"sameAs":["https:\/\/president-ksgov.net"]}]}},"_links":{"self":[{"href":"https:\/\/president-ksgov.net\/sr\/wp-json\/wp\/v2\/posts\/79469","targetHints":{"allow":["GET"]}}],"collection":[{"href":"https:\/\/president-ksgov.net\/sr\/wp-json\/wp\/v2\/posts"}],"about":[{"href":"https:\/\/president-ksgov.net\/sr\/wp-json\/wp\/v2\/types\/post"}],"author":[{"embeddable":true,"href":"https:\/\/president-ksgov.net\/sr\/wp-json\/wp\/v2\/users\/1"}],"replies":[{"embeddable":true,"href":"https:\/\/president-ksgov.net\/sr\/wp-json\/wp\/v2\/comments?post=79469"}],"version-history":[{"count":0,"href":"https:\/\/president-ksgov.net\/sr\/wp-json\/wp\/v2\/posts\/79469\/revisions"}],"wp:featuredmedia":[{"embeddable":true,"href":"https:\/\/president-ksgov.net\/sr\/wp-json\/wp\/v2\/media\/86338"}],"wp:attachment":[{"href":"https:\/\/president-ksgov.net\/sr\/wp-json\/wp\/v2\/media?parent=79469"}],"wp:term":[{"taxonomy":"category","embeddable":true,"href":"https:\/\/president-ksgov.net\/sr\/wp-json\/wp\/v2\/categories?post=79469"},{"taxonomy":"post_tag","embeddable":true,"href":"https:\/\/president-ksgov.net\/sr\/wp-json\/wp\/v2\/tags?post=79469"}],"curies":[{"name":"wp","href":"https:\/\/api.w.org\/{rel}","templated":true}]}}