{"id":79466,"date":"2011-07-30T18:33:41","date_gmt":"2011-07-30T18:33:41","guid":{"rendered":"https:\/\/dev.president-ksgov.net\/predsednica-atifete-jahjaga-je-primila-zamenika-premijera-turske-g-dina-bekir-bozdag\/"},"modified":"2011-07-30T18:33:41","modified_gmt":"2011-07-30T18:33:41","slug":"predsednica-atifete-jahjaga-je-primila-zamenika-premijera-turske-g-dina-bekir-bozdag","status":"publish","type":"post","link":"https:\/\/president-ksgov.net\/sr\/predsednica-atifete-jahjaga-je-primila-zamenika-premijera-turske-g-dina-bekir-bozdag\/","title":{"rendered":"Predsednica Atifete Jahjaga je primila zamenika premijera Turske , g-dina Bekir Bozda\u011f"},"content":{"rendered":"<p>Predsednica Republike Kosova, g-\u0111a Atifete Jahjaga je primila danas zamenika premijera Republike Turske , g-dina Bekir Bozda\u011f.<\/p>\n<p>Zamenik premijera Turske , g-dina Bekir Bozdag je rekao da obe zemlje imaju dobru saradnju u svim oblastima i istakao je da ce Turska nastaviti da podr&#382;i Kosovo na putu evro-atlantskih integracija. G-din Bozdag je rekao da Turska Kosovo vidi kao razvijenu zemlju u svim oblastima i faktor mira u regiji Balkana i integrisanu u evro-atlantskim strukturama . <\/p>\n<p>Predsednica Republike Kosova, g-da Atifete Jahjaga se zahvalila zameniku premijera , g-dinu Bekir Bozdag o pomoci koju je Tuska dala i daje Kosovu u demokratskim procesima. Ona je cenila medusobnu saradnju i rekla da se saradnja mora produbiti u svim oblastima, posebno u ekonomskoj oblasti. <\/p>\n<p>Predsednica Atifete Jahjaga je rekla da Kosovo primarni cilj ima &#353;to br&#382;u integraciju u evro-atlantskim strukturama. Ona je rekla da je od posebnog znacaja clanstvo Kosova u medunarodnim i regijonalnim oraganizacijama, kao i povecanje broja novih priznavanja za na&#353;u zemlju. Za realizaciju ovih ciljeva, ona je istakla da ocekuje nepo&#353;tednu pomoc Turske dr&#382;ave, pomoc koja nije izostajala do sada.<\/p>\n","protected":false},"excerpt":{"rendered":"<p>Predsednica Republike Kosova, g-\u0111a Atifete Jahjaga je primila danas zamenika premijera Republike Turske , g-dina Bekir Bozda\u011f.<\/p>\n","protected":false},"author":1,"featured_media":59705,"comment_status":"open","ping_status":"closed","sticky":false,"template":"","format":"standard","meta":{"_eb_attr":"","footnotes":""},"categories":[101],"tags":[],"class_list":["post-79466","post","type-post","status-publish","format-standard","has-post-thumbnail","hentry","category-vesti"],"yoast_head":"<!-- This site is optimized with the Yoast SEO plugin v23.5 - https:\/\/yoast.com\/wordpress\/plugins\/seo\/ -->\n<title>Predsednica Atifete Jahjaga je primila zamenika premijera Turske , g-dina Bekir Bozda\u011f - Predsednik Republike Kosovo - DR. VJOSA OSMANI - SADRIU<\/title>\n<meta name=\"description\" content=\"Predsednica Atifete Jahjaga je primila zamenika premijera Turske , g-dina Bekir Bozda\u011f - Predsednik Republike Kosovo - DR. VJOSA OSMANI - SADRIU -\" \/>\n<meta name=\"robots\" content=\"index, follow, max-snippet:-1, max-image-preview:large, max-video-preview:-1\" \/>\n<link rel=\"canonical\" href=\"https:\/\/president-ksgov.net\/presidentja-atifete-jahjaga-priti-zevendeskryeministrin-e-turqise-bekir-bozdag\/\" \/>\n<meta property=\"og:locale\" content=\"sr_RS\" \/>\n<meta property=\"og:type\" content=\"article\" \/>\n<meta property=\"og:title\" content=\"Predsednica Atifete Jahjaga je primila zamenika premijera Turske , g-dina Bekir Bozda\u011f - Predsednik Republike Kosovo - DR. VJOSA OSMANI - SADRIU\" \/>\n<meta property=\"og:description\" content=\"Predsednica Atifete Jahjaga je primila zamenika premijera Turske , g-dina Bekir Bozda\u011f - Predsednik Republike Kosovo - DR. VJOSA OSMANI - SADRIU -\" \/>\n<meta property=\"og:url\" content=\"https:\/\/president-ksgov.net\/presidentja-atifete-jahjaga-priti-zevendeskryeministrin-e-turqise-bekir-bozdag\/\" \/>\n<meta property=\"og:site_name\" content=\"Predsednik Republike Kosovo - DR. VJOSA OSMANI - SADRIU\" \/>\n<meta property=\"article:published_time\" content=\"2011-07-30T18:33:41+00:00\" \/>\n<meta property=\"og:image\" content=\"https:\/\/president-ksgov.net\/wp-content\/uploads\/30_07_2011_zvkryeministri_turk_2.jpg\" \/>\n\t<meta property=\"og:image:width\" content=\"1000\" \/>\n\t<meta property=\"og:image:height\" content=\"667\" \/>\n\t<meta property=\"og:image:type\" content=\"image\/jpeg\" \/>\n<meta name=\"author\" content=\"admin\" \/>\n<meta name=\"twitter:card\" content=\"summary_large_image\" \/>\n<meta name=\"twitter:label1\" content=\"\u041d\u0430\u043f\u0438\u0441\u0430\u043d\u043e \u043e\u0434\" \/>\n\t<meta name=\"twitter:data1\" content=\"admin\" \/>\n\t<meta name=\"twitter:label2\" content=\"\u041f\u0440\u043e\u0446\u0435\u045a\u0435\u043d\u043e \u0432\u0440\u0435\u043c\u0435 \u0447\u0438\u0442\u0430\u045a\u0430\" \/>\n\t<meta name=\"twitter:data2\" content=\"1 \u043c\u0438\u043d\u0443\u0442\" \/>\n<script type=\"application\/ld+json\" class=\"yoast-schema-graph\">{\"@context\":\"https:\/\/schema.org\",\"@graph\":[{\"@type\":\"WebPage\",\"@id\":\"https:\/\/president-ksgov.net\/presidentja-atifete-jahjaga-priti-zevendeskryeministrin-e-turqise-bekir-bozdag\/\",\"url\":\"https:\/\/president-ksgov.net\/presidentja-atifete-jahjaga-priti-zevendeskryeministrin-e-turqise-bekir-bozdag\/\",\"name\":\"Predsednica Atifete Jahjaga je primila zamenika premijera Turske , g-dina Bekir Bozda\u011f - Predsednik Republike Kosovo - DR. VJOSA OSMANI - SADRIU\",\"isPartOf\":{\"@id\":\"https:\/\/president-ksgov.net\/#website\"},\"primaryImageOfPage\":{\"@id\":\"https:\/\/president-ksgov.net\/presidentja-atifete-jahjaga-priti-zevendeskryeministrin-e-turqise-bekir-bozdag\/#primaryimage\"},\"image\":{\"@id\":\"https:\/\/president-ksgov.net\/presidentja-atifete-jahjaga-priti-zevendeskryeministrin-e-turqise-bekir-bozdag\/#primaryimage\"},\"thumbnailUrl\":\"https:\/\/president-ksgov.net\/wp-content\/uploads\/30_07_2011_zvkryeministri_turk_2.jpg\",\"datePublished\":\"2011-07-30T18:33:41+00:00\",\"dateModified\":\"2011-07-30T18:33:41+00:00\",\"author\":{\"@id\":\"https:\/\/president-ksgov.net\/#\/schema\/person\/bb4337a5fb147cb2046d80548172cbee\"},\"description\":\"Predsednica Atifete Jahjaga je primila zamenika premijera Turske , g-dina Bekir Bozda\u011f - Predsednik Republike Kosovo - DR. VJOSA OSMANI - SADRIU -\",\"breadcrumb\":{\"@id\":\"https:\/\/president-ksgov.net\/presidentja-atifete-jahjaga-priti-zevendeskryeministrin-e-turqise-bekir-bozdag\/#breadcrumb\"},\"inLanguage\":\"sr-RS\",\"potentialAction\":[{\"@type\":\"ReadAction\",\"target\":[\"https:\/\/president-ksgov.net\/presidentja-atifete-jahjaga-priti-zevendeskryeministrin-e-turqise-bekir-bozdag\/\"]}]},{\"@type\":\"ImageObject\",\"inLanguage\":\"sr-RS\",\"@id\":\"https:\/\/president-ksgov.net\/presidentja-atifete-jahjaga-priti-zevendeskryeministrin-e-turqise-bekir-bozdag\/#primaryimage\",\"url\":\"https:\/\/president-ksgov.net\/wp-content\/uploads\/30_07_2011_zvkryeministri_turk_2.jpg\",\"contentUrl\":\"https:\/\/president-ksgov.net\/wp-content\/uploads\/30_07_2011_zvkryeministri_turk_2.jpg\",\"width\":1000,\"height\":667},{\"@type\":\"BreadcrumbList\",\"@id\":\"https:\/\/president-ksgov.net\/presidentja-atifete-jahjaga-priti-zevendeskryeministrin-e-turqise-bekir-bozdag\/#breadcrumb\",\"itemListElement\":[{\"@type\":\"ListItem\",\"position\":1,\"name\":\"Home\",\"item\":\"https:\/\/president-ksgov.net\/sr\/\"},{\"@type\":\"ListItem\",\"position\":2,\"name\":\"Predsednica Atifete Jahjaga je primila zamenika premijera Turske , g-dina Bekir Bozda\u011f\"}]},{\"@type\":\"WebSite\",\"@id\":\"https:\/\/president-ksgov.net\/#website\",\"url\":\"https:\/\/president-ksgov.net\/\",\"name\":\"Presidente e Republik\u00ebs s\u00eb Kosov\u00ebs\",\"description\":\"Presidente e Republik\u00ebs s\u00eb Kosov\u00ebs\",\"alternateName\":\"DR. VJOSA OSMANI - SADRIU\",\"potentialAction\":[{\"@type\":\"SearchAction\",\"target\":{\"@type\":\"EntryPoint\",\"urlTemplate\":\"https:\/\/president-ksgov.net\/?s={search_term_string}\"},\"query-input\":{\"@type\":\"PropertyValueSpecification\",\"valueRequired\":true,\"valueName\":\"search_term_string\"}}],\"inLanguage\":\"sr-RS\"},{\"@type\":\"Person\",\"@id\":\"https:\/\/president-ksgov.net\/#\/schema\/person\/bb4337a5fb147cb2046d80548172cbee\",\"name\":\"admin\",\"image\":{\"@type\":\"ImageObject\",\"inLanguage\":\"sr-RS\",\"@id\":\"https:\/\/president-ksgov.net\/#\/schema\/person\/image\/\",\"url\":\"https:\/\/secure.gravatar.com\/avatar\/36156ca0fa3b8d9d25174f146e16beea0cf28f37adf1b9e19b6c9c279a7c9dd3?s=96&d=mm&r=g\",\"contentUrl\":\"https:\/\/secure.gravatar.com\/avatar\/36156ca0fa3b8d9d25174f146e16beea0cf28f37adf1b9e19b6c9c279a7c9dd3?s=96&d=mm&r=g\",\"caption\":\"admin\"},\"sameAs\":[\"https:\/\/president-ksgov.net\"]}]}<\/script>\n<!-- \/ Yoast SEO plugin. -->","yoast_head_json":{"title":"Predsednica Atifete Jahjaga je primila zamenika premijera Turske , g-dina Bekir Bozda\u011f - Predsednik Republike Kosovo - DR. VJOSA OSMANI - SADRIU","description":"Predsednica Atifete Jahjaga je primila zamenika premijera Turske , g-dina Bekir Bozda\u011f - Predsednik Republike Kosovo - DR. VJOSA OSMANI - SADRIU -","robots":{"index":"index","follow":"follow","max-snippet":"max-snippet:-1","max-image-preview":"max-image-preview:large","max-video-preview":"max-video-preview:-1"},"canonical":"https:\/\/president-ksgov.net\/presidentja-atifete-jahjaga-priti-zevendeskryeministrin-e-turqise-bekir-bozdag\/","og_locale":"sr_RS","og_type":"article","og_title":"Predsednica Atifete Jahjaga je primila zamenika premijera Turske , g-dina Bekir Bozda\u011f - Predsednik Republike Kosovo - DR. VJOSA OSMANI - SADRIU","og_description":"Predsednica Atifete Jahjaga je primila zamenika premijera Turske , g-dina Bekir Bozda\u011f - Predsednik Republike Kosovo - DR. VJOSA OSMANI - SADRIU -","og_url":"https:\/\/president-ksgov.net\/presidentja-atifete-jahjaga-priti-zevendeskryeministrin-e-turqise-bekir-bozdag\/","og_site_name":"Predsednik Republike Kosovo - DR. VJOSA OSMANI - SADRIU","article_published_time":"2011-07-30T18:33:41+00:00","og_image":[{"width":1000,"height":667,"url":"https:\/\/president-ksgov.net\/wp-content\/uploads\/30_07_2011_zvkryeministri_turk_2.jpg","type":"image\/jpeg"}],"author":"admin","twitter_card":"summary_large_image","twitter_misc":{"\u041d\u0430\u043f\u0438\u0441\u0430\u043d\u043e \u043e\u0434":"admin","\u041f\u0440\u043e\u0446\u0435\u045a\u0435\u043d\u043e \u0432\u0440\u0435\u043c\u0435 \u0447\u0438\u0442\u0430\u045a\u0430":"1 \u043c\u0438\u043d\u0443\u0442"},"schema":{"@context":"https:\/\/schema.org","@graph":[{"@type":"WebPage","@id":"https:\/\/president-ksgov.net\/presidentja-atifete-jahjaga-priti-zevendeskryeministrin-e-turqise-bekir-bozdag\/","url":"https:\/\/president-ksgov.net\/presidentja-atifete-jahjaga-priti-zevendeskryeministrin-e-turqise-bekir-bozdag\/","name":"Predsednica Atifete Jahjaga je primila zamenika premijera Turske , g-dina Bekir Bozda\u011f - Predsednik Republike Kosovo - DR. VJOSA OSMANI - SADRIU","isPartOf":{"@id":"https:\/\/president-ksgov.net\/#website"},"primaryImageOfPage":{"@id":"https:\/\/president-ksgov.net\/presidentja-atifete-jahjaga-priti-zevendeskryeministrin-e-turqise-bekir-bozdag\/#primaryimage"},"image":{"@id":"https:\/\/president-ksgov.net\/presidentja-atifete-jahjaga-priti-zevendeskryeministrin-e-turqise-bekir-bozdag\/#primaryimage"},"thumbnailUrl":"https:\/\/president-ksgov.net\/wp-content\/uploads\/30_07_2011_zvkryeministri_turk_2.jpg","datePublished":"2011-07-30T18:33:41+00:00","dateModified":"2011-07-30T18:33:41+00:00","author":{"@id":"https:\/\/president-ksgov.net\/#\/schema\/person\/bb4337a5fb147cb2046d80548172cbee"},"description":"Predsednica Atifete Jahjaga je primila zamenika premijera Turske , g-dina Bekir Bozda\u011f - Predsednik Republike Kosovo - DR. VJOSA OSMANI - SADRIU -","breadcrumb":{"@id":"https:\/\/president-ksgov.net\/presidentja-atifete-jahjaga-priti-zevendeskryeministrin-e-turqise-bekir-bozdag\/#breadcrumb"},"inLanguage":"sr-RS","potentialAction":[{"@type":"ReadAction","target":["https:\/\/president-ksgov.net\/presidentja-atifete-jahjaga-priti-zevendeskryeministrin-e-turqise-bekir-bozdag\/"]}]},{"@type":"ImageObject","inLanguage":"sr-RS","@id":"https:\/\/president-ksgov.net\/presidentja-atifete-jahjaga-priti-zevendeskryeministrin-e-turqise-bekir-bozdag\/#primaryimage","url":"https:\/\/president-ksgov.net\/wp-content\/uploads\/30_07_2011_zvkryeministri_turk_2.jpg","contentUrl":"https:\/\/president-ksgov.net\/wp-content\/uploads\/30_07_2011_zvkryeministri_turk_2.jpg","width":1000,"height":667},{"@type":"BreadcrumbList","@id":"https:\/\/president-ksgov.net\/presidentja-atifete-jahjaga-priti-zevendeskryeministrin-e-turqise-bekir-bozdag\/#breadcrumb","itemListElement":[{"@type":"ListItem","position":1,"name":"Home","item":"https:\/\/president-ksgov.net\/sr\/"},{"@type":"ListItem","position":2,"name":"Predsednica Atifete Jahjaga je primila zamenika premijera Turske , g-dina Bekir Bozda\u011f"}]},{"@type":"WebSite","@id":"https:\/\/president-ksgov.net\/#website","url":"https:\/\/president-ksgov.net\/","name":"Presidente e Republik\u00ebs s\u00eb Kosov\u00ebs","description":"Presidente e Republik\u00ebs s\u00eb Kosov\u00ebs","alternateName":"DR. VJOSA OSMANI - SADRIU","potentialAction":[{"@type":"SearchAction","target":{"@type":"EntryPoint","urlTemplate":"https:\/\/president-ksgov.net\/?s={search_term_string}"},"query-input":{"@type":"PropertyValueSpecification","valueRequired":true,"valueName":"search_term_string"}}],"inLanguage":"sr-RS"},{"@type":"Person","@id":"https:\/\/president-ksgov.net\/#\/schema\/person\/bb4337a5fb147cb2046d80548172cbee","name":"admin","image":{"@type":"ImageObject","inLanguage":"sr-RS","@id":"https:\/\/president-ksgov.net\/#\/schema\/person\/image\/","url":"https:\/\/secure.gravatar.com\/avatar\/36156ca0fa3b8d9d25174f146e16beea0cf28f37adf1b9e19b6c9c279a7c9dd3?s=96&d=mm&r=g","contentUrl":"https:\/\/secure.gravatar.com\/avatar\/36156ca0fa3b8d9d25174f146e16beea0cf28f37adf1b9e19b6c9c279a7c9dd3?s=96&d=mm&r=g","caption":"admin"},"sameAs":["https:\/\/president-ksgov.net"]}]}},"_links":{"self":[{"href":"https:\/\/president-ksgov.net\/sr\/wp-json\/wp\/v2\/posts\/79466","targetHints":{"allow":["GET"]}}],"collection":[{"href":"https:\/\/president-ksgov.net\/sr\/wp-json\/wp\/v2\/posts"}],"about":[{"href":"https:\/\/president-ksgov.net\/sr\/wp-json\/wp\/v2\/types\/post"}],"author":[{"embeddable":true,"href":"https:\/\/president-ksgov.net\/sr\/wp-json\/wp\/v2\/users\/1"}],"replies":[{"embeddable":true,"href":"https:\/\/president-ksgov.net\/sr\/wp-json\/wp\/v2\/comments?post=79466"}],"version-history":[{"count":0,"href":"https:\/\/president-ksgov.net\/sr\/wp-json\/wp\/v2\/posts\/79466\/revisions"}],"wp:featuredmedia":[{"embeddable":true,"href":"https:\/\/president-ksgov.net\/sr\/wp-json\/wp\/v2\/media\/59705"}],"wp:attachment":[{"href":"https:\/\/president-ksgov.net\/sr\/wp-json\/wp\/v2\/media?parent=79466"}],"wp:term":[{"taxonomy":"category","embeddable":true,"href":"https:\/\/president-ksgov.net\/sr\/wp-json\/wp\/v2\/categories?post=79466"},{"taxonomy":"post_tag","embeddable":true,"href":"https:\/\/president-ksgov.net\/sr\/wp-json\/wp\/v2\/tags?post=79466"}],"curies":[{"name":"wp","href":"https:\/\/api.w.org\/{rel}","templated":true}]}}