{"id":79459,"date":"2011-08-05T20:33:58","date_gmt":"2011-08-05T20:33:58","guid":{"rendered":"https:\/\/dev.president-ksgov.net\/vllahiu-dogovor-deblokira-stanje\/"},"modified":"2011-08-05T20:33:58","modified_gmt":"2011-08-05T20:33:58","slug":"vllahiu-dogovor-deblokira-stanje","status":"publish","type":"post","link":"https:\/\/president-ksgov.net\/sr\/vllahiu-dogovor-deblokira-stanje\/","title":{"rendered":"Vllahiu: Dogovor deblokira  stanje"},"content":{"rendered":"<p>Arb\u00ebr Vllahiu, politicki savetnik  za medije i  odnose sa javno&#353;cu  predsednice Republike Kosova , g-de Atifete Jahjaga, u vezi dana&#353;njeg postignutog dogovora za  sever Kosova,  izjavio je za medije:<\/p>\n<p>U nastavku donosimo u potpunosti izjavu portparola Vllahiu:<\/p>\n<p>Postignuti dogovor izmedu Vlade Republike Kosova i Vlade Republike Srbije , uz\u00a0 posredovanje\u00a0 i\u00a0\u00a0 usvajanje sa KFOR-om,\u00a0 dobra je vest za gradane dve\u00a0 zemlje, opravdan je postupak\u00a0 koji deblokira stvoreno stanje\u00a0 u tri op&#353;tine\u00a0 severa Kosova i pogranicne tacke 1 i 31.\u00a0\u00a0 Jo&#353;\u00a0 jednom isticemo da odluka Vlade Republike Kosova\u00a0 za sprovodenje\u00a0 mera\u00a0\u00a0 reciprociteta\u00a0 u robnoj razmeni sa Srbijom\u00a0 i nerdba predsednika\u00a0 Vlade Kosova za slanje posebne jedinice Policije Kosova\u00a0 koko bi se carinama Kosova omogucilo sprovodenje\u00a0 mere ocarinjejnja i\u00a0 kontrolu robe koja ulazi\u00a0 u na&#353;u teritoriju, bio je ispravan i koordiran postupak\u00a0 i kao takav legalan i legitiman\u00a0 za suverenu dr&#382;avu Kosova.\u00a0\u00a0 <\/p>\n<p>Blokiranje puteva i poku&#353;aj\u00a0 za suprotstavljanje mera Vlade i nepo&#353;tovanja zakona i reda, doveo bi u\u00a0 opasnost humanitarne krize dela teritorije\u00a0 i uzrokovala <\/p>\n<p>zao&#353;travanje odnosa medu gradanima\u00a0 ovog dela Republike\u00a0 Kosova.\u00a0 Anga&#382;ovanje\u00a0 Evropske zajednice\u00a0 i Sjedinjenih Americkih Dr&#382;ava na to da se\u00a0 stranke vrate dijalogu\u00a0 i da pronalaze pogodna\u00a0 i\u00a0 korisna re&#353;enja, kao i konkretni\u00a0 anga&#382;man\u00a0 KFOR-a, u sklopu svog mandata za ocuvanje nepovredljivosti\u00a0 granica, mira i stabilnosti\u00a0\u00a0 u regiji i za sprecavanje meduetnickih\u00a0 nemira\u00a0 kao i u sklopu dobijenog mandata od kosovskih institucija, bio je\u00a0 plodan i omogucio je postizanje dogovora , kojim se osigurava\u00a0 slobodno kretanje ljudi i\u00a0 robe na celoj teritoriji Kosova.\u00a0\u00a0 c\u00a0\u00a0 &#353; d&#382; &#353; d&#382; c\u00a0\u00a0 &#353; d&#382;<\/p>\n<p>Ovo je nacelo demokratije i\u00a0 od toga korist iamju svi gradani bez razlike na njihovu etnicku ili versku pripadnost.\u00a0\u00a0 <\/p>\n<p>Predsednica dr&#382;ave i\u00a0\u00a0 Institucije Republike Kosova se anga&#382;iraju da i sa\u00a0 Srbijom, sva pitanja, kao i sa ostalim dr&#382;avama, re&#353;avaju putem dijaloga i dogovora.\u00a0 <\/p>\n<p>Agenda u\u00a0 Briselu, da stranke dijaloguju uz posredovanje EU,\u00a0 jedina je alternativa do potpune normalizacije\u00a0 odnosa izmedu Kosova i Srbije kao dve suverene dr&#382;ave koje imaju zajednicku buducnost\u00a0 u evropskim integracijama, put kojeg\u00a0 ce\u00a0 uspe&#353;no preci\u00a0 jedino uzajamnom\u00a0 sardnjom i pomoci i re&#353;avajuci sva pitanja\u00a0 i pakticne probleme\u00a0 po modelu\u00a0 evropskih standarda. <\/p>\n<p>\u00a0<\/p>\n","protected":false},"excerpt":{"rendered":"<p>Arb\u00ebr Vllahiu, politicki savetnik  za medije i  odnose sa javno&#353;cu  predsednice Republike Kosova , g-de Atifete Jahjaga, u vezi dana&#353;njeg postignutog dogovora za  sever Kosova,  izjavio je za medije:<\/p>\n","protected":false},"author":1,"featured_media":86338,"comment_status":"open","ping_status":"closed","sticky":false,"template":"","format":"standard","meta":{"_eb_attr":"","footnotes":""},"categories":[101],"tags":[],"class_list":["post-79459","post","type-post","status-publish","format-standard","has-post-thumbnail","hentry","category-vesti"],"yoast_head":"<!-- This site is optimized with the Yoast SEO plugin v23.5 - https:\/\/yoast.com\/wordpress\/plugins\/seo\/ -->\n<title>Vllahiu: Dogovor deblokira stanje - Predsednik Republike Kosovo - DR. VJOSA OSMANI - SADRIU<\/title>\n<meta name=\"description\" content=\"Vllahiu: Dogovor deblokira stanje - Predsednik Republike Kosovo - DR. VJOSA OSMANI - SADRIU -\" \/>\n<meta name=\"robots\" content=\"index, follow, max-snippet:-1, max-image-preview:large, max-video-preview:-1\" \/>\n<link rel=\"canonical\" href=\"https:\/\/president-ksgov.net\/vllahiu-marreveshja-e-zhbllokon-gjendjen\/\" \/>\n<meta property=\"og:locale\" content=\"sr_RS\" \/>\n<meta property=\"og:type\" content=\"article\" \/>\n<meta property=\"og:title\" content=\"Vllahiu: Dogovor deblokira stanje - Predsednik Republike Kosovo - DR. VJOSA OSMANI - SADRIU\" \/>\n<meta property=\"og:description\" content=\"Vllahiu: Dogovor deblokira stanje - Predsednik Republike Kosovo - DR. VJOSA OSMANI - SADRIU -\" \/>\n<meta property=\"og:url\" content=\"https:\/\/president-ksgov.net\/vllahiu-marreveshja-e-zhbllokon-gjendjen\/\" \/>\n<meta property=\"og:site_name\" content=\"Predsednik Republike Kosovo - DR. VJOSA OSMANI - SADRIU\" \/>\n<meta property=\"article:published_time\" content=\"2011-08-05T20:33:58+00:00\" \/>\n<meta property=\"og:image\" content=\"https:\/\/president-ksgov.net\/wp-content\/uploads\/Zyra-e-Presidentes-Featured-Image1-e1678970937938.png\" \/>\n\t<meta property=\"og:image:width\" content=\"1024\" \/>\n\t<meta property=\"og:image:height\" content=\"716\" \/>\n\t<meta property=\"og:image:type\" content=\"image\/png\" \/>\n<meta name=\"author\" content=\"admin\" \/>\n<meta name=\"twitter:card\" content=\"summary_large_image\" \/>\n<meta name=\"twitter:label1\" content=\"\u041d\u0430\u043f\u0438\u0441\u0430\u043d\u043e \u043e\u0434\" \/>\n\t<meta name=\"twitter:data1\" content=\"admin\" \/>\n\t<meta name=\"twitter:label2\" content=\"\u041f\u0440\u043e\u0446\u0435\u045a\u0435\u043d\u043e \u0432\u0440\u0435\u043c\u0435 \u0447\u0438\u0442\u0430\u045a\u0430\" \/>\n\t<meta name=\"twitter:data2\" content=\"2 \u043c\u0438\u043d\u0443\u0442\u0430\" \/>\n<script type=\"application\/ld+json\" class=\"yoast-schema-graph\">{\"@context\":\"https:\/\/schema.org\",\"@graph\":[{\"@type\":\"WebPage\",\"@id\":\"https:\/\/president-ksgov.net\/vllahiu-marreveshja-e-zhbllokon-gjendjen\/\",\"url\":\"https:\/\/president-ksgov.net\/vllahiu-marreveshja-e-zhbllokon-gjendjen\/\",\"name\":\"Vllahiu: Dogovor deblokira stanje - Predsednik Republike Kosovo - DR. VJOSA OSMANI - SADRIU\",\"isPartOf\":{\"@id\":\"https:\/\/president-ksgov.net\/#website\"},\"primaryImageOfPage\":{\"@id\":\"https:\/\/president-ksgov.net\/vllahiu-marreveshja-e-zhbllokon-gjendjen\/#primaryimage\"},\"image\":{\"@id\":\"https:\/\/president-ksgov.net\/vllahiu-marreveshja-e-zhbllokon-gjendjen\/#primaryimage\"},\"thumbnailUrl\":\"https:\/\/president-ksgov.net\/wp-content\/uploads\/Zyra-e-Presidentes-Featured-Image1-e1678970937938.png\",\"datePublished\":\"2011-08-05T20:33:58+00:00\",\"dateModified\":\"2011-08-05T20:33:58+00:00\",\"author\":{\"@id\":\"https:\/\/president-ksgov.net\/#\/schema\/person\/bb4337a5fb147cb2046d80548172cbee\"},\"description\":\"Vllahiu: Dogovor deblokira stanje - Predsednik Republike Kosovo - DR. VJOSA OSMANI - SADRIU -\",\"breadcrumb\":{\"@id\":\"https:\/\/president-ksgov.net\/vllahiu-marreveshja-e-zhbllokon-gjendjen\/#breadcrumb\"},\"inLanguage\":\"sr-RS\",\"potentialAction\":[{\"@type\":\"ReadAction\",\"target\":[\"https:\/\/president-ksgov.net\/vllahiu-marreveshja-e-zhbllokon-gjendjen\/\"]}]},{\"@type\":\"ImageObject\",\"inLanguage\":\"sr-RS\",\"@id\":\"https:\/\/president-ksgov.net\/vllahiu-marreveshja-e-zhbllokon-gjendjen\/#primaryimage\",\"url\":\"https:\/\/president-ksgov.net\/wp-content\/uploads\/Zyra-e-Presidentes-Featured-Image1-e1678970937938.png\",\"contentUrl\":\"https:\/\/president-ksgov.net\/wp-content\/uploads\/Zyra-e-Presidentes-Featured-Image1-e1678970937938.png\",\"width\":1024,\"height\":716},{\"@type\":\"BreadcrumbList\",\"@id\":\"https:\/\/president-ksgov.net\/vllahiu-marreveshja-e-zhbllokon-gjendjen\/#breadcrumb\",\"itemListElement\":[{\"@type\":\"ListItem\",\"position\":1,\"name\":\"Home\",\"item\":\"https:\/\/president-ksgov.net\/sr\/\"},{\"@type\":\"ListItem\",\"position\":2,\"name\":\"Vllahiu: Dogovor deblokira stanje\"}]},{\"@type\":\"WebSite\",\"@id\":\"https:\/\/president-ksgov.net\/#website\",\"url\":\"https:\/\/president-ksgov.net\/\",\"name\":\"Presidente e Republik\u00ebs s\u00eb Kosov\u00ebs\",\"description\":\"Presidente e Republik\u00ebs s\u00eb Kosov\u00ebs\",\"alternateName\":\"DR. VJOSA OSMANI - SADRIU\",\"potentialAction\":[{\"@type\":\"SearchAction\",\"target\":{\"@type\":\"EntryPoint\",\"urlTemplate\":\"https:\/\/president-ksgov.net\/?s={search_term_string}\"},\"query-input\":{\"@type\":\"PropertyValueSpecification\",\"valueRequired\":true,\"valueName\":\"search_term_string\"}}],\"inLanguage\":\"sr-RS\"},{\"@type\":\"Person\",\"@id\":\"https:\/\/president-ksgov.net\/#\/schema\/person\/bb4337a5fb147cb2046d80548172cbee\",\"name\":\"admin\",\"image\":{\"@type\":\"ImageObject\",\"inLanguage\":\"sr-RS\",\"@id\":\"https:\/\/president-ksgov.net\/#\/schema\/person\/image\/\",\"url\":\"https:\/\/secure.gravatar.com\/avatar\/36156ca0fa3b8d9d25174f146e16beea0cf28f37adf1b9e19b6c9c279a7c9dd3?s=96&d=mm&r=g\",\"contentUrl\":\"https:\/\/secure.gravatar.com\/avatar\/36156ca0fa3b8d9d25174f146e16beea0cf28f37adf1b9e19b6c9c279a7c9dd3?s=96&d=mm&r=g\",\"caption\":\"admin\"},\"sameAs\":[\"https:\/\/president-ksgov.net\"]}]}<\/script>\n<!-- \/ Yoast SEO plugin. -->","yoast_head_json":{"title":"Vllahiu: Dogovor deblokira stanje - Predsednik Republike Kosovo - DR. VJOSA OSMANI - SADRIU","description":"Vllahiu: Dogovor deblokira stanje - Predsednik Republike Kosovo - DR. VJOSA OSMANI - SADRIU -","robots":{"index":"index","follow":"follow","max-snippet":"max-snippet:-1","max-image-preview":"max-image-preview:large","max-video-preview":"max-video-preview:-1"},"canonical":"https:\/\/president-ksgov.net\/vllahiu-marreveshja-e-zhbllokon-gjendjen\/","og_locale":"sr_RS","og_type":"article","og_title":"Vllahiu: Dogovor deblokira stanje - Predsednik Republike Kosovo - DR. VJOSA OSMANI - SADRIU","og_description":"Vllahiu: Dogovor deblokira stanje - Predsednik Republike Kosovo - DR. VJOSA OSMANI - SADRIU -","og_url":"https:\/\/president-ksgov.net\/vllahiu-marreveshja-e-zhbllokon-gjendjen\/","og_site_name":"Predsednik Republike Kosovo - DR. VJOSA OSMANI - SADRIU","article_published_time":"2011-08-05T20:33:58+00:00","og_image":[{"width":1024,"height":716,"url":"https:\/\/president-ksgov.net\/wp-content\/uploads\/Zyra-e-Presidentes-Featured-Image1-e1678970937938.png","type":"image\/png"}],"author":"admin","twitter_card":"summary_large_image","twitter_misc":{"\u041d\u0430\u043f\u0438\u0441\u0430\u043d\u043e \u043e\u0434":"admin","\u041f\u0440\u043e\u0446\u0435\u045a\u0435\u043d\u043e \u0432\u0440\u0435\u043c\u0435 \u0447\u0438\u0442\u0430\u045a\u0430":"2 \u043c\u0438\u043d\u0443\u0442\u0430"},"schema":{"@context":"https:\/\/schema.org","@graph":[{"@type":"WebPage","@id":"https:\/\/president-ksgov.net\/vllahiu-marreveshja-e-zhbllokon-gjendjen\/","url":"https:\/\/president-ksgov.net\/vllahiu-marreveshja-e-zhbllokon-gjendjen\/","name":"Vllahiu: Dogovor deblokira stanje - Predsednik Republike Kosovo - DR. VJOSA OSMANI - SADRIU","isPartOf":{"@id":"https:\/\/president-ksgov.net\/#website"},"primaryImageOfPage":{"@id":"https:\/\/president-ksgov.net\/vllahiu-marreveshja-e-zhbllokon-gjendjen\/#primaryimage"},"image":{"@id":"https:\/\/president-ksgov.net\/vllahiu-marreveshja-e-zhbllokon-gjendjen\/#primaryimage"},"thumbnailUrl":"https:\/\/president-ksgov.net\/wp-content\/uploads\/Zyra-e-Presidentes-Featured-Image1-e1678970937938.png","datePublished":"2011-08-05T20:33:58+00:00","dateModified":"2011-08-05T20:33:58+00:00","author":{"@id":"https:\/\/president-ksgov.net\/#\/schema\/person\/bb4337a5fb147cb2046d80548172cbee"},"description":"Vllahiu: Dogovor deblokira stanje - Predsednik Republike Kosovo - DR. VJOSA OSMANI - SADRIU -","breadcrumb":{"@id":"https:\/\/president-ksgov.net\/vllahiu-marreveshja-e-zhbllokon-gjendjen\/#breadcrumb"},"inLanguage":"sr-RS","potentialAction":[{"@type":"ReadAction","target":["https:\/\/president-ksgov.net\/vllahiu-marreveshja-e-zhbllokon-gjendjen\/"]}]},{"@type":"ImageObject","inLanguage":"sr-RS","@id":"https:\/\/president-ksgov.net\/vllahiu-marreveshja-e-zhbllokon-gjendjen\/#primaryimage","url":"https:\/\/president-ksgov.net\/wp-content\/uploads\/Zyra-e-Presidentes-Featured-Image1-e1678970937938.png","contentUrl":"https:\/\/president-ksgov.net\/wp-content\/uploads\/Zyra-e-Presidentes-Featured-Image1-e1678970937938.png","width":1024,"height":716},{"@type":"BreadcrumbList","@id":"https:\/\/president-ksgov.net\/vllahiu-marreveshja-e-zhbllokon-gjendjen\/#breadcrumb","itemListElement":[{"@type":"ListItem","position":1,"name":"Home","item":"https:\/\/president-ksgov.net\/sr\/"},{"@type":"ListItem","position":2,"name":"Vllahiu: Dogovor deblokira stanje"}]},{"@type":"WebSite","@id":"https:\/\/president-ksgov.net\/#website","url":"https:\/\/president-ksgov.net\/","name":"Presidente e Republik\u00ebs s\u00eb Kosov\u00ebs","description":"Presidente e Republik\u00ebs s\u00eb Kosov\u00ebs","alternateName":"DR. VJOSA OSMANI - SADRIU","potentialAction":[{"@type":"SearchAction","target":{"@type":"EntryPoint","urlTemplate":"https:\/\/president-ksgov.net\/?s={search_term_string}"},"query-input":{"@type":"PropertyValueSpecification","valueRequired":true,"valueName":"search_term_string"}}],"inLanguage":"sr-RS"},{"@type":"Person","@id":"https:\/\/president-ksgov.net\/#\/schema\/person\/bb4337a5fb147cb2046d80548172cbee","name":"admin","image":{"@type":"ImageObject","inLanguage":"sr-RS","@id":"https:\/\/president-ksgov.net\/#\/schema\/person\/image\/","url":"https:\/\/secure.gravatar.com\/avatar\/36156ca0fa3b8d9d25174f146e16beea0cf28f37adf1b9e19b6c9c279a7c9dd3?s=96&d=mm&r=g","contentUrl":"https:\/\/secure.gravatar.com\/avatar\/36156ca0fa3b8d9d25174f146e16beea0cf28f37adf1b9e19b6c9c279a7c9dd3?s=96&d=mm&r=g","caption":"admin"},"sameAs":["https:\/\/president-ksgov.net"]}]}},"_links":{"self":[{"href":"https:\/\/president-ksgov.net\/sr\/wp-json\/wp\/v2\/posts\/79459","targetHints":{"allow":["GET"]}}],"collection":[{"href":"https:\/\/president-ksgov.net\/sr\/wp-json\/wp\/v2\/posts"}],"about":[{"href":"https:\/\/president-ksgov.net\/sr\/wp-json\/wp\/v2\/types\/post"}],"author":[{"embeddable":true,"href":"https:\/\/president-ksgov.net\/sr\/wp-json\/wp\/v2\/users\/1"}],"replies":[{"embeddable":true,"href":"https:\/\/president-ksgov.net\/sr\/wp-json\/wp\/v2\/comments?post=79459"}],"version-history":[{"count":0,"href":"https:\/\/president-ksgov.net\/sr\/wp-json\/wp\/v2\/posts\/79459\/revisions"}],"wp:featuredmedia":[{"embeddable":true,"href":"https:\/\/president-ksgov.net\/sr\/wp-json\/wp\/v2\/media\/86338"}],"wp:attachment":[{"href":"https:\/\/president-ksgov.net\/sr\/wp-json\/wp\/v2\/media?parent=79459"}],"wp:term":[{"taxonomy":"category","embeddable":true,"href":"https:\/\/president-ksgov.net\/sr\/wp-json\/wp\/v2\/categories?post=79459"},{"taxonomy":"post_tag","embeddable":true,"href":"https:\/\/president-ksgov.net\/sr\/wp-json\/wp\/v2\/tags?post=79459"}],"curies":[{"name":"wp","href":"https:\/\/api.w.org\/{rel}","templated":true}]}}