{"id":79448,"date":"2011-08-29T19:46:54","date_gmt":"2011-08-29T19:46:54","guid":{"rendered":"https:\/\/dev.president-ksgov.net\/cestitka-predsednice-republike-kosova-g-dje-atifete-jahjaga-povodom-praznika-fiter-bajrama\/"},"modified":"2011-08-29T19:46:54","modified_gmt":"2011-08-29T19:46:54","slug":"cestitka-predsednice-republike-kosova-g-dje-atifete-jahjaga-povodom-praznika-fiter-bajrama","status":"publish","type":"post","link":"https:\/\/president-ksgov.net\/sr\/cestitka-predsednice-republike-kosova-g-dje-atifete-jahjaga-povodom-praznika-fiter-bajrama\/","title":{"rendered":"\u010cestitka Predsednice Republike Kosova g-\u0111e Atifete Jahjaga, povodom praznika Fiter Bajrama"},"content":{"rendered":"<p>Svim gra\u0111anima Republike Kosova islamske veroispovesti celog sveta  \u010destitam  Dan Fiter Bajrama  uz najbolje &#382;elje da ovaj praznik provode sa porodicama, bli&#382;njima i prijateljima  u veseloj atmosferi, razumevanju i bogatstvu, sa punim trpezama sa darovima Boga.<\/p>\n<p>Praznik Fiter Bajrama dolazi nakon veli\u010danstvenog meseca Ramazana, meseca posta, molitvi, odanosti, oja\u010danja vere, brige i uzajamne pomo\u0107i. <\/p>\n<p>Ovaj dan podse\u0107a nas da se vra\u0107amo dobrim delima, iskrenosti, \u010destitosti, oja\u010danju ube\u0111enja za dobra i ispravna dela u dobrobit sviju, za svetlu budu\u0107nost u humanoj misiji kao Bo&#382;ija stvorenja. <\/p>\n<p>Ovog dana se se\u0107amo na sve one koji su pali za domovinu, one koji svojim radom i anga&#382;manom dali doprinos za slobodu i nezavisnost\u00a0 zemlje i za izgradnju Republike Kosova kao slobodne i nezavisne, po&#353;tovaju\u0107i njihove porodice, po&#353;tovaju\u0107i njihovo delo\u00a0 i po&#382;rtvovanost kao najvi&#353;e sublimne vrednosti.<\/p>\n<p>Svi gra\u0111ani Republike Kosova, bez razlike, u svojoj zemlji izgradi\u0107e dr&#382;avu i demokratsko dru&#353;tvo na osnovu vrednosti savremene civilizacije, slobode jednakosti\u00a0 izra&#382;avanja veroispovesti.<\/p>\n<p>Fiter Bajram slavimo kao zemlja faktor mira stabilnosti, kao zemlja razvijene demokracije i dr&#382;ava koja u&#382;iva sna&#382;nu podr&#353;ku me\u0111unarodnih prijatelja, sa ciljem da Republika Kosovo u bliskoj budu\u0107nosti, bude punopravni \u010dlan Evropske zajednice, OUN-a i NATO-a.<\/p>\n<p>Na dan Fiter Bajrama\u00a0 \u010destitam muftiji Kosova, g-dinu Naim T\u00ebrrnava, Islamskoj zajednici Republike Kosova, koju predano vodi, kao zna\u010dajan deo na&#353;eg dru&#353;tva koji daje konstruktivni i zna\u010dajni doprinos u svim tokovima, ima podr&#353;ku kosovskih institucija u realizaciji ciljeva koji su za dobrobit ljudi i dr&#382;ave.<\/p>\n<p>\u010cestitam praznik Fiter Bajrama!<\/p>\n","protected":false},"excerpt":{"rendered":"<p>Svim gra\u0111anima Republike Kosova islamske veroispovesti celog sveta  \u010destitam  Dan Fiter Bajrama  uz najbolje &#382;elje da ovaj praznik provode sa porodicama, bli&#382;njima i prijateljima  u veseloj atmosferi, razumevanju i bogatstvu, sa punim trpezama sa darovima Boga.<\/p>\n","protected":false},"author":1,"featured_media":86338,"comment_status":"open","ping_status":"closed","sticky":false,"template":"","format":"standard","meta":{"_eb_attr":"","footnotes":""},"categories":[101],"tags":[],"class_list":["post-79448","post","type-post","status-publish","format-standard","has-post-thumbnail","hentry","category-vesti"],"yoast_head":"<!-- This site is optimized with the Yoast SEO plugin v23.5 - https:\/\/yoast.com\/wordpress\/plugins\/seo\/ -->\n<title>\u010cestitka Predsednice Republike Kosova g-\u0111e Atifete Jahjaga, povodom praznika Fiter Bajrama - Predsednik Republike Kosovo - DR. VJOSA OSMANI - SADRIU<\/title>\n<meta name=\"description\" content=\"\u010cestitka Predsednice Republike Kosova g-\u0111e Atifete Jahjaga, povodom praznika Fiter Bajrama - Predsednik Republike Kosovo - DR. VJOSA OSMANI - SADRIU -\" \/>\n<meta name=\"robots\" content=\"index, follow, max-snippet:-1, max-image-preview:large, max-video-preview:-1\" \/>\n<link rel=\"canonical\" href=\"https:\/\/president-ksgov.net\/urimi-i-presidentes-se-republikes-se-kosoves-zonjes-atifete-jahjaga-per-festen-e-fiter-bajramit\/\" \/>\n<meta property=\"og:locale\" content=\"sr_RS\" \/>\n<meta property=\"og:type\" content=\"article\" \/>\n<meta property=\"og:title\" content=\"\u010cestitka Predsednice Republike Kosova g-\u0111e Atifete Jahjaga, povodom praznika Fiter Bajrama - Predsednik Republike Kosovo - DR. VJOSA OSMANI - SADRIU\" \/>\n<meta property=\"og:description\" content=\"\u010cestitka Predsednice Republike Kosova g-\u0111e Atifete Jahjaga, povodom praznika Fiter Bajrama - Predsednik Republike Kosovo - DR. VJOSA OSMANI - SADRIU -\" \/>\n<meta property=\"og:url\" content=\"https:\/\/president-ksgov.net\/urimi-i-presidentes-se-republikes-se-kosoves-zonjes-atifete-jahjaga-per-festen-e-fiter-bajramit\/\" \/>\n<meta property=\"og:site_name\" content=\"Predsednik Republike Kosovo - DR. VJOSA OSMANI - SADRIU\" \/>\n<meta property=\"article:published_time\" content=\"2011-08-29T19:46:54+00:00\" \/>\n<meta property=\"og:image\" content=\"https:\/\/president-ksgov.net\/wp-content\/uploads\/Zyra-e-Presidentes-Featured-Image1-e1678970937938.png\" \/>\n\t<meta property=\"og:image:width\" content=\"1024\" \/>\n\t<meta property=\"og:image:height\" content=\"716\" \/>\n\t<meta property=\"og:image:type\" content=\"image\/png\" \/>\n<meta name=\"author\" content=\"admin\" \/>\n<meta name=\"twitter:card\" content=\"summary_large_image\" \/>\n<meta name=\"twitter:label1\" content=\"\u041d\u0430\u043f\u0438\u0441\u0430\u043d\u043e \u043e\u0434\" \/>\n\t<meta name=\"twitter:data1\" content=\"admin\" \/>\n\t<meta name=\"twitter:label2\" content=\"\u041f\u0440\u043e\u0446\u0435\u045a\u0435\u043d\u043e \u0432\u0440\u0435\u043c\u0435 \u0447\u0438\u0442\u0430\u045a\u0430\" \/>\n\t<meta name=\"twitter:data2\" content=\"1 \u043c\u0438\u043d\u0443\u0442\" \/>\n<script type=\"application\/ld+json\" class=\"yoast-schema-graph\">{\"@context\":\"https:\/\/schema.org\",\"@graph\":[{\"@type\":\"WebPage\",\"@id\":\"https:\/\/president-ksgov.net\/urimi-i-presidentes-se-republikes-se-kosoves-zonjes-atifete-jahjaga-per-festen-e-fiter-bajramit\/\",\"url\":\"https:\/\/president-ksgov.net\/urimi-i-presidentes-se-republikes-se-kosoves-zonjes-atifete-jahjaga-per-festen-e-fiter-bajramit\/\",\"name\":\"\u010cestitka Predsednice Republike Kosova g-\u0111e Atifete Jahjaga, povodom praznika Fiter Bajrama - Predsednik Republike Kosovo - DR. VJOSA OSMANI - SADRIU\",\"isPartOf\":{\"@id\":\"https:\/\/president-ksgov.net\/#website\"},\"primaryImageOfPage\":{\"@id\":\"https:\/\/president-ksgov.net\/urimi-i-presidentes-se-republikes-se-kosoves-zonjes-atifete-jahjaga-per-festen-e-fiter-bajramit\/#primaryimage\"},\"image\":{\"@id\":\"https:\/\/president-ksgov.net\/urimi-i-presidentes-se-republikes-se-kosoves-zonjes-atifete-jahjaga-per-festen-e-fiter-bajramit\/#primaryimage\"},\"thumbnailUrl\":\"https:\/\/president-ksgov.net\/wp-content\/uploads\/Zyra-e-Presidentes-Featured-Image1-e1678970937938.png\",\"datePublished\":\"2011-08-29T19:46:54+00:00\",\"dateModified\":\"2011-08-29T19:46:54+00:00\",\"author\":{\"@id\":\"https:\/\/president-ksgov.net\/#\/schema\/person\/bb4337a5fb147cb2046d80548172cbee\"},\"description\":\"\u010cestitka Predsednice Republike Kosova g-\u0111e Atifete Jahjaga, povodom praznika Fiter Bajrama - Predsednik Republike Kosovo - DR. VJOSA OSMANI - SADRIU -\",\"breadcrumb\":{\"@id\":\"https:\/\/president-ksgov.net\/urimi-i-presidentes-se-republikes-se-kosoves-zonjes-atifete-jahjaga-per-festen-e-fiter-bajramit\/#breadcrumb\"},\"inLanguage\":\"sr-RS\",\"potentialAction\":[{\"@type\":\"ReadAction\",\"target\":[\"https:\/\/president-ksgov.net\/urimi-i-presidentes-se-republikes-se-kosoves-zonjes-atifete-jahjaga-per-festen-e-fiter-bajramit\/\"]}]},{\"@type\":\"ImageObject\",\"inLanguage\":\"sr-RS\",\"@id\":\"https:\/\/president-ksgov.net\/urimi-i-presidentes-se-republikes-se-kosoves-zonjes-atifete-jahjaga-per-festen-e-fiter-bajramit\/#primaryimage\",\"url\":\"https:\/\/president-ksgov.net\/wp-content\/uploads\/Zyra-e-Presidentes-Featured-Image1-e1678970937938.png\",\"contentUrl\":\"https:\/\/president-ksgov.net\/wp-content\/uploads\/Zyra-e-Presidentes-Featured-Image1-e1678970937938.png\",\"width\":1024,\"height\":716},{\"@type\":\"BreadcrumbList\",\"@id\":\"https:\/\/president-ksgov.net\/urimi-i-presidentes-se-republikes-se-kosoves-zonjes-atifete-jahjaga-per-festen-e-fiter-bajramit\/#breadcrumb\",\"itemListElement\":[{\"@type\":\"ListItem\",\"position\":1,\"name\":\"Home\",\"item\":\"https:\/\/president-ksgov.net\/sr\/\"},{\"@type\":\"ListItem\",\"position\":2,\"name\":\"\u010cestitka Predsednice Republike Kosova g-\u0111e Atifete Jahjaga, povodom praznika Fiter Bajrama\"}]},{\"@type\":\"WebSite\",\"@id\":\"https:\/\/president-ksgov.net\/#website\",\"url\":\"https:\/\/president-ksgov.net\/\",\"name\":\"Presidente e Republik\u00ebs s\u00eb Kosov\u00ebs\",\"description\":\"Presidente e Republik\u00ebs s\u00eb Kosov\u00ebs\",\"alternateName\":\"DR. VJOSA OSMANI - SADRIU\",\"potentialAction\":[{\"@type\":\"SearchAction\",\"target\":{\"@type\":\"EntryPoint\",\"urlTemplate\":\"https:\/\/president-ksgov.net\/?s={search_term_string}\"},\"query-input\":{\"@type\":\"PropertyValueSpecification\",\"valueRequired\":true,\"valueName\":\"search_term_string\"}}],\"inLanguage\":\"sr-RS\"},{\"@type\":\"Person\",\"@id\":\"https:\/\/president-ksgov.net\/#\/schema\/person\/bb4337a5fb147cb2046d80548172cbee\",\"name\":\"admin\",\"image\":{\"@type\":\"ImageObject\",\"inLanguage\":\"sr-RS\",\"@id\":\"https:\/\/president-ksgov.net\/#\/schema\/person\/image\/\",\"url\":\"https:\/\/secure.gravatar.com\/avatar\/36156ca0fa3b8d9d25174f146e16beea0cf28f37adf1b9e19b6c9c279a7c9dd3?s=96&d=mm&r=g\",\"contentUrl\":\"https:\/\/secure.gravatar.com\/avatar\/36156ca0fa3b8d9d25174f146e16beea0cf28f37adf1b9e19b6c9c279a7c9dd3?s=96&d=mm&r=g\",\"caption\":\"admin\"},\"sameAs\":[\"https:\/\/president-ksgov.net\"]}]}<\/script>\n<!-- \/ Yoast SEO plugin. -->","yoast_head_json":{"title":"\u010cestitka Predsednice Republike Kosova g-\u0111e Atifete Jahjaga, povodom praznika Fiter Bajrama - Predsednik Republike Kosovo - DR. VJOSA OSMANI - SADRIU","description":"\u010cestitka Predsednice Republike Kosova g-\u0111e Atifete Jahjaga, povodom praznika Fiter Bajrama - Predsednik Republike Kosovo - DR. VJOSA OSMANI - SADRIU -","robots":{"index":"index","follow":"follow","max-snippet":"max-snippet:-1","max-image-preview":"max-image-preview:large","max-video-preview":"max-video-preview:-1"},"canonical":"https:\/\/president-ksgov.net\/urimi-i-presidentes-se-republikes-se-kosoves-zonjes-atifete-jahjaga-per-festen-e-fiter-bajramit\/","og_locale":"sr_RS","og_type":"article","og_title":"\u010cestitka Predsednice Republike Kosova g-\u0111e Atifete Jahjaga, povodom praznika Fiter Bajrama - Predsednik Republike Kosovo - DR. VJOSA OSMANI - SADRIU","og_description":"\u010cestitka Predsednice Republike Kosova g-\u0111e Atifete Jahjaga, povodom praznika Fiter Bajrama - Predsednik Republike Kosovo - DR. VJOSA OSMANI - SADRIU -","og_url":"https:\/\/president-ksgov.net\/urimi-i-presidentes-se-republikes-se-kosoves-zonjes-atifete-jahjaga-per-festen-e-fiter-bajramit\/","og_site_name":"Predsednik Republike Kosovo - DR. VJOSA OSMANI - SADRIU","article_published_time":"2011-08-29T19:46:54+00:00","og_image":[{"width":1024,"height":716,"url":"https:\/\/president-ksgov.net\/wp-content\/uploads\/Zyra-e-Presidentes-Featured-Image1-e1678970937938.png","type":"image\/png"}],"author":"admin","twitter_card":"summary_large_image","twitter_misc":{"\u041d\u0430\u043f\u0438\u0441\u0430\u043d\u043e \u043e\u0434":"admin","\u041f\u0440\u043e\u0446\u0435\u045a\u0435\u043d\u043e \u0432\u0440\u0435\u043c\u0435 \u0447\u0438\u0442\u0430\u045a\u0430":"1 \u043c\u0438\u043d\u0443\u0442"},"schema":{"@context":"https:\/\/schema.org","@graph":[{"@type":"WebPage","@id":"https:\/\/president-ksgov.net\/urimi-i-presidentes-se-republikes-se-kosoves-zonjes-atifete-jahjaga-per-festen-e-fiter-bajramit\/","url":"https:\/\/president-ksgov.net\/urimi-i-presidentes-se-republikes-se-kosoves-zonjes-atifete-jahjaga-per-festen-e-fiter-bajramit\/","name":"\u010cestitka Predsednice Republike Kosova g-\u0111e Atifete Jahjaga, povodom praznika Fiter Bajrama - Predsednik Republike Kosovo - DR. VJOSA OSMANI - SADRIU","isPartOf":{"@id":"https:\/\/president-ksgov.net\/#website"},"primaryImageOfPage":{"@id":"https:\/\/president-ksgov.net\/urimi-i-presidentes-se-republikes-se-kosoves-zonjes-atifete-jahjaga-per-festen-e-fiter-bajramit\/#primaryimage"},"image":{"@id":"https:\/\/president-ksgov.net\/urimi-i-presidentes-se-republikes-se-kosoves-zonjes-atifete-jahjaga-per-festen-e-fiter-bajramit\/#primaryimage"},"thumbnailUrl":"https:\/\/president-ksgov.net\/wp-content\/uploads\/Zyra-e-Presidentes-Featured-Image1-e1678970937938.png","datePublished":"2011-08-29T19:46:54+00:00","dateModified":"2011-08-29T19:46:54+00:00","author":{"@id":"https:\/\/president-ksgov.net\/#\/schema\/person\/bb4337a5fb147cb2046d80548172cbee"},"description":"\u010cestitka Predsednice Republike Kosova g-\u0111e Atifete Jahjaga, povodom praznika Fiter Bajrama - Predsednik Republike Kosovo - DR. VJOSA OSMANI - SADRIU -","breadcrumb":{"@id":"https:\/\/president-ksgov.net\/urimi-i-presidentes-se-republikes-se-kosoves-zonjes-atifete-jahjaga-per-festen-e-fiter-bajramit\/#breadcrumb"},"inLanguage":"sr-RS","potentialAction":[{"@type":"ReadAction","target":["https:\/\/president-ksgov.net\/urimi-i-presidentes-se-republikes-se-kosoves-zonjes-atifete-jahjaga-per-festen-e-fiter-bajramit\/"]}]},{"@type":"ImageObject","inLanguage":"sr-RS","@id":"https:\/\/president-ksgov.net\/urimi-i-presidentes-se-republikes-se-kosoves-zonjes-atifete-jahjaga-per-festen-e-fiter-bajramit\/#primaryimage","url":"https:\/\/president-ksgov.net\/wp-content\/uploads\/Zyra-e-Presidentes-Featured-Image1-e1678970937938.png","contentUrl":"https:\/\/president-ksgov.net\/wp-content\/uploads\/Zyra-e-Presidentes-Featured-Image1-e1678970937938.png","width":1024,"height":716},{"@type":"BreadcrumbList","@id":"https:\/\/president-ksgov.net\/urimi-i-presidentes-se-republikes-se-kosoves-zonjes-atifete-jahjaga-per-festen-e-fiter-bajramit\/#breadcrumb","itemListElement":[{"@type":"ListItem","position":1,"name":"Home","item":"https:\/\/president-ksgov.net\/sr\/"},{"@type":"ListItem","position":2,"name":"\u010cestitka Predsednice Republike Kosova g-\u0111e Atifete Jahjaga, povodom praznika Fiter Bajrama"}]},{"@type":"WebSite","@id":"https:\/\/president-ksgov.net\/#website","url":"https:\/\/president-ksgov.net\/","name":"Presidente e Republik\u00ebs s\u00eb Kosov\u00ebs","description":"Presidente e Republik\u00ebs s\u00eb Kosov\u00ebs","alternateName":"DR. VJOSA OSMANI - SADRIU","potentialAction":[{"@type":"SearchAction","target":{"@type":"EntryPoint","urlTemplate":"https:\/\/president-ksgov.net\/?s={search_term_string}"},"query-input":{"@type":"PropertyValueSpecification","valueRequired":true,"valueName":"search_term_string"}}],"inLanguage":"sr-RS"},{"@type":"Person","@id":"https:\/\/president-ksgov.net\/#\/schema\/person\/bb4337a5fb147cb2046d80548172cbee","name":"admin","image":{"@type":"ImageObject","inLanguage":"sr-RS","@id":"https:\/\/president-ksgov.net\/#\/schema\/person\/image\/","url":"https:\/\/secure.gravatar.com\/avatar\/36156ca0fa3b8d9d25174f146e16beea0cf28f37adf1b9e19b6c9c279a7c9dd3?s=96&d=mm&r=g","contentUrl":"https:\/\/secure.gravatar.com\/avatar\/36156ca0fa3b8d9d25174f146e16beea0cf28f37adf1b9e19b6c9c279a7c9dd3?s=96&d=mm&r=g","caption":"admin"},"sameAs":["https:\/\/president-ksgov.net"]}]}},"_links":{"self":[{"href":"https:\/\/president-ksgov.net\/sr\/wp-json\/wp\/v2\/posts\/79448","targetHints":{"allow":["GET"]}}],"collection":[{"href":"https:\/\/president-ksgov.net\/sr\/wp-json\/wp\/v2\/posts"}],"about":[{"href":"https:\/\/president-ksgov.net\/sr\/wp-json\/wp\/v2\/types\/post"}],"author":[{"embeddable":true,"href":"https:\/\/president-ksgov.net\/sr\/wp-json\/wp\/v2\/users\/1"}],"replies":[{"embeddable":true,"href":"https:\/\/president-ksgov.net\/sr\/wp-json\/wp\/v2\/comments?post=79448"}],"version-history":[{"count":0,"href":"https:\/\/president-ksgov.net\/sr\/wp-json\/wp\/v2\/posts\/79448\/revisions"}],"wp:featuredmedia":[{"embeddable":true,"href":"https:\/\/president-ksgov.net\/sr\/wp-json\/wp\/v2\/media\/86338"}],"wp:attachment":[{"href":"https:\/\/president-ksgov.net\/sr\/wp-json\/wp\/v2\/media?parent=79448"}],"wp:term":[{"taxonomy":"category","embeddable":true,"href":"https:\/\/president-ksgov.net\/sr\/wp-json\/wp\/v2\/categories?post=79448"},{"taxonomy":"post_tag","embeddable":true,"href":"https:\/\/president-ksgov.net\/sr\/wp-json\/wp\/v2\/tags?post=79448"}],"curies":[{"name":"wp","href":"https:\/\/api.w.org\/{rel}","templated":true}]}}