{"id":79447,"date":"2011-08-30T12:26:53","date_gmt":"2011-08-30T12:26:53","guid":{"rendered":"https:\/\/dev.president-ksgov.net\/predsednica-jahjaga-je-posetila-islamsku-zajednicu-kosova\/"},"modified":"2011-08-30T12:26:53","modified_gmt":"2011-08-30T12:26:53","slug":"predsednica-jahjaga-je-posetila-islamsku-zajednicu-kosova","status":"publish","type":"post","link":"https:\/\/president-ksgov.net\/sr\/predsednica-jahjaga-je-posetila-islamsku-zajednicu-kosova\/","title":{"rendered":"Predsednica Jahjaga je posetila Islamsku zajednicu Kosova"},"content":{"rendered":"<p>Predsednica Republike Kosova, g-\u0111a Atifete Jahjaga posetila je danas  Islamsku zajednicu Kosova, gde je do\u010dekana  od muftije Naim T\u00ebrrnava sa ostalim rukovodiocima ove zajednice, kojima je \u010destitala praznik Fiter Bajrama.<\/p>\n<p>\u010cestitam vam dan Fiter Bajrama uz &#382;elje da ovaj praznik provodite\u00a0 sre\u0107ni, u veselju i bogatstvu sa porodicama, rodbinom, prijateljima i va&#353;im bli&#382;njim. Ovaj sveti dan dolazi nakon veli\u010danstvenog meseca Ramazana, mesec posta, oja\u010danja duha i \u010di&#353;\u0107enja tela, mesec kada \u010dovek\u00a0 se isku&#353;ava i doka&#382;e sebe u samouverenju, i u veri i ljubavi prema Bogu, rekla je predsednica Jahjaga u toku posete Islamskoj zajednici Kosova. <\/p>\n<p>Ovaj je tradicionalni praznik na&#353;eg naroda, koje jedan od oslonca vere, privr&#382;enosti, ljubavi, pomo\u0107i i podr&#353;ke. U toku celog vremena \u010dinimo dobra dela ali ovog dana vi&#353;e nego obi\u010dno setimo se drugih, vidimo ljude kojima smo potrebni, na&#353;a pomo\u0107 je i na&#353;a obaveza i vidi se kao Bo&#382;iji dar, kao delo koja nas ne \u010dini ponosnima nego da mislimo kako bi svi ljudi imali jednake uslove i mogu\u0107nosti za &#382;ivot, za rad, u\u010denje i za napredak,\u00a0 rekla je ona. <\/p>\n<p>Na&#353; narod se uzajamno po&#353;tuje, neguje versku toleranciju, koju vidi kao bogatstvo i oplemenjivanje \u010disto\u0107e duha. Mi kao narod i zemlja sastavni smo deo Evropske civilizacije, dok islamska vera je deo kolektivnog bi\u0107a na&#353;eg naroda, istakla je ona. <\/p>\n<p>Predsednica Jahjaga, rekla je da Islamska zajednica Kosova igra naprednu ulogu koju je imala u pro&#353;losti i na&#353;la se uz narod Kosova u toku svih klju\u010dnih vremena za sudbinu i na&#353;u istoriju.\u00a0 Potpuno sam ube\u0111ena da \u0107e ovu ulogu imati i u budu\u0107e u dinami\u010dnim vremenima\u00a0 kroz koje prolazimo u na&#353;em putu ka Evroatlanskim\u00a0 integracijama. <\/p>\n<p>Republika Kosova\u00a0 ima zna\u010dajno mesto u regiji kao faktor mira i stabilnosti\u00a0 i bi\u0107e \u010dlan Evropske zajednice, Organizacije ujedinjenih nacija i NATO-a.\u00a0 Mi tu vidimo sebe i to je jedina alternativa da\u00a0 narod bude unapre\u0111en, da se privreda razvije, da se reformira obrazovanje i vaspitanje da i na&#353;a omladina bude savremena\u00a0 koja prati i usvaja trendove tehnologije i novosti, dodala je g-\u0111a Jahjaga.<\/p>\n<p>I vi kao i na&#353;e celokupno dru&#353;tvo prelazite kroz transformacije i imate va&#353;e izazove. Zna\u010dajno je da se namere i ciljevi\u00a0 postignu demokratskim zahtevima i procedurama, koje ne prejudiciraju i nisu nametljive. Vrednosti parlamentarne demokratije, vrednosti izgradnje dr&#382;ave sa odvojenim vlastima i odvajanja vere od dr&#382;ave\u00a0 su vrednosti koje je vreme dokazalo kao najbolje i najpogodnije za uskla\u0111ivanje stavova i vi\u0111enja, rekla je predsednica Jahjaga. <\/p>\n<p>Va&#353; zahtev za izgradnju ve\u0107e d&#382;amije ili islamskog centra, ispravan je i na\u0107i \u0107e podr&#353;ku. Vi znate da se stvari ne rade da bi se videlo niti da bi se uporedili, nego radi se da bi bile u funkciji i ispunile potrebe. Vi ste o tome razmi&#353;ljali i znate da je Islam deo vrednosti civilizacije i nije cela njegova vrednost\u00a0 kao &#353;to nije i kod drugih vera. I \u010dovek koji je Bo&#382;je\u00a0 stvorenje sa svim svojim atributima koji ima, zdravlje, pamet, \u010destitost, hrabrost&#8230;\u00a0 nave&#353;\u0107u samo par karakteristika kao ljudsko bi\u0107e, koji nije sam sebi dovoljan, nego samo u saradnji sa ostalima i u razmeni vrednosti\u00a0 realizira svoju misiju za koju ga je Svevi&#353;nji\u00a0 stvorio, istakla je predsednica Jahjaga.<\/p>\n<p>\u010cestitaju\u0107i vam jo&#353; jednom ovaj velik praznik uz &#382;elju za dobro zdravlje i\u00a0 uspeh\u00a0 da se podse\u0107amo da su tolerancija i razumevanje vrednosti na kojima se gradi i funkcioni&#353;e dru&#353;tvo, istakla je predsednica Republike Kosova, g-\u0111a Atifete Jahjaga u toku posete Islamskoj zajednici Kosova. <\/p>\n<p>Sa njegove strane, muftija Kosova Naim T\u00ebrrnava se zahvalio predsednici Atifete Jahjaga na poseti, istakav&#353;i dobru saradnju sa ovom institucijom i po&#382;eleo je joj uspeh u svojim zna\u010dajnim dr&#382;avnim zadacima.<\/p>\n","protected":false},"excerpt":{"rendered":"<p>Predsednica Republike Kosova, g-\u0111a Atifete Jahjaga posetila je danas  Islamsku zajednicu Kosova, gde je do\u010dekana  od muftije Naim T\u00ebrrnava sa ostalim rukovodiocima ove zajednice, kojima je \u010destitala praznik Fiter Bajrama.<\/p>\n","protected":false},"author":1,"featured_media":59632,"comment_status":"open","ping_status":"closed","sticky":false,"template":"","format":"standard","meta":{"_eb_attr":"","footnotes":""},"categories":[101],"tags":[],"class_list":["post-79447","post","type-post","status-publish","format-standard","has-post-thumbnail","hentry","category-vesti"],"yoast_head":"<!-- This site is optimized with the Yoast SEO plugin v23.5 - https:\/\/yoast.com\/wordpress\/plugins\/seo\/ -->\n<title>Predsednica Jahjaga je posetila Islamsku zajednicu Kosova - Predsednik Republike Kosovo - DR. VJOSA OSMANI - SADRIU<\/title>\n<meta name=\"description\" content=\"Predsednica Jahjaga je posetila Islamsku zajednicu Kosova - Predsednik Republike Kosovo - DR. VJOSA OSMANI - SADRIU -\" \/>\n<meta name=\"robots\" content=\"index, follow, max-snippet:-1, max-image-preview:large, max-video-preview:-1\" \/>\n<link rel=\"canonical\" href=\"https:\/\/president-ksgov.net\/presidentja-jahjaga-vizitoi-bashkesine-islame-te-kosoves-3\/\" \/>\n<meta property=\"og:locale\" content=\"sr_RS\" \/>\n<meta property=\"og:type\" content=\"article\" \/>\n<meta property=\"og:title\" content=\"Predsednica Jahjaga je posetila Islamsku zajednicu Kosova - Predsednik Republike Kosovo - DR. VJOSA OSMANI - SADRIU\" \/>\n<meta property=\"og:description\" content=\"Predsednica Jahjaga je posetila Islamsku zajednicu Kosova - Predsednik Republike Kosovo - DR. VJOSA OSMANI - SADRIU -\" \/>\n<meta property=\"og:url\" content=\"https:\/\/president-ksgov.net\/presidentja-jahjaga-vizitoi-bashkesine-islame-te-kosoves-3\/\" \/>\n<meta property=\"og:site_name\" content=\"Predsednik Republike Kosovo - DR. VJOSA OSMANI - SADRIU\" \/>\n<meta property=\"article:published_time\" content=\"2011-08-30T12:26:53+00:00\" \/>\n<meta property=\"og:image\" content=\"https:\/\/president-ksgov.net\/wp-content\/uploads\/30_08_2011_takim_me_Naim_Terrnaven_3_1.jpg\" \/>\n\t<meta property=\"og:image:width\" content=\"1000\" \/>\n\t<meta property=\"og:image:height\" content=\"667\" \/>\n\t<meta property=\"og:image:type\" content=\"image\/jpeg\" \/>\n<meta name=\"author\" content=\"admin\" \/>\n<meta name=\"twitter:card\" content=\"summary_large_image\" \/>\n<meta name=\"twitter:label1\" content=\"\u041d\u0430\u043f\u0438\u0441\u0430\u043d\u043e \u043e\u0434\" \/>\n\t<meta name=\"twitter:data1\" content=\"admin\" \/>\n\t<meta name=\"twitter:label2\" content=\"\u041f\u0440\u043e\u0446\u0435\u045a\u0435\u043d\u043e \u0432\u0440\u0435\u043c\u0435 \u0447\u0438\u0442\u0430\u045a\u0430\" \/>\n\t<meta name=\"twitter:data2\" content=\"3 \u043c\u0438\u043d\u0443\u0442\u0430\" \/>\n<script type=\"application\/ld+json\" class=\"yoast-schema-graph\">{\"@context\":\"https:\/\/schema.org\",\"@graph\":[{\"@type\":\"WebPage\",\"@id\":\"https:\/\/president-ksgov.net\/presidentja-jahjaga-vizitoi-bashkesine-islame-te-kosoves-3\/\",\"url\":\"https:\/\/president-ksgov.net\/presidentja-jahjaga-vizitoi-bashkesine-islame-te-kosoves-3\/\",\"name\":\"Predsednica Jahjaga je posetila Islamsku zajednicu Kosova - Predsednik Republike Kosovo - DR. VJOSA OSMANI - SADRIU\",\"isPartOf\":{\"@id\":\"https:\/\/president-ksgov.net\/#website\"},\"primaryImageOfPage\":{\"@id\":\"https:\/\/president-ksgov.net\/presidentja-jahjaga-vizitoi-bashkesine-islame-te-kosoves-3\/#primaryimage\"},\"image\":{\"@id\":\"https:\/\/president-ksgov.net\/presidentja-jahjaga-vizitoi-bashkesine-islame-te-kosoves-3\/#primaryimage\"},\"thumbnailUrl\":\"https:\/\/president-ksgov.net\/wp-content\/uploads\/30_08_2011_takim_me_Naim_Terrnaven_3_1.jpg\",\"datePublished\":\"2011-08-30T12:26:53+00:00\",\"dateModified\":\"2011-08-30T12:26:53+00:00\",\"author\":{\"@id\":\"https:\/\/president-ksgov.net\/#\/schema\/person\/bb4337a5fb147cb2046d80548172cbee\"},\"description\":\"Predsednica Jahjaga je posetila Islamsku zajednicu Kosova - Predsednik Republike Kosovo - DR. VJOSA OSMANI - SADRIU -\",\"breadcrumb\":{\"@id\":\"https:\/\/president-ksgov.net\/presidentja-jahjaga-vizitoi-bashkesine-islame-te-kosoves-3\/#breadcrumb\"},\"inLanguage\":\"sr-RS\",\"potentialAction\":[{\"@type\":\"ReadAction\",\"target\":[\"https:\/\/president-ksgov.net\/presidentja-jahjaga-vizitoi-bashkesine-islame-te-kosoves-3\/\"]}]},{\"@type\":\"ImageObject\",\"inLanguage\":\"sr-RS\",\"@id\":\"https:\/\/president-ksgov.net\/presidentja-jahjaga-vizitoi-bashkesine-islame-te-kosoves-3\/#primaryimage\",\"url\":\"https:\/\/president-ksgov.net\/wp-content\/uploads\/30_08_2011_takim_me_Naim_Terrnaven_3_1.jpg\",\"contentUrl\":\"https:\/\/president-ksgov.net\/wp-content\/uploads\/30_08_2011_takim_me_Naim_Terrnaven_3_1.jpg\",\"width\":1000,\"height\":667},{\"@type\":\"BreadcrumbList\",\"@id\":\"https:\/\/president-ksgov.net\/presidentja-jahjaga-vizitoi-bashkesine-islame-te-kosoves-3\/#breadcrumb\",\"itemListElement\":[{\"@type\":\"ListItem\",\"position\":1,\"name\":\"Home\",\"item\":\"https:\/\/president-ksgov.net\/sr\/\"},{\"@type\":\"ListItem\",\"position\":2,\"name\":\"Predsednica Jahjaga je posetila Islamsku zajednicu Kosova\"}]},{\"@type\":\"WebSite\",\"@id\":\"https:\/\/president-ksgov.net\/#website\",\"url\":\"https:\/\/president-ksgov.net\/\",\"name\":\"Presidente e Republik\u00ebs s\u00eb Kosov\u00ebs\",\"description\":\"Presidente e Republik\u00ebs s\u00eb Kosov\u00ebs\",\"alternateName\":\"DR. VJOSA OSMANI - SADRIU\",\"potentialAction\":[{\"@type\":\"SearchAction\",\"target\":{\"@type\":\"EntryPoint\",\"urlTemplate\":\"https:\/\/president-ksgov.net\/?s={search_term_string}\"},\"query-input\":{\"@type\":\"PropertyValueSpecification\",\"valueRequired\":true,\"valueName\":\"search_term_string\"}}],\"inLanguage\":\"sr-RS\"},{\"@type\":\"Person\",\"@id\":\"https:\/\/president-ksgov.net\/#\/schema\/person\/bb4337a5fb147cb2046d80548172cbee\",\"name\":\"admin\",\"image\":{\"@type\":\"ImageObject\",\"inLanguage\":\"sr-RS\",\"@id\":\"https:\/\/president-ksgov.net\/#\/schema\/person\/image\/\",\"url\":\"https:\/\/secure.gravatar.com\/avatar\/36156ca0fa3b8d9d25174f146e16beea0cf28f37adf1b9e19b6c9c279a7c9dd3?s=96&d=mm&r=g\",\"contentUrl\":\"https:\/\/secure.gravatar.com\/avatar\/36156ca0fa3b8d9d25174f146e16beea0cf28f37adf1b9e19b6c9c279a7c9dd3?s=96&d=mm&r=g\",\"caption\":\"admin\"},\"sameAs\":[\"https:\/\/president-ksgov.net\"]}]}<\/script>\n<!-- \/ Yoast SEO plugin. -->","yoast_head_json":{"title":"Predsednica Jahjaga je posetila Islamsku zajednicu Kosova - Predsednik Republike Kosovo - DR. VJOSA OSMANI - SADRIU","description":"Predsednica Jahjaga je posetila Islamsku zajednicu Kosova - Predsednik Republike Kosovo - DR. VJOSA OSMANI - SADRIU -","robots":{"index":"index","follow":"follow","max-snippet":"max-snippet:-1","max-image-preview":"max-image-preview:large","max-video-preview":"max-video-preview:-1"},"canonical":"https:\/\/president-ksgov.net\/presidentja-jahjaga-vizitoi-bashkesine-islame-te-kosoves-3\/","og_locale":"sr_RS","og_type":"article","og_title":"Predsednica Jahjaga je posetila Islamsku zajednicu Kosova - Predsednik Republike Kosovo - DR. VJOSA OSMANI - SADRIU","og_description":"Predsednica Jahjaga je posetila Islamsku zajednicu Kosova - Predsednik Republike Kosovo - DR. VJOSA OSMANI - SADRIU -","og_url":"https:\/\/president-ksgov.net\/presidentja-jahjaga-vizitoi-bashkesine-islame-te-kosoves-3\/","og_site_name":"Predsednik Republike Kosovo - DR. VJOSA OSMANI - SADRIU","article_published_time":"2011-08-30T12:26:53+00:00","og_image":[{"width":1000,"height":667,"url":"https:\/\/president-ksgov.net\/wp-content\/uploads\/30_08_2011_takim_me_Naim_Terrnaven_3_1.jpg","type":"image\/jpeg"}],"author":"admin","twitter_card":"summary_large_image","twitter_misc":{"\u041d\u0430\u043f\u0438\u0441\u0430\u043d\u043e \u043e\u0434":"admin","\u041f\u0440\u043e\u0446\u0435\u045a\u0435\u043d\u043e \u0432\u0440\u0435\u043c\u0435 \u0447\u0438\u0442\u0430\u045a\u0430":"3 \u043c\u0438\u043d\u0443\u0442\u0430"},"schema":{"@context":"https:\/\/schema.org","@graph":[{"@type":"WebPage","@id":"https:\/\/president-ksgov.net\/presidentja-jahjaga-vizitoi-bashkesine-islame-te-kosoves-3\/","url":"https:\/\/president-ksgov.net\/presidentja-jahjaga-vizitoi-bashkesine-islame-te-kosoves-3\/","name":"Predsednica Jahjaga je posetila Islamsku zajednicu Kosova - Predsednik Republike Kosovo - DR. VJOSA OSMANI - SADRIU","isPartOf":{"@id":"https:\/\/president-ksgov.net\/#website"},"primaryImageOfPage":{"@id":"https:\/\/president-ksgov.net\/presidentja-jahjaga-vizitoi-bashkesine-islame-te-kosoves-3\/#primaryimage"},"image":{"@id":"https:\/\/president-ksgov.net\/presidentja-jahjaga-vizitoi-bashkesine-islame-te-kosoves-3\/#primaryimage"},"thumbnailUrl":"https:\/\/president-ksgov.net\/wp-content\/uploads\/30_08_2011_takim_me_Naim_Terrnaven_3_1.jpg","datePublished":"2011-08-30T12:26:53+00:00","dateModified":"2011-08-30T12:26:53+00:00","author":{"@id":"https:\/\/president-ksgov.net\/#\/schema\/person\/bb4337a5fb147cb2046d80548172cbee"},"description":"Predsednica Jahjaga je posetila Islamsku zajednicu Kosova - Predsednik Republike Kosovo - DR. VJOSA OSMANI - SADRIU -","breadcrumb":{"@id":"https:\/\/president-ksgov.net\/presidentja-jahjaga-vizitoi-bashkesine-islame-te-kosoves-3\/#breadcrumb"},"inLanguage":"sr-RS","potentialAction":[{"@type":"ReadAction","target":["https:\/\/president-ksgov.net\/presidentja-jahjaga-vizitoi-bashkesine-islame-te-kosoves-3\/"]}]},{"@type":"ImageObject","inLanguage":"sr-RS","@id":"https:\/\/president-ksgov.net\/presidentja-jahjaga-vizitoi-bashkesine-islame-te-kosoves-3\/#primaryimage","url":"https:\/\/president-ksgov.net\/wp-content\/uploads\/30_08_2011_takim_me_Naim_Terrnaven_3_1.jpg","contentUrl":"https:\/\/president-ksgov.net\/wp-content\/uploads\/30_08_2011_takim_me_Naim_Terrnaven_3_1.jpg","width":1000,"height":667},{"@type":"BreadcrumbList","@id":"https:\/\/president-ksgov.net\/presidentja-jahjaga-vizitoi-bashkesine-islame-te-kosoves-3\/#breadcrumb","itemListElement":[{"@type":"ListItem","position":1,"name":"Home","item":"https:\/\/president-ksgov.net\/sr\/"},{"@type":"ListItem","position":2,"name":"Predsednica Jahjaga je posetila Islamsku zajednicu Kosova"}]},{"@type":"WebSite","@id":"https:\/\/president-ksgov.net\/#website","url":"https:\/\/president-ksgov.net\/","name":"Presidente e Republik\u00ebs s\u00eb Kosov\u00ebs","description":"Presidente e Republik\u00ebs s\u00eb Kosov\u00ebs","alternateName":"DR. VJOSA OSMANI - SADRIU","potentialAction":[{"@type":"SearchAction","target":{"@type":"EntryPoint","urlTemplate":"https:\/\/president-ksgov.net\/?s={search_term_string}"},"query-input":{"@type":"PropertyValueSpecification","valueRequired":true,"valueName":"search_term_string"}}],"inLanguage":"sr-RS"},{"@type":"Person","@id":"https:\/\/president-ksgov.net\/#\/schema\/person\/bb4337a5fb147cb2046d80548172cbee","name":"admin","image":{"@type":"ImageObject","inLanguage":"sr-RS","@id":"https:\/\/president-ksgov.net\/#\/schema\/person\/image\/","url":"https:\/\/secure.gravatar.com\/avatar\/36156ca0fa3b8d9d25174f146e16beea0cf28f37adf1b9e19b6c9c279a7c9dd3?s=96&d=mm&r=g","contentUrl":"https:\/\/secure.gravatar.com\/avatar\/36156ca0fa3b8d9d25174f146e16beea0cf28f37adf1b9e19b6c9c279a7c9dd3?s=96&d=mm&r=g","caption":"admin"},"sameAs":["https:\/\/president-ksgov.net"]}]}},"_links":{"self":[{"href":"https:\/\/president-ksgov.net\/sr\/wp-json\/wp\/v2\/posts\/79447","targetHints":{"allow":["GET"]}}],"collection":[{"href":"https:\/\/president-ksgov.net\/sr\/wp-json\/wp\/v2\/posts"}],"about":[{"href":"https:\/\/president-ksgov.net\/sr\/wp-json\/wp\/v2\/types\/post"}],"author":[{"embeddable":true,"href":"https:\/\/president-ksgov.net\/sr\/wp-json\/wp\/v2\/users\/1"}],"replies":[{"embeddable":true,"href":"https:\/\/president-ksgov.net\/sr\/wp-json\/wp\/v2\/comments?post=79447"}],"version-history":[{"count":0,"href":"https:\/\/president-ksgov.net\/sr\/wp-json\/wp\/v2\/posts\/79447\/revisions"}],"wp:featuredmedia":[{"embeddable":true,"href":"https:\/\/president-ksgov.net\/sr\/wp-json\/wp\/v2\/media\/59632"}],"wp:attachment":[{"href":"https:\/\/president-ksgov.net\/sr\/wp-json\/wp\/v2\/media?parent=79447"}],"wp:term":[{"taxonomy":"category","embeddable":true,"href":"https:\/\/president-ksgov.net\/sr\/wp-json\/wp\/v2\/categories?post=79447"},{"taxonomy":"post_tag","embeddable":true,"href":"https:\/\/president-ksgov.net\/sr\/wp-json\/wp\/v2\/tags?post=79447"}],"curies":[{"name":"wp","href":"https:\/\/api.w.org\/{rel}","templated":true}]}}