{"id":79445,"date":"2011-09-02T16:09:01","date_gmt":"2011-09-02T16:09:01","guid":{"rendered":"https:\/\/dev.president-ksgov.net\/predsednica-jahjaga-je-primila-na-oprotajni-susret-komandanta-e-kfor-a-generala-erharda-buhlera\/"},"modified":"2011-09-02T16:09:01","modified_gmt":"2011-09-02T16:09:01","slug":"predsednica-jahjaga-je-primila-na-oprotajni-susret-komandanta-e-kfor-a-generala-erharda-buhlera","status":"publish","type":"post","link":"https:\/\/president-ksgov.net\/sr\/predsednica-jahjaga-je-primila-na-oprotajni-susret-komandanta-e-kfor-a-generala-erharda-buhlera\/","title":{"rendered":"Predsednica  Jahjaga je primila na opro&#154;tajni susret komandanta e KFOR-a,  generala Erharda Buhlera"},"content":{"rendered":"<p>Predsednica Republike Kosova, g-\u0111a Atifete Jahjaga primila je danas na opro&#353;tajni susret  komandanta e KFOR-a, generala Erharda Buhlera, koji uskoro zavr&#353;ava misiju u na&#353;oj zemlji<\/p>\n<p>Predsednica\u00a0 Jahjaga\u00a0 se zahvalila generalu\u00a0 Buhler za njegov doprinos miru\u00a0 i bezbednosti u zemlji na \u010delu snaga\u00a0 KFOR-a. Ona je cenila\u00a0 profesionalizam generala Buhler i rekla da\u00a0 KFOR je\u00a0 jedna od najpo&#353;tovanijih institucija na Kosovu.<\/p>\n<p>Predsednica\u00a0 je istakla da odlaskom generala Buhlera, sa Kosova odlazi profesionalac ali je Kosova dobila velikog\u00a0 prijatelja. Ona je rekla da visoko ceni predanost gemerala Buhlera i KFOR-a u podr&#353;ci Bezbednosnim snagama Kosova ka\u00a0 realizovanja potpunih operacionalnih i ka\u00a0 profesionalnog uzdizanja ovih snaga.<\/p>\n<p>Govoriv&#353;i o op&#353;tem stanju u zemlji, Predsednica\u00a0 Jahjaga je rekla da sna&#382;no podr&#382;ava borbu protiv organizovanog kriminala i ga&#353;enja protivzakonitih struktura.<\/p>\n<p>General Erhard Buhler sa\u00a0 svoje strane\u00a0 je istakao\u00a0 da\u00a0 Kosovo mo&#382;e ra\u010dunati na\u00a0 stalnu podr&#353;ku\u00a0 KFOR-a i da je va&#382;no da na severu odvijaj i okon\u010da istraga.\u00a0 On je isto tako naglasio odli\u010dnu\u00a0 njegovu i saradnju KFOR-a sa Predsednicom Jahjaga.<\/p>\n<p>Govoriv&#353;i o\u00a0 BSK-u\u00a0 on se izrazio ube\u0111enim za budu\u0107nost ovih snaga. General Buhler isto je\u00a0 naglasio da \u0107e KFOR nastaviti realizaciju svog mandata za o\u010duvanje sigurne sredine na Kosovu.<\/p>\n","protected":false},"excerpt":{"rendered":"<p>Predsednica Republike Kosova, g-\u0111a Atifete Jahjaga primila je danas na opro&#353;tajni susret  komandanta e KFOR-a, generala Erharda Buhlera, koji uskoro zavr&#353;ava misiju u na&#353;oj zemlji<\/p>\n","protected":false},"author":1,"featured_media":59618,"comment_status":"open","ping_status":"closed","sticky":false,"template":"","format":"standard","meta":{"_eb_attr":"","footnotes":""},"categories":[101],"tags":[],"class_list":["post-79445","post","type-post","status-publish","format-standard","has-post-thumbnail","hentry","category-vesti"],"yoast_head":"<!-- This site is optimized with the Yoast SEO plugin v23.5 - https:\/\/yoast.com\/wordpress\/plugins\/seo\/ -->\n<title>Predsednica Jahjaga je primila na opro&#154;tajni susret komandanta e KFOR-a, generala Erharda Buhlera - Predsednik Republike Kosovo - DR. VJOSA OSMANI - SADRIU<\/title>\n<meta name=\"description\" content=\"Predsednica Jahjaga je primila na opro&#154;tajni susret komandanta e KFOR-a, generala Erharda Buhlera - Predsednik Republike Kosovo - DR. VJOSA OSMANI - SADRIU -\" \/>\n<meta name=\"robots\" content=\"index, follow, max-snippet:-1, max-image-preview:large, max-video-preview:-1\" \/>\n<link rel=\"canonical\" href=\"https:\/\/president-ksgov.net\/presidentja-jahjaga-priti-ne-takim-lamtumires-komandantin-e-kfor-it-gjeneralin-erhard-buhler\/\" \/>\n<meta property=\"og:locale\" content=\"sr_RS\" \/>\n<meta property=\"og:type\" content=\"article\" \/>\n<meta property=\"og:title\" content=\"Predsednica Jahjaga je primila na opro&#154;tajni susret komandanta e KFOR-a, generala Erharda Buhlera - Predsednik Republike Kosovo - DR. VJOSA OSMANI - SADRIU\" \/>\n<meta property=\"og:description\" content=\"Predsednica Jahjaga je primila na opro&#154;tajni susret komandanta e KFOR-a, generala Erharda Buhlera - Predsednik Republike Kosovo - DR. VJOSA OSMANI - SADRIU -\" \/>\n<meta property=\"og:url\" content=\"https:\/\/president-ksgov.net\/presidentja-jahjaga-priti-ne-takim-lamtumires-komandantin-e-kfor-it-gjeneralin-erhard-buhler\/\" \/>\n<meta property=\"og:site_name\" content=\"Predsednik Republike Kosovo - DR. VJOSA OSMANI - SADRIU\" \/>\n<meta property=\"article:published_time\" content=\"2011-09-02T16:09:01+00:00\" \/>\n<meta property=\"og:image\" content=\"https:\/\/president-ksgov.net\/wp-content\/uploads\/02_09_2011_takim_me_Buhlerin_0.jpg\" \/>\n\t<meta property=\"og:image:width\" content=\"1000\" \/>\n\t<meta property=\"og:image:height\" content=\"889\" \/>\n\t<meta property=\"og:image:type\" content=\"image\/jpeg\" \/>\n<meta name=\"author\" content=\"admin\" \/>\n<meta name=\"twitter:card\" content=\"summary_large_image\" \/>\n<meta name=\"twitter:label1\" content=\"\u041d\u0430\u043f\u0438\u0441\u0430\u043d\u043e \u043e\u0434\" \/>\n\t<meta name=\"twitter:data1\" content=\"admin\" \/>\n\t<meta name=\"twitter:label2\" content=\"\u041f\u0440\u043e\u0446\u0435\u045a\u0435\u043d\u043e \u0432\u0440\u0435\u043c\u0435 \u0447\u0438\u0442\u0430\u045a\u0430\" \/>\n\t<meta name=\"twitter:data2\" content=\"1 \u043c\u0438\u043d\u0443\u0442\" \/>\n<script type=\"application\/ld+json\" class=\"yoast-schema-graph\">{\"@context\":\"https:\/\/schema.org\",\"@graph\":[{\"@type\":\"WebPage\",\"@id\":\"https:\/\/president-ksgov.net\/presidentja-jahjaga-priti-ne-takim-lamtumires-komandantin-e-kfor-it-gjeneralin-erhard-buhler\/\",\"url\":\"https:\/\/president-ksgov.net\/presidentja-jahjaga-priti-ne-takim-lamtumires-komandantin-e-kfor-it-gjeneralin-erhard-buhler\/\",\"name\":\"Predsednica Jahjaga je primila na opro&#154;tajni susret komandanta e KFOR-a, generala Erharda Buhlera - Predsednik Republike Kosovo - DR. VJOSA OSMANI - SADRIU\",\"isPartOf\":{\"@id\":\"https:\/\/president-ksgov.net\/#website\"},\"primaryImageOfPage\":{\"@id\":\"https:\/\/president-ksgov.net\/presidentja-jahjaga-priti-ne-takim-lamtumires-komandantin-e-kfor-it-gjeneralin-erhard-buhler\/#primaryimage\"},\"image\":{\"@id\":\"https:\/\/president-ksgov.net\/presidentja-jahjaga-priti-ne-takim-lamtumires-komandantin-e-kfor-it-gjeneralin-erhard-buhler\/#primaryimage\"},\"thumbnailUrl\":\"https:\/\/president-ksgov.net\/wp-content\/uploads\/02_09_2011_takim_me_Buhlerin_0.jpg\",\"datePublished\":\"2011-09-02T16:09:01+00:00\",\"dateModified\":\"2011-09-02T16:09:01+00:00\",\"author\":{\"@id\":\"https:\/\/president-ksgov.net\/#\/schema\/person\/bb4337a5fb147cb2046d80548172cbee\"},\"description\":\"Predsednica Jahjaga je primila na opro&#154;tajni susret komandanta e KFOR-a, generala Erharda Buhlera - Predsednik Republike Kosovo - DR. VJOSA OSMANI - SADRIU -\",\"breadcrumb\":{\"@id\":\"https:\/\/president-ksgov.net\/presidentja-jahjaga-priti-ne-takim-lamtumires-komandantin-e-kfor-it-gjeneralin-erhard-buhler\/#breadcrumb\"},\"inLanguage\":\"sr-RS\",\"potentialAction\":[{\"@type\":\"ReadAction\",\"target\":[\"https:\/\/president-ksgov.net\/presidentja-jahjaga-priti-ne-takim-lamtumires-komandantin-e-kfor-it-gjeneralin-erhard-buhler\/\"]}]},{\"@type\":\"ImageObject\",\"inLanguage\":\"sr-RS\",\"@id\":\"https:\/\/president-ksgov.net\/presidentja-jahjaga-priti-ne-takim-lamtumires-komandantin-e-kfor-it-gjeneralin-erhard-buhler\/#primaryimage\",\"url\":\"https:\/\/president-ksgov.net\/wp-content\/uploads\/02_09_2011_takim_me_Buhlerin_0.jpg\",\"contentUrl\":\"https:\/\/president-ksgov.net\/wp-content\/uploads\/02_09_2011_takim_me_Buhlerin_0.jpg\",\"width\":1000,\"height\":889},{\"@type\":\"BreadcrumbList\",\"@id\":\"https:\/\/president-ksgov.net\/presidentja-jahjaga-priti-ne-takim-lamtumires-komandantin-e-kfor-it-gjeneralin-erhard-buhler\/#breadcrumb\",\"itemListElement\":[{\"@type\":\"ListItem\",\"position\":1,\"name\":\"Home\",\"item\":\"https:\/\/president-ksgov.net\/sr\/\"},{\"@type\":\"ListItem\",\"position\":2,\"name\":\"Predsednica Jahjaga je primila na opro&#154;tajni susret komandanta e KFOR-a, generala Erharda Buhlera\"}]},{\"@type\":\"WebSite\",\"@id\":\"https:\/\/president-ksgov.net\/#website\",\"url\":\"https:\/\/president-ksgov.net\/\",\"name\":\"Presidente e Republik\u00ebs s\u00eb Kosov\u00ebs\",\"description\":\"Presidente e Republik\u00ebs s\u00eb Kosov\u00ebs\",\"alternateName\":\"DR. VJOSA OSMANI - SADRIU\",\"potentialAction\":[{\"@type\":\"SearchAction\",\"target\":{\"@type\":\"EntryPoint\",\"urlTemplate\":\"https:\/\/president-ksgov.net\/?s={search_term_string}\"},\"query-input\":{\"@type\":\"PropertyValueSpecification\",\"valueRequired\":true,\"valueName\":\"search_term_string\"}}],\"inLanguage\":\"sr-RS\"},{\"@type\":\"Person\",\"@id\":\"https:\/\/president-ksgov.net\/#\/schema\/person\/bb4337a5fb147cb2046d80548172cbee\",\"name\":\"admin\",\"image\":{\"@type\":\"ImageObject\",\"inLanguage\":\"sr-RS\",\"@id\":\"https:\/\/president-ksgov.net\/#\/schema\/person\/image\/\",\"url\":\"https:\/\/secure.gravatar.com\/avatar\/36156ca0fa3b8d9d25174f146e16beea0cf28f37adf1b9e19b6c9c279a7c9dd3?s=96&d=mm&r=g\",\"contentUrl\":\"https:\/\/secure.gravatar.com\/avatar\/36156ca0fa3b8d9d25174f146e16beea0cf28f37adf1b9e19b6c9c279a7c9dd3?s=96&d=mm&r=g\",\"caption\":\"admin\"},\"sameAs\":[\"https:\/\/president-ksgov.net\"]}]}<\/script>\n<!-- \/ Yoast SEO plugin. -->","yoast_head_json":{"title":"Predsednica Jahjaga je primila na opro&#154;tajni susret komandanta e KFOR-a, generala Erharda Buhlera - Predsednik Republike Kosovo - DR. VJOSA OSMANI - SADRIU","description":"Predsednica Jahjaga je primila na opro&#154;tajni susret komandanta e KFOR-a, generala Erharda Buhlera - Predsednik Republike Kosovo - DR. VJOSA OSMANI - SADRIU -","robots":{"index":"index","follow":"follow","max-snippet":"max-snippet:-1","max-image-preview":"max-image-preview:large","max-video-preview":"max-video-preview:-1"},"canonical":"https:\/\/president-ksgov.net\/presidentja-jahjaga-priti-ne-takim-lamtumires-komandantin-e-kfor-it-gjeneralin-erhard-buhler\/","og_locale":"sr_RS","og_type":"article","og_title":"Predsednica Jahjaga je primila na opro&#154;tajni susret komandanta e KFOR-a, generala Erharda Buhlera - Predsednik Republike Kosovo - DR. VJOSA OSMANI - SADRIU","og_description":"Predsednica Jahjaga je primila na opro&#154;tajni susret komandanta e KFOR-a, generala Erharda Buhlera - Predsednik Republike Kosovo - DR. VJOSA OSMANI - SADRIU -","og_url":"https:\/\/president-ksgov.net\/presidentja-jahjaga-priti-ne-takim-lamtumires-komandantin-e-kfor-it-gjeneralin-erhard-buhler\/","og_site_name":"Predsednik Republike Kosovo - DR. VJOSA OSMANI - SADRIU","article_published_time":"2011-09-02T16:09:01+00:00","og_image":[{"width":1000,"height":889,"url":"https:\/\/president-ksgov.net\/wp-content\/uploads\/02_09_2011_takim_me_Buhlerin_0.jpg","type":"image\/jpeg"}],"author":"admin","twitter_card":"summary_large_image","twitter_misc":{"\u041d\u0430\u043f\u0438\u0441\u0430\u043d\u043e \u043e\u0434":"admin","\u041f\u0440\u043e\u0446\u0435\u045a\u0435\u043d\u043e \u0432\u0440\u0435\u043c\u0435 \u0447\u0438\u0442\u0430\u045a\u0430":"1 \u043c\u0438\u043d\u0443\u0442"},"schema":{"@context":"https:\/\/schema.org","@graph":[{"@type":"WebPage","@id":"https:\/\/president-ksgov.net\/presidentja-jahjaga-priti-ne-takim-lamtumires-komandantin-e-kfor-it-gjeneralin-erhard-buhler\/","url":"https:\/\/president-ksgov.net\/presidentja-jahjaga-priti-ne-takim-lamtumires-komandantin-e-kfor-it-gjeneralin-erhard-buhler\/","name":"Predsednica Jahjaga je primila na opro&#154;tajni susret komandanta e KFOR-a, generala Erharda Buhlera - Predsednik Republike Kosovo - DR. VJOSA OSMANI - SADRIU","isPartOf":{"@id":"https:\/\/president-ksgov.net\/#website"},"primaryImageOfPage":{"@id":"https:\/\/president-ksgov.net\/presidentja-jahjaga-priti-ne-takim-lamtumires-komandantin-e-kfor-it-gjeneralin-erhard-buhler\/#primaryimage"},"image":{"@id":"https:\/\/president-ksgov.net\/presidentja-jahjaga-priti-ne-takim-lamtumires-komandantin-e-kfor-it-gjeneralin-erhard-buhler\/#primaryimage"},"thumbnailUrl":"https:\/\/president-ksgov.net\/wp-content\/uploads\/02_09_2011_takim_me_Buhlerin_0.jpg","datePublished":"2011-09-02T16:09:01+00:00","dateModified":"2011-09-02T16:09:01+00:00","author":{"@id":"https:\/\/president-ksgov.net\/#\/schema\/person\/bb4337a5fb147cb2046d80548172cbee"},"description":"Predsednica Jahjaga je primila na opro&#154;tajni susret komandanta e KFOR-a, generala Erharda Buhlera - Predsednik Republike Kosovo - DR. VJOSA OSMANI - SADRIU -","breadcrumb":{"@id":"https:\/\/president-ksgov.net\/presidentja-jahjaga-priti-ne-takim-lamtumires-komandantin-e-kfor-it-gjeneralin-erhard-buhler\/#breadcrumb"},"inLanguage":"sr-RS","potentialAction":[{"@type":"ReadAction","target":["https:\/\/president-ksgov.net\/presidentja-jahjaga-priti-ne-takim-lamtumires-komandantin-e-kfor-it-gjeneralin-erhard-buhler\/"]}]},{"@type":"ImageObject","inLanguage":"sr-RS","@id":"https:\/\/president-ksgov.net\/presidentja-jahjaga-priti-ne-takim-lamtumires-komandantin-e-kfor-it-gjeneralin-erhard-buhler\/#primaryimage","url":"https:\/\/president-ksgov.net\/wp-content\/uploads\/02_09_2011_takim_me_Buhlerin_0.jpg","contentUrl":"https:\/\/president-ksgov.net\/wp-content\/uploads\/02_09_2011_takim_me_Buhlerin_0.jpg","width":1000,"height":889},{"@type":"BreadcrumbList","@id":"https:\/\/president-ksgov.net\/presidentja-jahjaga-priti-ne-takim-lamtumires-komandantin-e-kfor-it-gjeneralin-erhard-buhler\/#breadcrumb","itemListElement":[{"@type":"ListItem","position":1,"name":"Home","item":"https:\/\/president-ksgov.net\/sr\/"},{"@type":"ListItem","position":2,"name":"Predsednica Jahjaga je primila na opro&#154;tajni susret komandanta e KFOR-a, generala Erharda Buhlera"}]},{"@type":"WebSite","@id":"https:\/\/president-ksgov.net\/#website","url":"https:\/\/president-ksgov.net\/","name":"Presidente e Republik\u00ebs s\u00eb Kosov\u00ebs","description":"Presidente e Republik\u00ebs s\u00eb Kosov\u00ebs","alternateName":"DR. VJOSA OSMANI - SADRIU","potentialAction":[{"@type":"SearchAction","target":{"@type":"EntryPoint","urlTemplate":"https:\/\/president-ksgov.net\/?s={search_term_string}"},"query-input":{"@type":"PropertyValueSpecification","valueRequired":true,"valueName":"search_term_string"}}],"inLanguage":"sr-RS"},{"@type":"Person","@id":"https:\/\/president-ksgov.net\/#\/schema\/person\/bb4337a5fb147cb2046d80548172cbee","name":"admin","image":{"@type":"ImageObject","inLanguage":"sr-RS","@id":"https:\/\/president-ksgov.net\/#\/schema\/person\/image\/","url":"https:\/\/secure.gravatar.com\/avatar\/36156ca0fa3b8d9d25174f146e16beea0cf28f37adf1b9e19b6c9c279a7c9dd3?s=96&d=mm&r=g","contentUrl":"https:\/\/secure.gravatar.com\/avatar\/36156ca0fa3b8d9d25174f146e16beea0cf28f37adf1b9e19b6c9c279a7c9dd3?s=96&d=mm&r=g","caption":"admin"},"sameAs":["https:\/\/president-ksgov.net"]}]}},"_links":{"self":[{"href":"https:\/\/president-ksgov.net\/sr\/wp-json\/wp\/v2\/posts\/79445","targetHints":{"allow":["GET"]}}],"collection":[{"href":"https:\/\/president-ksgov.net\/sr\/wp-json\/wp\/v2\/posts"}],"about":[{"href":"https:\/\/president-ksgov.net\/sr\/wp-json\/wp\/v2\/types\/post"}],"author":[{"embeddable":true,"href":"https:\/\/president-ksgov.net\/sr\/wp-json\/wp\/v2\/users\/1"}],"replies":[{"embeddable":true,"href":"https:\/\/president-ksgov.net\/sr\/wp-json\/wp\/v2\/comments?post=79445"}],"version-history":[{"count":0,"href":"https:\/\/president-ksgov.net\/sr\/wp-json\/wp\/v2\/posts\/79445\/revisions"}],"wp:featuredmedia":[{"embeddable":true,"href":"https:\/\/president-ksgov.net\/sr\/wp-json\/wp\/v2\/media\/59618"}],"wp:attachment":[{"href":"https:\/\/president-ksgov.net\/sr\/wp-json\/wp\/v2\/media?parent=79445"}],"wp:term":[{"taxonomy":"category","embeddable":true,"href":"https:\/\/president-ksgov.net\/sr\/wp-json\/wp\/v2\/categories?post=79445"},{"taxonomy":"post_tag","embeddable":true,"href":"https:\/\/president-ksgov.net\/sr\/wp-json\/wp\/v2\/tags?post=79445"}],"curies":[{"name":"wp","href":"https:\/\/api.w.org\/{rel}","templated":true}]}}