{"id":79440,"date":"2011-09-06T14:21:47","date_gmt":"2011-09-06T14:21:47","guid":{"rendered":"https:\/\/dev.president-ksgov.net\/predsednica-atifete-jahjaga-susrela-se-sa-u-barunicom-catherine-ashton\/"},"modified":"2011-09-06T14:21:47","modified_gmt":"2011-09-06T14:21:47","slug":"predsednica-atifete-jahjaga-susrela-se-sa-u-barunicom-catherine-ashton","status":"publish","type":"post","link":"https:\/\/president-ksgov.net\/sr\/predsednica-atifete-jahjaga-susrela-se-sa-u-barunicom-catherine-ashton\/","title":{"rendered":"Predsednica Atifete Jahjaga susrela se sa u barunicom Catherine Ashton"},"content":{"rendered":"<p>Predsednica Republike Kosova, g-\u0111a Atifete Jahjaga, imala je susret  sa Visokom predstavnicom EU za spoljnu politiku i bezbednost, barunicom  Catherine Ashton. Predsednica Kosova je rekla da Kosovo  i  njezin narod moraju imati jasan put za liberalizaciju viza  i za kontraktualne odnose sa EU u  ekonomskoj saradnji.<\/p>\n<p>Ona je rekla da to ima simboliku , jer je Kosovo deo Evrope, ima evropsku budu\u0107nost i isto tako dosada&#353;nja\u00a0 pomo\u0107 me\u0111unarodne zajednice je bila uspe&#353;na. <\/p>\n<p>Predsednica Jahjaga je rekla da dijalog izme\u0111u\u00a0 Kosova i Republike Srbije, uz posredovanje EU, mora imati uspeha i da su rezultati ve\u0107\u00a0 vidljiv, ali mora se jo&#353; vi&#353;e raditi za komuniciranje i obja&#353;njenje dogovora\u00a0 i koristi za gra\u0111ane obe zemlje.\u00a0 <\/p>\n<p>Ona je rekla da \u0107e\u00a0 EULEX biti uspe&#353;an kada zavr&#353;i misiju i kada prenosi nadle&#382;nosti na institucije Kosova, to se mo&#382;e posti\u0107i samo\u00a0 tesnom saradnjom\u00a0 sa svim strukturama i institucijama Republike Kosova.\u00a0 <\/p>\n<p>Visoka predstavnica EU, barunica\u00a0 Catherine Ashton, istakla da je jasno da Kosovo ima\u00a0 evropsku budu\u0107nost\u00a0 i to je normalno odre\u0111en put i za sve ostale zemlje, kriteriji moraju se ispuniti i nisu posebnost samo za Kosovo. Ona\u00a0 je rekla da Kosovo mora imati bolju saradnju i koordinaciju sa\u00a0\u00a0 misijom EULEX-a i KFOR-om . &#352;to se ti\u010de akcije na severu Kosova, g-\u0111a Ashton je rekla &#8220;nezadovoljni smo\u00a0 unilateralnom\u00a0 akcijom\u00a0 i da\u00a0 se to ne treba ponoviti&#8221;.\u00a0<br \/>\n\u00a0<br \/>\nG-\u0111a\u00a0 Ashton je potsticala Predsednicu da nastavlja rad sa zajednicama na Kosovu. <\/p>\n<p>G-\u0111a\u00a0 Ashton je rekla da zapo\u010deti dijalog po\u010deo dati rezultate i mora se nastaviti u tom duhu\u00a0 i da obe zemlje moraju da komuniciraju i da obja&#353;njavaju korist postizanja\u00a0 tih dogovora. <\/p>\n<p>Obe sagovornice su se dogovorile da\u00a0 komuniciranje izme\u0111u\u00a0 Republike Kosova i EU\u00a0 bude \u010de&#353;\u0107e i redovnije, kako bi se\u00a0 evidentirali napreci i da\u00a0 se pronalaze prakti\u010dna re&#353;enja.\u00a0<\/p>\n","protected":false},"excerpt":{"rendered":"<p>Predsednica Republike Kosova, g-\u0111a Atifete Jahjaga, imala je susret  sa Visokom predstavnicom EU za spoljnu politiku i bezbednost, barunicom  Catherine Ashton. Predsednica Kosova je rekla da Kosovo  i  njezin narod moraju imati jasan put za liberalizaciju viza  i za kontraktualne odnose sa EU u  ekonomskoj saradnji.<\/p>\n","protected":false},"author":1,"featured_media":59559,"comment_status":"open","ping_status":"closed","sticky":false,"template":"","format":"standard","meta":{"_eb_attr":"","footnotes":""},"categories":[101],"tags":[],"class_list":["post-79440","post","type-post","status-publish","format-standard","has-post-thumbnail","hentry","category-vesti"],"yoast_head":"<!-- This site is optimized with the Yoast SEO plugin v23.5 - https:\/\/yoast.com\/wordpress\/plugins\/seo\/ -->\n<title>Predsednica Atifete Jahjaga susrela se sa u barunicom Catherine Ashton - Predsednik Republike Kosovo - DR. VJOSA OSMANI - SADRIU<\/title>\n<meta name=\"description\" content=\"Predsednica Atifete Jahjaga susrela se sa u barunicom Catherine Ashton - Predsednik Republike Kosovo - DR. VJOSA OSMANI - SADRIU -\" \/>\n<meta name=\"robots\" content=\"index, follow, max-snippet:-1, max-image-preview:large, max-video-preview:-1\" \/>\n<link rel=\"canonical\" href=\"https:\/\/president-ksgov.net\/presidentja-atifete-jahjaga-u-takua-me-baroneshen-catherine-ashton\/\" \/>\n<meta property=\"og:locale\" content=\"sr_RS\" \/>\n<meta property=\"og:type\" content=\"article\" \/>\n<meta property=\"og:title\" content=\"Predsednica Atifete Jahjaga susrela se sa u barunicom Catherine Ashton - Predsednik Republike Kosovo - DR. VJOSA OSMANI - SADRIU\" \/>\n<meta property=\"og:description\" content=\"Predsednica Atifete Jahjaga susrela se sa u barunicom Catherine Ashton - Predsednik Republike Kosovo - DR. VJOSA OSMANI - SADRIU -\" \/>\n<meta property=\"og:url\" content=\"https:\/\/president-ksgov.net\/presidentja-atifete-jahjaga-u-takua-me-baroneshen-catherine-ashton\/\" \/>\n<meta property=\"og:site_name\" content=\"Predsednik Republike Kosovo - DR. VJOSA OSMANI - SADRIU\" \/>\n<meta property=\"article:published_time\" content=\"2011-09-06T14:21:47+00:00\" \/>\n<meta property=\"og:image\" content=\"https:\/\/president-ksgov.net\/wp-content\/uploads\/JAHJAGA-ASHTON_01_resize.jpg\" \/>\n\t<meta property=\"og:image:width\" content=\"800\" \/>\n\t<meta property=\"og:image:height\" content=\"533\" \/>\n\t<meta property=\"og:image:type\" content=\"image\/jpeg\" \/>\n<meta name=\"author\" content=\"admin\" \/>\n<meta name=\"twitter:card\" content=\"summary_large_image\" \/>\n<meta name=\"twitter:label1\" content=\"\u041d\u0430\u043f\u0438\u0441\u0430\u043d\u043e \u043e\u0434\" \/>\n\t<meta name=\"twitter:data1\" content=\"admin\" \/>\n\t<meta name=\"twitter:label2\" content=\"\u041f\u0440\u043e\u0446\u0435\u045a\u0435\u043d\u043e \u0432\u0440\u0435\u043c\u0435 \u0447\u0438\u0442\u0430\u045a\u0430\" \/>\n\t<meta name=\"twitter:data2\" content=\"2 \u043c\u0438\u043d\u0443\u0442\u0430\" \/>\n<script type=\"application\/ld+json\" class=\"yoast-schema-graph\">{\"@context\":\"https:\/\/schema.org\",\"@graph\":[{\"@type\":\"WebPage\",\"@id\":\"https:\/\/president-ksgov.net\/presidentja-atifete-jahjaga-u-takua-me-baroneshen-catherine-ashton\/\",\"url\":\"https:\/\/president-ksgov.net\/presidentja-atifete-jahjaga-u-takua-me-baroneshen-catherine-ashton\/\",\"name\":\"Predsednica Atifete Jahjaga susrela se sa u barunicom Catherine Ashton - Predsednik Republike Kosovo - DR. VJOSA OSMANI - SADRIU\",\"isPartOf\":{\"@id\":\"https:\/\/president-ksgov.net\/#website\"},\"primaryImageOfPage\":{\"@id\":\"https:\/\/president-ksgov.net\/presidentja-atifete-jahjaga-u-takua-me-baroneshen-catherine-ashton\/#primaryimage\"},\"image\":{\"@id\":\"https:\/\/president-ksgov.net\/presidentja-atifete-jahjaga-u-takua-me-baroneshen-catherine-ashton\/#primaryimage\"},\"thumbnailUrl\":\"https:\/\/president-ksgov.net\/wp-content\/uploads\/JAHJAGA-ASHTON_01_resize.jpg\",\"datePublished\":\"2011-09-06T14:21:47+00:00\",\"dateModified\":\"2011-09-06T14:21:47+00:00\",\"author\":{\"@id\":\"https:\/\/president-ksgov.net\/#\/schema\/person\/bb4337a5fb147cb2046d80548172cbee\"},\"description\":\"Predsednica Atifete Jahjaga susrela se sa u barunicom Catherine Ashton - Predsednik Republike Kosovo - DR. VJOSA OSMANI - SADRIU -\",\"breadcrumb\":{\"@id\":\"https:\/\/president-ksgov.net\/presidentja-atifete-jahjaga-u-takua-me-baroneshen-catherine-ashton\/#breadcrumb\"},\"inLanguage\":\"sr-RS\",\"potentialAction\":[{\"@type\":\"ReadAction\",\"target\":[\"https:\/\/president-ksgov.net\/presidentja-atifete-jahjaga-u-takua-me-baroneshen-catherine-ashton\/\"]}]},{\"@type\":\"ImageObject\",\"inLanguage\":\"sr-RS\",\"@id\":\"https:\/\/president-ksgov.net\/presidentja-atifete-jahjaga-u-takua-me-baroneshen-catherine-ashton\/#primaryimage\",\"url\":\"https:\/\/president-ksgov.net\/wp-content\/uploads\/JAHJAGA-ASHTON_01_resize.jpg\",\"contentUrl\":\"https:\/\/president-ksgov.net\/wp-content\/uploads\/JAHJAGA-ASHTON_01_resize.jpg\",\"width\":800,\"height\":533},{\"@type\":\"BreadcrumbList\",\"@id\":\"https:\/\/president-ksgov.net\/presidentja-atifete-jahjaga-u-takua-me-baroneshen-catherine-ashton\/#breadcrumb\",\"itemListElement\":[{\"@type\":\"ListItem\",\"position\":1,\"name\":\"Home\",\"item\":\"https:\/\/president-ksgov.net\/sr\/\"},{\"@type\":\"ListItem\",\"position\":2,\"name\":\"Predsednica Atifete Jahjaga susrela se sa u barunicom Catherine Ashton\"}]},{\"@type\":\"WebSite\",\"@id\":\"https:\/\/president-ksgov.net\/#website\",\"url\":\"https:\/\/president-ksgov.net\/\",\"name\":\"Presidente e Republik\u00ebs s\u00eb Kosov\u00ebs\",\"description\":\"Presidente e Republik\u00ebs s\u00eb Kosov\u00ebs\",\"alternateName\":\"DR. VJOSA OSMANI - SADRIU\",\"potentialAction\":[{\"@type\":\"SearchAction\",\"target\":{\"@type\":\"EntryPoint\",\"urlTemplate\":\"https:\/\/president-ksgov.net\/?s={search_term_string}\"},\"query-input\":{\"@type\":\"PropertyValueSpecification\",\"valueRequired\":true,\"valueName\":\"search_term_string\"}}],\"inLanguage\":\"sr-RS\"},{\"@type\":\"Person\",\"@id\":\"https:\/\/president-ksgov.net\/#\/schema\/person\/bb4337a5fb147cb2046d80548172cbee\",\"name\":\"admin\",\"image\":{\"@type\":\"ImageObject\",\"inLanguage\":\"sr-RS\",\"@id\":\"https:\/\/president-ksgov.net\/#\/schema\/person\/image\/\",\"url\":\"https:\/\/secure.gravatar.com\/avatar\/36156ca0fa3b8d9d25174f146e16beea0cf28f37adf1b9e19b6c9c279a7c9dd3?s=96&d=mm&r=g\",\"contentUrl\":\"https:\/\/secure.gravatar.com\/avatar\/36156ca0fa3b8d9d25174f146e16beea0cf28f37adf1b9e19b6c9c279a7c9dd3?s=96&d=mm&r=g\",\"caption\":\"admin\"},\"sameAs\":[\"https:\/\/president-ksgov.net\"]}]}<\/script>\n<!-- \/ Yoast SEO plugin. -->","yoast_head_json":{"title":"Predsednica Atifete Jahjaga susrela se sa u barunicom Catherine Ashton - Predsednik Republike Kosovo - DR. VJOSA OSMANI - SADRIU","description":"Predsednica Atifete Jahjaga susrela se sa u barunicom Catherine Ashton - Predsednik Republike Kosovo - DR. VJOSA OSMANI - SADRIU -","robots":{"index":"index","follow":"follow","max-snippet":"max-snippet:-1","max-image-preview":"max-image-preview:large","max-video-preview":"max-video-preview:-1"},"canonical":"https:\/\/president-ksgov.net\/presidentja-atifete-jahjaga-u-takua-me-baroneshen-catherine-ashton\/","og_locale":"sr_RS","og_type":"article","og_title":"Predsednica Atifete Jahjaga susrela se sa u barunicom Catherine Ashton - Predsednik Republike Kosovo - DR. VJOSA OSMANI - SADRIU","og_description":"Predsednica Atifete Jahjaga susrela se sa u barunicom Catherine Ashton - Predsednik Republike Kosovo - DR. VJOSA OSMANI - SADRIU -","og_url":"https:\/\/president-ksgov.net\/presidentja-atifete-jahjaga-u-takua-me-baroneshen-catherine-ashton\/","og_site_name":"Predsednik Republike Kosovo - DR. VJOSA OSMANI - SADRIU","article_published_time":"2011-09-06T14:21:47+00:00","og_image":[{"width":800,"height":533,"url":"https:\/\/president-ksgov.net\/wp-content\/uploads\/JAHJAGA-ASHTON_01_resize.jpg","type":"image\/jpeg"}],"author":"admin","twitter_card":"summary_large_image","twitter_misc":{"\u041d\u0430\u043f\u0438\u0441\u0430\u043d\u043e \u043e\u0434":"admin","\u041f\u0440\u043e\u0446\u0435\u045a\u0435\u043d\u043e \u0432\u0440\u0435\u043c\u0435 \u0447\u0438\u0442\u0430\u045a\u0430":"2 \u043c\u0438\u043d\u0443\u0442\u0430"},"schema":{"@context":"https:\/\/schema.org","@graph":[{"@type":"WebPage","@id":"https:\/\/president-ksgov.net\/presidentja-atifete-jahjaga-u-takua-me-baroneshen-catherine-ashton\/","url":"https:\/\/president-ksgov.net\/presidentja-atifete-jahjaga-u-takua-me-baroneshen-catherine-ashton\/","name":"Predsednica Atifete Jahjaga susrela se sa u barunicom Catherine Ashton - Predsednik Republike Kosovo - DR. VJOSA OSMANI - SADRIU","isPartOf":{"@id":"https:\/\/president-ksgov.net\/#website"},"primaryImageOfPage":{"@id":"https:\/\/president-ksgov.net\/presidentja-atifete-jahjaga-u-takua-me-baroneshen-catherine-ashton\/#primaryimage"},"image":{"@id":"https:\/\/president-ksgov.net\/presidentja-atifete-jahjaga-u-takua-me-baroneshen-catherine-ashton\/#primaryimage"},"thumbnailUrl":"https:\/\/president-ksgov.net\/wp-content\/uploads\/JAHJAGA-ASHTON_01_resize.jpg","datePublished":"2011-09-06T14:21:47+00:00","dateModified":"2011-09-06T14:21:47+00:00","author":{"@id":"https:\/\/president-ksgov.net\/#\/schema\/person\/bb4337a5fb147cb2046d80548172cbee"},"description":"Predsednica Atifete Jahjaga susrela se sa u barunicom Catherine Ashton - Predsednik Republike Kosovo - DR. VJOSA OSMANI - SADRIU -","breadcrumb":{"@id":"https:\/\/president-ksgov.net\/presidentja-atifete-jahjaga-u-takua-me-baroneshen-catherine-ashton\/#breadcrumb"},"inLanguage":"sr-RS","potentialAction":[{"@type":"ReadAction","target":["https:\/\/president-ksgov.net\/presidentja-atifete-jahjaga-u-takua-me-baroneshen-catherine-ashton\/"]}]},{"@type":"ImageObject","inLanguage":"sr-RS","@id":"https:\/\/president-ksgov.net\/presidentja-atifete-jahjaga-u-takua-me-baroneshen-catherine-ashton\/#primaryimage","url":"https:\/\/president-ksgov.net\/wp-content\/uploads\/JAHJAGA-ASHTON_01_resize.jpg","contentUrl":"https:\/\/president-ksgov.net\/wp-content\/uploads\/JAHJAGA-ASHTON_01_resize.jpg","width":800,"height":533},{"@type":"BreadcrumbList","@id":"https:\/\/president-ksgov.net\/presidentja-atifete-jahjaga-u-takua-me-baroneshen-catherine-ashton\/#breadcrumb","itemListElement":[{"@type":"ListItem","position":1,"name":"Home","item":"https:\/\/president-ksgov.net\/sr\/"},{"@type":"ListItem","position":2,"name":"Predsednica Atifete Jahjaga susrela se sa u barunicom Catherine Ashton"}]},{"@type":"WebSite","@id":"https:\/\/president-ksgov.net\/#website","url":"https:\/\/president-ksgov.net\/","name":"Presidente e Republik\u00ebs s\u00eb Kosov\u00ebs","description":"Presidente e Republik\u00ebs s\u00eb Kosov\u00ebs","alternateName":"DR. VJOSA OSMANI - SADRIU","potentialAction":[{"@type":"SearchAction","target":{"@type":"EntryPoint","urlTemplate":"https:\/\/president-ksgov.net\/?s={search_term_string}"},"query-input":{"@type":"PropertyValueSpecification","valueRequired":true,"valueName":"search_term_string"}}],"inLanguage":"sr-RS"},{"@type":"Person","@id":"https:\/\/president-ksgov.net\/#\/schema\/person\/bb4337a5fb147cb2046d80548172cbee","name":"admin","image":{"@type":"ImageObject","inLanguage":"sr-RS","@id":"https:\/\/president-ksgov.net\/#\/schema\/person\/image\/","url":"https:\/\/secure.gravatar.com\/avatar\/36156ca0fa3b8d9d25174f146e16beea0cf28f37adf1b9e19b6c9c279a7c9dd3?s=96&d=mm&r=g","contentUrl":"https:\/\/secure.gravatar.com\/avatar\/36156ca0fa3b8d9d25174f146e16beea0cf28f37adf1b9e19b6c9c279a7c9dd3?s=96&d=mm&r=g","caption":"admin"},"sameAs":["https:\/\/president-ksgov.net"]}]}},"_links":{"self":[{"href":"https:\/\/president-ksgov.net\/sr\/wp-json\/wp\/v2\/posts\/79440","targetHints":{"allow":["GET"]}}],"collection":[{"href":"https:\/\/president-ksgov.net\/sr\/wp-json\/wp\/v2\/posts"}],"about":[{"href":"https:\/\/president-ksgov.net\/sr\/wp-json\/wp\/v2\/types\/post"}],"author":[{"embeddable":true,"href":"https:\/\/president-ksgov.net\/sr\/wp-json\/wp\/v2\/users\/1"}],"replies":[{"embeddable":true,"href":"https:\/\/president-ksgov.net\/sr\/wp-json\/wp\/v2\/comments?post=79440"}],"version-history":[{"count":0,"href":"https:\/\/president-ksgov.net\/sr\/wp-json\/wp\/v2\/posts\/79440\/revisions"}],"wp:featuredmedia":[{"embeddable":true,"href":"https:\/\/president-ksgov.net\/sr\/wp-json\/wp\/v2\/media\/59559"}],"wp:attachment":[{"href":"https:\/\/president-ksgov.net\/sr\/wp-json\/wp\/v2\/media?parent=79440"}],"wp:term":[{"taxonomy":"category","embeddable":true,"href":"https:\/\/president-ksgov.net\/sr\/wp-json\/wp\/v2\/categories?post=79440"},{"taxonomy":"post_tag","embeddable":true,"href":"https:\/\/president-ksgov.net\/sr\/wp-json\/wp\/v2\/tags?post=79440"}],"curies":[{"name":"wp","href":"https:\/\/api.w.org\/{rel}","templated":true}]}}