{"id":79438,"date":"2011-09-07T15:16:28","date_gmt":"2011-09-07T15:16:28","guid":{"rendered":"https:\/\/dev.president-ksgov.net\/predsednica-jahjaga-susrela-se-sa-predsednikom-evropskog-parlamneta-g-dinom-jerzy-buzek\/"},"modified":"2011-09-07T15:16:28","modified_gmt":"2011-09-07T15:16:28","slug":"predsednica-jahjaga-susrela-se-sa-predsednikom-evropskog-parlamneta-g-dinom-jerzy-buzek","status":"publish","type":"post","link":"https:\/\/president-ksgov.net\/sr\/predsednica-jahjaga-susrela-se-sa-predsednikom-evropskog-parlamneta-g-dinom-jerzy-buzek\/","title":{"rendered":"Predsednica Jahjaga susrela se sa predsednikom Evropskog Parlamneta g-dinom Jerzy Buzek"},"content":{"rendered":"<p>Predsednica Jahjaga, susrela se i sa  predsednikom Evropskog Parlamenta  g-dinom Jerzy Buzekom.<\/p>\n<p>(Predsednica Jahjaga se pojavila i u Komisiju za spoljne poslove Evropskog Parlamenta. Predsednica je organizovala ve\u010deru\u00a0 za\u00a0 evroparlamentarce. <\/p>\n<p>Predsednica Jahjaga posetila je Ambasadu Republike Kosova u Briselu).<\/p>\n<p>Predsednica Republike Kosova, g-\u0111a Atifete Jahjaga, u toku zvani\u010dne posete u Briselu, sino\u0107 se\u00a0 susrela sa predsednikom Evropskog Parlamenta, Jerzyjem\u00a0 Buzekom.<\/p>\n<p>Predsednik Buzek je rekao da je zadovoljan posetom najvi&#353;eg dr&#382;avnog nivoa Kosova i istakao je svoju podr&#353;ku.<\/p>\n<p>On je rekao da budu\u0107nost Kosova je u EU, jer je evropska zemlja i istakao je da \u0107e Kosovo imati jasnu agendu integracija i dijaloga za liberalizaciju viza.<\/p>\n<p>Predsednik Buzek je rekao da Evropski Parlament ima proceduralnih pote&#353;ko\u0107a jer Kosovo jo&#353; nisu priznale pet zemlje EU i procedure odlu\u010divanja su takva da Parlament samo poziva i potsti\u010de zemlje da priznaju nezavisnost Kosova, one su suverene i same odlu\u010duju.<\/p>\n<p>Predsednik Paralmenta Evrope je rekao da Kosovo nije ostalo izolovano i da institucija koju on vodi druga\u010dije se pona&#353;a sa zemljama sa kojima se ne sla&#382;e, ne susre\u0107e se sa parlamentarcima i visokim zvani\u010dnicima\u00a0 i ne vr&#353;i posete zvani\u010dnog karaktera. <\/p>\n<p>On je rekao da su na Kosovu prisutne evropske institucije koje poma&#382;u u svim procesima i izrazio je spremnost predsednici Jahjaga za pripremu Kosova na evropskom putu.<\/p>\n<p>Nakon susreta, predsednik Buzek i predsednica Jahjaga dali su izjave pred mno&#353;tvo medija koje prate posetu predsednice Jahjaga u Briselu.<\/p>\n<p>Predsednica Jahjaga je rekla da je informisala predsednika Parlamenta Evrope, g-dina Jerzy Buzeka o procesu parlamentarnih izbora, o vladinoj koaliciji i o izboru predsednice, o ustavnim promenama i izmenama u izbornom sistemu u funkciji unapre\u0111ivanja demokratskih procesa, po&#353;tenih i fer izbora, uticaja gra\u0111ana na izborni proces kao i o parlamentarnoj kontroli vlasti.<\/p>\n<p>Ona je rekla da je od g-dina Buzek tra&#382;ila da Kosovo dobije putokaz za liberalizaciju viza i da ima jasan put \u010dlanstva u EU.<\/p>\n<p>Kosovo kao zemlja i narod je deo Evrope i pripada evropskoj civilizaciji i da prijem Kosova u \u0107lansvu EU je jedina perspektiva koju vide svi gra\u0111ani Republike Kosova, bez razlike na etni\u010dku, versku, rasnu ili drugu pripadnost, rekla je predsednica Jahjaga. <\/p>\n<p>Ona je isto tako izrazila svoje zahvalnosti g-dinu Buzeku za anga&#382;man i pomo\u0107 EU Kosovu u izgradnji kapaciteta vlasti na centralnom i lokalnom nivou, a posebno u parlamentarnom &#382;ivotu i u procesu demokratizacije.<\/p>\n<p>Predsednica Jahjaga je rekla da Kosovo procesom decentralizacije ispunila obaveze i kao zadatak, ali pre svega kao ube\u0111enje, o jednakim pravima za sve\u00a0 etni\u010dke zajednice, posebno za Srpsku zajednicu, koja je predstavljena na lokalnom i centralnom nivou-u Skup&#353;tini i Vladi Republike Kosova.<\/p>\n<p>Kosovo je izgra\u0111eno kao gra\u0111anska dr&#382;ava i na taji na\u010din spre\u010dava tendencije za etni\u010dke podele kao i zahteve Srbije za podelu Kosova ciljaju\u0107i na teritoriju severno od reke Ibar ili za razmenu teritorija izme\u0111u Kosova i Srbije\u00a0 na linijama etni\u010dkih granica, nastavila je ona.<\/p>\n<p>Predsednica Jahjaga je rekla da \u010dlanstvo Republike Kosova i Republike Srbije u EU re&#353;ilo bi ove kontradikcije i omogu\u0107ilo bi da\u00a0 se oba naroda i obe zemlje uzajamno poma&#382;u, pomagaju\u0107i svojim etni\u010dkim zajednicama u doti\u010dnim zemljama.<\/p>\n<p>Izjavila sam g-dinu Buzeku da ja kao predsednica Republike Kosova, ali i ostali rukovodioci Kosova spremni\u00a0 smo da se susretnemo sa predstavnicima Republike Srbije bilo kada i bilo gde u svetu, kao nosioci legitimiteta na&#353;ih zemalja i diskutova\u0107emo po svim pitanima, po&#353;tuju\u0107i suverenitet, teritorijalni integritet i po&#353;tuju\u0107i ispravna i recipro\u010dna re&#353;enja zasnivana na Evropskim zakonima i standardima, rekla je predsednica Jahjaga.<\/p>\n<p>Republika Kosovo i njena nezavisnost su realnost koja je donela mir i stabilnost u regiji i nepovratan i je proces o kom se ne negocira sa nikim. Jasna Evropska perspektiva svih zemalja EU efikasno bi zaokru&#382;io proces Evrpskih integracija i obezbedio bi ekonomski razvoj, koji bi bio zna\u010dajan i unapredio bi demokratske procese i vladavinu zakona, parlamentarnu kontrolu vlade, zavr&#353;ila je predsednica Atifete Jahjaga.<\/p>\n<p>*****<\/p>\n<p>Predsednica Jahjaga se pojavila i u Komisiji za spoljne poslove Parlamenta Evrope.<\/p>\n<p>Predsednica Republike Kosova, g-\u0111a Atifete Jahjaga odr&#382;ala je govor u Komisiji za spoljne poslove Parlamenta Evrope, gde su bili prisutni\u00a0 i predstavnici Delegacije za Jugo-isto\u0107nu Evropu, ona je govorila o stanju na Kosovu i o putu Kosova ka evro-atlantskih integracija.<\/p>\n<p>Sala Parlamenta Evrope je bila puna sa poslanicima svih stranaka i gostima, predsednica je odgovorila na niz pitanja oko dijaloga sa Srbijom, oko strategije za priznavanje od pet zemalja EU, o organizovanom krimnalu i korupciju, o u\u010dlanjenju\u00a0 Kosova u me\u0111unarodnim organizacijama, o imunitetu poslanika, o polo&#382;aju Srba na Kosovu, o Planu presidenta Ahtisari i njegovom sprovo\u0111enju, o predlozima za podelu Kosova i za razmenu teritorija, itd.<\/p>\n<p>Poznavaoci takvih susreta ka&#382;u da do sada nije se desilo da sala susreta bude krcata,\u00a0 da nije bilo tolikog interesa medija,\u00a0\u00a0 da poslanici aplaudiraju nakon re\u0107i predsednice i na kraju susreta da dolaze i pozdravljaju sa njom.<\/p>\n<p>*****<br \/>\n\u00a0<br \/>\nPredsednica je priredila ve\u0107eru za evroparlamentarce <\/p>\n<p>Predsednica Republike Kosova, g-\u0111a Atifete Jahjaga, priredila je ve\u010deru za grupu evroparlamentaraca iz svih stranaka. Ve\u010dera je tekla u prijateljskoj\u00a0 atmosferi u toku koje se konkretno govorilo o nalasku prakti\u0107nih puteva za &#353;to brzu integraciju Kosova u evro-atlantskim strukturama, govorilo se o demokratizaciji Kosova, o procesu Ustavnih promena izbornog sistema, o ekonomskom razvoju itd.<\/p>\n<p>Poslanici su predsednici Kosova dali podr&#353;ku i pru&#382;ili pomo\u0107 za bolje upravljanje i za razvoj demokratskih procesa kao i pru&#382;ali konkretnu pomo\u0107 za priznavanje Kosova od zemalja koje to jo&#353; uvek nisu u\u010dinile.<\/p>\n<p>*****<\/p>\n<p>Predsednica Jahjaga je posetila Ambasadu Republike Kosova u Briselu<\/p>\n<p>Predsednica Republike Kosova, g-\u0111a Atifete Jahjaga, posetila je Ambasadu Republike Kosova u Briselu, koja je sme&#353;tena u novoj zgradi.<\/p>\n<p>Ona je do\u010dekana od ambasadora Ilir Dugolli zajedno sa diplomatskim i konzularnim osobljem ambasade i informisao je o toku radova za renoviranje zgrade ambasade, o organizovanju rada i o aktivnostima koje odvija ovo diplomatsko predstavni&#353;tvo Kosova u Briselu.<\/p>\n","protected":false},"excerpt":{"rendered":"<p>Predsednica Jahjaga, susrela se i sa  predsednikom Evropskog Parlamenta  g-dinom Jerzy Buzekom.<\/p>\n","protected":false},"author":1,"featured_media":59488,"comment_status":"open","ping_status":"closed","sticky":false,"template":"","format":"standard","meta":{"_eb_attr":"","footnotes":""},"categories":[101],"tags":[],"class_list":["post-79438","post","type-post","status-publish","format-standard","has-post-thumbnail","hentry","category-vesti"],"yoast_head":"<!-- This site is optimized with the Yoast SEO plugin v23.5 - https:\/\/yoast.com\/wordpress\/plugins\/seo\/ -->\n<title>Predsednica Jahjaga susrela se sa predsednikom Evropskog Parlamneta g-dinom Jerzy Buzek - Predsednik Republike Kosovo - DR. VJOSA OSMANI - SADRIU<\/title>\n<meta name=\"description\" content=\"Predsednica Jahjaga susrela se sa predsednikom Evropskog Parlamneta g-dinom Jerzy Buzek - Predsednik Republike Kosovo - DR. VJOSA OSMANI - SADRIU -\" \/>\n<meta name=\"robots\" content=\"index, follow, max-snippet:-1, max-image-preview:large, max-video-preview:-1\" \/>\n<link rel=\"canonical\" href=\"https:\/\/president-ksgov.net\/presidentja-jahjaga-u-takua-me-presidentin-e-parlamentit-evropian-jerzy-buzek\/\" \/>\n<meta property=\"og:locale\" content=\"sr_RS\" \/>\n<meta property=\"og:type\" content=\"article\" \/>\n<meta property=\"og:title\" content=\"Predsednica Jahjaga susrela se sa predsednikom Evropskog Parlamneta g-dinom Jerzy Buzek - Predsednik Republike Kosovo - DR. VJOSA OSMANI - SADRIU\" \/>\n<meta property=\"og:description\" content=\"Predsednica Jahjaga susrela se sa predsednikom Evropskog Parlamneta g-dinom Jerzy Buzek - Predsednik Republike Kosovo - DR. VJOSA OSMANI - SADRIU -\" \/>\n<meta property=\"og:url\" content=\"https:\/\/president-ksgov.net\/presidentja-jahjaga-u-takua-me-presidentin-e-parlamentit-evropian-jerzy-buzek\/\" \/>\n<meta property=\"og:site_name\" content=\"Predsednik Republike Kosovo - DR. VJOSA OSMANI - SADRIU\" \/>\n<meta property=\"article:published_time\" content=\"2011-09-07T15:16:28+00:00\" \/>\n<meta property=\"og:image\" content=\"https:\/\/president-ksgov.net\/wp-content\/uploads\/JAHJAGA-BUZEK_01.jpg\" \/>\n\t<meta property=\"og:image:width\" content=\"800\" \/>\n\t<meta property=\"og:image:height\" content=\"533\" \/>\n\t<meta property=\"og:image:type\" content=\"image\/jpeg\" \/>\n<meta name=\"author\" content=\"admin\" \/>\n<meta name=\"twitter:card\" content=\"summary_large_image\" \/>\n<meta name=\"twitter:label1\" content=\"\u041d\u0430\u043f\u0438\u0441\u0430\u043d\u043e \u043e\u0434\" \/>\n\t<meta name=\"twitter:data1\" content=\"admin\" \/>\n\t<meta name=\"twitter:label2\" content=\"\u041f\u0440\u043e\u0446\u0435\u045a\u0435\u043d\u043e \u0432\u0440\u0435\u043c\u0435 \u0447\u0438\u0442\u0430\u045a\u0430\" \/>\n\t<meta name=\"twitter:data2\" content=\"5 \u043c\u0438\u043d\u0443\u0442\u0430\" \/>\n<script type=\"application\/ld+json\" class=\"yoast-schema-graph\">{\"@context\":\"https:\/\/schema.org\",\"@graph\":[{\"@type\":\"WebPage\",\"@id\":\"https:\/\/president-ksgov.net\/presidentja-jahjaga-u-takua-me-presidentin-e-parlamentit-evropian-jerzy-buzek\/\",\"url\":\"https:\/\/president-ksgov.net\/presidentja-jahjaga-u-takua-me-presidentin-e-parlamentit-evropian-jerzy-buzek\/\",\"name\":\"Predsednica Jahjaga susrela se sa predsednikom Evropskog Parlamneta g-dinom Jerzy Buzek - Predsednik Republike Kosovo - DR. VJOSA OSMANI - SADRIU\",\"isPartOf\":{\"@id\":\"https:\/\/president-ksgov.net\/#website\"},\"primaryImageOfPage\":{\"@id\":\"https:\/\/president-ksgov.net\/presidentja-jahjaga-u-takua-me-presidentin-e-parlamentit-evropian-jerzy-buzek\/#primaryimage\"},\"image\":{\"@id\":\"https:\/\/president-ksgov.net\/presidentja-jahjaga-u-takua-me-presidentin-e-parlamentit-evropian-jerzy-buzek\/#primaryimage\"},\"thumbnailUrl\":\"https:\/\/president-ksgov.net\/wp-content\/uploads\/JAHJAGA-BUZEK_01.jpg\",\"datePublished\":\"2011-09-07T15:16:28+00:00\",\"dateModified\":\"2011-09-07T15:16:28+00:00\",\"author\":{\"@id\":\"https:\/\/president-ksgov.net\/#\/schema\/person\/bb4337a5fb147cb2046d80548172cbee\"},\"description\":\"Predsednica Jahjaga susrela se sa predsednikom Evropskog Parlamneta g-dinom Jerzy Buzek - Predsednik Republike Kosovo - DR. VJOSA OSMANI - SADRIU -\",\"breadcrumb\":{\"@id\":\"https:\/\/president-ksgov.net\/presidentja-jahjaga-u-takua-me-presidentin-e-parlamentit-evropian-jerzy-buzek\/#breadcrumb\"},\"inLanguage\":\"sr-RS\",\"potentialAction\":[{\"@type\":\"ReadAction\",\"target\":[\"https:\/\/president-ksgov.net\/presidentja-jahjaga-u-takua-me-presidentin-e-parlamentit-evropian-jerzy-buzek\/\"]}]},{\"@type\":\"ImageObject\",\"inLanguage\":\"sr-RS\",\"@id\":\"https:\/\/president-ksgov.net\/presidentja-jahjaga-u-takua-me-presidentin-e-parlamentit-evropian-jerzy-buzek\/#primaryimage\",\"url\":\"https:\/\/president-ksgov.net\/wp-content\/uploads\/JAHJAGA-BUZEK_01.jpg\",\"contentUrl\":\"https:\/\/president-ksgov.net\/wp-content\/uploads\/JAHJAGA-BUZEK_01.jpg\",\"width\":800,\"height\":533},{\"@type\":\"BreadcrumbList\",\"@id\":\"https:\/\/president-ksgov.net\/presidentja-jahjaga-u-takua-me-presidentin-e-parlamentit-evropian-jerzy-buzek\/#breadcrumb\",\"itemListElement\":[{\"@type\":\"ListItem\",\"position\":1,\"name\":\"Home\",\"item\":\"https:\/\/president-ksgov.net\/sr\/\"},{\"@type\":\"ListItem\",\"position\":2,\"name\":\"Predsednica Jahjaga susrela se sa predsednikom Evropskog Parlamneta g-dinom Jerzy Buzek\"}]},{\"@type\":\"WebSite\",\"@id\":\"https:\/\/president-ksgov.net\/#website\",\"url\":\"https:\/\/president-ksgov.net\/\",\"name\":\"Presidente e Republik\u00ebs s\u00eb Kosov\u00ebs\",\"description\":\"Presidente e Republik\u00ebs s\u00eb Kosov\u00ebs\",\"alternateName\":\"DR. VJOSA OSMANI - SADRIU\",\"potentialAction\":[{\"@type\":\"SearchAction\",\"target\":{\"@type\":\"EntryPoint\",\"urlTemplate\":\"https:\/\/president-ksgov.net\/?s={search_term_string}\"},\"query-input\":{\"@type\":\"PropertyValueSpecification\",\"valueRequired\":true,\"valueName\":\"search_term_string\"}}],\"inLanguage\":\"sr-RS\"},{\"@type\":\"Person\",\"@id\":\"https:\/\/president-ksgov.net\/#\/schema\/person\/bb4337a5fb147cb2046d80548172cbee\",\"name\":\"admin\",\"image\":{\"@type\":\"ImageObject\",\"inLanguage\":\"sr-RS\",\"@id\":\"https:\/\/president-ksgov.net\/#\/schema\/person\/image\/\",\"url\":\"https:\/\/secure.gravatar.com\/avatar\/36156ca0fa3b8d9d25174f146e16beea0cf28f37adf1b9e19b6c9c279a7c9dd3?s=96&d=mm&r=g\",\"contentUrl\":\"https:\/\/secure.gravatar.com\/avatar\/36156ca0fa3b8d9d25174f146e16beea0cf28f37adf1b9e19b6c9c279a7c9dd3?s=96&d=mm&r=g\",\"caption\":\"admin\"},\"sameAs\":[\"https:\/\/president-ksgov.net\"]}]}<\/script>\n<!-- \/ Yoast SEO plugin. -->","yoast_head_json":{"title":"Predsednica Jahjaga susrela se sa predsednikom Evropskog Parlamneta g-dinom Jerzy Buzek - Predsednik Republike Kosovo - DR. VJOSA OSMANI - SADRIU","description":"Predsednica Jahjaga susrela se sa predsednikom Evropskog Parlamneta g-dinom Jerzy Buzek - Predsednik Republike Kosovo - DR. VJOSA OSMANI - SADRIU -","robots":{"index":"index","follow":"follow","max-snippet":"max-snippet:-1","max-image-preview":"max-image-preview:large","max-video-preview":"max-video-preview:-1"},"canonical":"https:\/\/president-ksgov.net\/presidentja-jahjaga-u-takua-me-presidentin-e-parlamentit-evropian-jerzy-buzek\/","og_locale":"sr_RS","og_type":"article","og_title":"Predsednica Jahjaga susrela se sa predsednikom Evropskog Parlamneta g-dinom Jerzy Buzek - Predsednik Republike Kosovo - DR. VJOSA OSMANI - SADRIU","og_description":"Predsednica Jahjaga susrela se sa predsednikom Evropskog Parlamneta g-dinom Jerzy Buzek - Predsednik Republike Kosovo - DR. VJOSA OSMANI - SADRIU -","og_url":"https:\/\/president-ksgov.net\/presidentja-jahjaga-u-takua-me-presidentin-e-parlamentit-evropian-jerzy-buzek\/","og_site_name":"Predsednik Republike Kosovo - DR. VJOSA OSMANI - SADRIU","article_published_time":"2011-09-07T15:16:28+00:00","og_image":[{"width":800,"height":533,"url":"https:\/\/president-ksgov.net\/wp-content\/uploads\/JAHJAGA-BUZEK_01.jpg","type":"image\/jpeg"}],"author":"admin","twitter_card":"summary_large_image","twitter_misc":{"\u041d\u0430\u043f\u0438\u0441\u0430\u043d\u043e \u043e\u0434":"admin","\u041f\u0440\u043e\u0446\u0435\u045a\u0435\u043d\u043e \u0432\u0440\u0435\u043c\u0435 \u0447\u0438\u0442\u0430\u045a\u0430":"5 \u043c\u0438\u043d\u0443\u0442\u0430"},"schema":{"@context":"https:\/\/schema.org","@graph":[{"@type":"WebPage","@id":"https:\/\/president-ksgov.net\/presidentja-jahjaga-u-takua-me-presidentin-e-parlamentit-evropian-jerzy-buzek\/","url":"https:\/\/president-ksgov.net\/presidentja-jahjaga-u-takua-me-presidentin-e-parlamentit-evropian-jerzy-buzek\/","name":"Predsednica Jahjaga susrela se sa predsednikom Evropskog Parlamneta g-dinom Jerzy Buzek - Predsednik Republike Kosovo - DR. VJOSA OSMANI - SADRIU","isPartOf":{"@id":"https:\/\/president-ksgov.net\/#website"},"primaryImageOfPage":{"@id":"https:\/\/president-ksgov.net\/presidentja-jahjaga-u-takua-me-presidentin-e-parlamentit-evropian-jerzy-buzek\/#primaryimage"},"image":{"@id":"https:\/\/president-ksgov.net\/presidentja-jahjaga-u-takua-me-presidentin-e-parlamentit-evropian-jerzy-buzek\/#primaryimage"},"thumbnailUrl":"https:\/\/president-ksgov.net\/wp-content\/uploads\/JAHJAGA-BUZEK_01.jpg","datePublished":"2011-09-07T15:16:28+00:00","dateModified":"2011-09-07T15:16:28+00:00","author":{"@id":"https:\/\/president-ksgov.net\/#\/schema\/person\/bb4337a5fb147cb2046d80548172cbee"},"description":"Predsednica Jahjaga susrela se sa predsednikom Evropskog Parlamneta g-dinom Jerzy Buzek - Predsednik Republike Kosovo - DR. VJOSA OSMANI - SADRIU -","breadcrumb":{"@id":"https:\/\/president-ksgov.net\/presidentja-jahjaga-u-takua-me-presidentin-e-parlamentit-evropian-jerzy-buzek\/#breadcrumb"},"inLanguage":"sr-RS","potentialAction":[{"@type":"ReadAction","target":["https:\/\/president-ksgov.net\/presidentja-jahjaga-u-takua-me-presidentin-e-parlamentit-evropian-jerzy-buzek\/"]}]},{"@type":"ImageObject","inLanguage":"sr-RS","@id":"https:\/\/president-ksgov.net\/presidentja-jahjaga-u-takua-me-presidentin-e-parlamentit-evropian-jerzy-buzek\/#primaryimage","url":"https:\/\/president-ksgov.net\/wp-content\/uploads\/JAHJAGA-BUZEK_01.jpg","contentUrl":"https:\/\/president-ksgov.net\/wp-content\/uploads\/JAHJAGA-BUZEK_01.jpg","width":800,"height":533},{"@type":"BreadcrumbList","@id":"https:\/\/president-ksgov.net\/presidentja-jahjaga-u-takua-me-presidentin-e-parlamentit-evropian-jerzy-buzek\/#breadcrumb","itemListElement":[{"@type":"ListItem","position":1,"name":"Home","item":"https:\/\/president-ksgov.net\/sr\/"},{"@type":"ListItem","position":2,"name":"Predsednica Jahjaga susrela se sa predsednikom Evropskog Parlamneta g-dinom Jerzy Buzek"}]},{"@type":"WebSite","@id":"https:\/\/president-ksgov.net\/#website","url":"https:\/\/president-ksgov.net\/","name":"Presidente e Republik\u00ebs s\u00eb Kosov\u00ebs","description":"Presidente e Republik\u00ebs s\u00eb Kosov\u00ebs","alternateName":"DR. VJOSA OSMANI - SADRIU","potentialAction":[{"@type":"SearchAction","target":{"@type":"EntryPoint","urlTemplate":"https:\/\/president-ksgov.net\/?s={search_term_string}"},"query-input":{"@type":"PropertyValueSpecification","valueRequired":true,"valueName":"search_term_string"}}],"inLanguage":"sr-RS"},{"@type":"Person","@id":"https:\/\/president-ksgov.net\/#\/schema\/person\/bb4337a5fb147cb2046d80548172cbee","name":"admin","image":{"@type":"ImageObject","inLanguage":"sr-RS","@id":"https:\/\/president-ksgov.net\/#\/schema\/person\/image\/","url":"https:\/\/secure.gravatar.com\/avatar\/36156ca0fa3b8d9d25174f146e16beea0cf28f37adf1b9e19b6c9c279a7c9dd3?s=96&d=mm&r=g","contentUrl":"https:\/\/secure.gravatar.com\/avatar\/36156ca0fa3b8d9d25174f146e16beea0cf28f37adf1b9e19b6c9c279a7c9dd3?s=96&d=mm&r=g","caption":"admin"},"sameAs":["https:\/\/president-ksgov.net"]}]}},"_links":{"self":[{"href":"https:\/\/president-ksgov.net\/sr\/wp-json\/wp\/v2\/posts\/79438","targetHints":{"allow":["GET"]}}],"collection":[{"href":"https:\/\/president-ksgov.net\/sr\/wp-json\/wp\/v2\/posts"}],"about":[{"href":"https:\/\/president-ksgov.net\/sr\/wp-json\/wp\/v2\/types\/post"}],"author":[{"embeddable":true,"href":"https:\/\/president-ksgov.net\/sr\/wp-json\/wp\/v2\/users\/1"}],"replies":[{"embeddable":true,"href":"https:\/\/president-ksgov.net\/sr\/wp-json\/wp\/v2\/comments?post=79438"}],"version-history":[{"count":0,"href":"https:\/\/president-ksgov.net\/sr\/wp-json\/wp\/v2\/posts\/79438\/revisions"}],"wp:featuredmedia":[{"embeddable":true,"href":"https:\/\/president-ksgov.net\/sr\/wp-json\/wp\/v2\/media\/59488"}],"wp:attachment":[{"href":"https:\/\/president-ksgov.net\/sr\/wp-json\/wp\/v2\/media?parent=79438"}],"wp:term":[{"taxonomy":"category","embeddable":true,"href":"https:\/\/president-ksgov.net\/sr\/wp-json\/wp\/v2\/categories?post=79438"},{"taxonomy":"post_tag","embeddable":true,"href":"https:\/\/president-ksgov.net\/sr\/wp-json\/wp\/v2\/tags?post=79438"}],"curies":[{"name":"wp","href":"https:\/\/api.w.org\/{rel}","templated":true}]}}