{"id":79426,"date":"2011-09-15T09:08:28","date_gmt":"2011-09-15T09:08:28","guid":{"rendered":"https:\/\/dev.president-ksgov.net\/posle-susreta-predsednice-kosova-i-predsednika-madjarske-odrana-je-konferencija-za-medije\/"},"modified":"2011-09-15T09:08:28","modified_gmt":"2011-09-15T09:08:28","slug":"posle-susreta-predsednice-kosova-i-predsednika-madjarske-odrana-je-konferencija-za-medije","status":"publish","type":"post","link":"https:\/\/president-ksgov.net\/sr\/posle-susreta-predsednice-kosova-i-predsednika-madjarske-odrana-je-konferencija-za-medije\/","title":{"rendered":"Posle susreta predsednice Kosova i predsednika Ma\u0111arske  odr&#158;ana je konferencija za medije"},"content":{"rendered":"<p>Nakon susreta, predsednica Republike Kosova Atifete Jahjaga i predsednik  Ma\u0111arske  Pal Schmitt, odr&#382;ali su zajedni\u010dku konferenciju za medije.<\/p>\n<p>U nastavku donosimo deklaracije i odgovore koje su dali na novinarska pitanja: <\/p>\n<p>Predsednik Pal Schmitt: <\/p>\n<p>Konstatovali smo da imamo veoma dobre\u00a0 prijateljske uzajamne odnose. Mi nastojimo od pre tri godine kada smo priznali nezavisnost Kosova, da stvorene odnose intenziviramo\u00a0 i dalje.<\/p>\n<p>S obzirom da smo veoma pa&#382;ljivo pratili sve procese pribli&#382;avanja zemalja Balkana, me\u0111u njima i Kosova,\u00a0 prema Evropi, spremni smo da pru&#382;amo na&#353;a iskustva u tom pravcu. <\/p>\n<p>Konkretno i tehni\u010dki mi smo na Kosovu da poma&#382;emo u uzdizanju institucija- u sklopu KFOR-a i EULEX-a &#353;to je direktni doprinos pomo\u0107i\u00a0 Kosovu. <\/p>\n<p>Razgovarali smo sa Predsednicom Jahjaga i konstatovali smo da broj od 81 zemlje koje su priznale Kosovo nastavi\u0107e da se pove\u0107a i ja sam jedan od onih koji \u0107e dati doprinos u ovoj veoma zna\u010dajnoj fazi. <\/p>\n<p>Razne zemlje Balkana su u raznim stadijama u procesu evro-atlanskih integracija. Mi smo zainteresovani da Kosovo ne zaostaje u ovom procesu u odnosu na ostale zemlje. <\/p>\n<p>Mi smo se slo&#382;ili sa g-\u0111om predsednicom da ekonomski odnosi ostavljaju mnogo da se po&#382;eli. Mi \u0107emo podsticati\u00a0 ma\u0111arski biznis, da okrene o\u010di i prema Kosovu, da ulazi i na Kosovu kao i u ostalim balkanskim zemljama. <\/p>\n<p>Predsednica Jahjaga :<\/p>\n<p>Moja poseta Republici Ma\u0111arskoj na poziv po&#353;tovanog predsednika Pala Schmitta, ima za cilj da unapredi uzajamne odnose Republike Kosova i Ma\u0111arske. U toku ove posete imala sam mogu\u0107nost da se upoznajem sa ma\u0111arskim iskustvima\u00a0 u izgradnji demokratije, o tranziciji i o izgradnji vi&#353;e partijskog sistema kao i o lak&#353;em prevazila&#382;enju posledica sa pro&#353;losti. <\/p>\n<p>Sa predsednikom Palom Schmittom\u00a0 razgovarali smo o bilateralnim odnosima, posebno o ekonomskoj saradnji i o procesu priznavanja nezavisnosti Kosova i daljem lobiranju kako bi Kosovo u bliskoj budu\u0107nosti bude \u010dlanica OUN-a, \u010dlanica EU i severo-atlantskog saveza &#8211; NATO-a, i da se primi sa punim pravima u \u010dlanstvu me\u0111unarodnih organizacija. <\/p>\n<p>Iskustvo i pomo\u0107 Republike Ma\u0111arske, ima poseban zna\u010daj za moju zemlju. Sa Ma\u0111arskim predsednikom razgovarali smo i o op&#353;tem stanju u regiju a posebno o dijalogu izme\u0111u Republike Kosova i Republike Srbije koji se odr&#382;ava uz posredovanje Evropske zajednice.\u00a0 Dala sam potpunu podr&#353;ku dijalogu, jer je to jedini put kojem obe zemlje, koje su bile u ratu, mogu normalizirati odnose. Dijalog dovodi do dogovora koji se podr&#382;avaju u realiziraju od obe zemlje i imaju za cilj olak&#353;anje &#382;ivota gra\u0111ana sa obe strane granice, omogu\u0107uju\u0107i\u00a0 slobodno kretanje ljudi, razmenu robe uz po&#353;tovanje carina svake zemlje. Republika Kosovo i Republika Srbije u nedalekom periodu priznava\u0107e se me\u0111usobno, uspostavi\u0107e diplomatske\u00a0 odnose kao i potpisa\u0107e me\u0111udr&#382;avne dogovore koje ve\u0107 Kosovo potpisalo sa ostalim susednim zemljama. Za Republiku Kosova &#382;ivotno je zna\u010dajno \u010dlanstvo u Evropskoj zajednici i koristimo prednosti prisustva raznih me\u0111unarodnih misija na Kosovu\u00a0 da bi postizanje standarda i ispunjavanje uslova imaju potrebnu brzinu. <\/p>\n<p>Kosovo ima potrebu za jasan put Evro-atlanskih integracija. U vezi toga, upravo sam bila u jednoj uspe&#353;noj poseti Briselu, gde sam se susrela sa komisionarom Evrope za pro&#353;irenja g-dinom Stefanom Fyele, sa predsednikom saveta Evrope g-dinom Hrmanom Von Rompuyjem, sa predsednikom Evropskog parlamenta g-dinom Jerzy Buzekom, sa visokom predstavnicom za spoljnu politiku i bezbednost, barunicom Catherine Ashton. Republika Kosovo mora &#353;to pre da dobije putokaz za liberalizaciju viza &#353;to je u interesu gra\u0111ana Kosova ali i svih gra\u0111ana Zapadnog Balkana. Da se slobodno kre\u0107u po zemljama evropske zajednice, posebno mladi za realizaciju svojih potreba\u00a0 za &#353;kolovanje i osposobljavanje. Kosovo, isto tako mora imati jasan put integracije u EU. Za to dobila sam jaka obe\u0107anja da \u0107e moja zemlja, zbog nepriznavanja od 5 zemalja EU, ne\u0107e ostati van procesa integracija, jer na\u0107i \u0107e se pogodni modeli koji \u0107e biti u skladu sa ciljevima EU za integraciju svih zemalja Balkana. <\/p>\n<p>Uzajamni dobri odnosi izme\u0111u Republike Kosova i Republike Ma\u0111arske poma&#382;u miru i stabilnosti i relaksiranju odnosa u regiji dok ekonomska kulturna\u00a0 nau\u010dna saradnja je u funkciji dobrobiti gra\u0111ana na&#353;ih zemalja.<\/p>\n<p>Odgovori na pitanje novinara:<\/p>\n<p>Pitanje: novinar sam &#8222;Nepszabadsag-a&#8220;. Pitanje za vas g-\u0111o predsednice, odnosi se na ono &#353;to je rekao g-din Dik Marti da je g-din Haxhim Thaci bio jedan od rukovodioca OVK i da je u\u010destvovao u trgovini organima\u00a0 i hteo sam da znam\u00a0 koliko je to realno i istinito ono &#353;to je rekao g-din i koje su mogu\u0107e istrage u slu\u010daju da se izvr&#353;i istraga?<\/p>\n<p>Predsednica Jahjaga<\/p>\n<p>Ja ka&#382;em da se mora ostaviti doma\u0107oj i me\u0111unarodnoj pravdi da obavlja svoj posao. Svaki slu\u010daj i svaki pretpostavljeni zlo\u010din mo&#382;e se doslovce istra&#382;ivati a posebno u slu\u010dajevima\u00a0 zlo\u010dina kao &#353;to je trgovina organima, &#353;to smatram da su najte&#382;i slu\u010dajevi zlo\u010dina koji zahtevaju doslednost i posebnu predanost za njihovo istragu. <\/p>\n<p>Sve institucije Republike Kosova su pru&#382;ale punu podr&#353;ku\u00a0 za me\u0111unarodnu i doma\u0107u pravdu za doslednu istragu ovih slu\u010dajeva. I sve odre\u0111ene komisije za otkrivnaje takvih slu\u010dajeva ili komisije koje se mogu formirati u budu\u0107e ima\u0107e podr&#353;ku i potrebnu saradnju od institucije Republike Kosova. <\/p>\n<p>Kada smo kod toga &#382;elela da izrazim moje mi&#353;ljenje u vezi drugog elemnta kome se treba posvetiti ve\u0107a pa&#382;nja, a to je istraga slu\u010daja preko 3 hiljade nestalih na Kosovu u toku rata i\u00a0 opakih zlo\u010dina po\u010dinjenih od strane Republike Srbije na teritoriji Republike Kosova.\u00a0\u00a0 Do sada je oko 9 stotine le&#353;eva nestalih lica su na\u0111eni u masivnim grobnicama unutar logora i kampova na teritoriji Srbije. <\/p>\n<p>Izra&#382;avam svoju zabrinutost za&#353;to ove \u010dinjenice nisu obuhva\u0107ene u izve&#353;taju g.dina Martija. <\/p>\n<p>Pitanje za predsednika Schmitta, osim pomo\u0107i koje ste dali u dr&#382;avotvornim procesima Republike Kosova, bilo u\u010de&#353;\u0107em u vojnim misijama u sklopu KFOR-a, i misija OUN i EU, ono &#353;to me zanima, a da je najbitnije za ovaj period kroz koje polazi Republika Kosovo je: koja \u0107e biti pomo\u0107 koja \u0107e Republika Ma\u0111arska pru&#382;iti u redakciji\u00a0 izve&#353;taja u sklopu dijaloga izme\u0111u Republike Kosova i Republike Srbije?<\/p>\n<p>Predsednik Schmitt<\/p>\n<p>Kao &#353;to sam naveo i konkretno da\u0107u direktnu podr&#353;ku i ima\u0107u direktne susrete na nivou predsednika za podr&#353;ku nezavisnosti Kosova.\u00a0 Ubrzo \u0107u imati susrete sa predsednikom Slova\u010dke i Rumunije i otvori\u0107u sa njima to pitanje.\u00a0 <\/p>\n<p>I zapo\u010deti dijalog izme\u0111u Republike Kosova i Republike Srbije smatram ga veoma pozitivnim. Obe zemlje su zainteresovane za istu stvar, da se pribli&#382;avaju &#353;to vi&#353;e\u00a0 i &#353;to pre u procesu integracije u ujedinjenoj Evropi i normalno da\u00a0 jedan od uslova Evrope je da Republika Kosovo i Republika Srbija ure\u0111uju\u00a0 obostrane odnose. Ja imam dobre odnose sa oba presidenta i uspe\u0107u da ti\u00a0 mra\u010dni odnosi u budu\u0107e pretvaraju u me\u0111usobnu pomo\u0107. <\/p>\n<p>Pitanje: koja \u0107e biti konkretna pomo\u0107 koju \u0107e mo\u0107i da pru&#382;a Republika Ma\u0111arska Kosovu za dobijanje putokaza za vize i u op&#353;te na putu Kosova za integracije u evropskim strukturama?<\/p>\n<p>Predsednica Jahjaga:<\/p>\n<p>Republika Ma\u0111arske je zemlja \u010dlan EU i NATO-a. Poziv mi je upu\u0107en kao predsednici Kosova za dr&#382;avnu posetu i to je dobar primer saradnje i izgradnje daljih odnosa. Republika Ma\u0111arska je me\u0111u prvim zemljama\u00a0 koje su priznale nezavisnost Kosova, odmah nakon progla&#353;enja i uspostavila je diplomatske odnose, na nivou ambasada. <\/p>\n<p>Ma\u0111arska i ostale zemlje \u010dlanice EU imale su konstruktivnu ulogu u odnosu na Kosovo i promovisanje vrednosti kao suverene, nezavisne i kao zna\u010dajnog faktor mira i stabilnosti u regiji.<\/p>\n<p>Sa doma\u0107inom smo razgovarali o formama i oblicima saradnje izme\u0111u na&#353;ih zemalja, preuzimanjem dobrih iskustava iz Ma\u0111arske u procesu tranzicije i op&#353;te transformacije, razvoja tr&#382;i&#353;ta i privrede, izgradnje demokratskog i vi&#353;epartijskog sistema, najboljih iskustva sa procesa lokalnih izbora a posebno procesa dono&#353;enja zakona koji su neophodni za procese kroz koji prolazi Kosovo u pravcu evropskih integracija. <\/p>\n<p>Isto tako sa doma\u0107inom razgovarali smo o na\u010dinima i modalitetima pru&#382;anja podr&#353;ke za proces dobijanje putokaza za liberalizaciju viza za Republiku Kosova i njezine gra\u0111ane kao i\u00a0 o pronala&#382;enju konkretnih forma,\u00a0 i uz \u010dinjenicu da 5 zemalja EU nisu jo&#353; uvek priznale Kosovo. <\/p>\n<p>Isto tako, dobila sam podr&#353;ku predsednika Schmitta da \u0107e nastaviti podr&#353;ku Kosovu i kosovskim institucijama za dalja priznavanja nezavisnosti Kosova, posebno kod 5 zemalja EU koje jo&#353; uvek nisu priznale Kosovo.<\/p>\n<p>*****<\/p>\n<p>Predsednica Jahjaga je posetila baziliku\u00a0 u gradu Exztergom<\/p>\n<p>U toku dr&#382;avne posete Ma\u0111arskoj, predsednici Republike Kosova, g-\u0111i Atifete Jahjaga je\u00a0 prire\u0111en veli\u010danstven do\u010dek. Nakon mnogi susreta ona je imala i ostale aktivnosti i posetila je razne zna\u010dajne kulturno- istorijske\u00a0 objekte. Tom prilikom ona je posetila i baziliku\u00a0 u gradu Exztergom, koja u svoje unutra&#353;njosti ima katakombe ili ranu hri&#353;\u0107ansku kriptu. Predsednica je posetila i muzejske prednosti ranijih perioda, muzejske imovine neprocenjive vrednosti prikupljene iz cele Ma\u0111arske. <\/p>\n<p>U toku posete predsednicu Jahjaga pratila i ambasador Republike Kosova u Ma\u0111arskoj g-\u0111a Shkendije Sherifi.\u00a0<\/p>\n","protected":false},"excerpt":{"rendered":"<p>Nakon susreta, predsednica Republike Kosova Atifete Jahjaga i predsednik  Ma\u0111arske  Pal Schmitt, odr&#382;ali su zajedni\u010dku konferenciju za medije.<\/p>\n","protected":false},"author":1,"featured_media":59368,"comment_status":"open","ping_status":"closed","sticky":false,"template":"","format":"standard","meta":{"_eb_attr":"","footnotes":""},"categories":[101],"tags":[],"class_list":["post-79426","post","type-post","status-publish","format-standard","has-post-thumbnail","hentry","category-vesti"],"yoast_head":"<!-- This site is optimized with the Yoast SEO plugin v23.5 - https:\/\/yoast.com\/wordpress\/plugins\/seo\/ -->\n<title>Posle susreta predsednice Kosova i predsednika Ma\u0111arske odr&#158;ana je konferencija za medije - Predsednik Republike Kosovo - DR. VJOSA OSMANI - SADRIU<\/title>\n<meta name=\"description\" content=\"Posle susreta predsednice Kosova i predsednika Ma\u0111arske odr&#158;ana je konferencija za medije - Predsednik Republike Kosovo - DR. VJOSA OSMANI - SADRIU -\" \/>\n<meta name=\"robots\" content=\"index, follow, max-snippet:-1, max-image-preview:large, max-video-preview:-1\" \/>\n<link rel=\"canonical\" href=\"https:\/\/president-ksgov.net\/konference-per-media-pas-takimit-te-presidentes-se-kosoves-dhe-presidentit-te-hungarise\/\" \/>\n<meta property=\"og:locale\" content=\"sr_RS\" \/>\n<meta property=\"og:type\" content=\"article\" \/>\n<meta property=\"og:title\" content=\"Posle susreta predsednice Kosova i predsednika Ma\u0111arske odr&#158;ana je konferencija za medije - Predsednik Republike Kosovo - DR. VJOSA OSMANI - SADRIU\" \/>\n<meta property=\"og:description\" content=\"Posle susreta predsednice Kosova i predsednika Ma\u0111arske odr&#158;ana je konferencija za medije - Predsednik Republike Kosovo - DR. VJOSA OSMANI - SADRIU -\" \/>\n<meta property=\"og:url\" content=\"https:\/\/president-ksgov.net\/konference-per-media-pas-takimit-te-presidentes-se-kosoves-dhe-presidentit-te-hungarise\/\" \/>\n<meta property=\"og:site_name\" content=\"Predsednik Republike Kosovo - DR. VJOSA OSMANI - SADRIU\" \/>\n<meta property=\"article:published_time\" content=\"2011-09-15T09:08:28+00:00\" \/>\n<meta property=\"og:image\" content=\"https:\/\/president-ksgov.net\/wp-content\/uploads\/Konference_per_media_pas_takimit_te_Presidentes_se_Kosoves_dhe_Presidentit_te_Hungarise_01.jpg\" \/>\n\t<meta property=\"og:image:width\" content=\"800\" \/>\n\t<meta property=\"og:image:height\" content=\"533\" \/>\n\t<meta property=\"og:image:type\" content=\"image\/jpeg\" \/>\n<meta name=\"author\" content=\"admin\" \/>\n<meta name=\"twitter:card\" content=\"summary_large_image\" \/>\n<meta name=\"twitter:label1\" content=\"\u041d\u0430\u043f\u0438\u0441\u0430\u043d\u043e \u043e\u0434\" \/>\n\t<meta name=\"twitter:data1\" content=\"admin\" \/>\n\t<meta name=\"twitter:label2\" content=\"\u041f\u0440\u043e\u0446\u0435\u045a\u0435\u043d\u043e \u0432\u0440\u0435\u043c\u0435 \u0447\u0438\u0442\u0430\u045a\u0430\" \/>\n\t<meta name=\"twitter:data2\" content=\"8 \u043c\u0438\u043d\u0443\u0442\u0430\" \/>\n<script type=\"application\/ld+json\" class=\"yoast-schema-graph\">{\"@context\":\"https:\/\/schema.org\",\"@graph\":[{\"@type\":\"WebPage\",\"@id\":\"https:\/\/president-ksgov.net\/konference-per-media-pas-takimit-te-presidentes-se-kosoves-dhe-presidentit-te-hungarise\/\",\"url\":\"https:\/\/president-ksgov.net\/konference-per-media-pas-takimit-te-presidentes-se-kosoves-dhe-presidentit-te-hungarise\/\",\"name\":\"Posle susreta predsednice Kosova i predsednika Ma\u0111arske odr&#158;ana je konferencija za medije - Predsednik Republike Kosovo - DR. VJOSA OSMANI - SADRIU\",\"isPartOf\":{\"@id\":\"https:\/\/president-ksgov.net\/#website\"},\"primaryImageOfPage\":{\"@id\":\"https:\/\/president-ksgov.net\/konference-per-media-pas-takimit-te-presidentes-se-kosoves-dhe-presidentit-te-hungarise\/#primaryimage\"},\"image\":{\"@id\":\"https:\/\/president-ksgov.net\/konference-per-media-pas-takimit-te-presidentes-se-kosoves-dhe-presidentit-te-hungarise\/#primaryimage\"},\"thumbnailUrl\":\"https:\/\/president-ksgov.net\/wp-content\/uploads\/Konference_per_media_pas_takimit_te_Presidentes_se_Kosoves_dhe_Presidentit_te_Hungarise_01.jpg\",\"datePublished\":\"2011-09-15T09:08:28+00:00\",\"dateModified\":\"2011-09-15T09:08:28+00:00\",\"author\":{\"@id\":\"https:\/\/president-ksgov.net\/#\/schema\/person\/bb4337a5fb147cb2046d80548172cbee\"},\"description\":\"Posle susreta predsednice Kosova i predsednika Ma\u0111arske odr&#158;ana je konferencija za medije - Predsednik Republike Kosovo - DR. VJOSA OSMANI - SADRIU -\",\"breadcrumb\":{\"@id\":\"https:\/\/president-ksgov.net\/konference-per-media-pas-takimit-te-presidentes-se-kosoves-dhe-presidentit-te-hungarise\/#breadcrumb\"},\"inLanguage\":\"sr-RS\",\"potentialAction\":[{\"@type\":\"ReadAction\",\"target\":[\"https:\/\/president-ksgov.net\/konference-per-media-pas-takimit-te-presidentes-se-kosoves-dhe-presidentit-te-hungarise\/\"]}]},{\"@type\":\"ImageObject\",\"inLanguage\":\"sr-RS\",\"@id\":\"https:\/\/president-ksgov.net\/konference-per-media-pas-takimit-te-presidentes-se-kosoves-dhe-presidentit-te-hungarise\/#primaryimage\",\"url\":\"https:\/\/president-ksgov.net\/wp-content\/uploads\/Konference_per_media_pas_takimit_te_Presidentes_se_Kosoves_dhe_Presidentit_te_Hungarise_01.jpg\",\"contentUrl\":\"https:\/\/president-ksgov.net\/wp-content\/uploads\/Konference_per_media_pas_takimit_te_Presidentes_se_Kosoves_dhe_Presidentit_te_Hungarise_01.jpg\",\"width\":800,\"height\":533},{\"@type\":\"BreadcrumbList\",\"@id\":\"https:\/\/president-ksgov.net\/konference-per-media-pas-takimit-te-presidentes-se-kosoves-dhe-presidentit-te-hungarise\/#breadcrumb\",\"itemListElement\":[{\"@type\":\"ListItem\",\"position\":1,\"name\":\"Home\",\"item\":\"https:\/\/president-ksgov.net\/sr\/\"},{\"@type\":\"ListItem\",\"position\":2,\"name\":\"Posle susreta predsednice Kosova i predsednika Ma\u0111arske odr&#158;ana je konferencija za medije\"}]},{\"@type\":\"WebSite\",\"@id\":\"https:\/\/president-ksgov.net\/#website\",\"url\":\"https:\/\/president-ksgov.net\/\",\"name\":\"Presidente e Republik\u00ebs s\u00eb Kosov\u00ebs\",\"description\":\"Presidente e Republik\u00ebs s\u00eb Kosov\u00ebs\",\"alternateName\":\"DR. VJOSA OSMANI - SADRIU\",\"potentialAction\":[{\"@type\":\"SearchAction\",\"target\":{\"@type\":\"EntryPoint\",\"urlTemplate\":\"https:\/\/president-ksgov.net\/?s={search_term_string}\"},\"query-input\":{\"@type\":\"PropertyValueSpecification\",\"valueRequired\":true,\"valueName\":\"search_term_string\"}}],\"inLanguage\":\"sr-RS\"},{\"@type\":\"Person\",\"@id\":\"https:\/\/president-ksgov.net\/#\/schema\/person\/bb4337a5fb147cb2046d80548172cbee\",\"name\":\"admin\",\"image\":{\"@type\":\"ImageObject\",\"inLanguage\":\"sr-RS\",\"@id\":\"https:\/\/president-ksgov.net\/#\/schema\/person\/image\/\",\"url\":\"https:\/\/secure.gravatar.com\/avatar\/36156ca0fa3b8d9d25174f146e16beea0cf28f37adf1b9e19b6c9c279a7c9dd3?s=96&d=mm&r=g\",\"contentUrl\":\"https:\/\/secure.gravatar.com\/avatar\/36156ca0fa3b8d9d25174f146e16beea0cf28f37adf1b9e19b6c9c279a7c9dd3?s=96&d=mm&r=g\",\"caption\":\"admin\"},\"sameAs\":[\"https:\/\/president-ksgov.net\"]}]}<\/script>\n<!-- \/ Yoast SEO plugin. -->","yoast_head_json":{"title":"Posle susreta predsednice Kosova i predsednika Ma\u0111arske odr&#158;ana je konferencija za medije - Predsednik Republike Kosovo - DR. VJOSA OSMANI - SADRIU","description":"Posle susreta predsednice Kosova i predsednika Ma\u0111arske odr&#158;ana je konferencija za medije - Predsednik Republike Kosovo - DR. VJOSA OSMANI - SADRIU -","robots":{"index":"index","follow":"follow","max-snippet":"max-snippet:-1","max-image-preview":"max-image-preview:large","max-video-preview":"max-video-preview:-1"},"canonical":"https:\/\/president-ksgov.net\/konference-per-media-pas-takimit-te-presidentes-se-kosoves-dhe-presidentit-te-hungarise\/","og_locale":"sr_RS","og_type":"article","og_title":"Posle susreta predsednice Kosova i predsednika Ma\u0111arske odr&#158;ana je konferencija za medije - Predsednik Republike Kosovo - DR. VJOSA OSMANI - SADRIU","og_description":"Posle susreta predsednice Kosova i predsednika Ma\u0111arske odr&#158;ana je konferencija za medije - Predsednik Republike Kosovo - DR. VJOSA OSMANI - SADRIU -","og_url":"https:\/\/president-ksgov.net\/konference-per-media-pas-takimit-te-presidentes-se-kosoves-dhe-presidentit-te-hungarise\/","og_site_name":"Predsednik Republike Kosovo - DR. VJOSA OSMANI - SADRIU","article_published_time":"2011-09-15T09:08:28+00:00","og_image":[{"width":800,"height":533,"url":"https:\/\/president-ksgov.net\/wp-content\/uploads\/Konference_per_media_pas_takimit_te_Presidentes_se_Kosoves_dhe_Presidentit_te_Hungarise_01.jpg","type":"image\/jpeg"}],"author":"admin","twitter_card":"summary_large_image","twitter_misc":{"\u041d\u0430\u043f\u0438\u0441\u0430\u043d\u043e \u043e\u0434":"admin","\u041f\u0440\u043e\u0446\u0435\u045a\u0435\u043d\u043e \u0432\u0440\u0435\u043c\u0435 \u0447\u0438\u0442\u0430\u045a\u0430":"8 \u043c\u0438\u043d\u0443\u0442\u0430"},"schema":{"@context":"https:\/\/schema.org","@graph":[{"@type":"WebPage","@id":"https:\/\/president-ksgov.net\/konference-per-media-pas-takimit-te-presidentes-se-kosoves-dhe-presidentit-te-hungarise\/","url":"https:\/\/president-ksgov.net\/konference-per-media-pas-takimit-te-presidentes-se-kosoves-dhe-presidentit-te-hungarise\/","name":"Posle susreta predsednice Kosova i predsednika Ma\u0111arske odr&#158;ana je konferencija za medije - Predsednik Republike Kosovo - DR. VJOSA OSMANI - SADRIU","isPartOf":{"@id":"https:\/\/president-ksgov.net\/#website"},"primaryImageOfPage":{"@id":"https:\/\/president-ksgov.net\/konference-per-media-pas-takimit-te-presidentes-se-kosoves-dhe-presidentit-te-hungarise\/#primaryimage"},"image":{"@id":"https:\/\/president-ksgov.net\/konference-per-media-pas-takimit-te-presidentes-se-kosoves-dhe-presidentit-te-hungarise\/#primaryimage"},"thumbnailUrl":"https:\/\/president-ksgov.net\/wp-content\/uploads\/Konference_per_media_pas_takimit_te_Presidentes_se_Kosoves_dhe_Presidentit_te_Hungarise_01.jpg","datePublished":"2011-09-15T09:08:28+00:00","dateModified":"2011-09-15T09:08:28+00:00","author":{"@id":"https:\/\/president-ksgov.net\/#\/schema\/person\/bb4337a5fb147cb2046d80548172cbee"},"description":"Posle susreta predsednice Kosova i predsednika Ma\u0111arske odr&#158;ana je konferencija za medije - Predsednik Republike Kosovo - DR. VJOSA OSMANI - SADRIU -","breadcrumb":{"@id":"https:\/\/president-ksgov.net\/konference-per-media-pas-takimit-te-presidentes-se-kosoves-dhe-presidentit-te-hungarise\/#breadcrumb"},"inLanguage":"sr-RS","potentialAction":[{"@type":"ReadAction","target":["https:\/\/president-ksgov.net\/konference-per-media-pas-takimit-te-presidentes-se-kosoves-dhe-presidentit-te-hungarise\/"]}]},{"@type":"ImageObject","inLanguage":"sr-RS","@id":"https:\/\/president-ksgov.net\/konference-per-media-pas-takimit-te-presidentes-se-kosoves-dhe-presidentit-te-hungarise\/#primaryimage","url":"https:\/\/president-ksgov.net\/wp-content\/uploads\/Konference_per_media_pas_takimit_te_Presidentes_se_Kosoves_dhe_Presidentit_te_Hungarise_01.jpg","contentUrl":"https:\/\/president-ksgov.net\/wp-content\/uploads\/Konference_per_media_pas_takimit_te_Presidentes_se_Kosoves_dhe_Presidentit_te_Hungarise_01.jpg","width":800,"height":533},{"@type":"BreadcrumbList","@id":"https:\/\/president-ksgov.net\/konference-per-media-pas-takimit-te-presidentes-se-kosoves-dhe-presidentit-te-hungarise\/#breadcrumb","itemListElement":[{"@type":"ListItem","position":1,"name":"Home","item":"https:\/\/president-ksgov.net\/sr\/"},{"@type":"ListItem","position":2,"name":"Posle susreta predsednice Kosova i predsednika Ma\u0111arske odr&#158;ana je konferencija za medije"}]},{"@type":"WebSite","@id":"https:\/\/president-ksgov.net\/#website","url":"https:\/\/president-ksgov.net\/","name":"Presidente e Republik\u00ebs s\u00eb Kosov\u00ebs","description":"Presidente e Republik\u00ebs s\u00eb Kosov\u00ebs","alternateName":"DR. VJOSA OSMANI - SADRIU","potentialAction":[{"@type":"SearchAction","target":{"@type":"EntryPoint","urlTemplate":"https:\/\/president-ksgov.net\/?s={search_term_string}"},"query-input":{"@type":"PropertyValueSpecification","valueRequired":true,"valueName":"search_term_string"}}],"inLanguage":"sr-RS"},{"@type":"Person","@id":"https:\/\/president-ksgov.net\/#\/schema\/person\/bb4337a5fb147cb2046d80548172cbee","name":"admin","image":{"@type":"ImageObject","inLanguage":"sr-RS","@id":"https:\/\/president-ksgov.net\/#\/schema\/person\/image\/","url":"https:\/\/secure.gravatar.com\/avatar\/36156ca0fa3b8d9d25174f146e16beea0cf28f37adf1b9e19b6c9c279a7c9dd3?s=96&d=mm&r=g","contentUrl":"https:\/\/secure.gravatar.com\/avatar\/36156ca0fa3b8d9d25174f146e16beea0cf28f37adf1b9e19b6c9c279a7c9dd3?s=96&d=mm&r=g","caption":"admin"},"sameAs":["https:\/\/president-ksgov.net"]}]}},"_links":{"self":[{"href":"https:\/\/president-ksgov.net\/sr\/wp-json\/wp\/v2\/posts\/79426","targetHints":{"allow":["GET"]}}],"collection":[{"href":"https:\/\/president-ksgov.net\/sr\/wp-json\/wp\/v2\/posts"}],"about":[{"href":"https:\/\/president-ksgov.net\/sr\/wp-json\/wp\/v2\/types\/post"}],"author":[{"embeddable":true,"href":"https:\/\/president-ksgov.net\/sr\/wp-json\/wp\/v2\/users\/1"}],"replies":[{"embeddable":true,"href":"https:\/\/president-ksgov.net\/sr\/wp-json\/wp\/v2\/comments?post=79426"}],"version-history":[{"count":0,"href":"https:\/\/president-ksgov.net\/sr\/wp-json\/wp\/v2\/posts\/79426\/revisions"}],"wp:featuredmedia":[{"embeddable":true,"href":"https:\/\/president-ksgov.net\/sr\/wp-json\/wp\/v2\/media\/59368"}],"wp:attachment":[{"href":"https:\/\/president-ksgov.net\/sr\/wp-json\/wp\/v2\/media?parent=79426"}],"wp:term":[{"taxonomy":"category","embeddable":true,"href":"https:\/\/president-ksgov.net\/sr\/wp-json\/wp\/v2\/categories?post=79426"},{"taxonomy":"post_tag","embeddable":true,"href":"https:\/\/president-ksgov.net\/sr\/wp-json\/wp\/v2\/tags?post=79426"}],"curies":[{"name":"wp","href":"https:\/\/api.w.org\/{rel}","templated":true}]}}