{"id":79425,"date":"2011-09-15T09:19:11","date_gmt":"2011-09-15T09:19:11","guid":{"rendered":"https:\/\/dev.president-ksgov.net\/predsednica-jahjaga-se-susrela-sa-predsednikom-madjarskog-parlamenta-g-dinom-laslom-koverom\/"},"modified":"2011-09-15T09:19:11","modified_gmt":"2011-09-15T09:19:11","slug":"predsednica-jahjaga-se-susrela-sa-predsednikom-madjarskog-parlamenta-g-dinom-laslom-koverom","status":"publish","type":"post","link":"https:\/\/president-ksgov.net\/sr\/predsednica-jahjaga-se-susrela-sa-predsednikom-madjarskog-parlamenta-g-dinom-laslom-koverom\/","title":{"rendered":"Predsednica Jahjaga se susrela sa predsednikom Ma\u0111arskog parlamenta g-dinom  Laslom Koverom"},"content":{"rendered":"<p>Predsednica Republike Kosova, g-\u0111a Atifete Jahjaga, drugog dana dr&#382;avne posete Ma\u0111arskoj imala je dug susret sa predsednikom Parlamenta Ma\u0111arske g-dinom Laslom Koverom<\/p>\n<p>Predsednik Ma\u0111arskog parlamenta je ocenio saradnju kao veoma prisnu izme\u0111u obe zemlje a posebno saradnja izme\u0111u Parlamenta\u00a0 Ma\u0111arske i Skup&#353;tine Republike Kosova. On je rekao da je njegova zemlja spremna da poma&#382;e Kosovu u oblasti zakonodavstva a posebno u procesu pripreme i usvajanja\u00a0 zakona u skladu sa evropskim standardima. <\/p>\n<p>G-din Kover je rekao da Ma\u0111arska u toku svog puta\u00a0 integracije u EU imala drugi model, dok Kosovo mo&#382;e uzeti primer i iskustvo Ma\u0111arske na putu integracije u EU. On je rekao\u00a0 da proces integrisanja u EU zemalja Balkana mora da nastavlja i zemlje koje ciljaju integracije moraju da ispune kritere i odre\u0111ene uslove. Kover je izrazio spremnost svoje zemlje za pomo\u0107 Kosovu za dobijanje putokaza za liberalizaciju viza i zalo&#382;io se za pomo\u0107 Kosovu u procesima integracija.\u00a0 <\/p>\n<p>Predsednik Ma\u0111arskog parlamenta je istakao da us dobrosusedski odnosi zna\u010dajni za integracije i rekao da Kosovo i Srbija moraju re&#353;iti svoja otvorena pitanja &#353;to \u0107e pomo\u0107i pribli&#382;avanju obe zemlje sa EU-om. <\/p>\n<p>On je rekao da Kosovo u mnogo aspekata zabele&#382;ilo napredak a posebno definisanje prava zajednica, koje su obuhva\u0107ene i Ustavom. G-din Kover je rekao da Ma\u0111arska i Kosovo moraju pro&#353;iriti svoju saradnju u svim oblastima, sa posebnim naglaskom u oblasti ekonomskog razvoja. <\/p>\n<p>Predsednica Republike Kosova, g-\u0111a Atifete Jahjaga, zahvaljuju\u0107i se predsedniku Parlamenta Ma\u0111arske na gostoprimstvu,\u00a0 ocenila je prijateljske odnose sa Ma\u0111arskom i me\u0111uparlamentarnu saradnju kao veoma zna\u010dajnim.<\/p>\n<p>Predsednica Jahjaga je rekla\u00a0 da Kosovo na svom putu integracija\u00a0 je obavezna da usvaja niz zakona, &#353;to i \u010dini i u monitorisanju je Evropske Komisije, u izve&#353;taju progresa za Kosovo. Ona je rekla da u tome Kosovo ima pomo\u0107 od odre\u0111enih zemalja i profesionalnih ekipa koje rade sa Kosovom i u tome ima potrebe i za pomo\u0107 Ma\u0111arskog parlamenta. Predsednica Jahjaga je rekla\u00a0 da je potrebno da parlamentarne komisije obe zemlje razmenjuju posete i iskustva i posebno je potrebna pomo\u0107 Kosovu u parlamentarnoj kontroli Vlade i standardizaciji zakona sa zakonima EU. <\/p>\n<p>Ona je rekla da je Kosovo dr&#382;ava\u00a0 koja se gradi na gra\u0111anskim na\u010delima i parlamentarna je demokratija. Predsednica je rekla da je Kosovo zagarantovalo prava\u00a0 zajednica svojim Ustavom\u00a0\u00a0\u00a0 i rekla da plan Ahtisaarija pru&#382;a najbolje re&#353;enje za prava srpske zajednice na Kosovu. Ona je rekla da su zajednice na Kosovu predstavljene\u00a0 u svim dr&#382;avnim institucijama.<\/p>\n<p>Predsednica Republike Kosova, g-\u0111a Atifete Jahjaga je rekla da dijalog sa Srbijom je najbolji put za re&#353;avanje otvorenih pitanja\u00a0 ali da re&#353;enje moraju biti evropske. Ona je istakla da je budu\u0107nost Kosova i Srbije u UE kao dve nezavisne zemlje i u tom pravcu moraju se uzajamno pomo\u0107i. Susretu je prisustvovala i ambasador Republike Kosova u Republici Ma\u0111arskoj, g-\u0111a Shkendije Sherifi.\u00a0<\/p>\n","protected":false},"excerpt":{"rendered":"<p>Predsednica Republike Kosova, g-\u0111a Atifete Jahjaga, drugog dana dr&#382;avne posete Ma\u0111arskoj imala je dug susret sa predsednikom Parlamenta Ma\u0111arske g-dinom Laslom Koverom<\/p>\n","protected":false},"author":1,"featured_media":59364,"comment_status":"open","ping_status":"closed","sticky":false,"template":"","format":"standard","meta":{"_eb_attr":"","footnotes":""},"categories":[101],"tags":[],"class_list":["post-79425","post","type-post","status-publish","format-standard","has-post-thumbnail","hentry","category-vesti"],"yoast_head":"<!-- This site is optimized with the Yoast SEO plugin v23.5 - https:\/\/yoast.com\/wordpress\/plugins\/seo\/ -->\n<title>Predsednica Jahjaga se susrela sa predsednikom Ma\u0111arskog parlamenta g-dinom Laslom Koverom - Predsednik Republike Kosovo - DR. VJOSA OSMANI - SADRIU<\/title>\n<meta name=\"description\" content=\"Predsednica Jahjaga se susrela sa predsednikom Ma\u0111arskog parlamenta g-dinom Laslom Koverom - Predsednik Republike Kosovo - DR. VJOSA OSMANI - SADRIU -\" \/>\n<meta name=\"robots\" content=\"index, follow, max-snippet:-1, max-image-preview:large, max-video-preview:-1\" \/>\n<link rel=\"canonical\" href=\"https:\/\/president-ksgov.net\/presidentja-jahjaga-u-takua-me-kryetarin-e-parlamentit-te-hungarise-laslo-kover\/\" \/>\n<meta property=\"og:locale\" content=\"sr_RS\" \/>\n<meta property=\"og:type\" content=\"article\" \/>\n<meta property=\"og:title\" content=\"Predsednica Jahjaga se susrela sa predsednikom Ma\u0111arskog parlamenta g-dinom Laslom Koverom - Predsednik Republike Kosovo - DR. VJOSA OSMANI - SADRIU\" \/>\n<meta property=\"og:description\" content=\"Predsednica Jahjaga se susrela sa predsednikom Ma\u0111arskog parlamenta g-dinom Laslom Koverom - Predsednik Republike Kosovo - DR. VJOSA OSMANI - SADRIU -\" \/>\n<meta property=\"og:url\" content=\"https:\/\/president-ksgov.net\/presidentja-jahjaga-u-takua-me-kryetarin-e-parlamentit-te-hungarise-laslo-kover\/\" \/>\n<meta property=\"og:site_name\" content=\"Predsednik Republike Kosovo - DR. VJOSA OSMANI - SADRIU\" \/>\n<meta property=\"article:published_time\" content=\"2011-09-15T09:19:11+00:00\" \/>\n<meta property=\"og:image\" content=\"https:\/\/president-ksgov.net\/wp-content\/uploads\/FLAMURI_I_KOSOVES_NE_NDERTESEN_E_KUVENDIT_TE_HUNGARISE_resize.jpg\" \/>\n\t<meta property=\"og:image:width\" content=\"800\" \/>\n\t<meta property=\"og:image:height\" content=\"533\" \/>\n\t<meta property=\"og:image:type\" content=\"image\/jpeg\" \/>\n<meta name=\"author\" content=\"admin\" \/>\n<meta name=\"twitter:card\" content=\"summary_large_image\" \/>\n<meta name=\"twitter:label1\" content=\"\u041d\u0430\u043f\u0438\u0441\u0430\u043d\u043e \u043e\u0434\" \/>\n\t<meta name=\"twitter:data1\" content=\"admin\" \/>\n\t<meta name=\"twitter:label2\" content=\"\u041f\u0440\u043e\u0446\u0435\u045a\u0435\u043d\u043e \u0432\u0440\u0435\u043c\u0435 \u0447\u0438\u0442\u0430\u045a\u0430\" \/>\n\t<meta name=\"twitter:data2\" content=\"3 \u043c\u0438\u043d\u0443\u0442\u0430\" \/>\n<script type=\"application\/ld+json\" class=\"yoast-schema-graph\">{\"@context\":\"https:\/\/schema.org\",\"@graph\":[{\"@type\":\"WebPage\",\"@id\":\"https:\/\/president-ksgov.net\/presidentja-jahjaga-u-takua-me-kryetarin-e-parlamentit-te-hungarise-laslo-kover\/\",\"url\":\"https:\/\/president-ksgov.net\/presidentja-jahjaga-u-takua-me-kryetarin-e-parlamentit-te-hungarise-laslo-kover\/\",\"name\":\"Predsednica Jahjaga se susrela sa predsednikom Ma\u0111arskog parlamenta g-dinom Laslom Koverom - Predsednik Republike Kosovo - DR. VJOSA OSMANI - SADRIU\",\"isPartOf\":{\"@id\":\"https:\/\/president-ksgov.net\/#website\"},\"primaryImageOfPage\":{\"@id\":\"https:\/\/president-ksgov.net\/presidentja-jahjaga-u-takua-me-kryetarin-e-parlamentit-te-hungarise-laslo-kover\/#primaryimage\"},\"image\":{\"@id\":\"https:\/\/president-ksgov.net\/presidentja-jahjaga-u-takua-me-kryetarin-e-parlamentit-te-hungarise-laslo-kover\/#primaryimage\"},\"thumbnailUrl\":\"https:\/\/president-ksgov.net\/wp-content\/uploads\/FLAMURI_I_KOSOVES_NE_NDERTESEN_E_KUVENDIT_TE_HUNGARISE_resize.jpg\",\"datePublished\":\"2011-09-15T09:19:11+00:00\",\"dateModified\":\"2011-09-15T09:19:11+00:00\",\"author\":{\"@id\":\"https:\/\/president-ksgov.net\/#\/schema\/person\/bb4337a5fb147cb2046d80548172cbee\"},\"description\":\"Predsednica Jahjaga se susrela sa predsednikom Ma\u0111arskog parlamenta g-dinom Laslom Koverom - Predsednik Republike Kosovo - DR. VJOSA OSMANI - SADRIU -\",\"breadcrumb\":{\"@id\":\"https:\/\/president-ksgov.net\/presidentja-jahjaga-u-takua-me-kryetarin-e-parlamentit-te-hungarise-laslo-kover\/#breadcrumb\"},\"inLanguage\":\"sr-RS\",\"potentialAction\":[{\"@type\":\"ReadAction\",\"target\":[\"https:\/\/president-ksgov.net\/presidentja-jahjaga-u-takua-me-kryetarin-e-parlamentit-te-hungarise-laslo-kover\/\"]}]},{\"@type\":\"ImageObject\",\"inLanguage\":\"sr-RS\",\"@id\":\"https:\/\/president-ksgov.net\/presidentja-jahjaga-u-takua-me-kryetarin-e-parlamentit-te-hungarise-laslo-kover\/#primaryimage\",\"url\":\"https:\/\/president-ksgov.net\/wp-content\/uploads\/FLAMURI_I_KOSOVES_NE_NDERTESEN_E_KUVENDIT_TE_HUNGARISE_resize.jpg\",\"contentUrl\":\"https:\/\/president-ksgov.net\/wp-content\/uploads\/FLAMURI_I_KOSOVES_NE_NDERTESEN_E_KUVENDIT_TE_HUNGARISE_resize.jpg\",\"width\":800,\"height\":533},{\"@type\":\"BreadcrumbList\",\"@id\":\"https:\/\/president-ksgov.net\/presidentja-jahjaga-u-takua-me-kryetarin-e-parlamentit-te-hungarise-laslo-kover\/#breadcrumb\",\"itemListElement\":[{\"@type\":\"ListItem\",\"position\":1,\"name\":\"Home\",\"item\":\"https:\/\/president-ksgov.net\/sr\/\"},{\"@type\":\"ListItem\",\"position\":2,\"name\":\"Predsednica Jahjaga se susrela sa predsednikom Ma\u0111arskog parlamenta g-dinom Laslom Koverom\"}]},{\"@type\":\"WebSite\",\"@id\":\"https:\/\/president-ksgov.net\/#website\",\"url\":\"https:\/\/president-ksgov.net\/\",\"name\":\"Presidente e Republik\u00ebs s\u00eb Kosov\u00ebs\",\"description\":\"Presidente e Republik\u00ebs s\u00eb Kosov\u00ebs\",\"alternateName\":\"DR. VJOSA OSMANI - SADRIU\",\"potentialAction\":[{\"@type\":\"SearchAction\",\"target\":{\"@type\":\"EntryPoint\",\"urlTemplate\":\"https:\/\/president-ksgov.net\/?s={search_term_string}\"},\"query-input\":{\"@type\":\"PropertyValueSpecification\",\"valueRequired\":true,\"valueName\":\"search_term_string\"}}],\"inLanguage\":\"sr-RS\"},{\"@type\":\"Person\",\"@id\":\"https:\/\/president-ksgov.net\/#\/schema\/person\/bb4337a5fb147cb2046d80548172cbee\",\"name\":\"admin\",\"image\":{\"@type\":\"ImageObject\",\"inLanguage\":\"sr-RS\",\"@id\":\"https:\/\/president-ksgov.net\/#\/schema\/person\/image\/\",\"url\":\"https:\/\/secure.gravatar.com\/avatar\/36156ca0fa3b8d9d25174f146e16beea0cf28f37adf1b9e19b6c9c279a7c9dd3?s=96&d=mm&r=g\",\"contentUrl\":\"https:\/\/secure.gravatar.com\/avatar\/36156ca0fa3b8d9d25174f146e16beea0cf28f37adf1b9e19b6c9c279a7c9dd3?s=96&d=mm&r=g\",\"caption\":\"admin\"},\"sameAs\":[\"https:\/\/president-ksgov.net\"]}]}<\/script>\n<!-- \/ Yoast SEO plugin. -->","yoast_head_json":{"title":"Predsednica Jahjaga se susrela sa predsednikom Ma\u0111arskog parlamenta g-dinom Laslom Koverom - Predsednik Republike Kosovo - DR. VJOSA OSMANI - SADRIU","description":"Predsednica Jahjaga se susrela sa predsednikom Ma\u0111arskog parlamenta g-dinom Laslom Koverom - Predsednik Republike Kosovo - DR. VJOSA OSMANI - SADRIU -","robots":{"index":"index","follow":"follow","max-snippet":"max-snippet:-1","max-image-preview":"max-image-preview:large","max-video-preview":"max-video-preview:-1"},"canonical":"https:\/\/president-ksgov.net\/presidentja-jahjaga-u-takua-me-kryetarin-e-parlamentit-te-hungarise-laslo-kover\/","og_locale":"sr_RS","og_type":"article","og_title":"Predsednica Jahjaga se susrela sa predsednikom Ma\u0111arskog parlamenta g-dinom Laslom Koverom - Predsednik Republike Kosovo - DR. VJOSA OSMANI - SADRIU","og_description":"Predsednica Jahjaga se susrela sa predsednikom Ma\u0111arskog parlamenta g-dinom Laslom Koverom - Predsednik Republike Kosovo - DR. VJOSA OSMANI - SADRIU -","og_url":"https:\/\/president-ksgov.net\/presidentja-jahjaga-u-takua-me-kryetarin-e-parlamentit-te-hungarise-laslo-kover\/","og_site_name":"Predsednik Republike Kosovo - DR. VJOSA OSMANI - SADRIU","article_published_time":"2011-09-15T09:19:11+00:00","og_image":[{"width":800,"height":533,"url":"https:\/\/president-ksgov.net\/wp-content\/uploads\/FLAMURI_I_KOSOVES_NE_NDERTESEN_E_KUVENDIT_TE_HUNGARISE_resize.jpg","type":"image\/jpeg"}],"author":"admin","twitter_card":"summary_large_image","twitter_misc":{"\u041d\u0430\u043f\u0438\u0441\u0430\u043d\u043e \u043e\u0434":"admin","\u041f\u0440\u043e\u0446\u0435\u045a\u0435\u043d\u043e \u0432\u0440\u0435\u043c\u0435 \u0447\u0438\u0442\u0430\u045a\u0430":"3 \u043c\u0438\u043d\u0443\u0442\u0430"},"schema":{"@context":"https:\/\/schema.org","@graph":[{"@type":"WebPage","@id":"https:\/\/president-ksgov.net\/presidentja-jahjaga-u-takua-me-kryetarin-e-parlamentit-te-hungarise-laslo-kover\/","url":"https:\/\/president-ksgov.net\/presidentja-jahjaga-u-takua-me-kryetarin-e-parlamentit-te-hungarise-laslo-kover\/","name":"Predsednica Jahjaga se susrela sa predsednikom Ma\u0111arskog parlamenta g-dinom Laslom Koverom - Predsednik Republike Kosovo - DR. VJOSA OSMANI - SADRIU","isPartOf":{"@id":"https:\/\/president-ksgov.net\/#website"},"primaryImageOfPage":{"@id":"https:\/\/president-ksgov.net\/presidentja-jahjaga-u-takua-me-kryetarin-e-parlamentit-te-hungarise-laslo-kover\/#primaryimage"},"image":{"@id":"https:\/\/president-ksgov.net\/presidentja-jahjaga-u-takua-me-kryetarin-e-parlamentit-te-hungarise-laslo-kover\/#primaryimage"},"thumbnailUrl":"https:\/\/president-ksgov.net\/wp-content\/uploads\/FLAMURI_I_KOSOVES_NE_NDERTESEN_E_KUVENDIT_TE_HUNGARISE_resize.jpg","datePublished":"2011-09-15T09:19:11+00:00","dateModified":"2011-09-15T09:19:11+00:00","author":{"@id":"https:\/\/president-ksgov.net\/#\/schema\/person\/bb4337a5fb147cb2046d80548172cbee"},"description":"Predsednica Jahjaga se susrela sa predsednikom Ma\u0111arskog parlamenta g-dinom Laslom Koverom - Predsednik Republike Kosovo - DR. VJOSA OSMANI - SADRIU -","breadcrumb":{"@id":"https:\/\/president-ksgov.net\/presidentja-jahjaga-u-takua-me-kryetarin-e-parlamentit-te-hungarise-laslo-kover\/#breadcrumb"},"inLanguage":"sr-RS","potentialAction":[{"@type":"ReadAction","target":["https:\/\/president-ksgov.net\/presidentja-jahjaga-u-takua-me-kryetarin-e-parlamentit-te-hungarise-laslo-kover\/"]}]},{"@type":"ImageObject","inLanguage":"sr-RS","@id":"https:\/\/president-ksgov.net\/presidentja-jahjaga-u-takua-me-kryetarin-e-parlamentit-te-hungarise-laslo-kover\/#primaryimage","url":"https:\/\/president-ksgov.net\/wp-content\/uploads\/FLAMURI_I_KOSOVES_NE_NDERTESEN_E_KUVENDIT_TE_HUNGARISE_resize.jpg","contentUrl":"https:\/\/president-ksgov.net\/wp-content\/uploads\/FLAMURI_I_KOSOVES_NE_NDERTESEN_E_KUVENDIT_TE_HUNGARISE_resize.jpg","width":800,"height":533},{"@type":"BreadcrumbList","@id":"https:\/\/president-ksgov.net\/presidentja-jahjaga-u-takua-me-kryetarin-e-parlamentit-te-hungarise-laslo-kover\/#breadcrumb","itemListElement":[{"@type":"ListItem","position":1,"name":"Home","item":"https:\/\/president-ksgov.net\/sr\/"},{"@type":"ListItem","position":2,"name":"Predsednica Jahjaga se susrela sa predsednikom Ma\u0111arskog parlamenta g-dinom Laslom Koverom"}]},{"@type":"WebSite","@id":"https:\/\/president-ksgov.net\/#website","url":"https:\/\/president-ksgov.net\/","name":"Presidente e Republik\u00ebs s\u00eb Kosov\u00ebs","description":"Presidente e Republik\u00ebs s\u00eb Kosov\u00ebs","alternateName":"DR. VJOSA OSMANI - SADRIU","potentialAction":[{"@type":"SearchAction","target":{"@type":"EntryPoint","urlTemplate":"https:\/\/president-ksgov.net\/?s={search_term_string}"},"query-input":{"@type":"PropertyValueSpecification","valueRequired":true,"valueName":"search_term_string"}}],"inLanguage":"sr-RS"},{"@type":"Person","@id":"https:\/\/president-ksgov.net\/#\/schema\/person\/bb4337a5fb147cb2046d80548172cbee","name":"admin","image":{"@type":"ImageObject","inLanguage":"sr-RS","@id":"https:\/\/president-ksgov.net\/#\/schema\/person\/image\/","url":"https:\/\/secure.gravatar.com\/avatar\/36156ca0fa3b8d9d25174f146e16beea0cf28f37adf1b9e19b6c9c279a7c9dd3?s=96&d=mm&r=g","contentUrl":"https:\/\/secure.gravatar.com\/avatar\/36156ca0fa3b8d9d25174f146e16beea0cf28f37adf1b9e19b6c9c279a7c9dd3?s=96&d=mm&r=g","caption":"admin"},"sameAs":["https:\/\/president-ksgov.net"]}]}},"_links":{"self":[{"href":"https:\/\/president-ksgov.net\/sr\/wp-json\/wp\/v2\/posts\/79425","targetHints":{"allow":["GET"]}}],"collection":[{"href":"https:\/\/president-ksgov.net\/sr\/wp-json\/wp\/v2\/posts"}],"about":[{"href":"https:\/\/president-ksgov.net\/sr\/wp-json\/wp\/v2\/types\/post"}],"author":[{"embeddable":true,"href":"https:\/\/president-ksgov.net\/sr\/wp-json\/wp\/v2\/users\/1"}],"replies":[{"embeddable":true,"href":"https:\/\/president-ksgov.net\/sr\/wp-json\/wp\/v2\/comments?post=79425"}],"version-history":[{"count":0,"href":"https:\/\/president-ksgov.net\/sr\/wp-json\/wp\/v2\/posts\/79425\/revisions"}],"wp:featuredmedia":[{"embeddable":true,"href":"https:\/\/president-ksgov.net\/sr\/wp-json\/wp\/v2\/media\/59364"}],"wp:attachment":[{"href":"https:\/\/president-ksgov.net\/sr\/wp-json\/wp\/v2\/media?parent=79425"}],"wp:term":[{"taxonomy":"category","embeddable":true,"href":"https:\/\/president-ksgov.net\/sr\/wp-json\/wp\/v2\/categories?post=79425"},{"taxonomy":"post_tag","embeddable":true,"href":"https:\/\/president-ksgov.net\/sr\/wp-json\/wp\/v2\/tags?post=79425"}],"curies":[{"name":"wp","href":"https:\/\/api.w.org\/{rel}","templated":true}]}}