{"id":79424,"date":"2011-09-15T15:55:17","date_gmt":"2011-09-15T15:55:17","guid":{"rendered":"https:\/\/dev.president-ksgov.net\/predsednica-kosova-susrela-se-sa-premijerom-madjarske-viktorom-orbanom\/"},"modified":"2011-09-15T15:55:17","modified_gmt":"2011-09-15T15:55:17","slug":"predsednica-kosova-susrela-se-sa-premijerom-madjarske-viktorom-orbanom","status":"publish","type":"post","link":"https:\/\/president-ksgov.net\/sr\/predsednica-kosova-susrela-se-sa-premijerom-madjarske-viktorom-orbanom\/","title":{"rendered":"Predsednica Kosova susrela se sa premijerom Ma\u0111arske, Viktorom Orbanom"},"content":{"rendered":"<p>Predsednicu Republike Kosova, g-\u0111u Atifete Jahjaga u toku tre\u0107eg dana dr&#382;avne posete Ma\u0111arskoj  primio je i predsednik Vlade Ma\u0111arske, g-din Viktor Orban. Ma\u0111arski premijer Orban,  nakon izra&#382;avanja zadovoljstva posetom,  predsednice Republike Kosova njegovoj zemlji, on je ocenio saradnju izme\u0111u Kosova i Ma\u0111arske kao veoma dobre i rekao da je njegova zemlja dala podr&#353;ku  i da\u0107e  u budu\u0107e Kosovu u procesima integracija.<\/p>\n<p>Premijer Orban je rekao da se mora pove\u0107ati njegovo uzajamne saradnje\u00a0 a posebno\u00a0 u oblasti privrede\u00a0 i rekao da je potrebno promovisanje\u00a0 Ma\u0111arskog biznisa na Kosovu. <\/p>\n<p>G-din Orban je istakao da \u0107e Ma\u0111arska pomo\u0107i Kosovo u svom evropskom putu\u00a0 i zalo&#382;i\u0107e se za ohrabrivanje zemalja \u010dlanica EU koje jo&#353; uvek nisu priznale Kosovo, da to u\u010dine.\u00a0\u00a0 Ma\u0111arski premijer je rekao da je njegova zemlja dobar primer razmene iskustva za integraciju Kosova u EU i istakao da za to ima potrebu\u00a0 podr&#353;ke\u00a0 od evropskih zemalja koje imaju uticaj. On je rekao da regija Balkana\u00a0 mora\u00a0 imati otvoren put integracija i zalo&#382;io se za nastavak procesa u\u010dlanjenja u EU\u00a0 za sve zemlje regije. <\/p>\n<p>Predsednica Republike Kosova, g-\u0111a Atifete Jahjaga,\u00a0 zahvaljuju\u0107i se Ma\u0111arskom premijeru na toplo gostoprimstvo u toku dr&#382;avne posete Ma\u0111arskoj, rekla\u00a0 da odnosi izme\u0111u na&#353;ih zemalja se odvijaju svestrano kao u politi\u010dkoj oblasti isto tako u dr&#382;avnoj ali je cenila i saradnju i u oblasti privrede kao veoma zna\u010dajno.<\/p>\n<p>Ona rekla da Ma\u0111arska mo&#382;e imati veliku ulogu u pripremu Kosova u procesu evroatlanskih integracija, jer Ma\u0111arsko iskustvo je zna\u010dajno za Kosovo za realizaciju uslova i standarda za \u010dlanstvo. <\/p>\n<p>Predsednica Jahjaga je rekla da Ma\u0111arska mo&#382;e pomo\u0107i Kosovo na nova lobiranja za Kosovo i nastavak Ma\u0111arske pomo\u0107i slu&#382;i\u0107e o\u010duvanjem mira i stabilnosti i uspostavljanja novih odnosa, celom Zapadnom Balkanu pomo\u0107i \u0107e na putu evropskih integracija.\u00a0 Ona je rekla da Kosovo ima potrebe za kontraktualne odnose sa EU-om\u00a0 i pomo\u0107 Ma\u0111arske u lobiranju kod 5 zemalja koje nisu priznale\u00a0 jo&#353; uvek Kosovo, posebno kod zemalja u susedstvu Ma\u0111arske.<\/p>\n<p>Predsednica Republike je rekla da posredovani dijalog od EU sa Republikom Srbije, odvija se iz \u010dinjenice da nema alternative kako da se obavezuje\u00a0 Srbija da ispuni svoje obaveze, i me\u0111unarodne, u odnosu na Kosovo. Ona je rekla da podr&#382;ava dijalog jer je za dobrobit svih gra\u0111ana, ali i za to &#353;to je jedini put da se postignu dogovori koji se zasnivaju na praksama i evropskim standardima. <\/p>\n<p>Predsednica Jahjaga i Ma\u0111arski premijer Orban, raspravljali su i o nisu pitanja od interesa za obe zemlje.\u00a0<\/p>\n","protected":false},"excerpt":{"rendered":"<p>Predsednicu Republike Kosova, g-\u0111u Atifete Jahjaga u toku tre\u0107eg dana dr&#382;avne posete Ma\u0111arskoj  primio je i predsednik Vlade Ma\u0111arske, g-din Viktor Orban. Ma\u0111arski premijer Orban,  nakon izra&#382;avanja zadovoljstva posetom,  predsednice Republike Kosova njegovoj zemlji, on je ocenio saradnju izme\u0111u Kosova i Ma\u0111arske kao veoma dobre i rekao da je njegova zemlja dala podr&#353;ku  i da\u0107e  u budu\u0107e Kosovu u procesima integracija.<\/p>\n","protected":false},"author":1,"featured_media":59351,"comment_status":"open","ping_status":"closed","sticky":false,"template":"","format":"standard","meta":{"_eb_attr":"","footnotes":""},"categories":[101],"tags":[],"class_list":["post-79424","post","type-post","status-publish","format-standard","has-post-thumbnail","hentry","category-vesti"],"yoast_head":"<!-- This site is optimized with the Yoast SEO plugin v23.5 - https:\/\/yoast.com\/wordpress\/plugins\/seo\/ -->\n<title>Predsednica Kosova susrela se sa premijerom Ma\u0111arske, Viktorom Orbanom - Predsednik Republike Kosovo - DR. VJOSA OSMANI - SADRIU<\/title>\n<meta name=\"description\" content=\"Predsednica Kosova susrela se sa premijerom Ma\u0111arske, Viktorom Orbanom - Predsednik Republike Kosovo - DR. VJOSA OSMANI - SADRIU -\" \/>\n<meta name=\"robots\" content=\"index, follow, max-snippet:-1, max-image-preview:large, max-video-preview:-1\" \/>\n<link rel=\"canonical\" href=\"https:\/\/president-ksgov.net\/presidentja-atifete-jahjaga-u-prit-nga-kryeministri-i-hungarise-viktor-orban\/\" \/>\n<meta property=\"og:locale\" content=\"sr_RS\" \/>\n<meta property=\"og:type\" content=\"article\" \/>\n<meta property=\"og:title\" content=\"Predsednica Kosova susrela se sa premijerom Ma\u0111arske, Viktorom Orbanom - Predsednik Republike Kosovo - DR. VJOSA OSMANI - SADRIU\" \/>\n<meta property=\"og:description\" content=\"Predsednica Kosova susrela se sa premijerom Ma\u0111arske, Viktorom Orbanom - Predsednik Republike Kosovo - DR. VJOSA OSMANI - SADRIU -\" \/>\n<meta property=\"og:url\" content=\"https:\/\/president-ksgov.net\/presidentja-atifete-jahjaga-u-prit-nga-kryeministri-i-hungarise-viktor-orban\/\" \/>\n<meta property=\"og:site_name\" content=\"Predsednik Republike Kosovo - DR. VJOSA OSMANI - SADRIU\" \/>\n<meta property=\"article:published_time\" content=\"2011-09-15T15:55:17+00:00\" \/>\n<meta property=\"og:image\" content=\"https:\/\/president-ksgov.net\/wp-content\/uploads\/Jahjaga-Orban_resize.jpg\" \/>\n\t<meta property=\"og:image:width\" content=\"800\" \/>\n\t<meta property=\"og:image:height\" content=\"533\" \/>\n\t<meta property=\"og:image:type\" content=\"image\/jpeg\" \/>\n<meta name=\"author\" content=\"admin\" \/>\n<meta name=\"twitter:card\" content=\"summary_large_image\" \/>\n<meta name=\"twitter:label1\" content=\"\u041d\u0430\u043f\u0438\u0441\u0430\u043d\u043e \u043e\u0434\" \/>\n\t<meta name=\"twitter:data1\" content=\"admin\" \/>\n\t<meta name=\"twitter:label2\" content=\"\u041f\u0440\u043e\u0446\u0435\u045a\u0435\u043d\u043e \u0432\u0440\u0435\u043c\u0435 \u0447\u0438\u0442\u0430\u045a\u0430\" \/>\n\t<meta name=\"twitter:data2\" content=\"2 \u043c\u0438\u043d\u0443\u0442\u0430\" \/>\n<script type=\"application\/ld+json\" class=\"yoast-schema-graph\">{\"@context\":\"https:\/\/schema.org\",\"@graph\":[{\"@type\":\"WebPage\",\"@id\":\"https:\/\/president-ksgov.net\/presidentja-atifete-jahjaga-u-prit-nga-kryeministri-i-hungarise-viktor-orban\/\",\"url\":\"https:\/\/president-ksgov.net\/presidentja-atifete-jahjaga-u-prit-nga-kryeministri-i-hungarise-viktor-orban\/\",\"name\":\"Predsednica Kosova susrela se sa premijerom Ma\u0111arske, Viktorom Orbanom - Predsednik Republike Kosovo - DR. VJOSA OSMANI - SADRIU\",\"isPartOf\":{\"@id\":\"https:\/\/president-ksgov.net\/#website\"},\"primaryImageOfPage\":{\"@id\":\"https:\/\/president-ksgov.net\/presidentja-atifete-jahjaga-u-prit-nga-kryeministri-i-hungarise-viktor-orban\/#primaryimage\"},\"image\":{\"@id\":\"https:\/\/president-ksgov.net\/presidentja-atifete-jahjaga-u-prit-nga-kryeministri-i-hungarise-viktor-orban\/#primaryimage\"},\"thumbnailUrl\":\"https:\/\/president-ksgov.net\/wp-content\/uploads\/Jahjaga-Orban_resize.jpg\",\"datePublished\":\"2011-09-15T15:55:17+00:00\",\"dateModified\":\"2011-09-15T15:55:17+00:00\",\"author\":{\"@id\":\"https:\/\/president-ksgov.net\/#\/schema\/person\/bb4337a5fb147cb2046d80548172cbee\"},\"description\":\"Predsednica Kosova susrela se sa premijerom Ma\u0111arske, Viktorom Orbanom - Predsednik Republike Kosovo - DR. VJOSA OSMANI - SADRIU -\",\"breadcrumb\":{\"@id\":\"https:\/\/president-ksgov.net\/presidentja-atifete-jahjaga-u-prit-nga-kryeministri-i-hungarise-viktor-orban\/#breadcrumb\"},\"inLanguage\":\"sr-RS\",\"potentialAction\":[{\"@type\":\"ReadAction\",\"target\":[\"https:\/\/president-ksgov.net\/presidentja-atifete-jahjaga-u-prit-nga-kryeministri-i-hungarise-viktor-orban\/\"]}]},{\"@type\":\"ImageObject\",\"inLanguage\":\"sr-RS\",\"@id\":\"https:\/\/president-ksgov.net\/presidentja-atifete-jahjaga-u-prit-nga-kryeministri-i-hungarise-viktor-orban\/#primaryimage\",\"url\":\"https:\/\/president-ksgov.net\/wp-content\/uploads\/Jahjaga-Orban_resize.jpg\",\"contentUrl\":\"https:\/\/president-ksgov.net\/wp-content\/uploads\/Jahjaga-Orban_resize.jpg\",\"width\":800,\"height\":533},{\"@type\":\"BreadcrumbList\",\"@id\":\"https:\/\/president-ksgov.net\/presidentja-atifete-jahjaga-u-prit-nga-kryeministri-i-hungarise-viktor-orban\/#breadcrumb\",\"itemListElement\":[{\"@type\":\"ListItem\",\"position\":1,\"name\":\"Home\",\"item\":\"https:\/\/president-ksgov.net\/sr\/\"},{\"@type\":\"ListItem\",\"position\":2,\"name\":\"Predsednica Kosova susrela se sa premijerom Ma\u0111arske, Viktorom Orbanom\"}]},{\"@type\":\"WebSite\",\"@id\":\"https:\/\/president-ksgov.net\/#website\",\"url\":\"https:\/\/president-ksgov.net\/\",\"name\":\"Presidente e Republik\u00ebs s\u00eb Kosov\u00ebs\",\"description\":\"Presidente e Republik\u00ebs s\u00eb Kosov\u00ebs\",\"alternateName\":\"DR. VJOSA OSMANI - SADRIU\",\"potentialAction\":[{\"@type\":\"SearchAction\",\"target\":{\"@type\":\"EntryPoint\",\"urlTemplate\":\"https:\/\/president-ksgov.net\/?s={search_term_string}\"},\"query-input\":{\"@type\":\"PropertyValueSpecification\",\"valueRequired\":true,\"valueName\":\"search_term_string\"}}],\"inLanguage\":\"sr-RS\"},{\"@type\":\"Person\",\"@id\":\"https:\/\/president-ksgov.net\/#\/schema\/person\/bb4337a5fb147cb2046d80548172cbee\",\"name\":\"admin\",\"image\":{\"@type\":\"ImageObject\",\"inLanguage\":\"sr-RS\",\"@id\":\"https:\/\/president-ksgov.net\/#\/schema\/person\/image\/\",\"url\":\"https:\/\/secure.gravatar.com\/avatar\/36156ca0fa3b8d9d25174f146e16beea0cf28f37adf1b9e19b6c9c279a7c9dd3?s=96&d=mm&r=g\",\"contentUrl\":\"https:\/\/secure.gravatar.com\/avatar\/36156ca0fa3b8d9d25174f146e16beea0cf28f37adf1b9e19b6c9c279a7c9dd3?s=96&d=mm&r=g\",\"caption\":\"admin\"},\"sameAs\":[\"https:\/\/president-ksgov.net\"]}]}<\/script>\n<!-- \/ Yoast SEO plugin. -->","yoast_head_json":{"title":"Predsednica Kosova susrela se sa premijerom Ma\u0111arske, Viktorom Orbanom - Predsednik Republike Kosovo - DR. VJOSA OSMANI - SADRIU","description":"Predsednica Kosova susrela se sa premijerom Ma\u0111arske, Viktorom Orbanom - Predsednik Republike Kosovo - DR. VJOSA OSMANI - SADRIU -","robots":{"index":"index","follow":"follow","max-snippet":"max-snippet:-1","max-image-preview":"max-image-preview:large","max-video-preview":"max-video-preview:-1"},"canonical":"https:\/\/president-ksgov.net\/presidentja-atifete-jahjaga-u-prit-nga-kryeministri-i-hungarise-viktor-orban\/","og_locale":"sr_RS","og_type":"article","og_title":"Predsednica Kosova susrela se sa premijerom Ma\u0111arske, Viktorom Orbanom - Predsednik Republike Kosovo - DR. VJOSA OSMANI - SADRIU","og_description":"Predsednica Kosova susrela se sa premijerom Ma\u0111arske, Viktorom Orbanom - Predsednik Republike Kosovo - DR. VJOSA OSMANI - SADRIU -","og_url":"https:\/\/president-ksgov.net\/presidentja-atifete-jahjaga-u-prit-nga-kryeministri-i-hungarise-viktor-orban\/","og_site_name":"Predsednik Republike Kosovo - DR. VJOSA OSMANI - SADRIU","article_published_time":"2011-09-15T15:55:17+00:00","og_image":[{"width":800,"height":533,"url":"https:\/\/president-ksgov.net\/wp-content\/uploads\/Jahjaga-Orban_resize.jpg","type":"image\/jpeg"}],"author":"admin","twitter_card":"summary_large_image","twitter_misc":{"\u041d\u0430\u043f\u0438\u0441\u0430\u043d\u043e \u043e\u0434":"admin","\u041f\u0440\u043e\u0446\u0435\u045a\u0435\u043d\u043e \u0432\u0440\u0435\u043c\u0435 \u0447\u0438\u0442\u0430\u045a\u0430":"2 \u043c\u0438\u043d\u0443\u0442\u0430"},"schema":{"@context":"https:\/\/schema.org","@graph":[{"@type":"WebPage","@id":"https:\/\/president-ksgov.net\/presidentja-atifete-jahjaga-u-prit-nga-kryeministri-i-hungarise-viktor-orban\/","url":"https:\/\/president-ksgov.net\/presidentja-atifete-jahjaga-u-prit-nga-kryeministri-i-hungarise-viktor-orban\/","name":"Predsednica Kosova susrela se sa premijerom Ma\u0111arske, Viktorom Orbanom - Predsednik Republike Kosovo - DR. VJOSA OSMANI - SADRIU","isPartOf":{"@id":"https:\/\/president-ksgov.net\/#website"},"primaryImageOfPage":{"@id":"https:\/\/president-ksgov.net\/presidentja-atifete-jahjaga-u-prit-nga-kryeministri-i-hungarise-viktor-orban\/#primaryimage"},"image":{"@id":"https:\/\/president-ksgov.net\/presidentja-atifete-jahjaga-u-prit-nga-kryeministri-i-hungarise-viktor-orban\/#primaryimage"},"thumbnailUrl":"https:\/\/president-ksgov.net\/wp-content\/uploads\/Jahjaga-Orban_resize.jpg","datePublished":"2011-09-15T15:55:17+00:00","dateModified":"2011-09-15T15:55:17+00:00","author":{"@id":"https:\/\/president-ksgov.net\/#\/schema\/person\/bb4337a5fb147cb2046d80548172cbee"},"description":"Predsednica Kosova susrela se sa premijerom Ma\u0111arske, Viktorom Orbanom - Predsednik Republike Kosovo - DR. VJOSA OSMANI - SADRIU -","breadcrumb":{"@id":"https:\/\/president-ksgov.net\/presidentja-atifete-jahjaga-u-prit-nga-kryeministri-i-hungarise-viktor-orban\/#breadcrumb"},"inLanguage":"sr-RS","potentialAction":[{"@type":"ReadAction","target":["https:\/\/president-ksgov.net\/presidentja-atifete-jahjaga-u-prit-nga-kryeministri-i-hungarise-viktor-orban\/"]}]},{"@type":"ImageObject","inLanguage":"sr-RS","@id":"https:\/\/president-ksgov.net\/presidentja-atifete-jahjaga-u-prit-nga-kryeministri-i-hungarise-viktor-orban\/#primaryimage","url":"https:\/\/president-ksgov.net\/wp-content\/uploads\/Jahjaga-Orban_resize.jpg","contentUrl":"https:\/\/president-ksgov.net\/wp-content\/uploads\/Jahjaga-Orban_resize.jpg","width":800,"height":533},{"@type":"BreadcrumbList","@id":"https:\/\/president-ksgov.net\/presidentja-atifete-jahjaga-u-prit-nga-kryeministri-i-hungarise-viktor-orban\/#breadcrumb","itemListElement":[{"@type":"ListItem","position":1,"name":"Home","item":"https:\/\/president-ksgov.net\/sr\/"},{"@type":"ListItem","position":2,"name":"Predsednica Kosova susrela se sa premijerom Ma\u0111arske, Viktorom Orbanom"}]},{"@type":"WebSite","@id":"https:\/\/president-ksgov.net\/#website","url":"https:\/\/president-ksgov.net\/","name":"Presidente e Republik\u00ebs s\u00eb Kosov\u00ebs","description":"Presidente e Republik\u00ebs s\u00eb Kosov\u00ebs","alternateName":"DR. VJOSA OSMANI - SADRIU","potentialAction":[{"@type":"SearchAction","target":{"@type":"EntryPoint","urlTemplate":"https:\/\/president-ksgov.net\/?s={search_term_string}"},"query-input":{"@type":"PropertyValueSpecification","valueRequired":true,"valueName":"search_term_string"}}],"inLanguage":"sr-RS"},{"@type":"Person","@id":"https:\/\/president-ksgov.net\/#\/schema\/person\/bb4337a5fb147cb2046d80548172cbee","name":"admin","image":{"@type":"ImageObject","inLanguage":"sr-RS","@id":"https:\/\/president-ksgov.net\/#\/schema\/person\/image\/","url":"https:\/\/secure.gravatar.com\/avatar\/36156ca0fa3b8d9d25174f146e16beea0cf28f37adf1b9e19b6c9c279a7c9dd3?s=96&d=mm&r=g","contentUrl":"https:\/\/secure.gravatar.com\/avatar\/36156ca0fa3b8d9d25174f146e16beea0cf28f37adf1b9e19b6c9c279a7c9dd3?s=96&d=mm&r=g","caption":"admin"},"sameAs":["https:\/\/president-ksgov.net"]}]}},"_links":{"self":[{"href":"https:\/\/president-ksgov.net\/sr\/wp-json\/wp\/v2\/posts\/79424","targetHints":{"allow":["GET"]}}],"collection":[{"href":"https:\/\/president-ksgov.net\/sr\/wp-json\/wp\/v2\/posts"}],"about":[{"href":"https:\/\/president-ksgov.net\/sr\/wp-json\/wp\/v2\/types\/post"}],"author":[{"embeddable":true,"href":"https:\/\/president-ksgov.net\/sr\/wp-json\/wp\/v2\/users\/1"}],"replies":[{"embeddable":true,"href":"https:\/\/president-ksgov.net\/sr\/wp-json\/wp\/v2\/comments?post=79424"}],"version-history":[{"count":0,"href":"https:\/\/president-ksgov.net\/sr\/wp-json\/wp\/v2\/posts\/79424\/revisions"}],"wp:featuredmedia":[{"embeddable":true,"href":"https:\/\/president-ksgov.net\/sr\/wp-json\/wp\/v2\/media\/59351"}],"wp:attachment":[{"href":"https:\/\/president-ksgov.net\/sr\/wp-json\/wp\/v2\/media?parent=79424"}],"wp:term":[{"taxonomy":"category","embeddable":true,"href":"https:\/\/president-ksgov.net\/sr\/wp-json\/wp\/v2\/categories?post=79424"},{"taxonomy":"post_tag","embeddable":true,"href":"https:\/\/president-ksgov.net\/sr\/wp-json\/wp\/v2\/tags?post=79424"}],"curies":[{"name":"wp","href":"https:\/\/api.w.org\/{rel}","templated":true}]}}