{"id":79401,"date":"2011-10-03T14:09:35","date_gmt":"2011-10-03T14:09:35","guid":{"rendered":"https:\/\/dev.president-ksgov.net\/govor-predsednice-atifete-jahjaga-u-ceremoniji-diplomiranja-kandidata-za-sudije-i-tuioce-2\/"},"modified":"2011-10-03T14:09:35","modified_gmt":"2011-10-03T14:09:35","slug":"govor-predsednice-atifete-jahjaga-u-ceremoniji-diplomiranja-kandidata-za-sudije-i-tuioce-2","status":"publish","type":"post","link":"https:\/\/president-ksgov.net\/sr\/govor-predsednice-atifete-jahjaga-u-ceremoniji-diplomiranja-kandidata-za-sudije-i-tuioce-2\/","title":{"rendered":"Govor Predsednice Atifete Jahjaga u ceremoniji diplomiranja kandidata za sudije i tu&#158;ioce"},"content":{"rendered":"<p>U sklopu reforme pravosudnog sistema, realizacija popune broja sudija i tu&#382;ioca je bitan preduslov  za potpuno sprovo\u0111enje tih reformi, davaju\u0107i rezultate  za stvaranje nezavisnog, efikasnog i nepristrasnog sudstva.<\/p>\n<p>Po&#353;tovani predstavnici\u00a0 kosovskih institucija,<br \/>\nPo&#353;tovani u\u010desnici,<br \/>\nPo&#353;tovani gosti,<\/p>\n<p>U sklopu reforme pravosudnog sistema, realizacija popune broja sudija i tu&#382;ioca je bitan preduslov\u00a0 za potpuno sprovo\u0111enje tih reformi, davaju\u0107i rezultate\u00a0 za stvaranje nezavisnog, efikasnog i nepristrasnog sudstva. <\/p>\n<p>Izgradnja i oja\u010danje pravne dr&#382;ave uz po&#353;tovanje na\u010dela dobre vladavine i vladavine zakona, jedan je od prvenstvenih ciljeva koje \u0107emo zajedno realizovati, uz obezbe\u0111enje na\u010dela kontrole i po&#353;tovanja\u00a0 podele vlasti\u00a0 koji su osnovni preduslov za stvaranje Kosova funkcionalne i demokratske dr&#382;ave za sve njezine gra\u0111ane, bez razlike na veru, naciju ili polnu pripadnost. <\/p>\n<p>Imenovanje sudija i tu&#382;ioca, obezbe\u0111enje fizi\u010dkih, materijalnih ali i profesionalnih uslova iskazuju na&#353;u zajedni\u010dku spremnost da budemo sastavni deo evropskih vrednosti stvaranjem nezavisnih, efikasnih i politi\u010dki nepristrasnih institucija. <\/p>\n<p>Predsednica zemlje, u sklopu svog ustavnog mandata je garant za nezavisno sudstvo, nepristrasno i efikasno. Vladavina zakona je u &#382;i&#382;i mojih napora za stvaranje stabilne dr&#382;ave i za garantovanje stabilnosti i sigurnosti regije. <\/p>\n<p>Kosovo radi za oja\u010danje vladavine zakona, tretiranja korupcije i izazova ekonomskog razvoja. Zabrinuti smo\u00a0 da je danas u svojoj kancelariji je ubijen Direktor op&#353;tinske uprave prosvete. Ovo se ne mo&#382;e tolerisati i izra&#382;ava nizak nivo dru&#353;tvenih odnosa &#353;to govori da moramo oja\u010dati vladavinu zakona kao pred uslov za miran i normalan &#382;ivot za svakog gra\u0111ana. <\/p>\n<p>Ve\u0107 smo u toku a&#382;uriranja celokupnog na&#353;eg zakonodavstva kako bi bili efikasniji u borbi protiv organizovanog kriminala, korupcije i svih negativnih pojava.<\/p>\n<p>Evropske integracije u sebe sadr&#382;e niz koraka koje moramo realizovati. U tom smislu, uz va&#353; \u010dastan, profesionalan i rad sa integritetom, sa po&#353;tovanjem i beskompromisnim\u00a0 sprovo\u0111enjem zakona, vi \u0107ete obezbediti\u00a0 da na Kosovu niko ne bude iznad zakona.<br \/>\n\u00a0<br \/>\nOsiguravam vas na va&#353;em budu\u0107em putu, da \u0107emo raditi za formiranje profesionalnog, nezavisnog\u00a0 i efikasnog sudstva da bi bili pozitivni primer vrednostima vladavine i sprovo\u0111enja zakona.<\/p>\n<p>Mnogo uspeha u va&#353;em radu.<\/p>\n","protected":false},"excerpt":{"rendered":"<p>U sklopu reforme pravosudnog sistema, realizacija popune broja sudija i tu&#382;ioca je bitan preduslov  za potpuno sprovo\u0111enje tih reformi, davaju\u0107i rezultate  za stvaranje nezavisnog, efikasnog i nepristrasnog sudstva.<\/p>\n","protected":false},"author":1,"featured_media":59077,"comment_status":"open","ping_status":"closed","sticky":false,"template":"","format":"standard","meta":{"_eb_attr":"","footnotes":""},"categories":[101],"tags":[],"class_list":["post-79401","post","type-post","status-publish","format-standard","has-post-thumbnail","hentry","category-vesti"],"yoast_head":"<!-- This site is optimized with the Yoast SEO plugin v23.5 - https:\/\/yoast.com\/wordpress\/plugins\/seo\/ -->\n<title>Govor Predsednice Atifete Jahjaga u ceremoniji diplomiranja kandidata za sudije i tu&#158;ioce - Predsednik Republike Kosovo - DR. VJOSA OSMANI - SADRIU<\/title>\n<meta name=\"description\" content=\"Govor Predsednice Atifete Jahjaga u ceremoniji diplomiranja kandidata za sudije i tu&#158;ioce - Predsednik Republike Kosovo - DR. VJOSA OSMANI - SADRIU -\" \/>\n<meta name=\"robots\" content=\"index, follow, max-snippet:-1, max-image-preview:large, max-video-preview:-1\" \/>\n<link rel=\"canonical\" href=\"https:\/\/president-ksgov.net\/fjalimi-i-presidentes-atifete-jahjaga-ne-ceremonine-e-diplomimit-te-kandidateve-per-gjyqtare-dhe-prokurore-2\/\" \/>\n<meta property=\"og:locale\" content=\"sr_RS\" \/>\n<meta property=\"og:type\" content=\"article\" \/>\n<meta property=\"og:title\" content=\"Govor Predsednice Atifete Jahjaga u ceremoniji diplomiranja kandidata za sudije i tu&#158;ioce - Predsednik Republike Kosovo - DR. VJOSA OSMANI - SADRIU\" \/>\n<meta property=\"og:description\" content=\"Govor Predsednice Atifete Jahjaga u ceremoniji diplomiranja kandidata za sudije i tu&#158;ioce - Predsednik Republike Kosovo - DR. VJOSA OSMANI - SADRIU -\" \/>\n<meta property=\"og:url\" content=\"https:\/\/president-ksgov.net\/fjalimi-i-presidentes-atifete-jahjaga-ne-ceremonine-e-diplomimit-te-kandidateve-per-gjyqtare-dhe-prokurore-2\/\" \/>\n<meta property=\"og:site_name\" content=\"Predsednik Republike Kosovo - DR. VJOSA OSMANI - SADRIU\" \/>\n<meta property=\"article:published_time\" content=\"2011-10-03T14:09:35+00:00\" \/>\n<meta property=\"og:image\" content=\"https:\/\/president-ksgov.net\/wp-content\/uploads\/03_10_2011_ceremonia_e_diplomimit_1.jpg\" \/>\n\t<meta property=\"og:image:width\" content=\"1000\" \/>\n\t<meta property=\"og:image:height\" content=\"667\" \/>\n\t<meta property=\"og:image:type\" content=\"image\/jpeg\" \/>\n<meta name=\"author\" content=\"admin\" \/>\n<meta name=\"twitter:card\" content=\"summary_large_image\" \/>\n<meta name=\"twitter:label1\" content=\"\u041d\u0430\u043f\u0438\u0441\u0430\u043d\u043e \u043e\u0434\" \/>\n\t<meta name=\"twitter:data1\" content=\"admin\" \/>\n\t<meta name=\"twitter:label2\" content=\"\u041f\u0440\u043e\u0446\u0435\u045a\u0435\u043d\u043e \u0432\u0440\u0435\u043c\u0435 \u0447\u0438\u0442\u0430\u045a\u0430\" \/>\n\t<meta name=\"twitter:data2\" content=\"2 \u043c\u0438\u043d\u0443\u0442\u0430\" \/>\n<script type=\"application\/ld+json\" class=\"yoast-schema-graph\">{\"@context\":\"https:\/\/schema.org\",\"@graph\":[{\"@type\":\"WebPage\",\"@id\":\"https:\/\/president-ksgov.net\/fjalimi-i-presidentes-atifete-jahjaga-ne-ceremonine-e-diplomimit-te-kandidateve-per-gjyqtare-dhe-prokurore-2\/\",\"url\":\"https:\/\/president-ksgov.net\/fjalimi-i-presidentes-atifete-jahjaga-ne-ceremonine-e-diplomimit-te-kandidateve-per-gjyqtare-dhe-prokurore-2\/\",\"name\":\"Govor Predsednice Atifete Jahjaga u ceremoniji diplomiranja kandidata za sudije i tu&#158;ioce - Predsednik Republike Kosovo - DR. VJOSA OSMANI - SADRIU\",\"isPartOf\":{\"@id\":\"https:\/\/president-ksgov.net\/#website\"},\"primaryImageOfPage\":{\"@id\":\"https:\/\/president-ksgov.net\/fjalimi-i-presidentes-atifete-jahjaga-ne-ceremonine-e-diplomimit-te-kandidateve-per-gjyqtare-dhe-prokurore-2\/#primaryimage\"},\"image\":{\"@id\":\"https:\/\/president-ksgov.net\/fjalimi-i-presidentes-atifete-jahjaga-ne-ceremonine-e-diplomimit-te-kandidateve-per-gjyqtare-dhe-prokurore-2\/#primaryimage\"},\"thumbnailUrl\":\"https:\/\/president-ksgov.net\/wp-content\/uploads\/03_10_2011_ceremonia_e_diplomimit_1.jpg\",\"datePublished\":\"2011-10-03T14:09:35+00:00\",\"dateModified\":\"2011-10-03T14:09:35+00:00\",\"author\":{\"@id\":\"https:\/\/president-ksgov.net\/#\/schema\/person\/bb4337a5fb147cb2046d80548172cbee\"},\"description\":\"Govor Predsednice Atifete Jahjaga u ceremoniji diplomiranja kandidata za sudije i tu&#158;ioce - Predsednik Republike Kosovo - DR. VJOSA OSMANI - SADRIU -\",\"breadcrumb\":{\"@id\":\"https:\/\/president-ksgov.net\/fjalimi-i-presidentes-atifete-jahjaga-ne-ceremonine-e-diplomimit-te-kandidateve-per-gjyqtare-dhe-prokurore-2\/#breadcrumb\"},\"inLanguage\":\"sr-RS\",\"potentialAction\":[{\"@type\":\"ReadAction\",\"target\":[\"https:\/\/president-ksgov.net\/fjalimi-i-presidentes-atifete-jahjaga-ne-ceremonine-e-diplomimit-te-kandidateve-per-gjyqtare-dhe-prokurore-2\/\"]}]},{\"@type\":\"ImageObject\",\"inLanguage\":\"sr-RS\",\"@id\":\"https:\/\/president-ksgov.net\/fjalimi-i-presidentes-atifete-jahjaga-ne-ceremonine-e-diplomimit-te-kandidateve-per-gjyqtare-dhe-prokurore-2\/#primaryimage\",\"url\":\"https:\/\/president-ksgov.net\/wp-content\/uploads\/03_10_2011_ceremonia_e_diplomimit_1.jpg\",\"contentUrl\":\"https:\/\/president-ksgov.net\/wp-content\/uploads\/03_10_2011_ceremonia_e_diplomimit_1.jpg\",\"width\":1000,\"height\":667},{\"@type\":\"BreadcrumbList\",\"@id\":\"https:\/\/president-ksgov.net\/fjalimi-i-presidentes-atifete-jahjaga-ne-ceremonine-e-diplomimit-te-kandidateve-per-gjyqtare-dhe-prokurore-2\/#breadcrumb\",\"itemListElement\":[{\"@type\":\"ListItem\",\"position\":1,\"name\":\"Home\",\"item\":\"https:\/\/president-ksgov.net\/sr\/\"},{\"@type\":\"ListItem\",\"position\":2,\"name\":\"Govor Predsednice Atifete Jahjaga u ceremoniji diplomiranja kandidata za sudije i tu&#158;ioce\"}]},{\"@type\":\"WebSite\",\"@id\":\"https:\/\/president-ksgov.net\/#website\",\"url\":\"https:\/\/president-ksgov.net\/\",\"name\":\"Presidente e Republik\u00ebs s\u00eb Kosov\u00ebs\",\"description\":\"Presidente e Republik\u00ebs s\u00eb Kosov\u00ebs\",\"alternateName\":\"DR. VJOSA OSMANI - SADRIU\",\"potentialAction\":[{\"@type\":\"SearchAction\",\"target\":{\"@type\":\"EntryPoint\",\"urlTemplate\":\"https:\/\/president-ksgov.net\/?s={search_term_string}\"},\"query-input\":{\"@type\":\"PropertyValueSpecification\",\"valueRequired\":true,\"valueName\":\"search_term_string\"}}],\"inLanguage\":\"sr-RS\"},{\"@type\":\"Person\",\"@id\":\"https:\/\/president-ksgov.net\/#\/schema\/person\/bb4337a5fb147cb2046d80548172cbee\",\"name\":\"admin\",\"image\":{\"@type\":\"ImageObject\",\"inLanguage\":\"sr-RS\",\"@id\":\"https:\/\/president-ksgov.net\/#\/schema\/person\/image\/\",\"url\":\"https:\/\/secure.gravatar.com\/avatar\/36156ca0fa3b8d9d25174f146e16beea0cf28f37adf1b9e19b6c9c279a7c9dd3?s=96&d=mm&r=g\",\"contentUrl\":\"https:\/\/secure.gravatar.com\/avatar\/36156ca0fa3b8d9d25174f146e16beea0cf28f37adf1b9e19b6c9c279a7c9dd3?s=96&d=mm&r=g\",\"caption\":\"admin\"},\"sameAs\":[\"https:\/\/president-ksgov.net\"]}]}<\/script>\n<!-- \/ Yoast SEO plugin. -->","yoast_head_json":{"title":"Govor Predsednice Atifete Jahjaga u ceremoniji diplomiranja kandidata za sudije i tu&#158;ioce - Predsednik Republike Kosovo - DR. VJOSA OSMANI - SADRIU","description":"Govor Predsednice Atifete Jahjaga u ceremoniji diplomiranja kandidata za sudije i tu&#158;ioce - Predsednik Republike Kosovo - DR. VJOSA OSMANI - SADRIU -","robots":{"index":"index","follow":"follow","max-snippet":"max-snippet:-1","max-image-preview":"max-image-preview:large","max-video-preview":"max-video-preview:-1"},"canonical":"https:\/\/president-ksgov.net\/fjalimi-i-presidentes-atifete-jahjaga-ne-ceremonine-e-diplomimit-te-kandidateve-per-gjyqtare-dhe-prokurore-2\/","og_locale":"sr_RS","og_type":"article","og_title":"Govor Predsednice Atifete Jahjaga u ceremoniji diplomiranja kandidata za sudije i tu&#158;ioce - Predsednik Republike Kosovo - DR. VJOSA OSMANI - SADRIU","og_description":"Govor Predsednice Atifete Jahjaga u ceremoniji diplomiranja kandidata za sudije i tu&#158;ioce - Predsednik Republike Kosovo - DR. VJOSA OSMANI - SADRIU -","og_url":"https:\/\/president-ksgov.net\/fjalimi-i-presidentes-atifete-jahjaga-ne-ceremonine-e-diplomimit-te-kandidateve-per-gjyqtare-dhe-prokurore-2\/","og_site_name":"Predsednik Republike Kosovo - DR. VJOSA OSMANI - SADRIU","article_published_time":"2011-10-03T14:09:35+00:00","og_image":[{"width":1000,"height":667,"url":"https:\/\/president-ksgov.net\/wp-content\/uploads\/03_10_2011_ceremonia_e_diplomimit_1.jpg","type":"image\/jpeg"}],"author":"admin","twitter_card":"summary_large_image","twitter_misc":{"\u041d\u0430\u043f\u0438\u0441\u0430\u043d\u043e \u043e\u0434":"admin","\u041f\u0440\u043e\u0446\u0435\u045a\u0435\u043d\u043e \u0432\u0440\u0435\u043c\u0435 \u0447\u0438\u0442\u0430\u045a\u0430":"2 \u043c\u0438\u043d\u0443\u0442\u0430"},"schema":{"@context":"https:\/\/schema.org","@graph":[{"@type":"WebPage","@id":"https:\/\/president-ksgov.net\/fjalimi-i-presidentes-atifete-jahjaga-ne-ceremonine-e-diplomimit-te-kandidateve-per-gjyqtare-dhe-prokurore-2\/","url":"https:\/\/president-ksgov.net\/fjalimi-i-presidentes-atifete-jahjaga-ne-ceremonine-e-diplomimit-te-kandidateve-per-gjyqtare-dhe-prokurore-2\/","name":"Govor Predsednice Atifete Jahjaga u ceremoniji diplomiranja kandidata za sudije i tu&#158;ioce - Predsednik Republike Kosovo - DR. VJOSA OSMANI - SADRIU","isPartOf":{"@id":"https:\/\/president-ksgov.net\/#website"},"primaryImageOfPage":{"@id":"https:\/\/president-ksgov.net\/fjalimi-i-presidentes-atifete-jahjaga-ne-ceremonine-e-diplomimit-te-kandidateve-per-gjyqtare-dhe-prokurore-2\/#primaryimage"},"image":{"@id":"https:\/\/president-ksgov.net\/fjalimi-i-presidentes-atifete-jahjaga-ne-ceremonine-e-diplomimit-te-kandidateve-per-gjyqtare-dhe-prokurore-2\/#primaryimage"},"thumbnailUrl":"https:\/\/president-ksgov.net\/wp-content\/uploads\/03_10_2011_ceremonia_e_diplomimit_1.jpg","datePublished":"2011-10-03T14:09:35+00:00","dateModified":"2011-10-03T14:09:35+00:00","author":{"@id":"https:\/\/president-ksgov.net\/#\/schema\/person\/bb4337a5fb147cb2046d80548172cbee"},"description":"Govor Predsednice Atifete Jahjaga u ceremoniji diplomiranja kandidata za sudije i tu&#158;ioce - Predsednik Republike Kosovo - DR. VJOSA OSMANI - SADRIU -","breadcrumb":{"@id":"https:\/\/president-ksgov.net\/fjalimi-i-presidentes-atifete-jahjaga-ne-ceremonine-e-diplomimit-te-kandidateve-per-gjyqtare-dhe-prokurore-2\/#breadcrumb"},"inLanguage":"sr-RS","potentialAction":[{"@type":"ReadAction","target":["https:\/\/president-ksgov.net\/fjalimi-i-presidentes-atifete-jahjaga-ne-ceremonine-e-diplomimit-te-kandidateve-per-gjyqtare-dhe-prokurore-2\/"]}]},{"@type":"ImageObject","inLanguage":"sr-RS","@id":"https:\/\/president-ksgov.net\/fjalimi-i-presidentes-atifete-jahjaga-ne-ceremonine-e-diplomimit-te-kandidateve-per-gjyqtare-dhe-prokurore-2\/#primaryimage","url":"https:\/\/president-ksgov.net\/wp-content\/uploads\/03_10_2011_ceremonia_e_diplomimit_1.jpg","contentUrl":"https:\/\/president-ksgov.net\/wp-content\/uploads\/03_10_2011_ceremonia_e_diplomimit_1.jpg","width":1000,"height":667},{"@type":"BreadcrumbList","@id":"https:\/\/president-ksgov.net\/fjalimi-i-presidentes-atifete-jahjaga-ne-ceremonine-e-diplomimit-te-kandidateve-per-gjyqtare-dhe-prokurore-2\/#breadcrumb","itemListElement":[{"@type":"ListItem","position":1,"name":"Home","item":"https:\/\/president-ksgov.net\/sr\/"},{"@type":"ListItem","position":2,"name":"Govor Predsednice Atifete Jahjaga u ceremoniji diplomiranja kandidata za sudije i tu&#158;ioce"}]},{"@type":"WebSite","@id":"https:\/\/president-ksgov.net\/#website","url":"https:\/\/president-ksgov.net\/","name":"Presidente e Republik\u00ebs s\u00eb Kosov\u00ebs","description":"Presidente e Republik\u00ebs s\u00eb Kosov\u00ebs","alternateName":"DR. VJOSA OSMANI - SADRIU","potentialAction":[{"@type":"SearchAction","target":{"@type":"EntryPoint","urlTemplate":"https:\/\/president-ksgov.net\/?s={search_term_string}"},"query-input":{"@type":"PropertyValueSpecification","valueRequired":true,"valueName":"search_term_string"}}],"inLanguage":"sr-RS"},{"@type":"Person","@id":"https:\/\/president-ksgov.net\/#\/schema\/person\/bb4337a5fb147cb2046d80548172cbee","name":"admin","image":{"@type":"ImageObject","inLanguage":"sr-RS","@id":"https:\/\/president-ksgov.net\/#\/schema\/person\/image\/","url":"https:\/\/secure.gravatar.com\/avatar\/36156ca0fa3b8d9d25174f146e16beea0cf28f37adf1b9e19b6c9c279a7c9dd3?s=96&d=mm&r=g","contentUrl":"https:\/\/secure.gravatar.com\/avatar\/36156ca0fa3b8d9d25174f146e16beea0cf28f37adf1b9e19b6c9c279a7c9dd3?s=96&d=mm&r=g","caption":"admin"},"sameAs":["https:\/\/president-ksgov.net"]}]}},"_links":{"self":[{"href":"https:\/\/president-ksgov.net\/sr\/wp-json\/wp\/v2\/posts\/79401","targetHints":{"allow":["GET"]}}],"collection":[{"href":"https:\/\/president-ksgov.net\/sr\/wp-json\/wp\/v2\/posts"}],"about":[{"href":"https:\/\/president-ksgov.net\/sr\/wp-json\/wp\/v2\/types\/post"}],"author":[{"embeddable":true,"href":"https:\/\/president-ksgov.net\/sr\/wp-json\/wp\/v2\/users\/1"}],"replies":[{"embeddable":true,"href":"https:\/\/president-ksgov.net\/sr\/wp-json\/wp\/v2\/comments?post=79401"}],"version-history":[{"count":0,"href":"https:\/\/president-ksgov.net\/sr\/wp-json\/wp\/v2\/posts\/79401\/revisions"}],"wp:featuredmedia":[{"embeddable":true,"href":"https:\/\/president-ksgov.net\/sr\/wp-json\/wp\/v2\/media\/59077"}],"wp:attachment":[{"href":"https:\/\/president-ksgov.net\/sr\/wp-json\/wp\/v2\/media?parent=79401"}],"wp:term":[{"taxonomy":"category","embeddable":true,"href":"https:\/\/president-ksgov.net\/sr\/wp-json\/wp\/v2\/categories?post=79401"},{"taxonomy":"post_tag","embeddable":true,"href":"https:\/\/president-ksgov.net\/sr\/wp-json\/wp\/v2\/tags?post=79401"}],"curies":[{"name":"wp","href":"https:\/\/api.w.org\/{rel}","templated":true}]}}