{"id":79375,"date":"2011-10-13T16:25:51","date_gmt":"2011-10-13T16:25:51","guid":{"rendered":"https:\/\/dev.president-ksgov.net\/pier-mirel-je-predsednici-jahjaga-predao-izvetaj-progresa-evropske-komisije\/"},"modified":"2011-10-13T16:25:51","modified_gmt":"2011-10-13T16:25:51","slug":"pier-mirel-je-predsednici-jahjaga-predao-izvetaj-progresa-evropske-komisije","status":"publish","type":"post","link":"https:\/\/president-ksgov.net\/sr\/pier-mirel-je-predsednici-jahjaga-predao-izvetaj-progresa-evropske-komisije\/","title":{"rendered":"Pier Mirel je Predsednici Jahjaga predao Izve&#154;taj progresa Evropske Komisije"},"content":{"rendered":"<p>Predsednica Republike Kosova, g-\u0111a Atifete Jahjaga, primila je danas g-dina   Piera Mirela, direktora za Zapadni Balkan u  Op&#353;toj upravi Evropske Komisije za pro&#353;irenje, koji je zvani\u010dno predao Izve&#353;taj progresa Evropske Komisije za Kosovo.<\/p>\n<p>Nakon susreta, Predsednica Jahjaga i g-din Mirel rekli su za medije: <\/p>\n<p>Predsednica Jahjaga: Republika Kosova je danas, zvani\u010dno dobila Izve&#353;taj progresa Evropske komisije, veoma zna\u010dajan dokumenat, za procenu dostignu\u0107a koje je na&#353;a zemlja, kao dr&#382;ava i dru&#353;tvo, je u\u010dinila izme\u0111u dva Izve&#353;taja progresa u svim oblastima, fokusiraju\u0107i se na kriti\u010dku i realnu ocenu, za sve objektive koji nisu realizovani i koji se pojavljuju kao zaka&#353;njenja i prepreke na putu Kosova za integraciju u Evropsku Zajednicu. Ja, Predsednica Republike Kosova, cenim Izve&#353;taj progresa smatraju\u0107i ga kao osnovnog dokumenta, kojim, u izgradnji dr&#382;ave, razvoja demokratije, ekonomskog napretka, kao zemlja i narod smo orijentirani i pomognuti u postizanju evropskih standarda. <\/p>\n<p>Kosovo i svi gra\u0111ani, bez razlike, opredeljeni su za ka evro-atlantskih integracija, &#353;to defini&#353;e na&#353;u budu\u0107nost. Ovo je op&#353;ti konsenzus svih nacionalnih, verskih i ostalih zajednica i tu se upravo izra&#382;ava na&#353;a predanost i jedinstvo za op&#353;ti napredak. Pozdravljam po\u010detak dijaloga za liberalizaciju viza za gra\u0111ane moje zemlje, kao privr&#382;enost tome da Kosovo i njen narod, kao deo Evropske civilizacije, nisu izolovani i da omladina Kosova kao i omladina cele Evrope, mogu da slobodno kre\u0107u, komuniciraju, &#353;koluju i da se osposobljavaju i postanu deo zajedni\u010dke mre&#382;e i interakcije. <\/p>\n<p>Verujem, da \u0107e se u bliskoj budu\u0107nosti na\u0107i modalitet za kontraktualne odnose Republike Kosova sa Evropskom zajednicom, \u010dime se jasno defini&#353;e put \u010dlanstva Kosova u EU i NATO. Ovo je cilj moje zemlje i cele regije, u politici pro&#353;irenja Evropske zajednice, u kojoj se obuhva\u0107a &#382;elja i volja Republike Kosova za \u010dlanstvo u EU.<\/p>\n<p>Proces nezavisnosti Republike Kosova je nepovratan i dokazao se kao jedino re&#353;enje, faktor mira i stabilnosti koji po&#353;tuje volju, prava i slobode svih gra\u0111ana. Republika Kosovo ima i &#382;eli imati dobru saradnju sa svim susednim zemljama, uklju\u010duju\u0107i i Republiku Srbiju, na osnovu po&#353;tovanja nezavisnosti, suvereniteta i teritorijalnog integriteta svake zemlje. Budu\u0107nost svih zemalja regije je integracija u Evropsku zajednicu i to se posti&#382;e jedino uz uzajamnu pomo\u0107 a ne preprekama.<\/p>\n<p>Izve&#353;taj progresa za Kosovo evidentira zaostajanja u odre\u0111enim oblastima i mi &#8211; institucije Kosova, preuzmemo obavezu da otklanjamo sve prepreke, koje su evidentirane kao neispunjena na\u010dela u razvoju demokratskih procesa, vladavine zakona, slobodu medija i posebno u borbi protiv organizovanog kriminala i korupcije. Ja, Predsednica Republike Kosova, u sklopu mojih ustavnih i zakonskih, rukovodi\u0107u sveobuhvatne mehanizme u borbi protiv organizovanog kriminala i korupcije za pomo\u0107 procesu evropskih integracija, uz institucionalno u\u010de&#353;\u0107e, stru\u010dnjaka i civilnog dru&#353;tva, koji su u sklopu rada i konkretnih napora za Kosovo, zemlje sa potpunom vladavinom zakona, sa nula tolerancije prema kriminalitetu i korupcije. Institucije Kosova, ve\u0107 imaju sveobuhvatni plan, koji \u0107e se konkretizovati za prostiranje suvereniteta i zakonitosti na celoj teritoriji zelje, uklju\u010duju\u0107i i tri op&#353;tine na severu Kosova. <\/p>\n<p>Re&#353;enje sprovo\u0111enje Plana Ahtisarija, koji je dao dobre rezultate u ostalim op&#353;tinama moje zemlje i odr&#382;avanje izbora u op&#353;tinama Leposavi\u0107, Zubin Potok i Zve\u010dane, konstituisanje i odr&#382;avanje izbora u op&#353;tini Severna Mitrovica, omogu\u0107ilo bi gra\u0111anima Kosova srpske nacionalnosti, da biraju svoje legalne i legitimne predstavnike, da se sprovodi Ustav i zakoni Republike Kosova, koji su u skladu sa najvi&#353;im evropskim standardima za realizaciju ljudskih prava i kolektivnih prava zajednica. Ovo nema alternativnog puta, jer nema podele Kosova, nema podele Srbije, nema razmene teritorija i nema iseljavanja stanovni&#353;tva. To nikada nije bilo i nije evropska vizija. Ja, Predsednica, izra&#382;avam svoj stav da sam protiv &#8222; Plana Ahtisari Plus&#8220;, protiv me\u0111unarodnog menad&#382;iranja tri op&#353;tina Kosova, jer to nije u skladu sa Ustavom zemlje i to bi podstrekivalo neravnopravnost i preseljavanja stanovni&#353;tva od jedne u drugu op&#353;tinu. Gra\u0111ani Kosova imaju jednaka prava, bez obzira na op&#353;tinu gde &#382;ive, jer Republika Kosova, izgra\u0111ena kao gra\u0111anska dr&#382;ava, garantuje sva prava i slobode jednako za sve, bez obzira na etni\u010dku, versku, polnu i rasnu pripadnost. <\/p>\n<p>G-dine Mirel, hvala Vam za prezentaciju i predaju Izve&#353;taja progresa, dokumenta kojeg moja zemlja prima kao normu i \u010dinjenicu za zadatke koje trebamo ispuniti i kao dokaz da je Kosovo u evropskoj agendi. Ja, Predsednica zemlje obrati\u0107u u redovnim periodima javnosti i gra\u0111anima Republike Kosova ocene na&#353;ih dostignu\u0107a ili ispunjavanja standarda prema prema ovom izve&#353;taju. <\/p>\n<p>Pier Mirel: Bilo mi je \u010dast, privilegovan sam i imam zadovoljstvo da da Predsednici Kosova predajem Izve&#353;taj progresa. <\/p>\n<p>Mislim da smo se slo&#382;ili oko velikog broja sektora ili pitanja, sada po &#353;to u glavnom postoji zakonska osnova, formirane su institucije gde smo posebno istakli sudstvo, Sudski savet, tu&#382;ila&#353;tva, imenovanje sudija, zakonski okvir, Zakon za za&#353;titu svedoka koji je u zadnje vreme usvojen i da je op&#353;ta i zakonska struktura na jedno mesto. <\/p>\n<p>Sada, ono &#353;to ja mislim da \u0107e gra\u0111ani zahtevati trebalo da bude da pravosu\u0111e i sudovi efikasno rade i sigurno \u0107e biti ono o \u010demu \u0107emo izve&#353;tavati naredne godine, razmatraju\u0107i rad sudova. <\/p>\n<p>Ali, ve\u0107 smo videli razvijanja, uklju\u010duju\u0107i i zna\u010dajna pitanja korupcije i kriminaliteta, koja su otvorena u saradnji sa sudskim organima EULEX-a. Ja bi hteo da podse\u0107am da je u toku istraga za 350 slu\u010dajeva i da je do sada dono&#353;eno oko 250 re&#353;enja u zadnje dve godine. Vidi se da ima napretka i svakako \u0107emo tra&#382;iti da ga ima vi&#353;e u narednom mesecu. <\/p>\n<p>Predsednica je delila sa mnom viziju za Kosovo i ne mogu da se ne sla&#382;em sa Vama kada ka&#382;ete da sve zajednice , bez obzira na pripadnost, da bili gde &#382;ive i sve zemlje imaju va&#382;nog zajedni\u010dkog elementa , a to je agenda za evropsku integraciju i sva zemlje regije tra&#382;e da se priklju\u010de EU. <\/p>\n<p>Ovo obuhvata sve zajednice koje &#382;ivo bilo na severu, jugu, istoku ili zapadu zemlje i mi&#353;ljenja sam je to veoma va&#382;an elemenat da bi sve zajednice pomogle kretanja u pravcu potrebnih reformi. <\/p>\n<p>Prelaze\u0107i na drugu zna\u010dajnu ta\u010dku koju je komisioner F\u00fcle veoma potencirao je kada je ju\u010der otvorio temu uklju\u010div&#353;i, regionalno kompletiranje koje vodi ka pomirenju, nakon toliko ratova, nakon stotina hiljada ljudi koji su bili primorani da napu&#353;taju zemlju, nakon mnogo izbeglica itd. odre\u0111en broj njih &#382;ivi u kolektivne centre. <\/p>\n<p>Do&#353;lo je vreme da se preokrene stranica i to saradnjom u zajedni\u010dkim projektima i sigurno da je evropska integracija vizija i zajedni\u010dki projekt dr&#382;ava regije i mislimo da po\u010detkom dijaloga za liberalizaciju viza koji je Kosovo zaslu&#382;ilo, mi sigurno sa jedne starne \u0107emo pomo\u0107i osiguravaju\u0107i se da \u0107 se reforme usvojiti, da \u0107e se sprovesti i da \u0107e pomo\u0107i pomirenju dozvoljavaju\u0107i slobodu kretanja ljudi. <\/p>\n<p>Mislim da smo se slo&#382;ili sa ovim &#353;to sam upravo rekao, reforme sudstva i u oblasti provrede ili bilo koje, pre svega su za gra\u0111ane zemlje, bez obzira na geografsku lokaciju i one \u0107e isto tako pomo\u0107i pribli&#382;avanju sa Briselom i ova je bila zajedni\u010dka vizija koju smo diskutovali sa Predsednicom.<\/p>\n","protected":false},"excerpt":{"rendered":"<p>Predsednica Republike Kosova, g-\u0111a Atifete Jahjaga, primila je danas g-dina   Piera Mirela, direktora za Zapadni Balkan u  Op&#353;toj upravi Evropske Komisije za pro&#353;irenje, koji je zvani\u010dno predao Izve&#353;taj progresa Evropske Komisije za Kosovo.<\/p>\n","protected":false},"author":1,"featured_media":58862,"comment_status":"open","ping_status":"closed","sticky":false,"template":"","format":"standard","meta":{"_eb_attr":"","footnotes":""},"categories":[101],"tags":[],"class_list":["post-79375","post","type-post","status-publish","format-standard","has-post-thumbnail","hentry","category-vesti"],"yoast_head":"<!-- This site is optimized with the Yoast SEO plugin v23.5 - https:\/\/yoast.com\/wordpress\/plugins\/seo\/ -->\n<title>Pier Mirel je Predsednici Jahjaga predao Izve&#154;taj progresa Evropske Komisije - Predsednik Republike Kosovo - DR. VJOSA OSMANI - SADRIU<\/title>\n<meta name=\"description\" content=\"Pier Mirel je Predsednici Jahjaga predao Izve&#154;taj progresa Evropske Komisije - Predsednik Republike Kosovo - DR. VJOSA OSMANI - SADRIU -\" \/>\n<meta name=\"robots\" content=\"index, follow, max-snippet:-1, max-image-preview:large, max-video-preview:-1\" \/>\n<link rel=\"canonical\" href=\"https:\/\/president-ksgov.net\/pier-mirel-ia-dorezoi-presidentes-atifete-jahjaga-raportin-e-progresit-te-komisionit-evropian\/\" \/>\n<meta property=\"og:locale\" content=\"sr_RS\" \/>\n<meta property=\"og:type\" content=\"article\" \/>\n<meta property=\"og:title\" content=\"Pier Mirel je Predsednici Jahjaga predao Izve&#154;taj progresa Evropske Komisije - Predsednik Republike Kosovo - DR. VJOSA OSMANI - SADRIU\" \/>\n<meta property=\"og:description\" content=\"Pier Mirel je Predsednici Jahjaga predao Izve&#154;taj progresa Evropske Komisije - Predsednik Republike Kosovo - DR. VJOSA OSMANI - SADRIU -\" \/>\n<meta property=\"og:url\" content=\"https:\/\/president-ksgov.net\/pier-mirel-ia-dorezoi-presidentes-atifete-jahjaga-raportin-e-progresit-te-komisionit-evropian\/\" \/>\n<meta property=\"og:site_name\" content=\"Predsednik Republike Kosovo - DR. VJOSA OSMANI - SADRIU\" \/>\n<meta property=\"article:published_time\" content=\"2011-10-13T16:25:51+00:00\" \/>\n<meta property=\"og:image\" content=\"https:\/\/president-ksgov.net\/wp-content\/uploads\/Raporti_1.jpg\" \/>\n\t<meta property=\"og:image:width\" content=\"1000\" \/>\n\t<meta property=\"og:image:height\" content=\"756\" \/>\n\t<meta property=\"og:image:type\" content=\"image\/jpeg\" \/>\n<meta name=\"author\" content=\"admin\" \/>\n<meta name=\"twitter:card\" content=\"summary_large_image\" \/>\n<meta name=\"twitter:label1\" content=\"\u041d\u0430\u043f\u0438\u0441\u0430\u043d\u043e \u043e\u0434\" \/>\n\t<meta name=\"twitter:data1\" content=\"admin\" \/>\n\t<meta name=\"twitter:label2\" content=\"\u041f\u0440\u043e\u0446\u0435\u045a\u0435\u043d\u043e \u0432\u0440\u0435\u043c\u0435 \u0447\u0438\u0442\u0430\u045a\u0430\" \/>\n\t<meta name=\"twitter:data2\" content=\"6 \u043c\u0438\u043d\u0443\u0442\u0430\" \/>\n<script type=\"application\/ld+json\" class=\"yoast-schema-graph\">{\"@context\":\"https:\/\/schema.org\",\"@graph\":[{\"@type\":\"WebPage\",\"@id\":\"https:\/\/president-ksgov.net\/pier-mirel-ia-dorezoi-presidentes-atifete-jahjaga-raportin-e-progresit-te-komisionit-evropian\/\",\"url\":\"https:\/\/president-ksgov.net\/pier-mirel-ia-dorezoi-presidentes-atifete-jahjaga-raportin-e-progresit-te-komisionit-evropian\/\",\"name\":\"Pier Mirel je Predsednici Jahjaga predao Izve&#154;taj progresa Evropske Komisije - Predsednik Republike Kosovo - DR. VJOSA OSMANI - SADRIU\",\"isPartOf\":{\"@id\":\"https:\/\/president-ksgov.net\/#website\"},\"primaryImageOfPage\":{\"@id\":\"https:\/\/president-ksgov.net\/pier-mirel-ia-dorezoi-presidentes-atifete-jahjaga-raportin-e-progresit-te-komisionit-evropian\/#primaryimage\"},\"image\":{\"@id\":\"https:\/\/president-ksgov.net\/pier-mirel-ia-dorezoi-presidentes-atifete-jahjaga-raportin-e-progresit-te-komisionit-evropian\/#primaryimage\"},\"thumbnailUrl\":\"https:\/\/president-ksgov.net\/wp-content\/uploads\/Raporti_1.jpg\",\"datePublished\":\"2011-10-13T16:25:51+00:00\",\"dateModified\":\"2011-10-13T16:25:51+00:00\",\"author\":{\"@id\":\"https:\/\/president-ksgov.net\/#\/schema\/person\/bb4337a5fb147cb2046d80548172cbee\"},\"description\":\"Pier Mirel je Predsednici Jahjaga predao Izve&#154;taj progresa Evropske Komisije - Predsednik Republike Kosovo - DR. VJOSA OSMANI - SADRIU -\",\"breadcrumb\":{\"@id\":\"https:\/\/president-ksgov.net\/pier-mirel-ia-dorezoi-presidentes-atifete-jahjaga-raportin-e-progresit-te-komisionit-evropian\/#breadcrumb\"},\"inLanguage\":\"sr-RS\",\"potentialAction\":[{\"@type\":\"ReadAction\",\"target\":[\"https:\/\/president-ksgov.net\/pier-mirel-ia-dorezoi-presidentes-atifete-jahjaga-raportin-e-progresit-te-komisionit-evropian\/\"]}]},{\"@type\":\"ImageObject\",\"inLanguage\":\"sr-RS\",\"@id\":\"https:\/\/president-ksgov.net\/pier-mirel-ia-dorezoi-presidentes-atifete-jahjaga-raportin-e-progresit-te-komisionit-evropian\/#primaryimage\",\"url\":\"https:\/\/president-ksgov.net\/wp-content\/uploads\/Raporti_1.jpg\",\"contentUrl\":\"https:\/\/president-ksgov.net\/wp-content\/uploads\/Raporti_1.jpg\",\"width\":1000,\"height\":756},{\"@type\":\"BreadcrumbList\",\"@id\":\"https:\/\/president-ksgov.net\/pier-mirel-ia-dorezoi-presidentes-atifete-jahjaga-raportin-e-progresit-te-komisionit-evropian\/#breadcrumb\",\"itemListElement\":[{\"@type\":\"ListItem\",\"position\":1,\"name\":\"Home\",\"item\":\"https:\/\/president-ksgov.net\/sr\/\"},{\"@type\":\"ListItem\",\"position\":2,\"name\":\"Pier Mirel je Predsednici Jahjaga predao Izve&#154;taj progresa Evropske Komisije\"}]},{\"@type\":\"WebSite\",\"@id\":\"https:\/\/president-ksgov.net\/#website\",\"url\":\"https:\/\/president-ksgov.net\/\",\"name\":\"Presidente e Republik\u00ebs s\u00eb Kosov\u00ebs\",\"description\":\"Presidente e Republik\u00ebs s\u00eb Kosov\u00ebs\",\"alternateName\":\"DR. VJOSA OSMANI - SADRIU\",\"potentialAction\":[{\"@type\":\"SearchAction\",\"target\":{\"@type\":\"EntryPoint\",\"urlTemplate\":\"https:\/\/president-ksgov.net\/?s={search_term_string}\"},\"query-input\":{\"@type\":\"PropertyValueSpecification\",\"valueRequired\":true,\"valueName\":\"search_term_string\"}}],\"inLanguage\":\"sr-RS\"},{\"@type\":\"Person\",\"@id\":\"https:\/\/president-ksgov.net\/#\/schema\/person\/bb4337a5fb147cb2046d80548172cbee\",\"name\":\"admin\",\"image\":{\"@type\":\"ImageObject\",\"inLanguage\":\"sr-RS\",\"@id\":\"https:\/\/president-ksgov.net\/#\/schema\/person\/image\/\",\"url\":\"https:\/\/secure.gravatar.com\/avatar\/36156ca0fa3b8d9d25174f146e16beea0cf28f37adf1b9e19b6c9c279a7c9dd3?s=96&d=mm&r=g\",\"contentUrl\":\"https:\/\/secure.gravatar.com\/avatar\/36156ca0fa3b8d9d25174f146e16beea0cf28f37adf1b9e19b6c9c279a7c9dd3?s=96&d=mm&r=g\",\"caption\":\"admin\"},\"sameAs\":[\"https:\/\/president-ksgov.net\"]}]}<\/script>\n<!-- \/ Yoast SEO plugin. -->","yoast_head_json":{"title":"Pier Mirel je Predsednici Jahjaga predao Izve&#154;taj progresa Evropske Komisije - Predsednik Republike Kosovo - DR. VJOSA OSMANI - SADRIU","description":"Pier Mirel je Predsednici Jahjaga predao Izve&#154;taj progresa Evropske Komisije - Predsednik Republike Kosovo - DR. VJOSA OSMANI - SADRIU -","robots":{"index":"index","follow":"follow","max-snippet":"max-snippet:-1","max-image-preview":"max-image-preview:large","max-video-preview":"max-video-preview:-1"},"canonical":"https:\/\/president-ksgov.net\/pier-mirel-ia-dorezoi-presidentes-atifete-jahjaga-raportin-e-progresit-te-komisionit-evropian\/","og_locale":"sr_RS","og_type":"article","og_title":"Pier Mirel je Predsednici Jahjaga predao Izve&#154;taj progresa Evropske Komisije - Predsednik Republike Kosovo - DR. VJOSA OSMANI - SADRIU","og_description":"Pier Mirel je Predsednici Jahjaga predao Izve&#154;taj progresa Evropske Komisije - Predsednik Republike Kosovo - DR. VJOSA OSMANI - SADRIU -","og_url":"https:\/\/president-ksgov.net\/pier-mirel-ia-dorezoi-presidentes-atifete-jahjaga-raportin-e-progresit-te-komisionit-evropian\/","og_site_name":"Predsednik Republike Kosovo - DR. VJOSA OSMANI - SADRIU","article_published_time":"2011-10-13T16:25:51+00:00","og_image":[{"width":1000,"height":756,"url":"https:\/\/president-ksgov.net\/wp-content\/uploads\/Raporti_1.jpg","type":"image\/jpeg"}],"author":"admin","twitter_card":"summary_large_image","twitter_misc":{"\u041d\u0430\u043f\u0438\u0441\u0430\u043d\u043e \u043e\u0434":"admin","\u041f\u0440\u043e\u0446\u0435\u045a\u0435\u043d\u043e \u0432\u0440\u0435\u043c\u0435 \u0447\u0438\u0442\u0430\u045a\u0430":"6 \u043c\u0438\u043d\u0443\u0442\u0430"},"schema":{"@context":"https:\/\/schema.org","@graph":[{"@type":"WebPage","@id":"https:\/\/president-ksgov.net\/pier-mirel-ia-dorezoi-presidentes-atifete-jahjaga-raportin-e-progresit-te-komisionit-evropian\/","url":"https:\/\/president-ksgov.net\/pier-mirel-ia-dorezoi-presidentes-atifete-jahjaga-raportin-e-progresit-te-komisionit-evropian\/","name":"Pier Mirel je Predsednici Jahjaga predao Izve&#154;taj progresa Evropske Komisije - Predsednik Republike Kosovo - DR. VJOSA OSMANI - SADRIU","isPartOf":{"@id":"https:\/\/president-ksgov.net\/#website"},"primaryImageOfPage":{"@id":"https:\/\/president-ksgov.net\/pier-mirel-ia-dorezoi-presidentes-atifete-jahjaga-raportin-e-progresit-te-komisionit-evropian\/#primaryimage"},"image":{"@id":"https:\/\/president-ksgov.net\/pier-mirel-ia-dorezoi-presidentes-atifete-jahjaga-raportin-e-progresit-te-komisionit-evropian\/#primaryimage"},"thumbnailUrl":"https:\/\/president-ksgov.net\/wp-content\/uploads\/Raporti_1.jpg","datePublished":"2011-10-13T16:25:51+00:00","dateModified":"2011-10-13T16:25:51+00:00","author":{"@id":"https:\/\/president-ksgov.net\/#\/schema\/person\/bb4337a5fb147cb2046d80548172cbee"},"description":"Pier Mirel je Predsednici Jahjaga predao Izve&#154;taj progresa Evropske Komisije - Predsednik Republike Kosovo - DR. VJOSA OSMANI - SADRIU -","breadcrumb":{"@id":"https:\/\/president-ksgov.net\/pier-mirel-ia-dorezoi-presidentes-atifete-jahjaga-raportin-e-progresit-te-komisionit-evropian\/#breadcrumb"},"inLanguage":"sr-RS","potentialAction":[{"@type":"ReadAction","target":["https:\/\/president-ksgov.net\/pier-mirel-ia-dorezoi-presidentes-atifete-jahjaga-raportin-e-progresit-te-komisionit-evropian\/"]}]},{"@type":"ImageObject","inLanguage":"sr-RS","@id":"https:\/\/president-ksgov.net\/pier-mirel-ia-dorezoi-presidentes-atifete-jahjaga-raportin-e-progresit-te-komisionit-evropian\/#primaryimage","url":"https:\/\/president-ksgov.net\/wp-content\/uploads\/Raporti_1.jpg","contentUrl":"https:\/\/president-ksgov.net\/wp-content\/uploads\/Raporti_1.jpg","width":1000,"height":756},{"@type":"BreadcrumbList","@id":"https:\/\/president-ksgov.net\/pier-mirel-ia-dorezoi-presidentes-atifete-jahjaga-raportin-e-progresit-te-komisionit-evropian\/#breadcrumb","itemListElement":[{"@type":"ListItem","position":1,"name":"Home","item":"https:\/\/president-ksgov.net\/sr\/"},{"@type":"ListItem","position":2,"name":"Pier Mirel je Predsednici Jahjaga predao Izve&#154;taj progresa Evropske Komisije"}]},{"@type":"WebSite","@id":"https:\/\/president-ksgov.net\/#website","url":"https:\/\/president-ksgov.net\/","name":"Presidente e Republik\u00ebs s\u00eb Kosov\u00ebs","description":"Presidente e Republik\u00ebs s\u00eb Kosov\u00ebs","alternateName":"DR. VJOSA OSMANI - SADRIU","potentialAction":[{"@type":"SearchAction","target":{"@type":"EntryPoint","urlTemplate":"https:\/\/president-ksgov.net\/?s={search_term_string}"},"query-input":{"@type":"PropertyValueSpecification","valueRequired":true,"valueName":"search_term_string"}}],"inLanguage":"sr-RS"},{"@type":"Person","@id":"https:\/\/president-ksgov.net\/#\/schema\/person\/bb4337a5fb147cb2046d80548172cbee","name":"admin","image":{"@type":"ImageObject","inLanguage":"sr-RS","@id":"https:\/\/president-ksgov.net\/#\/schema\/person\/image\/","url":"https:\/\/secure.gravatar.com\/avatar\/36156ca0fa3b8d9d25174f146e16beea0cf28f37adf1b9e19b6c9c279a7c9dd3?s=96&d=mm&r=g","contentUrl":"https:\/\/secure.gravatar.com\/avatar\/36156ca0fa3b8d9d25174f146e16beea0cf28f37adf1b9e19b6c9c279a7c9dd3?s=96&d=mm&r=g","caption":"admin"},"sameAs":["https:\/\/president-ksgov.net"]}]}},"_links":{"self":[{"href":"https:\/\/president-ksgov.net\/sr\/wp-json\/wp\/v2\/posts\/79375","targetHints":{"allow":["GET"]}}],"collection":[{"href":"https:\/\/president-ksgov.net\/sr\/wp-json\/wp\/v2\/posts"}],"about":[{"href":"https:\/\/president-ksgov.net\/sr\/wp-json\/wp\/v2\/types\/post"}],"author":[{"embeddable":true,"href":"https:\/\/president-ksgov.net\/sr\/wp-json\/wp\/v2\/users\/1"}],"replies":[{"embeddable":true,"href":"https:\/\/president-ksgov.net\/sr\/wp-json\/wp\/v2\/comments?post=79375"}],"version-history":[{"count":0,"href":"https:\/\/president-ksgov.net\/sr\/wp-json\/wp\/v2\/posts\/79375\/revisions"}],"wp:featuredmedia":[{"embeddable":true,"href":"https:\/\/president-ksgov.net\/sr\/wp-json\/wp\/v2\/media\/58862"}],"wp:attachment":[{"href":"https:\/\/president-ksgov.net\/sr\/wp-json\/wp\/v2\/media?parent=79375"}],"wp:term":[{"taxonomy":"category","embeddable":true,"href":"https:\/\/president-ksgov.net\/sr\/wp-json\/wp\/v2\/categories?post=79375"},{"taxonomy":"post_tag","embeddable":true,"href":"https:\/\/president-ksgov.net\/sr\/wp-json\/wp\/v2\/tags?post=79375"}],"curies":[{"name":"wp","href":"https:\/\/api.w.org\/{rel}","templated":true}]}}