{"id":79292,"date":"2011-11-03T18:41:30","date_gmt":"2011-11-03T18:41:30","guid":{"rendered":"https:\/\/dev.president-ksgov.net\/predsednica-atifete-jahjaga-posetila-je-udruenje-medica-kosova-u-djakovicu\/"},"modified":"2011-11-03T18:41:30","modified_gmt":"2011-11-03T18:41:30","slug":"predsednica-atifete-jahjaga-posetila-je-udruenje-medica-kosova-u-djakovicu","status":"publish","type":"post","link":"https:\/\/president-ksgov.net\/sr\/predsednica-atifete-jahjaga-posetila-je-udruenje-medica-kosova-u-djakovicu\/","title":{"rendered":"Predsednica Atifete Jahjaga  posetila je  udru&#158;enje &#147;Medica Kosova&#148; u \u0110akovicu"},"content":{"rendered":"<p>Predsednica Republike Kosova, g-\u0111a Atifete Jahjaga posetila je danas udru&#382;enje &#8220;Medica Kosova&#8221; u \u0110akovicu,  gde sa \u010delnicama i \u010dlanstvom  ovog udru&#382;enja imala  dug razgovor. Predsednica je informisana  o radu  udru&#382;enja i   obe\u0107ala je stalnu podr&#353;ku njima i &#382;enama u celoj zemlji.  Isto tako Predsednica je posetila i mlekaru  izgra\u0111enu  uz pomo\u0107 donatora , koja \u0107e u skoro  po\u010deti sa  funkcionisanjem.<\/p>\n<p>\u010cestitam vam, na primeru &#353;to ste odlu\u010dili da imate dru&#353;tvo i izra&#382;avam vam moju pomo\u0107 i ohrabrenje da nastavljate da dajete doprinos postizanja ravnopravnosti polova u na&#353;oj zemlji, rekla je predsednica Jahjaga obra\u0107aju\u0107i se\u00a0 prisutnim &#382;enama u susretu. Mnogo vas\u00a0 koje radite u udru&#382;enju &#8222;Medica&#8220; imali ste te&#353;ku pro&#353;lost kao &#353;to je to\u00a0 imao i velik broj gra\u0111ana na&#353;e zemlje.<\/p>\n<p>&#381;ene su bile &#382;rtve silovanja u toku rata a mnogo je pre&#382;ivelo\u00a0 smrt ili nestanak najdra&#382;ijih. Ovi doga\u0111aji nezamislivih srazmera na&#382;alost su pogodili mnogo porodica na Kosovu, nastavila je ona.\u00a0 Ali vi ste izrazili izuzetnu &#382;elju za napredak, da se vra\u0107ate &#382;ivotu sa optimizmom i da bolnu pro&#353;lost pretvarate u\u00a0 va&#382;nu pouku za dru&#353;tvo. Vi niste dozvolile da sada&#353;njost i budu\u0107nost budu taoci pro&#353;losti, rekla je predsednica Jahjaga.\u00a0 Ohrabrujem vas, rekla je g. Jahjaga da razmenite va&#353;e pri\u010de i va&#353;e uspehe kako bi slu&#382;ile kao model i primer za &#382;ene u ostalim delovima Kosova i da oja\u010date njihovo u\u010de&#353;\u0107e u stvaranju politike u na&#353;oj zemlji. <\/p>\n<p>U cilju izgradnje transparentne vladavine ja sam privr&#382;ena da podr&#382;avam izradu pravilnika i zakona u cilju da dolazi do izra&#382;aja potencijal &#382;ena u dru&#353;tvu i da \u0107u vrati sve zakone koji ne po&#353;tuju\u00a0 to na\u010delo.<\/p>\n<p>Sna&#382;no verujem da se zdrava demokratija mo&#382;e izgraditi potpunim u\u010de&#353;\u0107em svih gra\u0111ana, posebno &#382;ena. Izgradnja sveobuhvatne i integrisane dr&#382;ave u EU i NATO je na&#353; prvenstveni cilj je to \u0107e otvoriti perspektivu razvoja na&#353;e zemlje, rekla je predsednica Jahjaga u toku posete udru&#382;enju &#8220;Medica Kosova&#8221; u \u0110akovicu.<\/p>\n","protected":false},"excerpt":{"rendered":"<p>Predsednica Republike Kosova, g-\u0111a Atifete Jahjaga posetila je danas udru&#382;enje &#8220;Medica Kosova&#8221; u \u0110akovicu,  gde sa \u010delnicama i \u010dlanstvom  ovog udru&#382;enja imala  dug razgovor. Predsednica je informisana  o radu  udru&#382;enja i   obe\u0107ala je stalnu podr&#353;ku njima i &#382;enama u celoj zemlji.  Isto tako Predsednica je posetila i mlekaru  izgra\u0111enu  uz pomo\u0107 donatora , koja \u0107e u skoro  po\u010deti sa  funkcionisanjem.<\/p>\n","protected":false},"author":1,"featured_media":71627,"comment_status":"open","ping_status":"closed","sticky":false,"template":"","format":"standard","meta":{"_eb_attr":"","footnotes":""},"categories":[101],"tags":[],"class_list":["post-79292","post","type-post","status-publish","format-standard","has-post-thumbnail","hentry","category-vesti"],"yoast_head":"<!-- This site is optimized with the Yoast SEO plugin v23.5 - https:\/\/yoast.com\/wordpress\/plugins\/seo\/ -->\n<title>Predsednica Atifete Jahjaga posetila je udru&#158;enje &#147;Medica Kosova&#148; u \u0110akovicu - Predsednik Republike Kosovo - DR. VJOSA OSMANI - SADRIU<\/title>\n<meta name=\"description\" content=\"Predsednica Atifete Jahjaga posetila je udru&#158;enje &#147;Medica Kosova&#148; u \u0110akovicu - Predsednik Republike Kosovo - DR. VJOSA OSMANI - SADRIU -\" \/>\n<meta name=\"robots\" content=\"index, follow, max-snippet:-1, max-image-preview:large, max-video-preview:-1\" \/>\n<link rel=\"canonical\" href=\"https:\/\/president-ksgov.net\/sr\/predsednica-atifete-jahjaga-posetila-je-udruenje-medica-kosova-u-djakovicu\/\" \/>\n<meta property=\"og:locale\" content=\"sr_RS\" \/>\n<meta property=\"og:type\" content=\"article\" \/>\n<meta property=\"og:title\" content=\"Predsednica Atifete Jahjaga posetila je udru&#158;enje &#147;Medica Kosova&#148; u \u0110akovicu - Predsednik Republike Kosovo - DR. VJOSA OSMANI - SADRIU\" \/>\n<meta property=\"og:description\" content=\"Predsednica Atifete Jahjaga posetila je udru&#158;enje &#147;Medica Kosova&#148; u \u0110akovicu - Predsednik Republike Kosovo - DR. VJOSA OSMANI - SADRIU -\" \/>\n<meta property=\"og:url\" content=\"https:\/\/president-ksgov.net\/sr\/predsednica-atifete-jahjaga-posetila-je-udruenje-medica-kosova-u-djakovicu\/\" \/>\n<meta property=\"og:site_name\" content=\"Predsednik Republike Kosovo - DR. VJOSA OSMANI - SADRIU\" \/>\n<meta property=\"article:published_time\" content=\"2011-11-03T18:41:30+00:00\" \/>\n<meta property=\"og:image\" content=\"https:\/\/president-ksgov.net\/wp-content\/uploads\/Gjakove.jpg\" \/>\n\t<meta property=\"og:image:width\" content=\"640\" \/>\n\t<meta property=\"og:image:height\" content=\"480\" \/>\n\t<meta property=\"og:image:type\" content=\"image\/jpeg\" \/>\n<meta name=\"author\" content=\"admin\" \/>\n<meta name=\"twitter:card\" content=\"summary_large_image\" \/>\n<meta name=\"twitter:label1\" content=\"\u041d\u0430\u043f\u0438\u0441\u0430\u043d\u043e \u043e\u0434\" \/>\n\t<meta name=\"twitter:data1\" content=\"admin\" \/>\n\t<meta name=\"twitter:label2\" content=\"\u041f\u0440\u043e\u0446\u0435\u045a\u0435\u043d\u043e \u0432\u0440\u0435\u043c\u0435 \u0447\u0438\u0442\u0430\u045a\u0430\" \/>\n\t<meta name=\"twitter:data2\" content=\"2 \u043c\u0438\u043d\u0443\u0442\u0430\" \/>\n<script type=\"application\/ld+json\" class=\"yoast-schema-graph\">{\"@context\":\"https:\/\/schema.org\",\"@graph\":[{\"@type\":\"WebPage\",\"@id\":\"https:\/\/president-ksgov.net\/sr\/predsednica-atifete-jahjaga-posetila-je-udruenje-medica-kosova-u-djakovicu\/\",\"url\":\"https:\/\/president-ksgov.net\/sr\/predsednica-atifete-jahjaga-posetila-je-udruenje-medica-kosova-u-djakovicu\/\",\"name\":\"Predsednica Atifete Jahjaga posetila je udru&#158;enje &#147;Medica Kosova&#148; u \u0110akovicu - Predsednik Republike Kosovo - DR. VJOSA OSMANI - SADRIU\",\"isPartOf\":{\"@id\":\"https:\/\/president-ksgov.net\/#website\"},\"primaryImageOfPage\":{\"@id\":\"https:\/\/president-ksgov.net\/sr\/predsednica-atifete-jahjaga-posetila-je-udruenje-medica-kosova-u-djakovicu\/#primaryimage\"},\"image\":{\"@id\":\"https:\/\/president-ksgov.net\/sr\/predsednica-atifete-jahjaga-posetila-je-udruenje-medica-kosova-u-djakovicu\/#primaryimage\"},\"thumbnailUrl\":\"https:\/\/president-ksgov.net\/wp-content\/uploads\/Gjakove.jpg\",\"datePublished\":\"2011-11-03T18:41:30+00:00\",\"dateModified\":\"2011-11-03T18:41:30+00:00\",\"author\":{\"@id\":\"https:\/\/president-ksgov.net\/#\/schema\/person\/bb4337a5fb147cb2046d80548172cbee\"},\"description\":\"Predsednica Atifete Jahjaga posetila je udru&#158;enje &#147;Medica Kosova&#148; u \u0110akovicu - Predsednik Republike Kosovo - DR. VJOSA OSMANI - SADRIU -\",\"breadcrumb\":{\"@id\":\"https:\/\/president-ksgov.net\/sr\/predsednica-atifete-jahjaga-posetila-je-udruenje-medica-kosova-u-djakovicu\/#breadcrumb\"},\"inLanguage\":\"sr-RS\",\"potentialAction\":[{\"@type\":\"ReadAction\",\"target\":[\"https:\/\/president-ksgov.net\/sr\/predsednica-atifete-jahjaga-posetila-je-udruenje-medica-kosova-u-djakovicu\/\"]}]},{\"@type\":\"ImageObject\",\"inLanguage\":\"sr-RS\",\"@id\":\"https:\/\/president-ksgov.net\/sr\/predsednica-atifete-jahjaga-posetila-je-udruenje-medica-kosova-u-djakovicu\/#primaryimage\",\"url\":\"https:\/\/president-ksgov.net\/wp-content\/uploads\/Gjakove.jpg\",\"contentUrl\":\"https:\/\/president-ksgov.net\/wp-content\/uploads\/Gjakove.jpg\",\"width\":640,\"height\":480},{\"@type\":\"BreadcrumbList\",\"@id\":\"https:\/\/president-ksgov.net\/sr\/predsednica-atifete-jahjaga-posetila-je-udruenje-medica-kosova-u-djakovicu\/#breadcrumb\",\"itemListElement\":[{\"@type\":\"ListItem\",\"position\":1,\"name\":\"Home\",\"item\":\"https:\/\/president-ksgov.net\/sr\/\"},{\"@type\":\"ListItem\",\"position\":2,\"name\":\"Predsednica Atifete Jahjaga posetila je udru&#158;enje &#147;Medica Kosova&#148; u \u0110akovicu\"}]},{\"@type\":\"WebSite\",\"@id\":\"https:\/\/president-ksgov.net\/#website\",\"url\":\"https:\/\/president-ksgov.net\/\",\"name\":\"Presidente e Republik\u00ebs s\u00eb Kosov\u00ebs\",\"description\":\"Presidente e Republik\u00ebs s\u00eb Kosov\u00ebs\",\"alternateName\":\"DR. VJOSA OSMANI - SADRIU\",\"potentialAction\":[{\"@type\":\"SearchAction\",\"target\":{\"@type\":\"EntryPoint\",\"urlTemplate\":\"https:\/\/president-ksgov.net\/?s={search_term_string}\"},\"query-input\":{\"@type\":\"PropertyValueSpecification\",\"valueRequired\":true,\"valueName\":\"search_term_string\"}}],\"inLanguage\":\"sr-RS\"},{\"@type\":\"Person\",\"@id\":\"https:\/\/president-ksgov.net\/#\/schema\/person\/bb4337a5fb147cb2046d80548172cbee\",\"name\":\"admin\",\"image\":{\"@type\":\"ImageObject\",\"inLanguage\":\"sr-RS\",\"@id\":\"https:\/\/president-ksgov.net\/#\/schema\/person\/image\/\",\"url\":\"https:\/\/secure.gravatar.com\/avatar\/36156ca0fa3b8d9d25174f146e16beea0cf28f37adf1b9e19b6c9c279a7c9dd3?s=96&d=mm&r=g\",\"contentUrl\":\"https:\/\/secure.gravatar.com\/avatar\/36156ca0fa3b8d9d25174f146e16beea0cf28f37adf1b9e19b6c9c279a7c9dd3?s=96&d=mm&r=g\",\"caption\":\"admin\"},\"sameAs\":[\"https:\/\/president-ksgov.net\"]}]}<\/script>\n<!-- \/ Yoast SEO plugin. -->","yoast_head_json":{"title":"Predsednica Atifete Jahjaga posetila je udru&#158;enje &#147;Medica Kosova&#148; u \u0110akovicu - Predsednik Republike Kosovo - DR. VJOSA OSMANI - SADRIU","description":"Predsednica Atifete Jahjaga posetila je udru&#158;enje &#147;Medica Kosova&#148; u \u0110akovicu - Predsednik Republike Kosovo - DR. VJOSA OSMANI - SADRIU -","robots":{"index":"index","follow":"follow","max-snippet":"max-snippet:-1","max-image-preview":"max-image-preview:large","max-video-preview":"max-video-preview:-1"},"canonical":"https:\/\/president-ksgov.net\/sr\/predsednica-atifete-jahjaga-posetila-je-udruenje-medica-kosova-u-djakovicu\/","og_locale":"sr_RS","og_type":"article","og_title":"Predsednica Atifete Jahjaga posetila je udru&#158;enje &#147;Medica Kosova&#148; u \u0110akovicu - Predsednik Republike Kosovo - DR. VJOSA OSMANI - SADRIU","og_description":"Predsednica Atifete Jahjaga posetila je udru&#158;enje &#147;Medica Kosova&#148; u \u0110akovicu - Predsednik Republike Kosovo - DR. VJOSA OSMANI - SADRIU -","og_url":"https:\/\/president-ksgov.net\/sr\/predsednica-atifete-jahjaga-posetila-je-udruenje-medica-kosova-u-djakovicu\/","og_site_name":"Predsednik Republike Kosovo - DR. VJOSA OSMANI - SADRIU","article_published_time":"2011-11-03T18:41:30+00:00","og_image":[{"width":640,"height":480,"url":"https:\/\/president-ksgov.net\/wp-content\/uploads\/Gjakove.jpg","type":"image\/jpeg"}],"author":"admin","twitter_card":"summary_large_image","twitter_misc":{"\u041d\u0430\u043f\u0438\u0441\u0430\u043d\u043e \u043e\u0434":"admin","\u041f\u0440\u043e\u0446\u0435\u045a\u0435\u043d\u043e \u0432\u0440\u0435\u043c\u0435 \u0447\u0438\u0442\u0430\u045a\u0430":"2 \u043c\u0438\u043d\u0443\u0442\u0430"},"schema":{"@context":"https:\/\/schema.org","@graph":[{"@type":"WebPage","@id":"https:\/\/president-ksgov.net\/sr\/predsednica-atifete-jahjaga-posetila-je-udruenje-medica-kosova-u-djakovicu\/","url":"https:\/\/president-ksgov.net\/sr\/predsednica-atifete-jahjaga-posetila-je-udruenje-medica-kosova-u-djakovicu\/","name":"Predsednica Atifete Jahjaga posetila je udru&#158;enje &#147;Medica Kosova&#148; u \u0110akovicu - Predsednik Republike Kosovo - DR. VJOSA OSMANI - SADRIU","isPartOf":{"@id":"https:\/\/president-ksgov.net\/#website"},"primaryImageOfPage":{"@id":"https:\/\/president-ksgov.net\/sr\/predsednica-atifete-jahjaga-posetila-je-udruenje-medica-kosova-u-djakovicu\/#primaryimage"},"image":{"@id":"https:\/\/president-ksgov.net\/sr\/predsednica-atifete-jahjaga-posetila-je-udruenje-medica-kosova-u-djakovicu\/#primaryimage"},"thumbnailUrl":"https:\/\/president-ksgov.net\/wp-content\/uploads\/Gjakove.jpg","datePublished":"2011-11-03T18:41:30+00:00","dateModified":"2011-11-03T18:41:30+00:00","author":{"@id":"https:\/\/president-ksgov.net\/#\/schema\/person\/bb4337a5fb147cb2046d80548172cbee"},"description":"Predsednica Atifete Jahjaga posetila je udru&#158;enje &#147;Medica Kosova&#148; u \u0110akovicu - Predsednik Republike Kosovo - DR. VJOSA OSMANI - SADRIU -","breadcrumb":{"@id":"https:\/\/president-ksgov.net\/sr\/predsednica-atifete-jahjaga-posetila-je-udruenje-medica-kosova-u-djakovicu\/#breadcrumb"},"inLanguage":"sr-RS","potentialAction":[{"@type":"ReadAction","target":["https:\/\/president-ksgov.net\/sr\/predsednica-atifete-jahjaga-posetila-je-udruenje-medica-kosova-u-djakovicu\/"]}]},{"@type":"ImageObject","inLanguage":"sr-RS","@id":"https:\/\/president-ksgov.net\/sr\/predsednica-atifete-jahjaga-posetila-je-udruenje-medica-kosova-u-djakovicu\/#primaryimage","url":"https:\/\/president-ksgov.net\/wp-content\/uploads\/Gjakove.jpg","contentUrl":"https:\/\/president-ksgov.net\/wp-content\/uploads\/Gjakove.jpg","width":640,"height":480},{"@type":"BreadcrumbList","@id":"https:\/\/president-ksgov.net\/sr\/predsednica-atifete-jahjaga-posetila-je-udruenje-medica-kosova-u-djakovicu\/#breadcrumb","itemListElement":[{"@type":"ListItem","position":1,"name":"Home","item":"https:\/\/president-ksgov.net\/sr\/"},{"@type":"ListItem","position":2,"name":"Predsednica Atifete Jahjaga posetila je udru&#158;enje &#147;Medica Kosova&#148; u \u0110akovicu"}]},{"@type":"WebSite","@id":"https:\/\/president-ksgov.net\/#website","url":"https:\/\/president-ksgov.net\/","name":"Presidente e Republik\u00ebs s\u00eb Kosov\u00ebs","description":"Presidente e Republik\u00ebs s\u00eb Kosov\u00ebs","alternateName":"DR. VJOSA OSMANI - SADRIU","potentialAction":[{"@type":"SearchAction","target":{"@type":"EntryPoint","urlTemplate":"https:\/\/president-ksgov.net\/?s={search_term_string}"},"query-input":{"@type":"PropertyValueSpecification","valueRequired":true,"valueName":"search_term_string"}}],"inLanguage":"sr-RS"},{"@type":"Person","@id":"https:\/\/president-ksgov.net\/#\/schema\/person\/bb4337a5fb147cb2046d80548172cbee","name":"admin","image":{"@type":"ImageObject","inLanguage":"sr-RS","@id":"https:\/\/president-ksgov.net\/#\/schema\/person\/image\/","url":"https:\/\/secure.gravatar.com\/avatar\/36156ca0fa3b8d9d25174f146e16beea0cf28f37adf1b9e19b6c9c279a7c9dd3?s=96&d=mm&r=g","contentUrl":"https:\/\/secure.gravatar.com\/avatar\/36156ca0fa3b8d9d25174f146e16beea0cf28f37adf1b9e19b6c9c279a7c9dd3?s=96&d=mm&r=g","caption":"admin"},"sameAs":["https:\/\/president-ksgov.net"]}]}},"_links":{"self":[{"href":"https:\/\/president-ksgov.net\/sr\/wp-json\/wp\/v2\/posts\/79292","targetHints":{"allow":["GET"]}}],"collection":[{"href":"https:\/\/president-ksgov.net\/sr\/wp-json\/wp\/v2\/posts"}],"about":[{"href":"https:\/\/president-ksgov.net\/sr\/wp-json\/wp\/v2\/types\/post"}],"author":[{"embeddable":true,"href":"https:\/\/president-ksgov.net\/sr\/wp-json\/wp\/v2\/users\/1"}],"replies":[{"embeddable":true,"href":"https:\/\/president-ksgov.net\/sr\/wp-json\/wp\/v2\/comments?post=79292"}],"version-history":[{"count":0,"href":"https:\/\/president-ksgov.net\/sr\/wp-json\/wp\/v2\/posts\/79292\/revisions"}],"wp:featuredmedia":[{"embeddable":true,"href":"https:\/\/president-ksgov.net\/sr\/wp-json\/wp\/v2\/media\/71627"}],"wp:attachment":[{"href":"https:\/\/president-ksgov.net\/sr\/wp-json\/wp\/v2\/media?parent=79292"}],"wp:term":[{"taxonomy":"category","embeddable":true,"href":"https:\/\/president-ksgov.net\/sr\/wp-json\/wp\/v2\/categories?post=79292"},{"taxonomy":"post_tag","embeddable":true,"href":"https:\/\/president-ksgov.net\/sr\/wp-json\/wp\/v2\/tags?post=79292"}],"curies":[{"name":"wp","href":"https:\/\/api.w.org\/{rel}","templated":true}]}}