{"id":79267,"date":"2011-11-23T16:11:37","date_gmt":"2011-11-23T16:11:37","guid":{"rendered":"https:\/\/dev.president-ksgov.net\/predsednica-atifete-jahjaga-primila-je-danas-predsednika-sabora-republike-hrvatske-luku-bebica\/"},"modified":"2011-11-23T16:11:37","modified_gmt":"2011-11-23T16:11:37","slug":"predsednica-atifete-jahjaga-primila-je-danas-predsednika-sabora-republike-hrvatske-luku-bebica","status":"publish","type":"post","link":"https:\/\/president-ksgov.net\/sr\/predsednica-atifete-jahjaga-primila-je-danas-predsednika-sabora-republike-hrvatske-luku-bebica\/","title":{"rendered":"Predsednica  Atifete Jahjaga primila je danas Predsednika  Sabora  Republike Hrvatske, Luku Bebi\u0107a"},"content":{"rendered":"<p>Predsednica  Republike Kosova, g-\u0111a  Atifete Jahjaga, primila je danas   delegaciju Sabora Republike Hrvatske , koju  vodi predsednik Sabora, Luka Bebi\u0107.<\/p>\n<p>Predsednik Sabora Republike Hrvatske\u00a0 ocenio je medusobnu\u00a0 saradnju kao veoma dobru\u00a0 i istakao je potrebu prostiranja saradnje i u\u00a0 oblasti\u00a0 privrede, bezbednosti i u\u00a0 ostalim oblastima. G-din Bebic je rekao da\u00a0 Sabor Hrvatske posvecuje poseban znacaj meduparlamentarne saradnje. <\/p>\n<p>Predsednik Hrvatskog Sabora rekao da je Hrvatska zainteresovana za\u00a0 izgradnju\u00a0 odnosa prijateljskog partnerstva\u00a0 i da je spremna da poma&#382;e\u00a0 Kosovo u oblasti privrede putem povecanja investicija. <\/p>\n<p>G-din Bebic je naglasio da saradnjom i\u00a0 razumevanjem mo&#382;e se postici\u00a0 stabilnost i da se otvara\u00a0 evropski\u00a0 put za sve zemlje regije. On je\u00a0 rekao da Hrvatska pru&#382;a\u00a0 bezrezervnu pomoc\u00a0 Kosovu u njenom evropskom\u00a0 putu i istakao je neophodnost pro&#353;irenja EU\u00a0 u svim zemljama Jugoistocne Evrope.\u00a0 <\/p>\n<p>Predsednik Hrvatskog Sabora je rekao da njegova zemlja podr&#382;ava\u00a0 nezavisnost i teritorijalni integritet\u00a0 Kosova. <\/p>\n<p>Predsednica\u00a0 Republike Kosova, g-da\u00a0 Atifete Jahjaga,\u00a0 je\u00a0 rekla da\u00a0 su uzajamni odnosi\u00a0 bili\u00a0 i da ce\u00a0 nastaviti da budu dobri\u00a0 i da ce produbljivanje\u00a0 ove saradnje biti\u00a0 u dobrobiti naroda obe zemlje, mira i stabilnosti regije.\u00a0 <\/p>\n<p>Predsednica Jahjaga je istakla da je Kosovo u&#353;lo u\u00a0 procesu ustavnih izmena i da ce Hrvatska manjina biti obuhvacena Ustavom i da ce imati sva prava\u00a0 kao i ostale zajednice.\u00a0 Ona je\u00a0 rekla da Hrvatska manjina na Kosovu i Albanska manjina u Hrvatskoj dokazuju veoma sna&#382;nu povezanost izmedu na&#353;ih zemalja. <\/p>\n<p>Predsednica\u00a0 Republike je rekla da su obe zemlje odlican primer\u00a0 saradnje\u00a0 u regiji i istakla da\u00a0 Regija Balkana i Jugoistocne Evrope\u00a0 mogu biti mirne jedino\u00a0 ako su svi slobodni i ravnopravni\u00a0 i jedino ako se uzajamno poma&#382;u na putu integracija. <\/p>\n<p>Predsednica Jahjaga rekla da je integracija Zapadnog u EU dobro re&#353;enje za probleme i prava zajednica i\u00a0 etnickih\u00a0 grupa, dok perspektiva\u00a0 razvoja i integracija\u00a0 odreduje\u00a0 uzajamnu saradnju i omogucava pronala&#382;enje re&#353;enja koja su prihvatljiva\u00a0 za sve.\u00a0<\/p>\n","protected":false},"excerpt":{"rendered":"<p>Predsednica  Republike Kosova, g-\u0111a  Atifete Jahjaga, primila je danas   delegaciju Sabora Republike Hrvatske , koju  vodi predsednik Sabora, Luka Bebi\u0107.<\/p>\n","protected":false},"author":1,"featured_media":58312,"comment_status":"open","ping_status":"closed","sticky":false,"template":"","format":"standard","meta":{"_eb_attr":"","footnotes":""},"categories":[101],"tags":[],"class_list":["post-79267","post","type-post","status-publish","format-standard","has-post-thumbnail","hentry","category-vesti"],"yoast_head":"<!-- This site is optimized with the Yoast SEO plugin v23.5 - https:\/\/yoast.com\/wordpress\/plugins\/seo\/ -->\n<title>Predsednica Atifete Jahjaga primila je danas Predsednika Sabora Republike Hrvatske, Luku Bebi\u0107a - Predsednik Republike Kosovo - DR. VJOSA OSMANI - SADRIU<\/title>\n<meta name=\"description\" content=\"Predsednica Atifete Jahjaga primila je danas Predsednika Sabora Republike Hrvatske, Luku Bebi\u0107a - Predsednik Republike Kosovo - DR. VJOSA OSMANI - SADRIU -\" \/>\n<meta name=\"robots\" content=\"index, follow, max-snippet:-1, max-image-preview:large, max-video-preview:-1\" \/>\n<link rel=\"canonical\" href=\"https:\/\/president-ksgov.net\/presidentja-atifete-jahjaga-priti-kryetarin-e-parlamentit-te-republikes-se-kroacise-luka-bebiq\/\" \/>\n<meta property=\"og:locale\" content=\"sr_RS\" \/>\n<meta property=\"og:type\" content=\"article\" \/>\n<meta property=\"og:title\" content=\"Predsednica Atifete Jahjaga primila je danas Predsednika Sabora Republike Hrvatske, Luku Bebi\u0107a - Predsednik Republike Kosovo - DR. VJOSA OSMANI - SADRIU\" \/>\n<meta property=\"og:description\" content=\"Predsednica Atifete Jahjaga primila je danas Predsednika Sabora Republike Hrvatske, Luku Bebi\u0107a - Predsednik Republike Kosovo - DR. VJOSA OSMANI - SADRIU -\" \/>\n<meta property=\"og:url\" content=\"https:\/\/president-ksgov.net\/presidentja-atifete-jahjaga-priti-kryetarin-e-parlamentit-te-republikes-se-kroacise-luka-bebiq\/\" \/>\n<meta property=\"og:site_name\" content=\"Predsednik Republike Kosovo - DR. VJOSA OSMANI - SADRIU\" \/>\n<meta property=\"article:published_time\" content=\"2011-11-23T16:11:37+00:00\" \/>\n<meta property=\"og:image\" content=\"https:\/\/president-ksgov.net\/wp-content\/uploads\/23_11_2011_Takim_me_Kryetarin_e_Kuvendit_te_Kroacise_01.jpg\" \/>\n\t<meta property=\"og:image:width\" content=\"1000\" \/>\n\t<meta property=\"og:image:height\" content=\"781\" \/>\n\t<meta property=\"og:image:type\" content=\"image\/jpeg\" \/>\n<meta name=\"author\" content=\"admin\" \/>\n<meta name=\"twitter:card\" content=\"summary_large_image\" \/>\n<meta name=\"twitter:label1\" content=\"\u041d\u0430\u043f\u0438\u0441\u0430\u043d\u043e \u043e\u0434\" \/>\n\t<meta name=\"twitter:data1\" content=\"admin\" \/>\n\t<meta name=\"twitter:label2\" content=\"\u041f\u0440\u043e\u0446\u0435\u045a\u0435\u043d\u043e \u0432\u0440\u0435\u043c\u0435 \u0447\u0438\u0442\u0430\u045a\u0430\" \/>\n\t<meta name=\"twitter:data2\" content=\"2 \u043c\u0438\u043d\u0443\u0442\u0430\" \/>\n<script type=\"application\/ld+json\" class=\"yoast-schema-graph\">{\"@context\":\"https:\/\/schema.org\",\"@graph\":[{\"@type\":\"WebPage\",\"@id\":\"https:\/\/president-ksgov.net\/presidentja-atifete-jahjaga-priti-kryetarin-e-parlamentit-te-republikes-se-kroacise-luka-bebiq\/\",\"url\":\"https:\/\/president-ksgov.net\/presidentja-atifete-jahjaga-priti-kryetarin-e-parlamentit-te-republikes-se-kroacise-luka-bebiq\/\",\"name\":\"Predsednica Atifete Jahjaga primila je danas Predsednika Sabora Republike Hrvatske, Luku Bebi\u0107a - Predsednik Republike Kosovo - DR. VJOSA OSMANI - SADRIU\",\"isPartOf\":{\"@id\":\"https:\/\/president-ksgov.net\/#website\"},\"primaryImageOfPage\":{\"@id\":\"https:\/\/president-ksgov.net\/presidentja-atifete-jahjaga-priti-kryetarin-e-parlamentit-te-republikes-se-kroacise-luka-bebiq\/#primaryimage\"},\"image\":{\"@id\":\"https:\/\/president-ksgov.net\/presidentja-atifete-jahjaga-priti-kryetarin-e-parlamentit-te-republikes-se-kroacise-luka-bebiq\/#primaryimage\"},\"thumbnailUrl\":\"https:\/\/president-ksgov.net\/wp-content\/uploads\/23_11_2011_Takim_me_Kryetarin_e_Kuvendit_te_Kroacise_01.jpg\",\"datePublished\":\"2011-11-23T16:11:37+00:00\",\"dateModified\":\"2011-11-23T16:11:37+00:00\",\"author\":{\"@id\":\"https:\/\/president-ksgov.net\/#\/schema\/person\/bb4337a5fb147cb2046d80548172cbee\"},\"description\":\"Predsednica Atifete Jahjaga primila je danas Predsednika Sabora Republike Hrvatske, Luku Bebi\u0107a - Predsednik Republike Kosovo - DR. VJOSA OSMANI - SADRIU -\",\"breadcrumb\":{\"@id\":\"https:\/\/president-ksgov.net\/presidentja-atifete-jahjaga-priti-kryetarin-e-parlamentit-te-republikes-se-kroacise-luka-bebiq\/#breadcrumb\"},\"inLanguage\":\"sr-RS\",\"potentialAction\":[{\"@type\":\"ReadAction\",\"target\":[\"https:\/\/president-ksgov.net\/presidentja-atifete-jahjaga-priti-kryetarin-e-parlamentit-te-republikes-se-kroacise-luka-bebiq\/\"]}]},{\"@type\":\"ImageObject\",\"inLanguage\":\"sr-RS\",\"@id\":\"https:\/\/president-ksgov.net\/presidentja-atifete-jahjaga-priti-kryetarin-e-parlamentit-te-republikes-se-kroacise-luka-bebiq\/#primaryimage\",\"url\":\"https:\/\/president-ksgov.net\/wp-content\/uploads\/23_11_2011_Takim_me_Kryetarin_e_Kuvendit_te_Kroacise_01.jpg\",\"contentUrl\":\"https:\/\/president-ksgov.net\/wp-content\/uploads\/23_11_2011_Takim_me_Kryetarin_e_Kuvendit_te_Kroacise_01.jpg\",\"width\":1000,\"height\":781},{\"@type\":\"BreadcrumbList\",\"@id\":\"https:\/\/president-ksgov.net\/presidentja-atifete-jahjaga-priti-kryetarin-e-parlamentit-te-republikes-se-kroacise-luka-bebiq\/#breadcrumb\",\"itemListElement\":[{\"@type\":\"ListItem\",\"position\":1,\"name\":\"Home\",\"item\":\"https:\/\/president-ksgov.net\/sr\/\"},{\"@type\":\"ListItem\",\"position\":2,\"name\":\"Predsednica Atifete Jahjaga primila je danas Predsednika Sabora Republike Hrvatske, Luku Bebi\u0107a\"}]},{\"@type\":\"WebSite\",\"@id\":\"https:\/\/president-ksgov.net\/#website\",\"url\":\"https:\/\/president-ksgov.net\/\",\"name\":\"Presidente e Republik\u00ebs s\u00eb Kosov\u00ebs\",\"description\":\"Presidente e Republik\u00ebs s\u00eb Kosov\u00ebs\",\"alternateName\":\"DR. VJOSA OSMANI - SADRIU\",\"potentialAction\":[{\"@type\":\"SearchAction\",\"target\":{\"@type\":\"EntryPoint\",\"urlTemplate\":\"https:\/\/president-ksgov.net\/?s={search_term_string}\"},\"query-input\":{\"@type\":\"PropertyValueSpecification\",\"valueRequired\":true,\"valueName\":\"search_term_string\"}}],\"inLanguage\":\"sr-RS\"},{\"@type\":\"Person\",\"@id\":\"https:\/\/president-ksgov.net\/#\/schema\/person\/bb4337a5fb147cb2046d80548172cbee\",\"name\":\"admin\",\"image\":{\"@type\":\"ImageObject\",\"inLanguage\":\"sr-RS\",\"@id\":\"https:\/\/president-ksgov.net\/#\/schema\/person\/image\/\",\"url\":\"https:\/\/secure.gravatar.com\/avatar\/36156ca0fa3b8d9d25174f146e16beea0cf28f37adf1b9e19b6c9c279a7c9dd3?s=96&d=mm&r=g\",\"contentUrl\":\"https:\/\/secure.gravatar.com\/avatar\/36156ca0fa3b8d9d25174f146e16beea0cf28f37adf1b9e19b6c9c279a7c9dd3?s=96&d=mm&r=g\",\"caption\":\"admin\"},\"sameAs\":[\"https:\/\/president-ksgov.net\"]}]}<\/script>\n<!-- \/ Yoast SEO plugin. -->","yoast_head_json":{"title":"Predsednica Atifete Jahjaga primila je danas Predsednika Sabora Republike Hrvatske, Luku Bebi\u0107a - Predsednik Republike Kosovo - DR. VJOSA OSMANI - SADRIU","description":"Predsednica Atifete Jahjaga primila je danas Predsednika Sabora Republike Hrvatske, Luku Bebi\u0107a - Predsednik Republike Kosovo - DR. VJOSA OSMANI - SADRIU -","robots":{"index":"index","follow":"follow","max-snippet":"max-snippet:-1","max-image-preview":"max-image-preview:large","max-video-preview":"max-video-preview:-1"},"canonical":"https:\/\/president-ksgov.net\/presidentja-atifete-jahjaga-priti-kryetarin-e-parlamentit-te-republikes-se-kroacise-luka-bebiq\/","og_locale":"sr_RS","og_type":"article","og_title":"Predsednica Atifete Jahjaga primila je danas Predsednika Sabora Republike Hrvatske, Luku Bebi\u0107a - Predsednik Republike Kosovo - DR. VJOSA OSMANI - SADRIU","og_description":"Predsednica Atifete Jahjaga primila je danas Predsednika Sabora Republike Hrvatske, Luku Bebi\u0107a - Predsednik Republike Kosovo - DR. VJOSA OSMANI - SADRIU -","og_url":"https:\/\/president-ksgov.net\/presidentja-atifete-jahjaga-priti-kryetarin-e-parlamentit-te-republikes-se-kroacise-luka-bebiq\/","og_site_name":"Predsednik Republike Kosovo - DR. VJOSA OSMANI - SADRIU","article_published_time":"2011-11-23T16:11:37+00:00","og_image":[{"width":1000,"height":781,"url":"https:\/\/president-ksgov.net\/wp-content\/uploads\/23_11_2011_Takim_me_Kryetarin_e_Kuvendit_te_Kroacise_01.jpg","type":"image\/jpeg"}],"author":"admin","twitter_card":"summary_large_image","twitter_misc":{"\u041d\u0430\u043f\u0438\u0441\u0430\u043d\u043e \u043e\u0434":"admin","\u041f\u0440\u043e\u0446\u0435\u045a\u0435\u043d\u043e \u0432\u0440\u0435\u043c\u0435 \u0447\u0438\u0442\u0430\u045a\u0430":"2 \u043c\u0438\u043d\u0443\u0442\u0430"},"schema":{"@context":"https:\/\/schema.org","@graph":[{"@type":"WebPage","@id":"https:\/\/president-ksgov.net\/presidentja-atifete-jahjaga-priti-kryetarin-e-parlamentit-te-republikes-se-kroacise-luka-bebiq\/","url":"https:\/\/president-ksgov.net\/presidentja-atifete-jahjaga-priti-kryetarin-e-parlamentit-te-republikes-se-kroacise-luka-bebiq\/","name":"Predsednica Atifete Jahjaga primila je danas Predsednika Sabora Republike Hrvatske, Luku Bebi\u0107a - Predsednik Republike Kosovo - DR. VJOSA OSMANI - SADRIU","isPartOf":{"@id":"https:\/\/president-ksgov.net\/#website"},"primaryImageOfPage":{"@id":"https:\/\/president-ksgov.net\/presidentja-atifete-jahjaga-priti-kryetarin-e-parlamentit-te-republikes-se-kroacise-luka-bebiq\/#primaryimage"},"image":{"@id":"https:\/\/president-ksgov.net\/presidentja-atifete-jahjaga-priti-kryetarin-e-parlamentit-te-republikes-se-kroacise-luka-bebiq\/#primaryimage"},"thumbnailUrl":"https:\/\/president-ksgov.net\/wp-content\/uploads\/23_11_2011_Takim_me_Kryetarin_e_Kuvendit_te_Kroacise_01.jpg","datePublished":"2011-11-23T16:11:37+00:00","dateModified":"2011-11-23T16:11:37+00:00","author":{"@id":"https:\/\/president-ksgov.net\/#\/schema\/person\/bb4337a5fb147cb2046d80548172cbee"},"description":"Predsednica Atifete Jahjaga primila je danas Predsednika Sabora Republike Hrvatske, Luku Bebi\u0107a - Predsednik Republike Kosovo - DR. VJOSA OSMANI - SADRIU -","breadcrumb":{"@id":"https:\/\/president-ksgov.net\/presidentja-atifete-jahjaga-priti-kryetarin-e-parlamentit-te-republikes-se-kroacise-luka-bebiq\/#breadcrumb"},"inLanguage":"sr-RS","potentialAction":[{"@type":"ReadAction","target":["https:\/\/president-ksgov.net\/presidentja-atifete-jahjaga-priti-kryetarin-e-parlamentit-te-republikes-se-kroacise-luka-bebiq\/"]}]},{"@type":"ImageObject","inLanguage":"sr-RS","@id":"https:\/\/president-ksgov.net\/presidentja-atifete-jahjaga-priti-kryetarin-e-parlamentit-te-republikes-se-kroacise-luka-bebiq\/#primaryimage","url":"https:\/\/president-ksgov.net\/wp-content\/uploads\/23_11_2011_Takim_me_Kryetarin_e_Kuvendit_te_Kroacise_01.jpg","contentUrl":"https:\/\/president-ksgov.net\/wp-content\/uploads\/23_11_2011_Takim_me_Kryetarin_e_Kuvendit_te_Kroacise_01.jpg","width":1000,"height":781},{"@type":"BreadcrumbList","@id":"https:\/\/president-ksgov.net\/presidentja-atifete-jahjaga-priti-kryetarin-e-parlamentit-te-republikes-se-kroacise-luka-bebiq\/#breadcrumb","itemListElement":[{"@type":"ListItem","position":1,"name":"Home","item":"https:\/\/president-ksgov.net\/sr\/"},{"@type":"ListItem","position":2,"name":"Predsednica Atifete Jahjaga primila je danas Predsednika Sabora Republike Hrvatske, Luku Bebi\u0107a"}]},{"@type":"WebSite","@id":"https:\/\/president-ksgov.net\/#website","url":"https:\/\/president-ksgov.net\/","name":"Presidente e Republik\u00ebs s\u00eb Kosov\u00ebs","description":"Presidente e Republik\u00ebs s\u00eb Kosov\u00ebs","alternateName":"DR. VJOSA OSMANI - SADRIU","potentialAction":[{"@type":"SearchAction","target":{"@type":"EntryPoint","urlTemplate":"https:\/\/president-ksgov.net\/?s={search_term_string}"},"query-input":{"@type":"PropertyValueSpecification","valueRequired":true,"valueName":"search_term_string"}}],"inLanguage":"sr-RS"},{"@type":"Person","@id":"https:\/\/president-ksgov.net\/#\/schema\/person\/bb4337a5fb147cb2046d80548172cbee","name":"admin","image":{"@type":"ImageObject","inLanguage":"sr-RS","@id":"https:\/\/president-ksgov.net\/#\/schema\/person\/image\/","url":"https:\/\/secure.gravatar.com\/avatar\/36156ca0fa3b8d9d25174f146e16beea0cf28f37adf1b9e19b6c9c279a7c9dd3?s=96&d=mm&r=g","contentUrl":"https:\/\/secure.gravatar.com\/avatar\/36156ca0fa3b8d9d25174f146e16beea0cf28f37adf1b9e19b6c9c279a7c9dd3?s=96&d=mm&r=g","caption":"admin"},"sameAs":["https:\/\/president-ksgov.net"]}]}},"_links":{"self":[{"href":"https:\/\/president-ksgov.net\/sr\/wp-json\/wp\/v2\/posts\/79267","targetHints":{"allow":["GET"]}}],"collection":[{"href":"https:\/\/president-ksgov.net\/sr\/wp-json\/wp\/v2\/posts"}],"about":[{"href":"https:\/\/president-ksgov.net\/sr\/wp-json\/wp\/v2\/types\/post"}],"author":[{"embeddable":true,"href":"https:\/\/president-ksgov.net\/sr\/wp-json\/wp\/v2\/users\/1"}],"replies":[{"embeddable":true,"href":"https:\/\/president-ksgov.net\/sr\/wp-json\/wp\/v2\/comments?post=79267"}],"version-history":[{"count":0,"href":"https:\/\/president-ksgov.net\/sr\/wp-json\/wp\/v2\/posts\/79267\/revisions"}],"wp:featuredmedia":[{"embeddable":true,"href":"https:\/\/president-ksgov.net\/sr\/wp-json\/wp\/v2\/media\/58312"}],"wp:attachment":[{"href":"https:\/\/president-ksgov.net\/sr\/wp-json\/wp\/v2\/media?parent=79267"}],"wp:term":[{"taxonomy":"category","embeddable":true,"href":"https:\/\/president-ksgov.net\/sr\/wp-json\/wp\/v2\/categories?post=79267"},{"taxonomy":"post_tag","embeddable":true,"href":"https:\/\/president-ksgov.net\/sr\/wp-json\/wp\/v2\/tags?post=79267"}],"curies":[{"name":"wp","href":"https:\/\/api.w.org\/{rel}","templated":true}]}}