{"id":79250,"date":"2011-12-08T11:08:31","date_gmt":"2011-12-08T11:08:31","guid":{"rendered":"https:\/\/dev.president-ksgov.net\/rec-predsednice-republike-kosova-g-dje-atifete-jahjage-u-skuptini-kosova-2\/"},"modified":"2011-12-08T11:08:31","modified_gmt":"2011-12-08T11:08:31","slug":"rec-predsednice-republike-kosova-g-dje-atifete-jahjage-u-skuptini-kosova-2","status":"publish","type":"post","link":"https:\/\/president-ksgov.net\/sr\/rec-predsednice-republike-kosova-g-dje-atifete-jahjage-u-skuptini-kosova-2\/","title":{"rendered":"RE\u010c PREDSEDNICE  REPUBLIKE KOSOVA G &#150; \u0110E ATIFETE JAHJAGE U SKUP&#138;TINI KOSOVA"},"content":{"rendered":"<p>Rezultate koje smo postigli mukotrpnim radom i po&#382;rtvovanjem moramo unaprediti. Gde god sam oti&#353;la u toku ovih 8 meseci, u svakom delu Kosova, poruka gra\u0111ana je bila jasna i glasna<\/p>\n<p>Po&#353;tovani predsedni\u010de Skup&#353;tine Kosova,<br \/>\nPo&#353;tovani zamenici premijera,<br \/>\nPo&#353;tovani ministri\u00a0 Vlade Republike Kosova,<br \/>\nPo&#353;tovani poslanici Skup&#353;tine Republike Kosova,<br \/>\nPo&#353;tovani ambasadori i\u00a0 diplomatski predstavnici prijateljskih zemalja,<br \/>\nPo&#353;tovani gra\u0111ani Kosova,<\/p>\n<p>Nalazimo se\u00a0 u trenutku\u00a0 kada na&#353;a zemlja zahteva\u00a0 potpun anga&#382;man svih nas.<\/p>\n<p>Nemamo vremena\u00a0 za gubljenje.<\/p>\n<p>Rezultate koje smo postigli mukotrpnim radom i po&#382;rtvovanjem moramo unaprediti.<\/p>\n<p>Gde god sam oti&#353;la u toku ovih 8 meseci, u svakom delu Kosova, poruka gra\u0111ana je bila jasna i glasna: <\/p>\n<p>Do&#353;lo je vreme za\u00a0 delovanje.<\/p>\n<p>Do\u010dekali smo mogu\u0107nost ekonomskog razvoja za nas i za na&#353;u decu. Do\u010dekali smo uspostavljanje bezbednosti na celoj teritoriji Kosova. <\/p>\n<p>Do\u010dekali smo da zauzimamo mesto u porodici slobodnih\u00a0 i dostojanstvenih nacija sveta.<\/p>\n<p>Na tom putu smo svi zajedno.<br \/>\nMi radimo da o&#382;ivotvorimo nade za izgradnju naprednijeg i stabilnijeg\u00a0 Kosova, sa razvijenom privredom, sa obrazovanjem na svim nivoima, prema savremenim standardima,\u00a0 sa zdravstvenim sistemom koji po&#353;tuje savremene unapre\u0111ene prakse preventive i le\u010denja,\u00a0 sa\u00a0 sistemom penzija i osiguranja koji omogu\u0107ava bolji &#382;ivot i bolje zbrinjavanje starih osaoba&#8230;<\/p>\n<p>Radimo na izgradnji zemlje gde anga&#382;man, rad i znanje imaju vrednost.<\/p>\n<p>Zemlje, gde je san svakog gra\u0111anina, bez obzira na\u00a0 etni\u010dku, rasnu i polnu pripadnost, postaje realnost i gde je mogu\u0107nost svakoga za rad,\u00a0 &#353;kolovanje, napredak i u\u010de&#353;\u0107e u dru&#353;tvenom &#382;ivotu kao\u00a0 i za doprinos, bi\u0107e jednaka.<\/p>\n<p>Svi smo deo ove celine Kosova i svaki od nas snosi odgovornost i obavezu za realizovanje nade zemlje za sigurnu budu\u0107nost.<\/p>\n<p>Kao predsednica Republike Kosova, po&#353;tovani poslanici i gra\u0111ani, &#382;elim da delim viziju kako mo&#382;emo da idemo napred.<\/p>\n<p>Zato se danas nalazim ovde.<\/p>\n<p>U prvom redu,ispravno je da po&#353;tujemo danas i uvek &#382;rtvu palih boraca, koji su dali sve, kako bismo\u00a0 &#382;iveli u miru\u00a0 i da po&#353;tujemo njihove porodice, ponosni za dana&#353;njicu Kosova, suverene, slobodne i demokratske dr&#382;ave.<\/p>\n<p>Du&#382;ni smo porodicama nestalih lica\u00a0 da u\u010dinimo sve &#353;to je mogu\u0107e za njihove najdra&#382;e, nestale u toku rata, da ih pronalazimo i vra\u0107amo porodicama.<\/p>\n<p>&#381;elimo da na&#353;im radom i postupcima u\u010dinimo ponosne sve gra\u0111ane Kosova. <\/p>\n<p>Svima onima koji svakodnevno rade, na razli\u010dite na\u010dine: u\u010diteljima u &#353;kolama, policajcima\u00a0 na patrolama, lekarima u bolnicama, civilnim slu&#382;benicima i pripadnicima civilnog dru&#353;tva&#8230; u bilo kom gradu i selu Kosova &#8211; hvala za sve &#353;to\u00a0 \u010dinite.<\/p>\n<p>Dosta smo u\u010dinili ali moramo da nastavimo da \u010dinimo jo&#353; vi&#353;e za stvaranje boljeg imid&#382;a zemlje, kako bismo unapredili polo&#382;aj Kosova na me\u0111unarodnoj sceni. <\/p>\n<p>Kosovo je jasno dalo do znanja da je evropska perspektiva neophodnost za potrebne politi\u010dke, ekonomske i dru&#353;tvene reforme.<\/p>\n<p>Politi\u010dka stabilnost, koju smo uspostavili, omogu\u0107ava uspe&#353;no zaokru&#382;ivanje faze nadgledane nezavisnosti zemlje i\u00a0 prenos potpunog suvereniteta na institucije Kosova.<\/p>\n<p>Republika Kosovo, suverena i nezavisna zemlja, izraz je slobodne volje naroda Kosova uz stalnu podr&#353;ku me\u0111unarodne zajednice, Sjedinjenih\u00a0 Ameri\u010dkih Dr&#382;ava i glavnih zemalja Evropske zajednice.<\/p>\n<p>Mirotvorna misija NATO-a, KFOR na Kosovu, radom i anga&#382;manom\u00a0 vojnika i oficira, doprinosi\u00a0 miru i stabilnosti i za to\u00a0 ima po&#353;tovanje svih gra\u0111ana na&#353;e zemlje.<\/p>\n<p>Nakon progla&#353;enja nezavisnosti Republike Kosova, na zahtev na&#353;ih institucija, uspostavljena je\u00a0 Evropska misija za\u00a0 pravdu i policiju, EULEX, koji zajedno sa doti\u010dnim organima\u00a0 Kosova daje doprinos borbi protiv korupcije i organizovanog kriminala, doprinos u razmatranju specifi\u010dnih slu\u010dajeva kao i u uspostavljanju vladavine zakona, na celoj teritoriji dr&#382;ave Kosovo.<\/p>\n<p>U narednim mesecima, Me\u0111unarodna civilna kancelarija\u00a0 \u0107e zavr&#353;iti njenu misiju nadgledanja sprovo\u0111enja Ahtisarijevog Plana, i to ozna\u010dava jedan zajedni\u010dki uspeh.<\/p>\n<p>Kosovo \u0107e i u budu\u0107e imati ograni\u010deno me\u0111unarodno prisustvo, posebno vojno za potpunu izgradnju kapaciteta Bezbednosne snage Kosova, koja se izgra\u0111uje u skladu sa standardima NATO-a\u00a0 i sa ciljem u\u010de&#353;\u0107a u Partnerstvo za mir, do \u010dlanstva u Severno-atlantskoj\u00a0 alijansi.<\/p>\n<p>Treba da u potpunosti ispunjavamo objektiv za nezavisnost i suverenitet, da obezbedimo mesto u porodici naroda, da se tretiramo kao ravnopravni partner u Evropi i svuda po svetu.\u00a0 Ovo \u0107emo posti\u0107i u trajnom prijateljstvu sa Sjedinjenim Ameri\u010dkim Dr&#382;avama i u partnerstvu\u00a0 sa zemljama Evropske unije.<\/p>\n<p>U susretima u Briselu, sa \u010delnicima\u00a0 institucija Evropske unije, kao i svi ostali predstavnici Kosova, ja sam, kao Predsednica zemlje, tra&#382;ila unapre\u0111enje odnosa izme\u0111u Kosova i EU-a na kontraktualnom nivou. Ovo poja&#353;njene evropskog puta Kosova je neophodno, ne samo u interesu Kosova, nego i \u010ditavog regiona i same Evropske unije. <\/p>\n<p>Otvaranje puta za proces u\u010dlanjenja Kosova u EU-u, baziraju\u0107i se na po&#353;tovanje principa EU-a, na politike dr&#382;ava &#8211; \u010dlanica i na&#353;eg cilja za integraciju, podstrek je za produbljivanje sveobuhvatnih reformi u zemlji. <\/p>\n<p>U Briselu sam ponovo naglasila da zastoj\u00a0 u izgradnji odnosa i izme\u0111u EU-a i Kosova ometa na&#353; zajedni\u010dki put i ugro&#382;ava na&#353;a dostignu\u0107a. Pozdravljam \u010dinjenicu da je\u00a0 ovoj poruci\u00a0 posve\u0107ena\u00a0 posebna pa&#382;nja i Evropska unija je odlu\u010dila da postupi u skladu sa zajedni\u010dkim interesima. <\/p>\n<p>&#352;to pre budemo postigli trgovinski sporazum sa EU-om, pomo\u0107i \u0107emo ekonomski razvoj zemlje, oja\u010da\u0107emo strane investicije, stvara\u0107emo perspektivu za kosovski biznis i otvori\u0107emo nova radna mesta. <\/p>\n<p>U Briselu sam tra&#382;ila po\u010detak dijaloga za liberalizaciju viza, da Kosovo u&#382;iva slobodu kretanja za njegove gra\u0111ane, kao i svi gra\u0111ani Evrope.<\/p>\n<p>Ovaj zahtev sam mogla u\u010diniti budu\u0107i da su ispunjeni tehni\u010dki uslovi i kriterijumi za dobijanje putokaza. Liberalizacija viza osim &#353;to podrazumeva slobodno kretanje uklju\u010duje i niz obaveza i odgovornosti svih nas, gra\u0111ana Republike Kosova.<\/p>\n<p>Januara 2012. godine odr&#382;a\u0107u prvi susret sa Nacionalnim savetom za evropsku integraciju, forum u okviru Predsedni&#353;tva, koji te&#382;i izgradnji dru&#353;tvenog konsenzusa i koordinaciji u procesu evropske integracije zemlje. Nacionalni savet za evropsku integraciju je sveobuhvatan, sa zatupljeno&#353;\u0107u svih segmenata dru&#353;tva: institucija, politi\u010dkih stranaka i civilnog dru&#353;tva.<\/p>\n<p>Zajedno \u0107emo ubrzati sprovo\u0111enje reformi koje proizilaze iz evropskog partnerstva,\u00a0 koje je, pored dostignu\u0107a, evidentirao i jedan broj izazova koje treba konkretno adresirati. <\/p>\n<p>Republika Kosova, suverena i nezavisna dr&#382;ava, ima jasnu evropsku perspektivu. Mi drugog puta ne vidimo. Ova posve\u0107enost je dokazana u svim dosada&#353;njim procesima, uklju\u010duju\u0107i i dijalog sa Republikom Srbijom, koji se odvija uz olak&#353;anje i posredovanje Evropske unije. <\/p>\n<p>Ovaj dijalog je po\u010deo usvajanjem\u00a0 Rezolucije\u00a0 Generalne Skup&#353;tine OUN-a, nakon pozitivnog mi&#353;ljenja Me\u0111unarodnog suda pravde\u00a0 o nezavisnosti Kosova. <\/p>\n<p>Dijalog sa Republikom Srbijom predstavlja jedini put i najbolji na\u010din za normalizaciju odnosa izme\u0111u Republike Kosova i Republike Srbije, kao dve nezavisne i suverene dr&#382;ave. <\/p>\n<p>Dobro susedstvo\u00a0 je jedan od osnovnih uslova za \u010dlanstvo u Evropskoj uniji i podr&#353;ka dijalogu je u\u010dinjena na osnovu principa da re&#353;enja koja proizilaze iz njega treba da budu evropska. Ova re&#353;enja treba da se baziraju na najbolje prakse dr&#382;ava EU-a, bez kojih\u00a0 ne mo&#382;emo da po\u010dinjemo niti da zaklju\u010dujemo proces u\u010dlanjenja u Evropskoj uniji.<\/p>\n<p>Mi ne treba da izbegnemo dijalog. Osnovna na\u010dela na&#353;e dr&#382;avnosti i subjektiviteta ne mogu i ne\u0107e biti deo nikakve diskusije sa nikim, utoliko manje sa Republikom Srbijom. Transparentan dijalog i uz polaganje ra\u010duna pred na&#353;im gra\u0111anima, bi\u0107e garant uspeha ovog procesa i osigurava potpunu podr&#353;ku gra\u0111ana. Svaki postignuti sporazum izme\u0111u Republike Kosova i Republike Srbije treba da bude sna&#382;no zagarantovan od Evropske unije i nijedan sporazum ne treba i ne mo&#382;e da slu&#382;i za dobit samo jedne strane. <\/p>\n<p>Sporazumi \u0107e biti u skladu sa interesima zemlje, sa interesima gra\u0111ana Kosova i sa na&#353;om te&#382;njom i vizijom za jednu budu\u0107nost u EU-u. <\/p>\n<p>Po&#353;tovani poslanici, <\/p>\n<p>Nezavisnost Kosova je nepovratno.\u00a0 Integritet i\u00a0 teritorijalni suverenitet\u00a0 zemlje je nedodirljiv. Kosovo ima svoj me\u0111unarodni subjektivitet,\u00a0 priznato je od 85 zemalja sveta u\u00a0 celoj njegovoj potpunoj\u00a0 teritoriji,\u00a0 u svojim postoje\u0107im granicama. To smo postigli anga&#382;ovanjem svih nas, Vlada Republike Kosova, Skup&#353;tina Republike Kosova, anga&#382;ovanje civilnog dru&#353;tva, na&#353;ih me\u0111unarodnih prijatelja i dr&#382;ava koje su nas sada ve\u0107 priznale.<\/p>\n<p>Nezavisnost, dr&#382;avotvronost, suverenitet, subjektivitet i\u00a0 teritorijalna celokupnost Kosova su nedodirljiva i o istim se ne pregovara.\u00a0 To je\u00a0 okon\u010dan proces. Za to smo se obavezali i\u00a0 dobili smo potpunu podr&#353;ku me\u0111unarodnog faktora.<\/p>\n<p>Dame i gospodo,<\/p>\n<p>Pozivamo rukovodstvo Republike Srbije da odustaju od teritorijalnih pretenzija i da\u00a0 prekidaju\u00a0 podr&#353;ku za ilegalne i kriminalne\u00a0 strukture u tri op&#353;tina na severu Kosova, koje\u00a0 dr&#382;e za taoca budu\u0107nost i napredak gra\u0111ana.<\/p>\n<p>Period ratova i hegemonije na Balkanu je zavr&#353;en.\u00a0 Na Kosovu smo posve\u0107eni da izgradimo jednu sigurnu budu\u0107nost za na&#353;e gra\u0111ane,\u00a0 bez etni\u010dkih razlika i bez mr&#382;nje.<\/p>\n<p>Mi smo odlu\u010dni da normalizujemo stanje u op&#353;tinama na severu Kosova,\u00a0 &#353;to smatramo kao pitanje\u00a0 vladavine zakona. Dala sam k znanju da\u00a0 sprovo\u0111enje Ahtisarijevog plana nema alternative, i isti se ne mo&#382;e modifikovati. Prava za srpsku zajednicu, predvi\u0111ena ovim Planom i Ustavom Kosova su sna&#382;na garancija za budu\u0107nost srpskog stanovni&#353;tva kao\u00a0 nedeljivi deo Kosovskog dru&#353;tva. <\/p>\n<p>Pozdravljam po\u010detak otklanjanja barikada i\u00a0 izra&#382;avanja\u00a0 volje gra\u0111ana da se pitanja re&#353;e ne na ulici, nego u institucijama uz otklanjanju svih prepreka za slobodno kretanje ljudi i roba.\u00a0 Razumem u potpunosti da\u00a0 srpski gra\u0111ani ovih op&#353;tina &#382;ele miran &#382;ivot, dostojanstven, daleko od barikada, i bez straha za njihovu budu\u0107nost. <\/p>\n<p>Integracija srpskog stanovni&#353;tva u tri op&#353;tine na severu zemlje je put izgradnje jedne zajedni\u010dke budu\u0107nosti,\u00a0 dostojanstvenog i bezbednog. Srpsko stanovni&#353;tvo na tom delu zemlje treba da preuzima odgovornosti i svoje obaveze da bi postali deo dru&#353;tva,\u00a0 smatraju\u0107i Kosovu kao njihovu domovinu.<\/p>\n<p>Mi smo otvorili vrata integracije i\u00a0 dr&#382;a\u0107emo otvorenu istu za sve. Integracija se\u00a0 bazira na aktivnom u\u010de&#353;\u0107u u izgradnji demokratskog dru&#353;tva, sveobuhvatnog i prosperitetnog, &#353;to po&#353;tuje zakone i Ustav zemlje.<\/p>\n<p>Stvaranje uslova za\u00a0 vladavinu prava, za ekonomski razvoj i za demokratizaciju, normalizovalo bi i stanje na tri\u00a0 severne op&#353;tine. Vladavina prava i bezbednost bi\u0107e izgra\u0111eno u partnerstva sa me\u0111unarodnom zajednicom i sa srpskim gra\u0111anima, koji treba da &#382;ive u\u00a0 bezbednom ambijentu,\u00a0 sa pristupom u pravdi preko funkcionalnih sudova,\u00a0 redom i\u00a0 u miru zagarantovanog od Kosovske policije. <\/p>\n<p>Jedan konkretan plan za ekonomski razvoj za op&#353;tine na severu Kosova \u0107e obuhvatiti ju&#382;nu Mitrovicu, i taj plan \u0107e biti u slu&#382;bi pribli&#382;avanja gra\u0111ana. <\/p>\n<p>Kosovske institucije, u sprovo\u0111enju zakonitosti, moraju po&#353;tovati prava i slobode srpskih gra\u0111ana u Leposavi\u0107u, Zve\u010danu, Zubinom potoku i severnoj Mitrovici, organizova\u0107e, u najpogodnijem vremenu, slobodne i demokratske izbore, da bi izabrali legitimne i legalne predstavnike gra\u0111ana ovih op&#353;tina.<\/p>\n<p>U narednim nedeljama ja \u0107u posetiti naselja u raznim delovima Kosova, obuhvataju\u0107i i novostvorene op&#353;tine u procesu decentralizacije. Ja \u0107u saslu&#353;ati mi&#353;ljenja, predloge i zahteve gra\u0111ana,\u00a0 da bi smo ih ispunjavali.<\/p>\n<p>Sa ove govornice obra\u0107am se srpskim gra\u0111anima Republike Kosova:<\/p>\n<p>Viste ravnopravni gra\u0111ani, sa slobodom i\u00a0 garantovanim pravima, na osnovu Ustava i zakona Kosova. Kosovo je domovina svih, i vi kao gra\u0111ani srpske narodnosti \u0107ete realizovati sva svoja nacionalna, verska, obrazovna i kulturna prava. Za to \u010dete imati\u00a0 moju i celokupnu\u00a0 podr&#353;ku institucija Kosova.<\/p>\n<p>T\u00eb dashur bashk\u00ebqytetar<\/p>\n<p>Tani \u00ebsht\u00eb koha m\u00eb e mir\u00eb q\u00eb t\u00eb gjith\u00eb ne t\u00eb jemi s\u00eb bashku n\u00eb rrug\u00ebn e integrimeve Evropiane. Kjo \u00ebsht\u00eb ardhm\u00ebria jon, dhe n\u00eb k\u00ebt\u00eb rrug\u00eb duhet t\u00eb ndihmojm\u00eb nj\u00ebri tjetrin. Kosova \u00ebsht\u00eb sht\u00ebpia jon\u00eb e p\u00ebrbashk\u00ebt.<\/p>\n<p>Po&#353;tovani poslanici<\/p>\n<p>Po&#353;tovani gra\u0111ani Kosova,<\/p>\n<p>Kosovo je dr&#382;ava izgra\u0111ena u gra\u0111anskom principu, &#353;to po&#353;tuje civiliziraju\u0107e vrednosti. Na Kosovu\u00a0 pored Albanaca &#382;ive i druge zajednice: Turci, Bo&#353;njaci, Gorani, Romi, A&#353;kalije, Egip\u0107ani, Hrvati, Crnogorci i drugi, koji su gra\u0111ani &#353;to u&#382;ivaju sva prava i slobode,\u00a0 priznavanjem i\u00a0 po&#353;tovanjem\u00a0 nezavisnost Kosova. Doprinos ovih zajednica na\u00a0 lokalnom i centralnom nivou, u\u00a0 stvaranju dr&#382;ave, u demokratskim procesima, i\u00a0 u op&#353;tem\u00a0 ekonomskom razvoju, kao i svim drugim procesima, je izvanredan. <\/p>\n<p>Na&#353;a zajedni\u010dka te&#382;nja\u00a0 je izgradnja pravne dr&#382;ave. Formiranje demokratskih\u00a0 institucija\u00a0 u slu&#382;bi gra\u0111ana pove\u0107ava poverenje u institucije i u na\u010delu vladavinu zakona.<\/p>\n<p>Kosovska policija je dobar primer ovog anga&#382;ovanja. Njeni pripadnici\u00a0 su &#353;kolovani i obu\u010davani prema najboljim praksama SAD i Evropske unije, koja obavlja\u00a0 svoje du&#382;nosti odgovorno i posve\u0107eno.<\/p>\n<p>Garantova\u0107emo zavr&#353;etak reforma izbornog sistema, adekvatno sankcionisanje i ka&#382;njavanje prekr&#353;ioca izbornog sistema, koji su deformisali ovaj proces.<\/p>\n<p>Demokratija na Kosovu ne mo&#382;e biti talac nedostatka na&#353;e volje za suzbijanje negativnih pojava u institucijama i dru&#353;tvu. Na&#353;e deklarisanje za &#8222;nula toleranciju&#8220; za korupciju\u00a0 i organizovani kriminal\u00a0 bi\u0107e ostvareno. Institucije Kosova i vi zakonodavni organ formirali ste zakonodavni okvir i usvojili zakone koji \u0107e pomo\u0107i suzbijanje ovih pojava. Sada nam je potreban jedan zajedni\u010dki front za borbu protiv korupcije i organizovanog kriminala.<\/p>\n<p>Korupcija i organizovani kriminal su prepreka za razvoj na&#353;eg dru&#353;tva, udaljavaju\u0107i strane investitore, o&#353;te\u0107uju\u0107i osnovu za ekonomski razvoj. Ove pojave ometaju konkurenciju slobodnog tr&#382;i&#353;ta, kao i inicijativu za preduzetni&#353;tvo. One su prepreka za zapo&#353;ljavanje mladih i podsti\u010du njihov odlazak sa Kosova, odlaze\u0107i vani\u00a0 mozak ove zemlje i iscrpljuje kreativnost i inovaciju.<\/p>\n<p>Korupcija je skupa faktura koju pla\u0107aju na&#353;i gra\u0111ani.<\/p>\n<p>Korupcija i organizovani kriminal su prepreke za integraciju Kosova u Evropu.<\/p>\n<p>Samo uspe&#353;no suzbijanje ovih negativnih pojava omogu\u0107i\u0107e vra\u0107anje poverenja gra\u0111ana i brz razvoj na&#353;e zemlje. Pozitivno \u0107e uticati na proces novih priznavanja Kosova i promenu percepcije za na&#353;u zemlju.<\/p>\n<p>To je razlog za&#353;to \u0107u sutra otputovati za Sjedinjene Ameri\u010dke Dr&#382;ave. Tamo \u0107u se sastati sa Ameri\u010dkim dr&#382;avni sekretarom, ameri\u010dkim glavnim dr&#382;avnim tu&#382;iocem. Direktorom FBI, kao i rukovodiocima Pentagona . Na ovim sastancima ja \u0107u ih upoznati sa preduzetim koracima u borbi protiv korupcije i organizovanog kriminala i zahteva\u0107u od njih podr&#353;ku i saradnju za a&#382;uriranje postupaka, kako bi uspeh u ovoj borbi bio garantovan.<\/p>\n<p>Nakon povratka na Kosovo, osnova\u0107u Ve\u0107e protiv korupcije, kojim \u0107u upravljati na osnovu mojih ustavnih ih zakonskih ovla&#353;\u0107enja. Ovaj institucionalni\u00a0 mehanizam koordinira\u0107e postupke i utvrditi politike za iskorenjivanje korupcije i organizovanog kriminala.\u00a0 <\/p>\n<p>Borba protiv korupcije i organizovanog kriminala mora da se dobija!<\/p>\n<p>Kao Predsednica zemlje, po&#353;tuju\u0107i na\u010delo podele vlasti, s po&#353;tovanjem sam tretirala stvaranje jednog nezavisnog i odgovornog sudstva. <\/p>\n<p>Kod imenovanja sudija i tu&#382;ilaca garantovala sam politi\u010dko ne-ume&#353;anje u proces. Po&#353;tovala sam do detalja etni\u010dku i polnu zastupljenost, \u010duvaju\u0107i profesionalno na\u010delo. <\/p>\n<p>Ja dajem podr&#353;ku potpunoj nezavisnosti pravosudnih organa.<\/p>\n<p>Po&#353;tovani poslanici, <\/p>\n<p>Na&#353;a zemlja se opredelila\u00a0 za tr&#382;i&#353;nu ekonomiju i pru&#382;anje podjednakih mogu\u0107nosti svim investitorima.\u00a0 Transformacija imovine i definisanje imovinskih prava su su&#353;tinska komponenta strukturnih ekonomskih reformi. Transparentnost i po&#353;tenje u ovim procesima su preduslov za kredibilitet institucija i pove\u0107anje poverenja kod investitora. <\/p>\n<p>Kosovo je ostvarilo zna\u010dajan napredak u izgradnji jedne suverene ekonomije, stvaraju\u0107i glavne ekonomske i dru&#353;tvene institucije. I pored te&#353;ko\u0107a prouzrokovanih od ekonomske krize, Kosovo ima makro-finansijsku stabilnost. <\/p>\n<p>O\u010dekujem da bud&#382;et za 2012. godinu reflektuje dugoro\u010dnu ekonomsku viziju Kosova i u srednjoro\u010dnim planovima ekonomskog razvoja. Fiskalna\u00a0 odr&#382;ivost i\u00a0 disciplina predstavljaju zna\u010dajan preduslov makro-ekonomske stabilnosti zemlje.<\/p>\n<p>Ove godine na&#353;a zemlja je nastavila da ima ekonomski rast i predvi\u0111a se da zadr&#382;i ovaj trend i u idu\u0107oj godini. <\/p>\n<p>U svakom slu\u010daju, ovaj rast ne\u0107e biti dovoljan za odr&#382;ivi ekonomski razvoj i za apsorbiranje velikog broja mladih koji se pridodaje tr&#382;i&#353;tu rada.<\/p>\n<p>Doma\u0107a proizvodnja, mada je zabele&#382;ila osetljiv rast, nije dovoljna da bi udovoljila potrebe Kosova. Na&#353;i proizvo\u0111a\u010di treba da se podr&#382;avaju i fiskalne politike se moraju unaprediti u slu&#382;bi biznisa,\u00a0 kako bi proizvodi Kosova pove\u0107ali kvalitet i bili konkurentni na tr&#382;i&#353;tu.<\/p>\n<p>Na&#353;a zemlja treba da pove\u0107ava proizvodnju za izvoz i da smanjuje zavisnost prema stranim proizvodima. Ekonomski patriotizam i kupovina doma\u0107ih proizvoda u ovim momentima su korisni za ekonomski rast. <\/p>\n<p>Zajedni\u010dkim i odgovornim anga&#382;ovanjem mi mo&#382;emo da Kosovo u\u010dinimo zemlju liderom za privla\u010denje stranog kapitala. Ljudskim potencijalom i sistemom povoljnih\u00a0 taksa za biznis, na&#353;a zemlja pru&#382;a dobre mogu\u0107nosti za strane biznise. <\/p>\n<p>Kosovo ima sna&#382;nu dijasporu u zemljama EZ-e i SAD-a, most veza izme\u0111u na&#353;e zemlje i dr&#382;ava u kojima su oni lojalni gra\u0111ani. Mi visoko ocenjujemo veliki doprinos dijaspore\u00a0 u toku svih ovih godina za slobodu i nezavisnost Kosova. Podr&#382;avamo vra\u0107anje sunarodnika u domovinu za investicije u izgradnji zemlje i u\u010de&#353;\u0107a u politi\u010dkom i dru&#353;tveno &#382;ivotu.<\/p>\n<p>Po&#353;tovani poslanici,<\/p>\n<p>Neka niko nema sumnje i nasuprot politi\u010dkih debata izme\u0111u nas: Mi smo ujedinjeni u delovanju za oja\u010danje na&#353;e nove dr&#382;ave, spremni za za&#353;titu na&#353;ih dostignu\u0107a i\u00a0 za svako po&#382;rtvovanje za avanziranje slobode i prava na&#353;ih gra\u0111ana, za &#382;ivot u miru i prosperitetu.<\/p>\n<p>Ja danas ne mogu da vam ka&#382;em da put koji je pred nama\u00a0 je lak. Ali, obe\u0107avam vam da \u0107u nastaviti da se sastajem i da saslu&#353;am sve gra\u0111ane Kosova, iz svih zajednica, da kao predsednica zemlje zastupljam njihovu volju.<\/p>\n<p>Ja \u0107u podr&#382;avati rad Skup&#353;tine. Obavezujem se da \u0107u raditi na sprovo\u0111enju ustavnosti, oja\u010danju vladavine zakona, ujedinjenju zemlje i pobolj&#353;anju na&#353;eg polo&#382;aja u svetu.<\/p>\n<p>Po&#353;tovani poslanici Skup&#353;tine, moji sugra\u0111ani, izazovi pred nama su veliki, ali na&#353;a volja za uspehom je jo&#353; ve\u0107a.<\/p>\n<p>Na&#353;e vrednosti koje nas ujedinjavaju su ve\u0107e od stvari koje nas dele. Budimo ujedinjeni\u00a0 u vreme kada gradimo Kosovo, zemlju na&#353;ih predaka i nade i\u00a0 aspiracija na&#353;e dece.<\/p>\n","protected":false},"excerpt":{"rendered":"<p>Rezultate koje smo postigli mukotrpnim radom i po&#382;rtvovanjem moramo unaprediti. Gde god sam oti&#353;la u toku ovih 8 meseci, u svakom delu Kosova, poruka gra\u0111ana je bila jasna i glasna<\/p>\n","protected":false},"author":1,"featured_media":58194,"comment_status":"open","ping_status":"closed","sticky":false,"template":"","format":"standard","meta":{"_eb_attr":"","footnotes":""},"categories":[101],"tags":[],"class_list":["post-79250","post","type-post","status-publish","format-standard","has-post-thumbnail","hentry","category-vesti"],"yoast_head":"<!-- This site is optimized with the Yoast SEO plugin v23.5 - https:\/\/yoast.com\/wordpress\/plugins\/seo\/ -->\n<title>RE\u010c PREDSEDNICE REPUBLIKE KOSOVA G &#150; \u0110E ATIFETE JAHJAGE U SKUP&#138;TINI KOSOVA - Predsednik Republike Kosovo - DR. VJOSA OSMANI - SADRIU<\/title>\n<meta name=\"description\" content=\"RE\u010c PREDSEDNICE REPUBLIKE KOSOVA G &#150; \u0110E ATIFETE JAHJAGE U SKUP&#138;TINI KOSOVA - Predsednik Republike Kosovo - DR. VJOSA OSMANI - SADRIU -\" \/>\n<meta name=\"robots\" content=\"index, follow, max-snippet:-1, max-image-preview:large, max-video-preview:-1\" \/>\n<link rel=\"canonical\" href=\"https:\/\/president-ksgov.net\/fjalimi-i-presidentes-se-republikes-se-kosoves-zonjes-atifete-jahjaga-ne-kuvendin-e-kosoves-4\/\" \/>\n<meta property=\"og:locale\" content=\"sr_RS\" \/>\n<meta property=\"og:type\" content=\"article\" \/>\n<meta property=\"og:title\" content=\"RE\u010c PREDSEDNICE REPUBLIKE KOSOVA G &#150; \u0110E ATIFETE JAHJAGE U SKUP&#138;TINI KOSOVA - Predsednik Republike Kosovo - DR. VJOSA OSMANI - SADRIU\" \/>\n<meta property=\"og:description\" content=\"RE\u010c PREDSEDNICE REPUBLIKE KOSOVA G &#150; \u0110E ATIFETE JAHJAGE U SKUP&#138;TINI KOSOVA - Predsednik Republike Kosovo - DR. VJOSA OSMANI - SADRIU -\" \/>\n<meta property=\"og:url\" content=\"https:\/\/president-ksgov.net\/fjalimi-i-presidentes-se-republikes-se-kosoves-zonjes-atifete-jahjaga-ne-kuvendin-e-kosoves-4\/\" \/>\n<meta property=\"og:site_name\" content=\"Predsednik Republike Kosovo - DR. VJOSA OSMANI - SADRIU\" \/>\n<meta property=\"article:published_time\" content=\"2011-12-08T11:08:31+00:00\" \/>\n<meta property=\"og:image\" content=\"https:\/\/president-ksgov.net\/wp-content\/uploads\/08_12_2011_Fjalimi_ne_Kuvend_21.jpg\" \/>\n\t<meta property=\"og:image:width\" content=\"1000\" \/>\n\t<meta property=\"og:image:height\" content=\"667\" \/>\n\t<meta property=\"og:image:type\" content=\"image\/jpeg\" \/>\n<meta name=\"author\" content=\"admin\" \/>\n<meta name=\"twitter:card\" content=\"summary_large_image\" \/>\n<meta name=\"twitter:label1\" content=\"\u041d\u0430\u043f\u0438\u0441\u0430\u043d\u043e \u043e\u0434\" \/>\n\t<meta name=\"twitter:data1\" content=\"admin\" \/>\n\t<meta name=\"twitter:label2\" content=\"\u041f\u0440\u043e\u0446\u0435\u045a\u0435\u043d\u043e \u0432\u0440\u0435\u043c\u0435 \u0447\u0438\u0442\u0430\u045a\u0430\" \/>\n\t<meta name=\"twitter:data2\" content=\"15 \u043c\u0438\u043d\u0443\u0442\u0430\" \/>\n<script type=\"application\/ld+json\" class=\"yoast-schema-graph\">{\"@context\":\"https:\/\/schema.org\",\"@graph\":[{\"@type\":\"WebPage\",\"@id\":\"https:\/\/president-ksgov.net\/fjalimi-i-presidentes-se-republikes-se-kosoves-zonjes-atifete-jahjaga-ne-kuvendin-e-kosoves-4\/\",\"url\":\"https:\/\/president-ksgov.net\/fjalimi-i-presidentes-se-republikes-se-kosoves-zonjes-atifete-jahjaga-ne-kuvendin-e-kosoves-4\/\",\"name\":\"RE\u010c PREDSEDNICE REPUBLIKE KOSOVA G &#150; \u0110E ATIFETE JAHJAGE U SKUP&#138;TINI KOSOVA - Predsednik Republike Kosovo - DR. VJOSA OSMANI - SADRIU\",\"isPartOf\":{\"@id\":\"https:\/\/president-ksgov.net\/#website\"},\"primaryImageOfPage\":{\"@id\":\"https:\/\/president-ksgov.net\/fjalimi-i-presidentes-se-republikes-se-kosoves-zonjes-atifete-jahjaga-ne-kuvendin-e-kosoves-4\/#primaryimage\"},\"image\":{\"@id\":\"https:\/\/president-ksgov.net\/fjalimi-i-presidentes-se-republikes-se-kosoves-zonjes-atifete-jahjaga-ne-kuvendin-e-kosoves-4\/#primaryimage\"},\"thumbnailUrl\":\"https:\/\/president-ksgov.net\/wp-content\/uploads\/08_12_2011_Fjalimi_ne_Kuvend_21.jpg\",\"datePublished\":\"2011-12-08T11:08:31+00:00\",\"dateModified\":\"2011-12-08T11:08:31+00:00\",\"author\":{\"@id\":\"https:\/\/president-ksgov.net\/#\/schema\/person\/bb4337a5fb147cb2046d80548172cbee\"},\"description\":\"RE\u010c PREDSEDNICE REPUBLIKE KOSOVA G &#150; \u0110E ATIFETE JAHJAGE U SKUP&#138;TINI KOSOVA - Predsednik Republike Kosovo - DR. VJOSA OSMANI - SADRIU -\",\"breadcrumb\":{\"@id\":\"https:\/\/president-ksgov.net\/fjalimi-i-presidentes-se-republikes-se-kosoves-zonjes-atifete-jahjaga-ne-kuvendin-e-kosoves-4\/#breadcrumb\"},\"inLanguage\":\"sr-RS\",\"potentialAction\":[{\"@type\":\"ReadAction\",\"target\":[\"https:\/\/president-ksgov.net\/fjalimi-i-presidentes-se-republikes-se-kosoves-zonjes-atifete-jahjaga-ne-kuvendin-e-kosoves-4\/\"]}]},{\"@type\":\"ImageObject\",\"inLanguage\":\"sr-RS\",\"@id\":\"https:\/\/president-ksgov.net\/fjalimi-i-presidentes-se-republikes-se-kosoves-zonjes-atifete-jahjaga-ne-kuvendin-e-kosoves-4\/#primaryimage\",\"url\":\"https:\/\/president-ksgov.net\/wp-content\/uploads\/08_12_2011_Fjalimi_ne_Kuvend_21.jpg\",\"contentUrl\":\"https:\/\/president-ksgov.net\/wp-content\/uploads\/08_12_2011_Fjalimi_ne_Kuvend_21.jpg\",\"width\":1000,\"height\":667},{\"@type\":\"BreadcrumbList\",\"@id\":\"https:\/\/president-ksgov.net\/fjalimi-i-presidentes-se-republikes-se-kosoves-zonjes-atifete-jahjaga-ne-kuvendin-e-kosoves-4\/#breadcrumb\",\"itemListElement\":[{\"@type\":\"ListItem\",\"position\":1,\"name\":\"Home\",\"item\":\"https:\/\/president-ksgov.net\/sr\/\"},{\"@type\":\"ListItem\",\"position\":2,\"name\":\"RE\u010c PREDSEDNICE REPUBLIKE KOSOVA G &#150; \u0110E ATIFETE JAHJAGE U SKUP&#138;TINI KOSOVA\"}]},{\"@type\":\"WebSite\",\"@id\":\"https:\/\/president-ksgov.net\/#website\",\"url\":\"https:\/\/president-ksgov.net\/\",\"name\":\"Presidente e Republik\u00ebs s\u00eb Kosov\u00ebs\",\"description\":\"Presidente e Republik\u00ebs s\u00eb Kosov\u00ebs\",\"alternateName\":\"DR. VJOSA OSMANI - SADRIU\",\"potentialAction\":[{\"@type\":\"SearchAction\",\"target\":{\"@type\":\"EntryPoint\",\"urlTemplate\":\"https:\/\/president-ksgov.net\/?s={search_term_string}\"},\"query-input\":{\"@type\":\"PropertyValueSpecification\",\"valueRequired\":true,\"valueName\":\"search_term_string\"}}],\"inLanguage\":\"sr-RS\"},{\"@type\":\"Person\",\"@id\":\"https:\/\/president-ksgov.net\/#\/schema\/person\/bb4337a5fb147cb2046d80548172cbee\",\"name\":\"admin\",\"image\":{\"@type\":\"ImageObject\",\"inLanguage\":\"sr-RS\",\"@id\":\"https:\/\/president-ksgov.net\/#\/schema\/person\/image\/\",\"url\":\"https:\/\/secure.gravatar.com\/avatar\/36156ca0fa3b8d9d25174f146e16beea0cf28f37adf1b9e19b6c9c279a7c9dd3?s=96&d=mm&r=g\",\"contentUrl\":\"https:\/\/secure.gravatar.com\/avatar\/36156ca0fa3b8d9d25174f146e16beea0cf28f37adf1b9e19b6c9c279a7c9dd3?s=96&d=mm&r=g\",\"caption\":\"admin\"},\"sameAs\":[\"https:\/\/president-ksgov.net\"]}]}<\/script>\n<!-- \/ Yoast SEO plugin. -->","yoast_head_json":{"title":"RE\u010c PREDSEDNICE REPUBLIKE KOSOVA G &#150; \u0110E ATIFETE JAHJAGE U SKUP&#138;TINI KOSOVA - Predsednik Republike Kosovo - DR. VJOSA OSMANI - SADRIU","description":"RE\u010c PREDSEDNICE REPUBLIKE KOSOVA G &#150; \u0110E ATIFETE JAHJAGE U SKUP&#138;TINI KOSOVA - Predsednik Republike Kosovo - DR. VJOSA OSMANI - SADRIU -","robots":{"index":"index","follow":"follow","max-snippet":"max-snippet:-1","max-image-preview":"max-image-preview:large","max-video-preview":"max-video-preview:-1"},"canonical":"https:\/\/president-ksgov.net\/fjalimi-i-presidentes-se-republikes-se-kosoves-zonjes-atifete-jahjaga-ne-kuvendin-e-kosoves-4\/","og_locale":"sr_RS","og_type":"article","og_title":"RE\u010c PREDSEDNICE REPUBLIKE KOSOVA G &#150; \u0110E ATIFETE JAHJAGE U SKUP&#138;TINI KOSOVA - Predsednik Republike Kosovo - DR. VJOSA OSMANI - SADRIU","og_description":"RE\u010c PREDSEDNICE REPUBLIKE KOSOVA G &#150; \u0110E ATIFETE JAHJAGE U SKUP&#138;TINI KOSOVA - Predsednik Republike Kosovo - DR. VJOSA OSMANI - SADRIU -","og_url":"https:\/\/president-ksgov.net\/fjalimi-i-presidentes-se-republikes-se-kosoves-zonjes-atifete-jahjaga-ne-kuvendin-e-kosoves-4\/","og_site_name":"Predsednik Republike Kosovo - DR. VJOSA OSMANI - SADRIU","article_published_time":"2011-12-08T11:08:31+00:00","og_image":[{"width":1000,"height":667,"url":"https:\/\/president-ksgov.net\/wp-content\/uploads\/08_12_2011_Fjalimi_ne_Kuvend_21.jpg","type":"image\/jpeg"}],"author":"admin","twitter_card":"summary_large_image","twitter_misc":{"\u041d\u0430\u043f\u0438\u0441\u0430\u043d\u043e \u043e\u0434":"admin","\u041f\u0440\u043e\u0446\u0435\u045a\u0435\u043d\u043e \u0432\u0440\u0435\u043c\u0435 \u0447\u0438\u0442\u0430\u045a\u0430":"15 \u043c\u0438\u043d\u0443\u0442\u0430"},"schema":{"@context":"https:\/\/schema.org","@graph":[{"@type":"WebPage","@id":"https:\/\/president-ksgov.net\/fjalimi-i-presidentes-se-republikes-se-kosoves-zonjes-atifete-jahjaga-ne-kuvendin-e-kosoves-4\/","url":"https:\/\/president-ksgov.net\/fjalimi-i-presidentes-se-republikes-se-kosoves-zonjes-atifete-jahjaga-ne-kuvendin-e-kosoves-4\/","name":"RE\u010c PREDSEDNICE REPUBLIKE KOSOVA G &#150; \u0110E ATIFETE JAHJAGE U SKUP&#138;TINI KOSOVA - Predsednik Republike Kosovo - DR. VJOSA OSMANI - SADRIU","isPartOf":{"@id":"https:\/\/president-ksgov.net\/#website"},"primaryImageOfPage":{"@id":"https:\/\/president-ksgov.net\/fjalimi-i-presidentes-se-republikes-se-kosoves-zonjes-atifete-jahjaga-ne-kuvendin-e-kosoves-4\/#primaryimage"},"image":{"@id":"https:\/\/president-ksgov.net\/fjalimi-i-presidentes-se-republikes-se-kosoves-zonjes-atifete-jahjaga-ne-kuvendin-e-kosoves-4\/#primaryimage"},"thumbnailUrl":"https:\/\/president-ksgov.net\/wp-content\/uploads\/08_12_2011_Fjalimi_ne_Kuvend_21.jpg","datePublished":"2011-12-08T11:08:31+00:00","dateModified":"2011-12-08T11:08:31+00:00","author":{"@id":"https:\/\/president-ksgov.net\/#\/schema\/person\/bb4337a5fb147cb2046d80548172cbee"},"description":"RE\u010c PREDSEDNICE REPUBLIKE KOSOVA G &#150; \u0110E ATIFETE JAHJAGE U SKUP&#138;TINI KOSOVA - Predsednik Republike Kosovo - DR. VJOSA OSMANI - SADRIU -","breadcrumb":{"@id":"https:\/\/president-ksgov.net\/fjalimi-i-presidentes-se-republikes-se-kosoves-zonjes-atifete-jahjaga-ne-kuvendin-e-kosoves-4\/#breadcrumb"},"inLanguage":"sr-RS","potentialAction":[{"@type":"ReadAction","target":["https:\/\/president-ksgov.net\/fjalimi-i-presidentes-se-republikes-se-kosoves-zonjes-atifete-jahjaga-ne-kuvendin-e-kosoves-4\/"]}]},{"@type":"ImageObject","inLanguage":"sr-RS","@id":"https:\/\/president-ksgov.net\/fjalimi-i-presidentes-se-republikes-se-kosoves-zonjes-atifete-jahjaga-ne-kuvendin-e-kosoves-4\/#primaryimage","url":"https:\/\/president-ksgov.net\/wp-content\/uploads\/08_12_2011_Fjalimi_ne_Kuvend_21.jpg","contentUrl":"https:\/\/president-ksgov.net\/wp-content\/uploads\/08_12_2011_Fjalimi_ne_Kuvend_21.jpg","width":1000,"height":667},{"@type":"BreadcrumbList","@id":"https:\/\/president-ksgov.net\/fjalimi-i-presidentes-se-republikes-se-kosoves-zonjes-atifete-jahjaga-ne-kuvendin-e-kosoves-4\/#breadcrumb","itemListElement":[{"@type":"ListItem","position":1,"name":"Home","item":"https:\/\/president-ksgov.net\/sr\/"},{"@type":"ListItem","position":2,"name":"RE\u010c PREDSEDNICE REPUBLIKE KOSOVA G &#150; \u0110E ATIFETE JAHJAGE U SKUP&#138;TINI KOSOVA"}]},{"@type":"WebSite","@id":"https:\/\/president-ksgov.net\/#website","url":"https:\/\/president-ksgov.net\/","name":"Presidente e Republik\u00ebs s\u00eb Kosov\u00ebs","description":"Presidente e Republik\u00ebs s\u00eb Kosov\u00ebs","alternateName":"DR. VJOSA OSMANI - SADRIU","potentialAction":[{"@type":"SearchAction","target":{"@type":"EntryPoint","urlTemplate":"https:\/\/president-ksgov.net\/?s={search_term_string}"},"query-input":{"@type":"PropertyValueSpecification","valueRequired":true,"valueName":"search_term_string"}}],"inLanguage":"sr-RS"},{"@type":"Person","@id":"https:\/\/president-ksgov.net\/#\/schema\/person\/bb4337a5fb147cb2046d80548172cbee","name":"admin","image":{"@type":"ImageObject","inLanguage":"sr-RS","@id":"https:\/\/president-ksgov.net\/#\/schema\/person\/image\/","url":"https:\/\/secure.gravatar.com\/avatar\/36156ca0fa3b8d9d25174f146e16beea0cf28f37adf1b9e19b6c9c279a7c9dd3?s=96&d=mm&r=g","contentUrl":"https:\/\/secure.gravatar.com\/avatar\/36156ca0fa3b8d9d25174f146e16beea0cf28f37adf1b9e19b6c9c279a7c9dd3?s=96&d=mm&r=g","caption":"admin"},"sameAs":["https:\/\/president-ksgov.net"]}]}},"_links":{"self":[{"href":"https:\/\/president-ksgov.net\/sr\/wp-json\/wp\/v2\/posts\/79250","targetHints":{"allow":["GET"]}}],"collection":[{"href":"https:\/\/president-ksgov.net\/sr\/wp-json\/wp\/v2\/posts"}],"about":[{"href":"https:\/\/president-ksgov.net\/sr\/wp-json\/wp\/v2\/types\/post"}],"author":[{"embeddable":true,"href":"https:\/\/president-ksgov.net\/sr\/wp-json\/wp\/v2\/users\/1"}],"replies":[{"embeddable":true,"href":"https:\/\/president-ksgov.net\/sr\/wp-json\/wp\/v2\/comments?post=79250"}],"version-history":[{"count":0,"href":"https:\/\/president-ksgov.net\/sr\/wp-json\/wp\/v2\/posts\/79250\/revisions"}],"wp:featuredmedia":[{"embeddable":true,"href":"https:\/\/president-ksgov.net\/sr\/wp-json\/wp\/v2\/media\/58194"}],"wp:attachment":[{"href":"https:\/\/president-ksgov.net\/sr\/wp-json\/wp\/v2\/media?parent=79250"}],"wp:term":[{"taxonomy":"category","embeddable":true,"href":"https:\/\/president-ksgov.net\/sr\/wp-json\/wp\/v2\/categories?post=79250"},{"taxonomy":"post_tag","embeddable":true,"href":"https:\/\/president-ksgov.net\/sr\/wp-json\/wp\/v2\/tags?post=79250"}],"curies":[{"name":"wp","href":"https:\/\/api.w.org\/{rel}","templated":true}]}}