{"id":79232,"date":"2011-12-23T12:43:40","date_gmt":"2011-12-23T12:43:40","guid":{"rendered":"https:\/\/dev.president-ksgov.net\/telegram-predsednice-atifete-jahjaga-sa-cestitkama-za-22-godinjicu-osnivanja-dsk-a\/"},"modified":"2011-12-23T12:43:40","modified_gmt":"2011-12-23T12:43:40","slug":"telegram-predsednice-atifete-jahjaga-sa-cestitkama-za-22-godinjicu-osnivanja-dsk-a","status":"publish","type":"post","link":"https:\/\/president-ksgov.net\/sr\/telegram-predsednice-atifete-jahjaga-sa-cestitkama-za-22-godinjicu-osnivanja-dsk-a\/","title":{"rendered":"Telegram predsednice  Atifete Jahjaga sa cestitkama za  22 godi&#154;njicu osnivanja DSK-a"},"content":{"rendered":"<p>Na 22 godi&#353;njicu osnivanja Demokratskog saveza Kosova DSK),   Predsednica Republike Kosova, g-da Atifete Jahjaga poslala je  telegram cestitki predsedniku ove  stranke, g-dinu Isa Mustafi.<\/p>\n<p>Na telegramu ka&#382;e:<br \/>\n\u00a0<br \/>\nPo&#353;tovani predsednice,\u00a0 g-dine Isa Mustafa,<br \/>\n\u00a0<br \/>\nU nemogucnosti\u00a0 uce&#353;ca na\u00a0 va&#353;u manifestaciju, zbog putovanja van zemlje, Vi, celokupno clanstvo\u00a0 i svi simpatizanti\u00a0 primite moje srdacne cestitke povodom 22 godi&#353;njice\u00a0 DSK-a. Uz najbolje &#382;elje za\u00a0 uspeh i plodan rad\u00a0 u\u00a0 razvoju demokratskih procesa u konsolidaciji i unapredenju dr&#382;ave Kosova.<br \/>\n\u00a0<br \/>\nDemokratski savez Kosova\u00a0 je prvi politicki subjekat Albanaca na Kosovu koji je krajem 80-tih god. pro&#353;log veka organizovao\u00a0 celokupni politicki &#382;ivot naroda Kosova obuhvacajuci\u00a0 ogromnu vecinu\u00a0 gradana\u00a0 i pretvarajuci se u politicki front mirnog aktivnog\u00a0 otpora,\u00a0 do oru&#382;ane borbe koja\u00a0 je\u00a0 sru&#353;ila\u00a0 sistem diktature i stvorila institucije Republike Kosova pod\u00a0 okupacijom.\u00a0<br \/>\nOtpor koji je sru&#353;io komunizam u ovim krajevima i organizovao pluralisticki &#382;ivot celog\u00a0 spektra i na\u00a0 nacelima: sloboda, nezavisnost\u00a0 i demokratija, izgradila platformu\u00a0 za Republiku Kosova, za nezavisnu i suverenu dr&#382;avu, koja je mobilizirala sve narodne slojeve i\u00a0 medunarodnu podr&#353;ku o pravednim zahtevima naroda za slobodan i dostojanstven &#382;ivot u svojoj zemlji.<br \/>\n\u00a0<br \/>\nDemokratski savez Kosova,\u00a0 vecito je povezana sa svojim osnivacem i ideologom, demokratskim intelektualcem dr. Ibrahim Rugova\u00a0 koji je svojim vizionarstvom i svakodnevnim prakticnim anga&#382;manom\u00a0 oformio je\u00a0 ideju\u00a0 da se\u00a0 pitanje Kosova mora\u00a0 re&#353;iti po&#353;tovajuci slobodno izra&#382;enu volju naroda. <\/p>\n<p>Ova vizija\u00a0 je\u00a0 zahtevala medunarodnu civilnu upravu na odredeni period i vecno prijateljstvo sa Sjedinjenim Americkim Dr&#382;avama.\u00a0 <\/p>\n<p>Demokratski savez Kosova postao je najveci i najpodr&#382;aniji subjekat bilo kad medu\u00a0 gradanima Kosova sa demokratsko liberalnim programom i potpunom evro zapadnom\u00a0 orijentacijom i evro atlantskim integracijama na&#353;e zemlje.\u00a0<br \/>\nBilo je to plebiscitarno izja&#353;njavanje koje je okupilo intelektualce i\u00a0 aktiviste koji nisu se po&#353;tedeli za Kosovo &#382;rtvujuci se za slobodu.\u00a0 Da navedemo po&#353;tovanog\u00a0 profesora Fehmi Aganija i mnogo drugih intelektualaca i aktivista diljem Kosova, sa kojima se danas ponosimo.\u00a0<br \/>\nKao Predsednica\u00a0 Republike Kosova visoko cenim\u00a0 doprinos\u00a0 DSK-a za slobodu i nezavisnost\u00a0 zemlje, za nezavisno i suvereno\u00a0 Kosovo, za procese izgradnje dr&#382;ave i demokratije,\u00a0 koji su\u00a0 zajedno\u00a0 sa ostalim politickim strankama izgradili\u00a0 pluralisticki\u00a0 demokratski &#382;ivot i\u00a0 parlamentarizam,\u00a0 kako bi ljudi slobodno, na pravedan i po&#353;ten\u00a0\u00a0 nacin putem\u00a0 elektoralnog sistema biraju\u00a0 legalne i legitimne\u00a0 predstavnike da upravljaju zemljom. <\/p>\n<p>Demokratski savez Kosova bio i\u00a0 ostao\u00a0 respektabilna politicka stranka, koja i na vlast\u00a0 i\u00a0 u opoziciju sklopiv&#353;i\u00a0\u00a0 koalicije\u00a0 i dogovore\u00a0 za\u00a0 vladavinu\u00a0 dao je pecat\u00a0 svim znacajnim politickim procesima i izgradnji\u00a0 dr&#382;ave kao i razvoju\u00a0 Republike Kosova u toku\u00a0 ovog 22 god. perioda\u00a0 i da\u00a0 je ovaj doprinos\u00a0 bio ocekivan, kao izraz volje naroda\u00a0 za\u00a0 buducnost. <\/p>\n<p>Mnogo uspeha!<br \/>\n\u00a0<br \/>\nAtifete Jahjaga<br \/>\nPredsednica\u00a0 Republike Kosova\u00a0\u00a0\u00a0\u00a0\u00a0\u00a0\u00a0\u00a0\u00a0\u00a0\u00a0\u00a0\u00a0<\/p>\n","protected":false},"excerpt":{"rendered":"<p>Na 22 godi&#353;njicu osnivanja Demokratskog saveza Kosova DSK),   Predsednica Republike Kosova, g-da Atifete Jahjaga poslala je  telegram cestitki predsedniku ove  stranke, g-dinu Isa Mustafi.<\/p>\n","protected":false},"author":1,"featured_media":86338,"comment_status":"open","ping_status":"closed","sticky":false,"template":"","format":"standard","meta":{"_eb_attr":"","footnotes":""},"categories":[101],"tags":[],"class_list":["post-79232","post","type-post","status-publish","format-standard","has-post-thumbnail","hentry","category-vesti"],"yoast_head":"<!-- This site is optimized with the Yoast SEO plugin v23.5 - https:\/\/yoast.com\/wordpress\/plugins\/seo\/ -->\n<title>Telegram predsednice Atifete Jahjaga sa cestitkama za 22 godi&#154;njicu osnivanja DSK-a - Predsednik Republike Kosovo - DR. VJOSA OSMANI - SADRIU<\/title>\n<meta name=\"description\" content=\"Telegram predsednice Atifete Jahjaga sa cestitkama za 22 godi&#154;njicu osnivanja DSK-a - Predsednik Republike Kosovo - DR. VJOSA OSMANI - SADRIU -\" \/>\n<meta name=\"robots\" content=\"index, follow, max-snippet:-1, max-image-preview:large, max-video-preview:-1\" \/>\n<link rel=\"canonical\" href=\"https:\/\/president-ksgov.net\/telegram-urimi-i-presidentes-atifete-jahjaga-ne-pervjetorin-e-22-te-te-themelimit-te-ldk-se\/\" \/>\n<meta property=\"og:locale\" content=\"sr_RS\" \/>\n<meta property=\"og:type\" content=\"article\" \/>\n<meta property=\"og:title\" content=\"Telegram predsednice Atifete Jahjaga sa cestitkama za 22 godi&#154;njicu osnivanja DSK-a - Predsednik Republike Kosovo - DR. VJOSA OSMANI - SADRIU\" \/>\n<meta property=\"og:description\" content=\"Telegram predsednice Atifete Jahjaga sa cestitkama za 22 godi&#154;njicu osnivanja DSK-a - Predsednik Republike Kosovo - DR. VJOSA OSMANI - SADRIU -\" \/>\n<meta property=\"og:url\" content=\"https:\/\/president-ksgov.net\/telegram-urimi-i-presidentes-atifete-jahjaga-ne-pervjetorin-e-22-te-te-themelimit-te-ldk-se\/\" \/>\n<meta property=\"og:site_name\" content=\"Predsednik Republike Kosovo - DR. VJOSA OSMANI - SADRIU\" \/>\n<meta property=\"article:published_time\" content=\"2011-12-23T12:43:40+00:00\" \/>\n<meta property=\"og:image\" content=\"https:\/\/president-ksgov.net\/wp-content\/uploads\/Zyra-e-Presidentes-Featured-Image1-e1678970937938.png\" \/>\n\t<meta property=\"og:image:width\" content=\"1024\" \/>\n\t<meta property=\"og:image:height\" content=\"716\" \/>\n\t<meta property=\"og:image:type\" content=\"image\/png\" \/>\n<meta name=\"author\" content=\"admin\" \/>\n<meta name=\"twitter:card\" content=\"summary_large_image\" \/>\n<meta name=\"twitter:label1\" content=\"\u041d\u0430\u043f\u0438\u0441\u0430\u043d\u043e \u043e\u0434\" \/>\n\t<meta name=\"twitter:data1\" content=\"admin\" \/>\n\t<meta name=\"twitter:label2\" content=\"\u041f\u0440\u043e\u0446\u0435\u045a\u0435\u043d\u043e \u0432\u0440\u0435\u043c\u0435 \u0447\u0438\u0442\u0430\u045a\u0430\" \/>\n\t<meta name=\"twitter:data2\" content=\"2 \u043c\u0438\u043d\u0443\u0442\u0430\" \/>\n<script type=\"application\/ld+json\" class=\"yoast-schema-graph\">{\"@context\":\"https:\/\/schema.org\",\"@graph\":[{\"@type\":\"WebPage\",\"@id\":\"https:\/\/president-ksgov.net\/telegram-urimi-i-presidentes-atifete-jahjaga-ne-pervjetorin-e-22-te-te-themelimit-te-ldk-se\/\",\"url\":\"https:\/\/president-ksgov.net\/telegram-urimi-i-presidentes-atifete-jahjaga-ne-pervjetorin-e-22-te-te-themelimit-te-ldk-se\/\",\"name\":\"Telegram predsednice Atifete Jahjaga sa cestitkama za 22 godi&#154;njicu osnivanja DSK-a - Predsednik Republike Kosovo - DR. VJOSA OSMANI - SADRIU\",\"isPartOf\":{\"@id\":\"https:\/\/president-ksgov.net\/#website\"},\"primaryImageOfPage\":{\"@id\":\"https:\/\/president-ksgov.net\/telegram-urimi-i-presidentes-atifete-jahjaga-ne-pervjetorin-e-22-te-te-themelimit-te-ldk-se\/#primaryimage\"},\"image\":{\"@id\":\"https:\/\/president-ksgov.net\/telegram-urimi-i-presidentes-atifete-jahjaga-ne-pervjetorin-e-22-te-te-themelimit-te-ldk-se\/#primaryimage\"},\"thumbnailUrl\":\"https:\/\/president-ksgov.net\/wp-content\/uploads\/Zyra-e-Presidentes-Featured-Image1-e1678970937938.png\",\"datePublished\":\"2011-12-23T12:43:40+00:00\",\"dateModified\":\"2011-12-23T12:43:40+00:00\",\"author\":{\"@id\":\"https:\/\/president-ksgov.net\/#\/schema\/person\/bb4337a5fb147cb2046d80548172cbee\"},\"description\":\"Telegram predsednice Atifete Jahjaga sa cestitkama za 22 godi&#154;njicu osnivanja DSK-a - Predsednik Republike Kosovo - DR. VJOSA OSMANI - SADRIU -\",\"breadcrumb\":{\"@id\":\"https:\/\/president-ksgov.net\/telegram-urimi-i-presidentes-atifete-jahjaga-ne-pervjetorin-e-22-te-te-themelimit-te-ldk-se\/#breadcrumb\"},\"inLanguage\":\"sr-RS\",\"potentialAction\":[{\"@type\":\"ReadAction\",\"target\":[\"https:\/\/president-ksgov.net\/telegram-urimi-i-presidentes-atifete-jahjaga-ne-pervjetorin-e-22-te-te-themelimit-te-ldk-se\/\"]}]},{\"@type\":\"ImageObject\",\"inLanguage\":\"sr-RS\",\"@id\":\"https:\/\/president-ksgov.net\/telegram-urimi-i-presidentes-atifete-jahjaga-ne-pervjetorin-e-22-te-te-themelimit-te-ldk-se\/#primaryimage\",\"url\":\"https:\/\/president-ksgov.net\/wp-content\/uploads\/Zyra-e-Presidentes-Featured-Image1-e1678970937938.png\",\"contentUrl\":\"https:\/\/president-ksgov.net\/wp-content\/uploads\/Zyra-e-Presidentes-Featured-Image1-e1678970937938.png\",\"width\":1024,\"height\":716},{\"@type\":\"BreadcrumbList\",\"@id\":\"https:\/\/president-ksgov.net\/telegram-urimi-i-presidentes-atifete-jahjaga-ne-pervjetorin-e-22-te-te-themelimit-te-ldk-se\/#breadcrumb\",\"itemListElement\":[{\"@type\":\"ListItem\",\"position\":1,\"name\":\"Home\",\"item\":\"https:\/\/president-ksgov.net\/sr\/\"},{\"@type\":\"ListItem\",\"position\":2,\"name\":\"Telegram predsednice Atifete Jahjaga sa cestitkama za 22 godi&#154;njicu osnivanja DSK-a\"}]},{\"@type\":\"WebSite\",\"@id\":\"https:\/\/president-ksgov.net\/#website\",\"url\":\"https:\/\/president-ksgov.net\/\",\"name\":\"Presidente e Republik\u00ebs s\u00eb Kosov\u00ebs\",\"description\":\"Presidente e Republik\u00ebs s\u00eb Kosov\u00ebs\",\"alternateName\":\"DR. VJOSA OSMANI - SADRIU\",\"potentialAction\":[{\"@type\":\"SearchAction\",\"target\":{\"@type\":\"EntryPoint\",\"urlTemplate\":\"https:\/\/president-ksgov.net\/?s={search_term_string}\"},\"query-input\":{\"@type\":\"PropertyValueSpecification\",\"valueRequired\":true,\"valueName\":\"search_term_string\"}}],\"inLanguage\":\"sr-RS\"},{\"@type\":\"Person\",\"@id\":\"https:\/\/president-ksgov.net\/#\/schema\/person\/bb4337a5fb147cb2046d80548172cbee\",\"name\":\"admin\",\"image\":{\"@type\":\"ImageObject\",\"inLanguage\":\"sr-RS\",\"@id\":\"https:\/\/president-ksgov.net\/#\/schema\/person\/image\/\",\"url\":\"https:\/\/secure.gravatar.com\/avatar\/36156ca0fa3b8d9d25174f146e16beea0cf28f37adf1b9e19b6c9c279a7c9dd3?s=96&d=mm&r=g\",\"contentUrl\":\"https:\/\/secure.gravatar.com\/avatar\/36156ca0fa3b8d9d25174f146e16beea0cf28f37adf1b9e19b6c9c279a7c9dd3?s=96&d=mm&r=g\",\"caption\":\"admin\"},\"sameAs\":[\"https:\/\/president-ksgov.net\"]}]}<\/script>\n<!-- \/ Yoast SEO plugin. -->","yoast_head_json":{"title":"Telegram predsednice Atifete Jahjaga sa cestitkama za 22 godi&#154;njicu osnivanja DSK-a - Predsednik Republike Kosovo - DR. VJOSA OSMANI - SADRIU","description":"Telegram predsednice Atifete Jahjaga sa cestitkama za 22 godi&#154;njicu osnivanja DSK-a - Predsednik Republike Kosovo - DR. VJOSA OSMANI - SADRIU -","robots":{"index":"index","follow":"follow","max-snippet":"max-snippet:-1","max-image-preview":"max-image-preview:large","max-video-preview":"max-video-preview:-1"},"canonical":"https:\/\/president-ksgov.net\/telegram-urimi-i-presidentes-atifete-jahjaga-ne-pervjetorin-e-22-te-te-themelimit-te-ldk-se\/","og_locale":"sr_RS","og_type":"article","og_title":"Telegram predsednice Atifete Jahjaga sa cestitkama za 22 godi&#154;njicu osnivanja DSK-a - Predsednik Republike Kosovo - DR. VJOSA OSMANI - SADRIU","og_description":"Telegram predsednice Atifete Jahjaga sa cestitkama za 22 godi&#154;njicu osnivanja DSK-a - Predsednik Republike Kosovo - DR. VJOSA OSMANI - SADRIU -","og_url":"https:\/\/president-ksgov.net\/telegram-urimi-i-presidentes-atifete-jahjaga-ne-pervjetorin-e-22-te-te-themelimit-te-ldk-se\/","og_site_name":"Predsednik Republike Kosovo - DR. VJOSA OSMANI - SADRIU","article_published_time":"2011-12-23T12:43:40+00:00","og_image":[{"width":1024,"height":716,"url":"https:\/\/president-ksgov.net\/wp-content\/uploads\/Zyra-e-Presidentes-Featured-Image1-e1678970937938.png","type":"image\/png"}],"author":"admin","twitter_card":"summary_large_image","twitter_misc":{"\u041d\u0430\u043f\u0438\u0441\u0430\u043d\u043e \u043e\u0434":"admin","\u041f\u0440\u043e\u0446\u0435\u045a\u0435\u043d\u043e \u0432\u0440\u0435\u043c\u0435 \u0447\u0438\u0442\u0430\u045a\u0430":"2 \u043c\u0438\u043d\u0443\u0442\u0430"},"schema":{"@context":"https:\/\/schema.org","@graph":[{"@type":"WebPage","@id":"https:\/\/president-ksgov.net\/telegram-urimi-i-presidentes-atifete-jahjaga-ne-pervjetorin-e-22-te-te-themelimit-te-ldk-se\/","url":"https:\/\/president-ksgov.net\/telegram-urimi-i-presidentes-atifete-jahjaga-ne-pervjetorin-e-22-te-te-themelimit-te-ldk-se\/","name":"Telegram predsednice Atifete Jahjaga sa cestitkama za 22 godi&#154;njicu osnivanja DSK-a - Predsednik Republike Kosovo - DR. VJOSA OSMANI - SADRIU","isPartOf":{"@id":"https:\/\/president-ksgov.net\/#website"},"primaryImageOfPage":{"@id":"https:\/\/president-ksgov.net\/telegram-urimi-i-presidentes-atifete-jahjaga-ne-pervjetorin-e-22-te-te-themelimit-te-ldk-se\/#primaryimage"},"image":{"@id":"https:\/\/president-ksgov.net\/telegram-urimi-i-presidentes-atifete-jahjaga-ne-pervjetorin-e-22-te-te-themelimit-te-ldk-se\/#primaryimage"},"thumbnailUrl":"https:\/\/president-ksgov.net\/wp-content\/uploads\/Zyra-e-Presidentes-Featured-Image1-e1678970937938.png","datePublished":"2011-12-23T12:43:40+00:00","dateModified":"2011-12-23T12:43:40+00:00","author":{"@id":"https:\/\/president-ksgov.net\/#\/schema\/person\/bb4337a5fb147cb2046d80548172cbee"},"description":"Telegram predsednice Atifete Jahjaga sa cestitkama za 22 godi&#154;njicu osnivanja DSK-a - Predsednik Republike Kosovo - DR. VJOSA OSMANI - SADRIU -","breadcrumb":{"@id":"https:\/\/president-ksgov.net\/telegram-urimi-i-presidentes-atifete-jahjaga-ne-pervjetorin-e-22-te-te-themelimit-te-ldk-se\/#breadcrumb"},"inLanguage":"sr-RS","potentialAction":[{"@type":"ReadAction","target":["https:\/\/president-ksgov.net\/telegram-urimi-i-presidentes-atifete-jahjaga-ne-pervjetorin-e-22-te-te-themelimit-te-ldk-se\/"]}]},{"@type":"ImageObject","inLanguage":"sr-RS","@id":"https:\/\/president-ksgov.net\/telegram-urimi-i-presidentes-atifete-jahjaga-ne-pervjetorin-e-22-te-te-themelimit-te-ldk-se\/#primaryimage","url":"https:\/\/president-ksgov.net\/wp-content\/uploads\/Zyra-e-Presidentes-Featured-Image1-e1678970937938.png","contentUrl":"https:\/\/president-ksgov.net\/wp-content\/uploads\/Zyra-e-Presidentes-Featured-Image1-e1678970937938.png","width":1024,"height":716},{"@type":"BreadcrumbList","@id":"https:\/\/president-ksgov.net\/telegram-urimi-i-presidentes-atifete-jahjaga-ne-pervjetorin-e-22-te-te-themelimit-te-ldk-se\/#breadcrumb","itemListElement":[{"@type":"ListItem","position":1,"name":"Home","item":"https:\/\/president-ksgov.net\/sr\/"},{"@type":"ListItem","position":2,"name":"Telegram predsednice Atifete Jahjaga sa cestitkama za 22 godi&#154;njicu osnivanja DSK-a"}]},{"@type":"WebSite","@id":"https:\/\/president-ksgov.net\/#website","url":"https:\/\/president-ksgov.net\/","name":"Presidente e Republik\u00ebs s\u00eb Kosov\u00ebs","description":"Presidente e Republik\u00ebs s\u00eb Kosov\u00ebs","alternateName":"DR. VJOSA OSMANI - SADRIU","potentialAction":[{"@type":"SearchAction","target":{"@type":"EntryPoint","urlTemplate":"https:\/\/president-ksgov.net\/?s={search_term_string}"},"query-input":{"@type":"PropertyValueSpecification","valueRequired":true,"valueName":"search_term_string"}}],"inLanguage":"sr-RS"},{"@type":"Person","@id":"https:\/\/president-ksgov.net\/#\/schema\/person\/bb4337a5fb147cb2046d80548172cbee","name":"admin","image":{"@type":"ImageObject","inLanguage":"sr-RS","@id":"https:\/\/president-ksgov.net\/#\/schema\/person\/image\/","url":"https:\/\/secure.gravatar.com\/avatar\/36156ca0fa3b8d9d25174f146e16beea0cf28f37adf1b9e19b6c9c279a7c9dd3?s=96&d=mm&r=g","contentUrl":"https:\/\/secure.gravatar.com\/avatar\/36156ca0fa3b8d9d25174f146e16beea0cf28f37adf1b9e19b6c9c279a7c9dd3?s=96&d=mm&r=g","caption":"admin"},"sameAs":["https:\/\/president-ksgov.net"]}]}},"_links":{"self":[{"href":"https:\/\/president-ksgov.net\/sr\/wp-json\/wp\/v2\/posts\/79232","targetHints":{"allow":["GET"]}}],"collection":[{"href":"https:\/\/president-ksgov.net\/sr\/wp-json\/wp\/v2\/posts"}],"about":[{"href":"https:\/\/president-ksgov.net\/sr\/wp-json\/wp\/v2\/types\/post"}],"author":[{"embeddable":true,"href":"https:\/\/president-ksgov.net\/sr\/wp-json\/wp\/v2\/users\/1"}],"replies":[{"embeddable":true,"href":"https:\/\/president-ksgov.net\/sr\/wp-json\/wp\/v2\/comments?post=79232"}],"version-history":[{"count":0,"href":"https:\/\/president-ksgov.net\/sr\/wp-json\/wp\/v2\/posts\/79232\/revisions"}],"wp:featuredmedia":[{"embeddable":true,"href":"https:\/\/president-ksgov.net\/sr\/wp-json\/wp\/v2\/media\/86338"}],"wp:attachment":[{"href":"https:\/\/president-ksgov.net\/sr\/wp-json\/wp\/v2\/media?parent=79232"}],"wp:term":[{"taxonomy":"category","embeddable":true,"href":"https:\/\/president-ksgov.net\/sr\/wp-json\/wp\/v2\/categories?post=79232"},{"taxonomy":"post_tag","embeddable":true,"href":"https:\/\/president-ksgov.net\/sr\/wp-json\/wp\/v2\/tags?post=79232"}],"curies":[{"name":"wp","href":"https:\/\/api.w.org\/{rel}","templated":true}]}}