{"id":79228,"date":"2011-12-25T13:31:17","date_gmt":"2011-12-25T13:31:17","guid":{"rendered":"https:\/\/dev.president-ksgov.net\/predsednica-atifete-jahjaga-se-susrela-sa-predsednikom-vlade-albanije-sali-berisha\/"},"modified":"2011-12-25T13:31:17","modified_gmt":"2011-12-25T13:31:17","slug":"predsednica-atifete-jahjaga-se-susrela-sa-predsednikom-vlade-albanije-sali-berisha","status":"publish","type":"post","link":"https:\/\/president-ksgov.net\/sr\/predsednica-atifete-jahjaga-se-susrela-sa-predsednikom-vlade-albanije-sali-berisha\/","title":{"rendered":"Predsednica Atifete Jahjaga se susrela sa predsednikom Vlade Albanije, Sali Berisha"},"content":{"rendered":"<p>Predsednica Republike Kosova, g-\u0111a Atifete Jahjaga, susrela se ju\u010der u Tiranu sa predsednikom Vlade Republike Albanije, g-dinom Sali Berisha, gde se zadr&#382;ala u toku povratka iz Praga, gde je u\u010destvovala na sahrani biv&#353;eg predsednika Republike \u010ce&#353;ke Vaclava Havela.<\/p>\n<p>Predsednica Jahjaga je povodom Bo&#382;i\u0107a i nove 2012 god. izrazila \u010destitke premijeru Berisha i narodu Albanije. <\/p>\n<p>Isto tako i Premijer Berisha je iskoristio priliku i da predsednici Jahjaga, svim \u010delnicima dr&#382;avnih institucija i narodu Kosova srda\u010dno \u010destita praznike.<\/p>\n<p>U me\u0111usobnom razgovoru izrazili su svoja ube\u0111enja da \u0107e 2012 god. biti bolji za gra\u0111ane obe zemlje za napredak svojih razvojnih projekata i za evropske integracije. <\/p>\n<p>Oni su ponovno potvrdili volju obe zemlje za intenziviranje napora za konsolidovanje obostrane ali regionalne saradnje kako bi Albanci postali sve vi&#353;e i vi&#353;e faktor za pro&#353;irenje prijateljstva i saradnje sa svim narodima regije. <\/p>\n<p>Govoriv&#353;i o 100 godi&#353;njici nezavisnosti zemlje, premijer Berisha i predsednica Jahjaga ponovno su potvrdili da \u0107e se slaviti u ovoj jubilarnoj godini uz najvi&#353;a po&#353;tovanja i gra\u0111anskih po\u010dasti za odlu\u010duju\u0107e doga\u0111aje i historijske li\u010dnosti od Prizrenske lige pa do nezavisnosti Kosova, kao i napore i po&#382;rtvovanost naroda kako bi omogu\u0107ili da Albanci budu slobodniji nego ikada i da odlu\u010dno kora\u010daju prema svojoj novoj- evropskoj viziji. <\/p>\n<p>*****<\/p>\n<p>Predsednica Jahjaga prisustvovala je sve\u010danoj pono\u0107noj bo&#382;i\u0107noj misi<\/p>\n<p>Predsednica Republike Kosova, g-\u0111a Atifete Jahjaga prisustvovala je sino\u0107 pono\u0107noj glavnoj sve\u010danoj bo&#382;i\u0107noj misi, koja je odr&#382;ana u katedrali &#8220;N\u00ebna Terez\u00eb&#8221; u Pri&#353;tini.<\/p>\n","protected":false},"excerpt":{"rendered":"<p>Predsednica Republike Kosova, g-\u0111a Atifete Jahjaga, susrela se ju\u010der u Tiranu sa predsednikom Vlade Republike Albanije, g-dinom Sali Berisha, gde se zadr&#382;ala u toku povratka iz Praga, gde je u\u010destvovala na sahrani biv&#353;eg predsednika Republike \u010ce&#353;ke Vaclava Havela.<\/p>\n","protected":false},"author":1,"featured_media":57926,"comment_status":"open","ping_status":"closed","sticky":false,"template":"","format":"standard","meta":{"_eb_attr":"","footnotes":""},"categories":[101],"tags":[],"class_list":["post-79228","post","type-post","status-publish","format-standard","has-post-thumbnail","hentry","category-vesti"],"yoast_head":"<!-- This site is optimized with the Yoast SEO plugin v23.5 - https:\/\/yoast.com\/wordpress\/plugins\/seo\/ -->\n<title>Predsednica Atifete Jahjaga se susrela sa predsednikom Vlade Albanije, Sali Berisha - Predsednik Republike Kosovo - DR. VJOSA OSMANI - SADRIU<\/title>\n<meta name=\"description\" content=\"Predsednica Atifete Jahjaga se susrela sa predsednikom Vlade Albanije, Sali Berisha - Predsednik Republike Kosovo - DR. VJOSA OSMANI - SADRIU -\" \/>\n<meta name=\"robots\" content=\"index, follow, max-snippet:-1, max-image-preview:large, max-video-preview:-1\" \/>\n<link rel=\"canonical\" href=\"https:\/\/president-ksgov.net\/sr\/predsednica-atifete-jahjaga-se-susrela-sa-predsednikom-vlade-albanije-sali-berisha\/\" \/>\n<meta property=\"og:locale\" content=\"sr_RS\" \/>\n<meta property=\"og:type\" content=\"article\" \/>\n<meta property=\"og:title\" content=\"Predsednica Atifete Jahjaga se susrela sa predsednikom Vlade Albanije, Sali Berisha - Predsednik Republike Kosovo - DR. VJOSA OSMANI - SADRIU\" \/>\n<meta property=\"og:description\" content=\"Predsednica Atifete Jahjaga se susrela sa predsednikom Vlade Albanije, Sali Berisha - Predsednik Republike Kosovo - DR. VJOSA OSMANI - SADRIU -\" \/>\n<meta property=\"og:url\" content=\"https:\/\/president-ksgov.net\/sr\/predsednica-atifete-jahjaga-se-susrela-sa-predsednikom-vlade-albanije-sali-berisha\/\" \/>\n<meta property=\"og:site_name\" content=\"Predsednik Republike Kosovo - DR. VJOSA OSMANI - SADRIU\" \/>\n<meta property=\"article:published_time\" content=\"2011-12-25T13:31:17+00:00\" \/>\n<meta property=\"og:image\" content=\"https:\/\/president-ksgov.net\/wp-content\/uploads\/Jahjaga-Berisha.jpg\" \/>\n\t<meta property=\"og:image:width\" content=\"1000\" \/>\n\t<meta property=\"og:image:height\" content=\"641\" \/>\n\t<meta property=\"og:image:type\" content=\"image\/jpeg\" \/>\n<meta name=\"author\" content=\"admin\" \/>\n<meta name=\"twitter:card\" content=\"summary_large_image\" \/>\n<meta name=\"twitter:label1\" content=\"\u041d\u0430\u043f\u0438\u0441\u0430\u043d\u043e \u043e\u0434\" \/>\n\t<meta name=\"twitter:data1\" content=\"admin\" \/>\n\t<meta name=\"twitter:label2\" content=\"\u041f\u0440\u043e\u0446\u0435\u045a\u0435\u043d\u043e \u0432\u0440\u0435\u043c\u0435 \u0447\u0438\u0442\u0430\u045a\u0430\" \/>\n\t<meta name=\"twitter:data2\" content=\"1 \u043c\u0438\u043d\u0443\u0442\" \/>\n<script type=\"application\/ld+json\" class=\"yoast-schema-graph\">{\"@context\":\"https:\/\/schema.org\",\"@graph\":[{\"@type\":\"WebPage\",\"@id\":\"https:\/\/president-ksgov.net\/sr\/predsednica-atifete-jahjaga-se-susrela-sa-predsednikom-vlade-albanije-sali-berisha\/\",\"url\":\"https:\/\/president-ksgov.net\/sr\/predsednica-atifete-jahjaga-se-susrela-sa-predsednikom-vlade-albanije-sali-berisha\/\",\"name\":\"Predsednica Atifete Jahjaga se susrela sa predsednikom Vlade Albanije, Sali Berisha - Predsednik Republike Kosovo - DR. VJOSA OSMANI - SADRIU\",\"isPartOf\":{\"@id\":\"https:\/\/president-ksgov.net\/#website\"},\"primaryImageOfPage\":{\"@id\":\"https:\/\/president-ksgov.net\/sr\/predsednica-atifete-jahjaga-se-susrela-sa-predsednikom-vlade-albanije-sali-berisha\/#primaryimage\"},\"image\":{\"@id\":\"https:\/\/president-ksgov.net\/sr\/predsednica-atifete-jahjaga-se-susrela-sa-predsednikom-vlade-albanije-sali-berisha\/#primaryimage\"},\"thumbnailUrl\":\"https:\/\/president-ksgov.net\/wp-content\/uploads\/Jahjaga-Berisha.jpg\",\"datePublished\":\"2011-12-25T13:31:17+00:00\",\"dateModified\":\"2011-12-25T13:31:17+00:00\",\"author\":{\"@id\":\"https:\/\/president-ksgov.net\/#\/schema\/person\/bb4337a5fb147cb2046d80548172cbee\"},\"description\":\"Predsednica Atifete Jahjaga se susrela sa predsednikom Vlade Albanije, Sali Berisha - Predsednik Republike Kosovo - DR. VJOSA OSMANI - SADRIU -\",\"breadcrumb\":{\"@id\":\"https:\/\/president-ksgov.net\/sr\/predsednica-atifete-jahjaga-se-susrela-sa-predsednikom-vlade-albanije-sali-berisha\/#breadcrumb\"},\"inLanguage\":\"sr-RS\",\"potentialAction\":[{\"@type\":\"ReadAction\",\"target\":[\"https:\/\/president-ksgov.net\/sr\/predsednica-atifete-jahjaga-se-susrela-sa-predsednikom-vlade-albanije-sali-berisha\/\"]}]},{\"@type\":\"ImageObject\",\"inLanguage\":\"sr-RS\",\"@id\":\"https:\/\/president-ksgov.net\/sr\/predsednica-atifete-jahjaga-se-susrela-sa-predsednikom-vlade-albanije-sali-berisha\/#primaryimage\",\"url\":\"https:\/\/president-ksgov.net\/wp-content\/uploads\/Jahjaga-Berisha.jpg\",\"contentUrl\":\"https:\/\/president-ksgov.net\/wp-content\/uploads\/Jahjaga-Berisha.jpg\",\"width\":1000,\"height\":641},{\"@type\":\"BreadcrumbList\",\"@id\":\"https:\/\/president-ksgov.net\/sr\/predsednica-atifete-jahjaga-se-susrela-sa-predsednikom-vlade-albanije-sali-berisha\/#breadcrumb\",\"itemListElement\":[{\"@type\":\"ListItem\",\"position\":1,\"name\":\"Home\",\"item\":\"https:\/\/president-ksgov.net\/sr\/\"},{\"@type\":\"ListItem\",\"position\":2,\"name\":\"Predsednica Atifete Jahjaga se susrela sa predsednikom Vlade Albanije, Sali Berisha\"}]},{\"@type\":\"WebSite\",\"@id\":\"https:\/\/president-ksgov.net\/#website\",\"url\":\"https:\/\/president-ksgov.net\/\",\"name\":\"Presidente e Republik\u00ebs s\u00eb Kosov\u00ebs\",\"description\":\"Presidente e Republik\u00ebs s\u00eb Kosov\u00ebs\",\"alternateName\":\"DR. VJOSA OSMANI - SADRIU\",\"potentialAction\":[{\"@type\":\"SearchAction\",\"target\":{\"@type\":\"EntryPoint\",\"urlTemplate\":\"https:\/\/president-ksgov.net\/?s={search_term_string}\"},\"query-input\":{\"@type\":\"PropertyValueSpecification\",\"valueRequired\":true,\"valueName\":\"search_term_string\"}}],\"inLanguage\":\"sr-RS\"},{\"@type\":\"Person\",\"@id\":\"https:\/\/president-ksgov.net\/#\/schema\/person\/bb4337a5fb147cb2046d80548172cbee\",\"name\":\"admin\",\"image\":{\"@type\":\"ImageObject\",\"inLanguage\":\"sr-RS\",\"@id\":\"https:\/\/president-ksgov.net\/#\/schema\/person\/image\/\",\"url\":\"https:\/\/secure.gravatar.com\/avatar\/36156ca0fa3b8d9d25174f146e16beea0cf28f37adf1b9e19b6c9c279a7c9dd3?s=96&d=mm&r=g\",\"contentUrl\":\"https:\/\/secure.gravatar.com\/avatar\/36156ca0fa3b8d9d25174f146e16beea0cf28f37adf1b9e19b6c9c279a7c9dd3?s=96&d=mm&r=g\",\"caption\":\"admin\"},\"sameAs\":[\"https:\/\/president-ksgov.net\"]}]}<\/script>\n<!-- \/ Yoast SEO plugin. -->","yoast_head_json":{"title":"Predsednica Atifete Jahjaga se susrela sa predsednikom Vlade Albanije, Sali Berisha - Predsednik Republike Kosovo - DR. VJOSA OSMANI - SADRIU","description":"Predsednica Atifete Jahjaga se susrela sa predsednikom Vlade Albanije, Sali Berisha - Predsednik Republike Kosovo - DR. VJOSA OSMANI - SADRIU -","robots":{"index":"index","follow":"follow","max-snippet":"max-snippet:-1","max-image-preview":"max-image-preview:large","max-video-preview":"max-video-preview:-1"},"canonical":"https:\/\/president-ksgov.net\/sr\/predsednica-atifete-jahjaga-se-susrela-sa-predsednikom-vlade-albanije-sali-berisha\/","og_locale":"sr_RS","og_type":"article","og_title":"Predsednica Atifete Jahjaga se susrela sa predsednikom Vlade Albanije, Sali Berisha - Predsednik Republike Kosovo - DR. VJOSA OSMANI - SADRIU","og_description":"Predsednica Atifete Jahjaga se susrela sa predsednikom Vlade Albanije, Sali Berisha - Predsednik Republike Kosovo - DR. VJOSA OSMANI - SADRIU -","og_url":"https:\/\/president-ksgov.net\/sr\/predsednica-atifete-jahjaga-se-susrela-sa-predsednikom-vlade-albanije-sali-berisha\/","og_site_name":"Predsednik Republike Kosovo - DR. VJOSA OSMANI - SADRIU","article_published_time":"2011-12-25T13:31:17+00:00","og_image":[{"width":1000,"height":641,"url":"https:\/\/president-ksgov.net\/wp-content\/uploads\/Jahjaga-Berisha.jpg","type":"image\/jpeg"}],"author":"admin","twitter_card":"summary_large_image","twitter_misc":{"\u041d\u0430\u043f\u0438\u0441\u0430\u043d\u043e \u043e\u0434":"admin","\u041f\u0440\u043e\u0446\u0435\u045a\u0435\u043d\u043e \u0432\u0440\u0435\u043c\u0435 \u0447\u0438\u0442\u0430\u045a\u0430":"1 \u043c\u0438\u043d\u0443\u0442"},"schema":{"@context":"https:\/\/schema.org","@graph":[{"@type":"WebPage","@id":"https:\/\/president-ksgov.net\/sr\/predsednica-atifete-jahjaga-se-susrela-sa-predsednikom-vlade-albanije-sali-berisha\/","url":"https:\/\/president-ksgov.net\/sr\/predsednica-atifete-jahjaga-se-susrela-sa-predsednikom-vlade-albanije-sali-berisha\/","name":"Predsednica Atifete Jahjaga se susrela sa predsednikom Vlade Albanije, Sali Berisha - Predsednik Republike Kosovo - DR. VJOSA OSMANI - SADRIU","isPartOf":{"@id":"https:\/\/president-ksgov.net\/#website"},"primaryImageOfPage":{"@id":"https:\/\/president-ksgov.net\/sr\/predsednica-atifete-jahjaga-se-susrela-sa-predsednikom-vlade-albanije-sali-berisha\/#primaryimage"},"image":{"@id":"https:\/\/president-ksgov.net\/sr\/predsednica-atifete-jahjaga-se-susrela-sa-predsednikom-vlade-albanije-sali-berisha\/#primaryimage"},"thumbnailUrl":"https:\/\/president-ksgov.net\/wp-content\/uploads\/Jahjaga-Berisha.jpg","datePublished":"2011-12-25T13:31:17+00:00","dateModified":"2011-12-25T13:31:17+00:00","author":{"@id":"https:\/\/president-ksgov.net\/#\/schema\/person\/bb4337a5fb147cb2046d80548172cbee"},"description":"Predsednica Atifete Jahjaga se susrela sa predsednikom Vlade Albanije, Sali Berisha - Predsednik Republike Kosovo - DR. VJOSA OSMANI - SADRIU -","breadcrumb":{"@id":"https:\/\/president-ksgov.net\/sr\/predsednica-atifete-jahjaga-se-susrela-sa-predsednikom-vlade-albanije-sali-berisha\/#breadcrumb"},"inLanguage":"sr-RS","potentialAction":[{"@type":"ReadAction","target":["https:\/\/president-ksgov.net\/sr\/predsednica-atifete-jahjaga-se-susrela-sa-predsednikom-vlade-albanije-sali-berisha\/"]}]},{"@type":"ImageObject","inLanguage":"sr-RS","@id":"https:\/\/president-ksgov.net\/sr\/predsednica-atifete-jahjaga-se-susrela-sa-predsednikom-vlade-albanije-sali-berisha\/#primaryimage","url":"https:\/\/president-ksgov.net\/wp-content\/uploads\/Jahjaga-Berisha.jpg","contentUrl":"https:\/\/president-ksgov.net\/wp-content\/uploads\/Jahjaga-Berisha.jpg","width":1000,"height":641},{"@type":"BreadcrumbList","@id":"https:\/\/president-ksgov.net\/sr\/predsednica-atifete-jahjaga-se-susrela-sa-predsednikom-vlade-albanije-sali-berisha\/#breadcrumb","itemListElement":[{"@type":"ListItem","position":1,"name":"Home","item":"https:\/\/president-ksgov.net\/sr\/"},{"@type":"ListItem","position":2,"name":"Predsednica Atifete Jahjaga se susrela sa predsednikom Vlade Albanije, Sali Berisha"}]},{"@type":"WebSite","@id":"https:\/\/president-ksgov.net\/#website","url":"https:\/\/president-ksgov.net\/","name":"Presidente e Republik\u00ebs s\u00eb Kosov\u00ebs","description":"Presidente e Republik\u00ebs s\u00eb Kosov\u00ebs","alternateName":"DR. VJOSA OSMANI - SADRIU","potentialAction":[{"@type":"SearchAction","target":{"@type":"EntryPoint","urlTemplate":"https:\/\/president-ksgov.net\/?s={search_term_string}"},"query-input":{"@type":"PropertyValueSpecification","valueRequired":true,"valueName":"search_term_string"}}],"inLanguage":"sr-RS"},{"@type":"Person","@id":"https:\/\/president-ksgov.net\/#\/schema\/person\/bb4337a5fb147cb2046d80548172cbee","name":"admin","image":{"@type":"ImageObject","inLanguage":"sr-RS","@id":"https:\/\/president-ksgov.net\/#\/schema\/person\/image\/","url":"https:\/\/secure.gravatar.com\/avatar\/36156ca0fa3b8d9d25174f146e16beea0cf28f37adf1b9e19b6c9c279a7c9dd3?s=96&d=mm&r=g","contentUrl":"https:\/\/secure.gravatar.com\/avatar\/36156ca0fa3b8d9d25174f146e16beea0cf28f37adf1b9e19b6c9c279a7c9dd3?s=96&d=mm&r=g","caption":"admin"},"sameAs":["https:\/\/president-ksgov.net"]}]}},"_links":{"self":[{"href":"https:\/\/president-ksgov.net\/sr\/wp-json\/wp\/v2\/posts\/79228","targetHints":{"allow":["GET"]}}],"collection":[{"href":"https:\/\/president-ksgov.net\/sr\/wp-json\/wp\/v2\/posts"}],"about":[{"href":"https:\/\/president-ksgov.net\/sr\/wp-json\/wp\/v2\/types\/post"}],"author":[{"embeddable":true,"href":"https:\/\/president-ksgov.net\/sr\/wp-json\/wp\/v2\/users\/1"}],"replies":[{"embeddable":true,"href":"https:\/\/president-ksgov.net\/sr\/wp-json\/wp\/v2\/comments?post=79228"}],"version-history":[{"count":0,"href":"https:\/\/president-ksgov.net\/sr\/wp-json\/wp\/v2\/posts\/79228\/revisions"}],"wp:featuredmedia":[{"embeddable":true,"href":"https:\/\/president-ksgov.net\/sr\/wp-json\/wp\/v2\/media\/57926"}],"wp:attachment":[{"href":"https:\/\/president-ksgov.net\/sr\/wp-json\/wp\/v2\/media?parent=79228"}],"wp:term":[{"taxonomy":"category","embeddable":true,"href":"https:\/\/president-ksgov.net\/sr\/wp-json\/wp\/v2\/categories?post=79228"},{"taxonomy":"post_tag","embeddable":true,"href":"https:\/\/president-ksgov.net\/sr\/wp-json\/wp\/v2\/tags?post=79228"}],"curies":[{"name":"wp","href":"https:\/\/api.w.org\/{rel}","templated":true}]}}