{"id":79215,"date":"2012-01-13T10:46:48","date_gmt":"2012-01-13T10:46:48","guid":{"rendered":"https:\/\/dev.president-ksgov.net\/izjava-predsednice-jahjaga-o-najavljenom-protestu-pokreta-vetevendosje\/"},"modified":"2012-01-13T10:46:48","modified_gmt":"2012-01-13T10:46:48","slug":"izjava-predsednice-jahjaga-o-najavljenom-protestu-pokreta-vetevendosje","status":"publish","type":"post","link":"https:\/\/president-ksgov.net\/sr\/izjava-predsednice-jahjaga-o-najavljenom-protestu-pokreta-vetevendosje\/","title":{"rendered":"Izjava Predsednice  Jahjaga o najavljenom protestu  Pokreta  Vet\u00ebvendosje"},"content":{"rendered":"<p>Najava  Pokreta  &#8220;Vet\u00ebvendosje&#8221;  o organizovanju mirnih  protesta,  za blokiranje robe koja  ulazi na Kosovo iz Srbije, i blokiranje grani\u010dnih ta\u010daka u Merdaru i  Bela zemlja , je izazvalo  zabrinutost o ishodu ovih protesta   i efektu ovih postupaka.<\/p>\n<p>Pravo gra\u0111ana za protest\u00a0 i izra&#382;avanje svojih zabrinutosti\u00a0 je legitimno pravo i regulisano je i Zakonom Republike Kosova. Organizovanje mirnih protesta\u00a0 od\u00a0\u00a0 parlamentarnih subjekta, u ovom slu\u010daju od Pokreta\u00a0 &#8220;Vet\u00ebvendosje&#8221;,\u00a0 nosi u sebi odgovornost za formu, cilj , odvijanje i ishod\u00a0 protesta.<\/p>\n<p>Kao Predsednica Republike Kosova anga&#382;ujem se za za&#353;titu ustavnosti i zakonitosti, za adresiranje svih pitanja unutar institucija i potpuno sprovo\u0111enje zakona. Odre\u0111ivanje\u00a0 &#8220;Vet\u00ebvendosjes&#8221;\u00a0 za protest\u00a0\u00a0 na ulici ne vidim kao smanjenje mogu\u0107nosti\u00a0 delovanja unutar institucija<\/p>\n<p>Kao i u svakom drugom slu\u010daju, izra&#382;avam moj sna&#382;an stav kao Predsednica zemlje, protiv postupaka koja ometaju slobodno kretanje lica i robe. Na&#353;oj zemlji je potrebno otvaranje granica , dobri\u00a0 me\u0111u susedni i bilateralni\u00a0\u00a0 odnosi\u00a0 sa svim zemljama i potpuno u\u010dlanjivanje\u00a0 u svim strukturama, organizacijama i me\u0111unarodnim mehanizmima. Na ovom na&#353;em putu, kao na&#353;a zajedni\u010dka volja, preduslov je po&#353;tovanje demokratskih standarda i procesa, sloboda\u00a0 individualnih i kolektivnih prava\u00a0 i po&#353;tovanje svih me\u0111u dr&#382;avnih sporazuma, kao i me\u0111unarodnih konvencija.\u00a0 <\/p>\n<p>Pozivam sve gra\u0111ana da ne blokiraju put, da ne blokiraju grani\u010dna mesta Republike Kosova sa ostalim zemljama\u00a0 i da ne ometaju slobodno kretanje gra\u0111ana i robe. Poziv za reciprocitet\u00a0 ne mo&#382;e slu&#382;iti\u00a0 za ograni\u010davaju\u0107e i ometaju\u0107e postupke, jer na&#353; cilj kao dr&#382;ava\u00a0 i demokratsko dru&#353;tvo\u00a0 sa vizijom evroatlantske integracije\u00a0 je otvaranje, saradnja i razvoj dobrih odnosa sa svima, kao suverena i nezavisna dr&#382;ava, faktor mira i stabilnosti u regionu i &#353;ire.\u00a0 <\/p>\n<p>\u00a0<\/p>\n","protected":false},"excerpt":{"rendered":"<p>Najava  Pokreta  &#8220;Vet\u00ebvendosje&#8221;  o organizovanju mirnih  protesta,  za blokiranje robe koja  ulazi na Kosovo iz Srbije, i blokiranje grani\u010dnih ta\u010daka u Merdaru i  Bela zemlja , je izazvalo  zabrinutost o ishodu ovih protesta   i efektu ovih postupaka.<\/p>\n","protected":false},"author":1,"featured_media":86338,"comment_status":"open","ping_status":"closed","sticky":false,"template":"","format":"standard","meta":{"_eb_attr":"","footnotes":""},"categories":[101],"tags":[],"class_list":["post-79215","post","type-post","status-publish","format-standard","has-post-thumbnail","hentry","category-vesti"],"yoast_head":"<!-- This site is optimized with the Yoast SEO plugin v23.5 - https:\/\/yoast.com\/wordpress\/plugins\/seo\/ -->\n<title>Izjava Predsednice Jahjaga o najavljenom protestu Pokreta Vet\u00ebvendosje - Predsednik Republike Kosovo - DR. VJOSA OSMANI - SADRIU<\/title>\n<meta name=\"description\" content=\"Izjava Predsednice Jahjaga o najavljenom protestu Pokreta Vet\u00ebvendosje - Predsednik Republike Kosovo - DR. VJOSA OSMANI - SADRIU -\" \/>\n<meta name=\"robots\" content=\"index, follow, max-snippet:-1, max-image-preview:large, max-video-preview:-1\" \/>\n<link rel=\"canonical\" href=\"https:\/\/president-ksgov.net\/deklarate-e-presidentes-jahjaga-per-protesten-e-paralajmeruar-te-levizjes-vetevendosje\/\" \/>\n<meta property=\"og:locale\" content=\"sr_RS\" \/>\n<meta property=\"og:type\" content=\"article\" \/>\n<meta property=\"og:title\" content=\"Izjava Predsednice Jahjaga o najavljenom protestu Pokreta Vet\u00ebvendosje - Predsednik Republike Kosovo - DR. VJOSA OSMANI - SADRIU\" \/>\n<meta property=\"og:description\" content=\"Izjava Predsednice Jahjaga o najavljenom protestu Pokreta Vet\u00ebvendosje - Predsednik Republike Kosovo - DR. VJOSA OSMANI - SADRIU -\" \/>\n<meta property=\"og:url\" content=\"https:\/\/president-ksgov.net\/deklarate-e-presidentes-jahjaga-per-protesten-e-paralajmeruar-te-levizjes-vetevendosje\/\" \/>\n<meta property=\"og:site_name\" content=\"Predsednik Republike Kosovo - DR. VJOSA OSMANI - SADRIU\" \/>\n<meta property=\"article:published_time\" content=\"2012-01-13T10:46:48+00:00\" \/>\n<meta property=\"og:image\" content=\"https:\/\/president-ksgov.net\/wp-content\/uploads\/Zyra-e-Presidentes-Featured-Image1-e1678970937938.png\" \/>\n\t<meta property=\"og:image:width\" content=\"1024\" \/>\n\t<meta property=\"og:image:height\" content=\"716\" \/>\n\t<meta property=\"og:image:type\" content=\"image\/png\" \/>\n<meta name=\"author\" content=\"admin\" \/>\n<meta name=\"twitter:card\" content=\"summary_large_image\" \/>\n<meta name=\"twitter:label1\" content=\"\u041d\u0430\u043f\u0438\u0441\u0430\u043d\u043e \u043e\u0434\" \/>\n\t<meta name=\"twitter:data1\" content=\"admin\" \/>\n\t<meta name=\"twitter:label2\" content=\"\u041f\u0440\u043e\u0446\u0435\u045a\u0435\u043d\u043e \u0432\u0440\u0435\u043c\u0435 \u0447\u0438\u0442\u0430\u045a\u0430\" \/>\n\t<meta name=\"twitter:data2\" content=\"1 \u043c\u0438\u043d\u0443\u0442\" \/>\n<script type=\"application\/ld+json\" class=\"yoast-schema-graph\">{\"@context\":\"https:\/\/schema.org\",\"@graph\":[{\"@type\":\"WebPage\",\"@id\":\"https:\/\/president-ksgov.net\/deklarate-e-presidentes-jahjaga-per-protesten-e-paralajmeruar-te-levizjes-vetevendosje\/\",\"url\":\"https:\/\/president-ksgov.net\/deklarate-e-presidentes-jahjaga-per-protesten-e-paralajmeruar-te-levizjes-vetevendosje\/\",\"name\":\"Izjava Predsednice Jahjaga o najavljenom protestu Pokreta Vet\u00ebvendosje - Predsednik Republike Kosovo - DR. VJOSA OSMANI - SADRIU\",\"isPartOf\":{\"@id\":\"https:\/\/president-ksgov.net\/#website\"},\"primaryImageOfPage\":{\"@id\":\"https:\/\/president-ksgov.net\/deklarate-e-presidentes-jahjaga-per-protesten-e-paralajmeruar-te-levizjes-vetevendosje\/#primaryimage\"},\"image\":{\"@id\":\"https:\/\/president-ksgov.net\/deklarate-e-presidentes-jahjaga-per-protesten-e-paralajmeruar-te-levizjes-vetevendosje\/#primaryimage\"},\"thumbnailUrl\":\"https:\/\/president-ksgov.net\/wp-content\/uploads\/Zyra-e-Presidentes-Featured-Image1-e1678970937938.png\",\"datePublished\":\"2012-01-13T10:46:48+00:00\",\"dateModified\":\"2012-01-13T10:46:48+00:00\",\"author\":{\"@id\":\"https:\/\/president-ksgov.net\/#\/schema\/person\/bb4337a5fb147cb2046d80548172cbee\"},\"description\":\"Izjava Predsednice Jahjaga o najavljenom protestu Pokreta Vet\u00ebvendosje - Predsednik Republike Kosovo - DR. VJOSA OSMANI - SADRIU -\",\"breadcrumb\":{\"@id\":\"https:\/\/president-ksgov.net\/deklarate-e-presidentes-jahjaga-per-protesten-e-paralajmeruar-te-levizjes-vetevendosje\/#breadcrumb\"},\"inLanguage\":\"sr-RS\",\"potentialAction\":[{\"@type\":\"ReadAction\",\"target\":[\"https:\/\/president-ksgov.net\/deklarate-e-presidentes-jahjaga-per-protesten-e-paralajmeruar-te-levizjes-vetevendosje\/\"]}]},{\"@type\":\"ImageObject\",\"inLanguage\":\"sr-RS\",\"@id\":\"https:\/\/president-ksgov.net\/deklarate-e-presidentes-jahjaga-per-protesten-e-paralajmeruar-te-levizjes-vetevendosje\/#primaryimage\",\"url\":\"https:\/\/president-ksgov.net\/wp-content\/uploads\/Zyra-e-Presidentes-Featured-Image1-e1678970937938.png\",\"contentUrl\":\"https:\/\/president-ksgov.net\/wp-content\/uploads\/Zyra-e-Presidentes-Featured-Image1-e1678970937938.png\",\"width\":1024,\"height\":716},{\"@type\":\"BreadcrumbList\",\"@id\":\"https:\/\/president-ksgov.net\/deklarate-e-presidentes-jahjaga-per-protesten-e-paralajmeruar-te-levizjes-vetevendosje\/#breadcrumb\",\"itemListElement\":[{\"@type\":\"ListItem\",\"position\":1,\"name\":\"Home\",\"item\":\"https:\/\/president-ksgov.net\/sr\/\"},{\"@type\":\"ListItem\",\"position\":2,\"name\":\"Izjava Predsednice Jahjaga o najavljenom protestu Pokreta Vet\u00ebvendosje\"}]},{\"@type\":\"WebSite\",\"@id\":\"https:\/\/president-ksgov.net\/#website\",\"url\":\"https:\/\/president-ksgov.net\/\",\"name\":\"Presidente e Republik\u00ebs s\u00eb Kosov\u00ebs\",\"description\":\"Presidente e Republik\u00ebs s\u00eb Kosov\u00ebs\",\"alternateName\":\"DR. VJOSA OSMANI - SADRIU\",\"potentialAction\":[{\"@type\":\"SearchAction\",\"target\":{\"@type\":\"EntryPoint\",\"urlTemplate\":\"https:\/\/president-ksgov.net\/?s={search_term_string}\"},\"query-input\":{\"@type\":\"PropertyValueSpecification\",\"valueRequired\":true,\"valueName\":\"search_term_string\"}}],\"inLanguage\":\"sr-RS\"},{\"@type\":\"Person\",\"@id\":\"https:\/\/president-ksgov.net\/#\/schema\/person\/bb4337a5fb147cb2046d80548172cbee\",\"name\":\"admin\",\"image\":{\"@type\":\"ImageObject\",\"inLanguage\":\"sr-RS\",\"@id\":\"https:\/\/president-ksgov.net\/#\/schema\/person\/image\/\",\"url\":\"https:\/\/secure.gravatar.com\/avatar\/36156ca0fa3b8d9d25174f146e16beea0cf28f37adf1b9e19b6c9c279a7c9dd3?s=96&d=mm&r=g\",\"contentUrl\":\"https:\/\/secure.gravatar.com\/avatar\/36156ca0fa3b8d9d25174f146e16beea0cf28f37adf1b9e19b6c9c279a7c9dd3?s=96&d=mm&r=g\",\"caption\":\"admin\"},\"sameAs\":[\"https:\/\/president-ksgov.net\"]}]}<\/script>\n<!-- \/ Yoast SEO plugin. -->","yoast_head_json":{"title":"Izjava Predsednice Jahjaga o najavljenom protestu Pokreta Vet\u00ebvendosje - Predsednik Republike Kosovo - DR. VJOSA OSMANI - SADRIU","description":"Izjava Predsednice Jahjaga o najavljenom protestu Pokreta Vet\u00ebvendosje - Predsednik Republike Kosovo - DR. VJOSA OSMANI - SADRIU -","robots":{"index":"index","follow":"follow","max-snippet":"max-snippet:-1","max-image-preview":"max-image-preview:large","max-video-preview":"max-video-preview:-1"},"canonical":"https:\/\/president-ksgov.net\/deklarate-e-presidentes-jahjaga-per-protesten-e-paralajmeruar-te-levizjes-vetevendosje\/","og_locale":"sr_RS","og_type":"article","og_title":"Izjava Predsednice Jahjaga o najavljenom protestu Pokreta Vet\u00ebvendosje - Predsednik Republike Kosovo - DR. VJOSA OSMANI - SADRIU","og_description":"Izjava Predsednice Jahjaga o najavljenom protestu Pokreta Vet\u00ebvendosje - Predsednik Republike Kosovo - DR. VJOSA OSMANI - SADRIU -","og_url":"https:\/\/president-ksgov.net\/deklarate-e-presidentes-jahjaga-per-protesten-e-paralajmeruar-te-levizjes-vetevendosje\/","og_site_name":"Predsednik Republike Kosovo - DR. VJOSA OSMANI - SADRIU","article_published_time":"2012-01-13T10:46:48+00:00","og_image":[{"width":1024,"height":716,"url":"https:\/\/president-ksgov.net\/wp-content\/uploads\/Zyra-e-Presidentes-Featured-Image1-e1678970937938.png","type":"image\/png"}],"author":"admin","twitter_card":"summary_large_image","twitter_misc":{"\u041d\u0430\u043f\u0438\u0441\u0430\u043d\u043e \u043e\u0434":"admin","\u041f\u0440\u043e\u0446\u0435\u045a\u0435\u043d\u043e \u0432\u0440\u0435\u043c\u0435 \u0447\u0438\u0442\u0430\u045a\u0430":"1 \u043c\u0438\u043d\u0443\u0442"},"schema":{"@context":"https:\/\/schema.org","@graph":[{"@type":"WebPage","@id":"https:\/\/president-ksgov.net\/deklarate-e-presidentes-jahjaga-per-protesten-e-paralajmeruar-te-levizjes-vetevendosje\/","url":"https:\/\/president-ksgov.net\/deklarate-e-presidentes-jahjaga-per-protesten-e-paralajmeruar-te-levizjes-vetevendosje\/","name":"Izjava Predsednice Jahjaga o najavljenom protestu Pokreta Vet\u00ebvendosje - Predsednik Republike Kosovo - DR. VJOSA OSMANI - SADRIU","isPartOf":{"@id":"https:\/\/president-ksgov.net\/#website"},"primaryImageOfPage":{"@id":"https:\/\/president-ksgov.net\/deklarate-e-presidentes-jahjaga-per-protesten-e-paralajmeruar-te-levizjes-vetevendosje\/#primaryimage"},"image":{"@id":"https:\/\/president-ksgov.net\/deklarate-e-presidentes-jahjaga-per-protesten-e-paralajmeruar-te-levizjes-vetevendosje\/#primaryimage"},"thumbnailUrl":"https:\/\/president-ksgov.net\/wp-content\/uploads\/Zyra-e-Presidentes-Featured-Image1-e1678970937938.png","datePublished":"2012-01-13T10:46:48+00:00","dateModified":"2012-01-13T10:46:48+00:00","author":{"@id":"https:\/\/president-ksgov.net\/#\/schema\/person\/bb4337a5fb147cb2046d80548172cbee"},"description":"Izjava Predsednice Jahjaga o najavljenom protestu Pokreta Vet\u00ebvendosje - Predsednik Republike Kosovo - DR. VJOSA OSMANI - SADRIU -","breadcrumb":{"@id":"https:\/\/president-ksgov.net\/deklarate-e-presidentes-jahjaga-per-protesten-e-paralajmeruar-te-levizjes-vetevendosje\/#breadcrumb"},"inLanguage":"sr-RS","potentialAction":[{"@type":"ReadAction","target":["https:\/\/president-ksgov.net\/deklarate-e-presidentes-jahjaga-per-protesten-e-paralajmeruar-te-levizjes-vetevendosje\/"]}]},{"@type":"ImageObject","inLanguage":"sr-RS","@id":"https:\/\/president-ksgov.net\/deklarate-e-presidentes-jahjaga-per-protesten-e-paralajmeruar-te-levizjes-vetevendosje\/#primaryimage","url":"https:\/\/president-ksgov.net\/wp-content\/uploads\/Zyra-e-Presidentes-Featured-Image1-e1678970937938.png","contentUrl":"https:\/\/president-ksgov.net\/wp-content\/uploads\/Zyra-e-Presidentes-Featured-Image1-e1678970937938.png","width":1024,"height":716},{"@type":"BreadcrumbList","@id":"https:\/\/president-ksgov.net\/deklarate-e-presidentes-jahjaga-per-protesten-e-paralajmeruar-te-levizjes-vetevendosje\/#breadcrumb","itemListElement":[{"@type":"ListItem","position":1,"name":"Home","item":"https:\/\/president-ksgov.net\/sr\/"},{"@type":"ListItem","position":2,"name":"Izjava Predsednice Jahjaga o najavljenom protestu Pokreta Vet\u00ebvendosje"}]},{"@type":"WebSite","@id":"https:\/\/president-ksgov.net\/#website","url":"https:\/\/president-ksgov.net\/","name":"Presidente e Republik\u00ebs s\u00eb Kosov\u00ebs","description":"Presidente e Republik\u00ebs s\u00eb Kosov\u00ebs","alternateName":"DR. VJOSA OSMANI - SADRIU","potentialAction":[{"@type":"SearchAction","target":{"@type":"EntryPoint","urlTemplate":"https:\/\/president-ksgov.net\/?s={search_term_string}"},"query-input":{"@type":"PropertyValueSpecification","valueRequired":true,"valueName":"search_term_string"}}],"inLanguage":"sr-RS"},{"@type":"Person","@id":"https:\/\/president-ksgov.net\/#\/schema\/person\/bb4337a5fb147cb2046d80548172cbee","name":"admin","image":{"@type":"ImageObject","inLanguage":"sr-RS","@id":"https:\/\/president-ksgov.net\/#\/schema\/person\/image\/","url":"https:\/\/secure.gravatar.com\/avatar\/36156ca0fa3b8d9d25174f146e16beea0cf28f37adf1b9e19b6c9c279a7c9dd3?s=96&d=mm&r=g","contentUrl":"https:\/\/secure.gravatar.com\/avatar\/36156ca0fa3b8d9d25174f146e16beea0cf28f37adf1b9e19b6c9c279a7c9dd3?s=96&d=mm&r=g","caption":"admin"},"sameAs":["https:\/\/president-ksgov.net"]}]}},"_links":{"self":[{"href":"https:\/\/president-ksgov.net\/sr\/wp-json\/wp\/v2\/posts\/79215","targetHints":{"allow":["GET"]}}],"collection":[{"href":"https:\/\/president-ksgov.net\/sr\/wp-json\/wp\/v2\/posts"}],"about":[{"href":"https:\/\/president-ksgov.net\/sr\/wp-json\/wp\/v2\/types\/post"}],"author":[{"embeddable":true,"href":"https:\/\/president-ksgov.net\/sr\/wp-json\/wp\/v2\/users\/1"}],"replies":[{"embeddable":true,"href":"https:\/\/president-ksgov.net\/sr\/wp-json\/wp\/v2\/comments?post=79215"}],"version-history":[{"count":0,"href":"https:\/\/president-ksgov.net\/sr\/wp-json\/wp\/v2\/posts\/79215\/revisions"}],"wp:featuredmedia":[{"embeddable":true,"href":"https:\/\/president-ksgov.net\/sr\/wp-json\/wp\/v2\/media\/86338"}],"wp:attachment":[{"href":"https:\/\/president-ksgov.net\/sr\/wp-json\/wp\/v2\/media?parent=79215"}],"wp:term":[{"taxonomy":"category","embeddable":true,"href":"https:\/\/president-ksgov.net\/sr\/wp-json\/wp\/v2\/categories?post=79215"},{"taxonomy":"post_tag","embeddable":true,"href":"https:\/\/president-ksgov.net\/sr\/wp-json\/wp\/v2\/tags?post=79215"}],"curies":[{"name":"wp","href":"https:\/\/api.w.org\/{rel}","templated":true}]}}