{"id":79208,"date":"2012-01-17T21:12:55","date_gmt":"2012-01-17T21:12:55","guid":{"rendered":"https:\/\/dev.president-ksgov.net\/izjave-predsednice-republike-kosove-dogadjajima-od-14-januara\/"},"modified":"2012-01-17T21:12:55","modified_gmt":"2012-01-17T21:12:55","slug":"izjave-predsednice-republike-kosove-dogadjajima-od-14-januara","status":"publish","type":"post","link":"https:\/\/president-ksgov.net\/sr\/izjave-predsednice-republike-kosove-dogadjajima-od-14-januara\/","title":{"rendered":"Izjave predsednice Republike Kosove doga\u0111ajima od 14 januara"},"content":{"rendered":"<p>Ono &#353;to se desilo 14 januara 2012.god. u toku protesta Pokreta &#8220;Vet\u00ebvendosje&#8221; za blokiranje pograni\u010dnih prelaza izme\u0111u Republike Kosova i Republike Srbije u Merdare i Dheu i Bardh\u00eb nije dobra i realna slika za Kosovo.<\/p>\n<p>Situacija koja se de&#353;ava u vreme otvaranja novi procesa integrisanja zemlje, stvara opasnost da vra\u0107a Kosovo nazad u svojim naporima za izgradnju demokratskog dru&#353;tva. Izgradnje dr&#382;ave koja se zasniva na po&#353;tovanju ustavnosti i zakonitosti, je konsensualni cilj na&#353;eg dru&#353;tva, postignut zahvaljuju\u0107i anga&#382;ovanju i po&#382;rtvovanju svih na&#353;ih gra\u0111ana, bez razlike. <\/p>\n<p>Ja kao predsednica zemlje iznela sam svoj stav, ve\u0107 pre protesta, da jo&#353; uvek nisu iscrpljene sve mogu\u0107nosti institucionalnog delovanja i da ulica ne predstavlja re&#353;enje za postizanje dr&#382;avno politi\u010dkih ciljeva. Institucionalno delovanje je jedini i najbolji na\u010din za adresiranje i re&#353;avanje svih pitanja. <\/p>\n<p>Sve institucije, politi\u010dki subjekti i gra\u0111ani republike Kosova su obavezni da po&#353;tuju u celosti Ustav i zakone zemlje. Jedino na taj na\u010din posti&#382;emo vladavinu zakona i reda, kao demokratska zemlja koja na putu ka evro-atlantskim integracijama sprovodi visoke standarde ljudskih prava i sloboda. <\/p>\n<p>Policija Kosova je odgovorna za javni red i mir i za obezbe\u0111enje slobodnog kretanja ljudi i slobodan tok robe, ovih evropskih vrednosti koje su garantovana Ustavom Republike Kosova. Poziv Vlade Republike Kosova za ocenu postupaka Policije Kosova na dan protesta kao bi omogu\u0107ili razja&#353;njenje stvorene situacije, je dobrodo&#353;la. <\/p>\n<p>U sklopu mojih ustavnih nadle&#382;nosti, kao faktor jedinstva zemlje, pozivam sve gra\u0111ane da nastave da doprinesu demokratizaciji na&#353;eg dru&#353;tva, da po&#353;tuju red i zakon i da aktivno u\u010destvuju u realizaciju standarda koji osiguravaju nam put ka evro- atlantskih integracija. <\/p>\n<p>Pozivam sve politi\u010dke subjekte da tra&#382;e re&#353;enja unutar institucija Republike Kosova i dijalogom..<\/p>\n<p>Pozivam Pokret &#8220;Vet\u00ebvendosja&#8221; da odustane od protesta i da se vra\u0107a radu, debati i procesu odlu\u010divanja u Skup&#353;tinu i da tamo doprinosi izradi, uskla\u0111ivanju i sprovo\u0111enju politika.<\/p>\n<p>Pozivam sve gra\u0111ane Republike Kosova da ne blokiraju puteve, da ne blokiraju pograni\u010dne prelaze i da ne blokiraju slobodno kretanje ljudi i robe u bilo kom delu Republike Kosova.<\/p>\n<p>Kosovo i njeni gra\u0111ani, pokazali su visoku razinu svesti i demokratskih postupaka, predanost prema vladavini reda i po&#353;tovanja zakona. <\/p>\n<p>Kosovo ima jasan put pred sobom za realizaciju svojih obaveza koja proizilaze iz me\u0111unarodnih konvencija i dogovora. Na&#353;a zemlja je odlu\u010dna da sprovodi politiku dobrog susedstva sa svim zemljama regije.<\/p>\n","protected":false},"excerpt":{"rendered":"<p>Ono &#353;to se desilo 14 januara 2012.god. u toku protesta Pokreta &#8220;Vet\u00ebvendosje&#8221; za blokiranje pograni\u010dnih prelaza izme\u0111u Republike Kosova i Republike Srbije u Merdare i Dheu i Bardh\u00eb nije dobra i realna slika za Kosovo.<\/p>\n","protected":false},"author":1,"featured_media":86338,"comment_status":"open","ping_status":"closed","sticky":false,"template":"","format":"standard","meta":{"_eb_attr":"","footnotes":""},"categories":[101],"tags":[],"class_list":["post-79208","post","type-post","status-publish","format-standard","has-post-thumbnail","hentry","category-vesti"],"yoast_head":"<!-- This site is optimized with the Yoast SEO plugin v23.5 - https:\/\/yoast.com\/wordpress\/plugins\/seo\/ -->\n<title>Izjave predsednice Republike Kosove doga\u0111ajima od 14 januara - Predsednik Republike Kosovo - DR. VJOSA OSMANI - SADRIU<\/title>\n<meta name=\"description\" content=\"Izjave predsednice Republike Kosove doga\u0111ajima od 14 januara - Predsednik Republike Kosovo - DR. VJOSA OSMANI - SADRIU -\" \/>\n<meta name=\"robots\" content=\"index, follow, max-snippet:-1, max-image-preview:large, max-video-preview:-1\" \/>\n<link rel=\"canonical\" href=\"https:\/\/president-ksgov.net\/deklarate-e-presidentes-se-republikes-se-kosoves-per-zhvillimet-e-14-janarit\/\" \/>\n<meta property=\"og:locale\" content=\"sr_RS\" \/>\n<meta property=\"og:type\" content=\"article\" \/>\n<meta property=\"og:title\" content=\"Izjave predsednice Republike Kosove doga\u0111ajima od 14 januara - Predsednik Republike Kosovo - DR. VJOSA OSMANI - SADRIU\" \/>\n<meta property=\"og:description\" content=\"Izjave predsednice Republike Kosove doga\u0111ajima od 14 januara - Predsednik Republike Kosovo - DR. VJOSA OSMANI - SADRIU -\" \/>\n<meta property=\"og:url\" content=\"https:\/\/president-ksgov.net\/deklarate-e-presidentes-se-republikes-se-kosoves-per-zhvillimet-e-14-janarit\/\" \/>\n<meta property=\"og:site_name\" content=\"Predsednik Republike Kosovo - DR. VJOSA OSMANI - SADRIU\" \/>\n<meta property=\"article:published_time\" content=\"2012-01-17T21:12:55+00:00\" \/>\n<meta property=\"og:image\" content=\"https:\/\/president-ksgov.net\/wp-content\/uploads\/Zyra-e-Presidentes-Featured-Image1-e1678970937938.png\" \/>\n\t<meta property=\"og:image:width\" content=\"1024\" \/>\n\t<meta property=\"og:image:height\" content=\"716\" \/>\n\t<meta property=\"og:image:type\" content=\"image\/png\" \/>\n<meta name=\"author\" content=\"admin\" \/>\n<meta name=\"twitter:card\" content=\"summary_large_image\" \/>\n<meta name=\"twitter:label1\" content=\"\u041d\u0430\u043f\u0438\u0441\u0430\u043d\u043e \u043e\u0434\" \/>\n\t<meta name=\"twitter:data1\" content=\"admin\" \/>\n\t<meta name=\"twitter:label2\" content=\"\u041f\u0440\u043e\u0446\u0435\u045a\u0435\u043d\u043e \u0432\u0440\u0435\u043c\u0435 \u0447\u0438\u0442\u0430\u045a\u0430\" \/>\n\t<meta name=\"twitter:data2\" content=\"2 \u043c\u0438\u043d\u0443\u0442\u0430\" \/>\n<script type=\"application\/ld+json\" class=\"yoast-schema-graph\">{\"@context\":\"https:\/\/schema.org\",\"@graph\":[{\"@type\":\"WebPage\",\"@id\":\"https:\/\/president-ksgov.net\/deklarate-e-presidentes-se-republikes-se-kosoves-per-zhvillimet-e-14-janarit\/\",\"url\":\"https:\/\/president-ksgov.net\/deklarate-e-presidentes-se-republikes-se-kosoves-per-zhvillimet-e-14-janarit\/\",\"name\":\"Izjave predsednice Republike Kosove doga\u0111ajima od 14 januara - Predsednik Republike Kosovo - DR. VJOSA OSMANI - SADRIU\",\"isPartOf\":{\"@id\":\"https:\/\/president-ksgov.net\/#website\"},\"primaryImageOfPage\":{\"@id\":\"https:\/\/president-ksgov.net\/deklarate-e-presidentes-se-republikes-se-kosoves-per-zhvillimet-e-14-janarit\/#primaryimage\"},\"image\":{\"@id\":\"https:\/\/president-ksgov.net\/deklarate-e-presidentes-se-republikes-se-kosoves-per-zhvillimet-e-14-janarit\/#primaryimage\"},\"thumbnailUrl\":\"https:\/\/president-ksgov.net\/wp-content\/uploads\/Zyra-e-Presidentes-Featured-Image1-e1678970937938.png\",\"datePublished\":\"2012-01-17T21:12:55+00:00\",\"dateModified\":\"2012-01-17T21:12:55+00:00\",\"author\":{\"@id\":\"https:\/\/president-ksgov.net\/#\/schema\/person\/bb4337a5fb147cb2046d80548172cbee\"},\"description\":\"Izjave predsednice Republike Kosove doga\u0111ajima od 14 januara - Predsednik Republike Kosovo - DR. VJOSA OSMANI - SADRIU -\",\"breadcrumb\":{\"@id\":\"https:\/\/president-ksgov.net\/deklarate-e-presidentes-se-republikes-se-kosoves-per-zhvillimet-e-14-janarit\/#breadcrumb\"},\"inLanguage\":\"sr-RS\",\"potentialAction\":[{\"@type\":\"ReadAction\",\"target\":[\"https:\/\/president-ksgov.net\/deklarate-e-presidentes-se-republikes-se-kosoves-per-zhvillimet-e-14-janarit\/\"]}]},{\"@type\":\"ImageObject\",\"inLanguage\":\"sr-RS\",\"@id\":\"https:\/\/president-ksgov.net\/deklarate-e-presidentes-se-republikes-se-kosoves-per-zhvillimet-e-14-janarit\/#primaryimage\",\"url\":\"https:\/\/president-ksgov.net\/wp-content\/uploads\/Zyra-e-Presidentes-Featured-Image1-e1678970937938.png\",\"contentUrl\":\"https:\/\/president-ksgov.net\/wp-content\/uploads\/Zyra-e-Presidentes-Featured-Image1-e1678970937938.png\",\"width\":1024,\"height\":716},{\"@type\":\"BreadcrumbList\",\"@id\":\"https:\/\/president-ksgov.net\/deklarate-e-presidentes-se-republikes-se-kosoves-per-zhvillimet-e-14-janarit\/#breadcrumb\",\"itemListElement\":[{\"@type\":\"ListItem\",\"position\":1,\"name\":\"Home\",\"item\":\"https:\/\/president-ksgov.net\/sr\/\"},{\"@type\":\"ListItem\",\"position\":2,\"name\":\"Izjave predsednice Republike Kosove doga\u0111ajima od 14 januara\"}]},{\"@type\":\"WebSite\",\"@id\":\"https:\/\/president-ksgov.net\/#website\",\"url\":\"https:\/\/president-ksgov.net\/\",\"name\":\"Presidente e Republik\u00ebs s\u00eb Kosov\u00ebs\",\"description\":\"Presidente e Republik\u00ebs s\u00eb Kosov\u00ebs\",\"alternateName\":\"DR. VJOSA OSMANI - SADRIU\",\"potentialAction\":[{\"@type\":\"SearchAction\",\"target\":{\"@type\":\"EntryPoint\",\"urlTemplate\":\"https:\/\/president-ksgov.net\/?s={search_term_string}\"},\"query-input\":{\"@type\":\"PropertyValueSpecification\",\"valueRequired\":true,\"valueName\":\"search_term_string\"}}],\"inLanguage\":\"sr-RS\"},{\"@type\":\"Person\",\"@id\":\"https:\/\/president-ksgov.net\/#\/schema\/person\/bb4337a5fb147cb2046d80548172cbee\",\"name\":\"admin\",\"image\":{\"@type\":\"ImageObject\",\"inLanguage\":\"sr-RS\",\"@id\":\"https:\/\/president-ksgov.net\/#\/schema\/person\/image\/\",\"url\":\"https:\/\/secure.gravatar.com\/avatar\/36156ca0fa3b8d9d25174f146e16beea0cf28f37adf1b9e19b6c9c279a7c9dd3?s=96&d=mm&r=g\",\"contentUrl\":\"https:\/\/secure.gravatar.com\/avatar\/36156ca0fa3b8d9d25174f146e16beea0cf28f37adf1b9e19b6c9c279a7c9dd3?s=96&d=mm&r=g\",\"caption\":\"admin\"},\"sameAs\":[\"https:\/\/president-ksgov.net\"]}]}<\/script>\n<!-- \/ Yoast SEO plugin. -->","yoast_head_json":{"title":"Izjave predsednice Republike Kosove doga\u0111ajima od 14 januara - Predsednik Republike Kosovo - DR. VJOSA OSMANI - SADRIU","description":"Izjave predsednice Republike Kosove doga\u0111ajima od 14 januara - Predsednik Republike Kosovo - DR. VJOSA OSMANI - SADRIU -","robots":{"index":"index","follow":"follow","max-snippet":"max-snippet:-1","max-image-preview":"max-image-preview:large","max-video-preview":"max-video-preview:-1"},"canonical":"https:\/\/president-ksgov.net\/deklarate-e-presidentes-se-republikes-se-kosoves-per-zhvillimet-e-14-janarit\/","og_locale":"sr_RS","og_type":"article","og_title":"Izjave predsednice Republike Kosove doga\u0111ajima od 14 januara - Predsednik Republike Kosovo - DR. VJOSA OSMANI - SADRIU","og_description":"Izjave predsednice Republike Kosove doga\u0111ajima od 14 januara - Predsednik Republike Kosovo - DR. VJOSA OSMANI - SADRIU -","og_url":"https:\/\/president-ksgov.net\/deklarate-e-presidentes-se-republikes-se-kosoves-per-zhvillimet-e-14-janarit\/","og_site_name":"Predsednik Republike Kosovo - DR. VJOSA OSMANI - SADRIU","article_published_time":"2012-01-17T21:12:55+00:00","og_image":[{"width":1024,"height":716,"url":"https:\/\/president-ksgov.net\/wp-content\/uploads\/Zyra-e-Presidentes-Featured-Image1-e1678970937938.png","type":"image\/png"}],"author":"admin","twitter_card":"summary_large_image","twitter_misc":{"\u041d\u0430\u043f\u0438\u0441\u0430\u043d\u043e \u043e\u0434":"admin","\u041f\u0440\u043e\u0446\u0435\u045a\u0435\u043d\u043e \u0432\u0440\u0435\u043c\u0435 \u0447\u0438\u0442\u0430\u045a\u0430":"2 \u043c\u0438\u043d\u0443\u0442\u0430"},"schema":{"@context":"https:\/\/schema.org","@graph":[{"@type":"WebPage","@id":"https:\/\/president-ksgov.net\/deklarate-e-presidentes-se-republikes-se-kosoves-per-zhvillimet-e-14-janarit\/","url":"https:\/\/president-ksgov.net\/deklarate-e-presidentes-se-republikes-se-kosoves-per-zhvillimet-e-14-janarit\/","name":"Izjave predsednice Republike Kosove doga\u0111ajima od 14 januara - Predsednik Republike Kosovo - DR. VJOSA OSMANI - SADRIU","isPartOf":{"@id":"https:\/\/president-ksgov.net\/#website"},"primaryImageOfPage":{"@id":"https:\/\/president-ksgov.net\/deklarate-e-presidentes-se-republikes-se-kosoves-per-zhvillimet-e-14-janarit\/#primaryimage"},"image":{"@id":"https:\/\/president-ksgov.net\/deklarate-e-presidentes-se-republikes-se-kosoves-per-zhvillimet-e-14-janarit\/#primaryimage"},"thumbnailUrl":"https:\/\/president-ksgov.net\/wp-content\/uploads\/Zyra-e-Presidentes-Featured-Image1-e1678970937938.png","datePublished":"2012-01-17T21:12:55+00:00","dateModified":"2012-01-17T21:12:55+00:00","author":{"@id":"https:\/\/president-ksgov.net\/#\/schema\/person\/bb4337a5fb147cb2046d80548172cbee"},"description":"Izjave predsednice Republike Kosove doga\u0111ajima od 14 januara - Predsednik Republike Kosovo - DR. VJOSA OSMANI - SADRIU -","breadcrumb":{"@id":"https:\/\/president-ksgov.net\/deklarate-e-presidentes-se-republikes-se-kosoves-per-zhvillimet-e-14-janarit\/#breadcrumb"},"inLanguage":"sr-RS","potentialAction":[{"@type":"ReadAction","target":["https:\/\/president-ksgov.net\/deklarate-e-presidentes-se-republikes-se-kosoves-per-zhvillimet-e-14-janarit\/"]}]},{"@type":"ImageObject","inLanguage":"sr-RS","@id":"https:\/\/president-ksgov.net\/deklarate-e-presidentes-se-republikes-se-kosoves-per-zhvillimet-e-14-janarit\/#primaryimage","url":"https:\/\/president-ksgov.net\/wp-content\/uploads\/Zyra-e-Presidentes-Featured-Image1-e1678970937938.png","contentUrl":"https:\/\/president-ksgov.net\/wp-content\/uploads\/Zyra-e-Presidentes-Featured-Image1-e1678970937938.png","width":1024,"height":716},{"@type":"BreadcrumbList","@id":"https:\/\/president-ksgov.net\/deklarate-e-presidentes-se-republikes-se-kosoves-per-zhvillimet-e-14-janarit\/#breadcrumb","itemListElement":[{"@type":"ListItem","position":1,"name":"Home","item":"https:\/\/president-ksgov.net\/sr\/"},{"@type":"ListItem","position":2,"name":"Izjave predsednice Republike Kosove doga\u0111ajima od 14 januara"}]},{"@type":"WebSite","@id":"https:\/\/president-ksgov.net\/#website","url":"https:\/\/president-ksgov.net\/","name":"Presidente e Republik\u00ebs s\u00eb Kosov\u00ebs","description":"Presidente e Republik\u00ebs s\u00eb Kosov\u00ebs","alternateName":"DR. VJOSA OSMANI - SADRIU","potentialAction":[{"@type":"SearchAction","target":{"@type":"EntryPoint","urlTemplate":"https:\/\/president-ksgov.net\/?s={search_term_string}"},"query-input":{"@type":"PropertyValueSpecification","valueRequired":true,"valueName":"search_term_string"}}],"inLanguage":"sr-RS"},{"@type":"Person","@id":"https:\/\/president-ksgov.net\/#\/schema\/person\/bb4337a5fb147cb2046d80548172cbee","name":"admin","image":{"@type":"ImageObject","inLanguage":"sr-RS","@id":"https:\/\/president-ksgov.net\/#\/schema\/person\/image\/","url":"https:\/\/secure.gravatar.com\/avatar\/36156ca0fa3b8d9d25174f146e16beea0cf28f37adf1b9e19b6c9c279a7c9dd3?s=96&d=mm&r=g","contentUrl":"https:\/\/secure.gravatar.com\/avatar\/36156ca0fa3b8d9d25174f146e16beea0cf28f37adf1b9e19b6c9c279a7c9dd3?s=96&d=mm&r=g","caption":"admin"},"sameAs":["https:\/\/president-ksgov.net"]}]}},"_links":{"self":[{"href":"https:\/\/president-ksgov.net\/sr\/wp-json\/wp\/v2\/posts\/79208","targetHints":{"allow":["GET"]}}],"collection":[{"href":"https:\/\/president-ksgov.net\/sr\/wp-json\/wp\/v2\/posts"}],"about":[{"href":"https:\/\/president-ksgov.net\/sr\/wp-json\/wp\/v2\/types\/post"}],"author":[{"embeddable":true,"href":"https:\/\/president-ksgov.net\/sr\/wp-json\/wp\/v2\/users\/1"}],"replies":[{"embeddable":true,"href":"https:\/\/president-ksgov.net\/sr\/wp-json\/wp\/v2\/comments?post=79208"}],"version-history":[{"count":0,"href":"https:\/\/president-ksgov.net\/sr\/wp-json\/wp\/v2\/posts\/79208\/revisions"}],"wp:featuredmedia":[{"embeddable":true,"href":"https:\/\/president-ksgov.net\/sr\/wp-json\/wp\/v2\/media\/86338"}],"wp:attachment":[{"href":"https:\/\/president-ksgov.net\/sr\/wp-json\/wp\/v2\/media?parent=79208"}],"wp:term":[{"taxonomy":"category","embeddable":true,"href":"https:\/\/president-ksgov.net\/sr\/wp-json\/wp\/v2\/categories?post=79208"},{"taxonomy":"post_tag","embeddable":true,"href":"https:\/\/president-ksgov.net\/sr\/wp-json\/wp\/v2\/tags?post=79208"}],"curies":[{"name":"wp","href":"https:\/\/api.w.org\/{rel}","templated":true}]}}