{"id":79187,"date":"2012-02-03T13:43:49","date_gmt":"2012-02-03T13:43:49","guid":{"rendered":"https:\/\/dev.president-ksgov.net\/predsednica-republike-kosovo-se-sastala-sa-predsednicom-skuptine-bavarske\/"},"modified":"2012-02-03T13:43:49","modified_gmt":"2012-02-03T13:43:49","slug":"predsednica-republike-kosovo-se-sastala-sa-predsednicom-skuptine-bavarske","status":"publish","type":"post","link":"https:\/\/president-ksgov.net\/sr\/predsednica-republike-kosovo-se-sastala-sa-predsednicom-skuptine-bavarske\/","title":{"rendered":"PREDSEDNICA REPUBLIKE KOSOVO SE SASTALA SA PREDSEDNICOM  SKUP&#138;TINE BAVARSKE"},"content":{"rendered":"<p>Predsednica Republike Kosovo, gospo\u0111a Atifete Jahjaga, se sastala u Mynih                                        sa predsednicom Skup&#353;tine Bavarske, gospo\u0111om Barbara Stamm.<\/p>\n<p>Predsednica Jahjaga i gospo\u0111a Stamm su razgovarale o zbivanjima na Kosovu i identifikovanju oblasti saradnje izme\u0111u Kosova i Landa Bavarske.<\/p>\n<p>Predsednica Jahjaga, koja prisustvuje 48-oj Konferenciji o Bezbednosti u Mynih, zahvalila se gospo\u0111i Stamm za doprinos Nema\u010dke za slobodu, uspostavljanje dr&#382;avnosti i konsolidaciju dr&#382;ave Kosovo, za priznanje nezavisnosti, za investicije nema\u010dkog kapitala i garantovanje bezbednosti Kosova\u00a0 uz prisustvo nema\u010dkih vojnika u okviru KFOR-a.<br \/>\n\u00a0<br \/>\nPredsednica Jahjaga re\u010de da uz pomo\u0107 i nastojanje prijatelja Kosova, me\u0111u kojima i Nema\u010dka te voljom i radom naroda Kosova, Kosovo je nezavisna i suverena dr&#382;ava i predstavlja jedno ispovedanje uspeha.<br \/>\n\u00a0<br \/>\nPredsednica Jahjaga re\u010de da je Kosovo postiglo napredak u sprovo\u0111enju Plana Ahtisaarija i naglasila da kao nezavisna i suverena dr&#382;ava, Republika Kosovo garantuje izvr&#353;avanje i ispunjavanje svih obligacija i me\u0111unarodnih obaveza.<\/p>\n<p>Predsednica Jahjaga i gospo\u0111a Stamm su razgovarale i o na\u010dinu saradnje na centralnom i lokalnom nivou, uklju\u010duju\u0107i i razmenu parlamentarnih iskustava, sklapanje prijateljstva me\u0111u gradovima i pove\u0107anje saradnje u oblasti ekonomije, prosvete i kulture izme\u0111u dve zemlje.\u00a0\u00a0<\/p>\n","protected":false},"excerpt":{"rendered":"<p>Predsednica Republike Kosovo, gospo\u0111a Atifete Jahjaga, se sastala u Mynih                                        sa predsednicom Skup&#353;tine Bavarske, gospo\u0111om Barbara Stamm.<\/p>\n","protected":false},"author":1,"featured_media":57603,"comment_status":"open","ping_status":"closed","sticky":false,"template":"","format":"standard","meta":{"_eb_attr":"","footnotes":""},"categories":[101],"tags":[],"class_list":["post-79187","post","type-post","status-publish","format-standard","has-post-thumbnail","hentry","category-vesti"],"yoast_head":"<!-- This site is optimized with the Yoast SEO plugin v23.5 - https:\/\/yoast.com\/wordpress\/plugins\/seo\/ -->\n<title>PREDSEDNICA REPUBLIKE KOSOVO SE SASTALA SA PREDSEDNICOM SKUP&#138;TINE BAVARSKE - Predsednik Republike Kosovo - DR. VJOSA OSMANI - SADRIU<\/title>\n<meta name=\"description\" content=\"PREDSEDNICA REPUBLIKE KOSOVO SE SASTALA SA PREDSEDNICOM SKUP&#138;TINE BAVARSKE - Predsednik Republike Kosovo - DR. VJOSA OSMANI - SADRIU -\" \/>\n<meta name=\"robots\" content=\"index, follow, max-snippet:-1, max-image-preview:large, max-video-preview:-1\" \/>\n<link rel=\"canonical\" href=\"https:\/\/president-ksgov.net\/presidentja-e-republikes-se-kosoves-takoi-kryetaren-e-kuvendit-te-bavarise\/\" \/>\n<meta property=\"og:locale\" content=\"sr_RS\" \/>\n<meta property=\"og:type\" content=\"article\" \/>\n<meta property=\"og:title\" content=\"PREDSEDNICA REPUBLIKE KOSOVO SE SASTALA SA PREDSEDNICOM SKUP&#138;TINE BAVARSKE - Predsednik Republike Kosovo - DR. VJOSA OSMANI - SADRIU\" \/>\n<meta property=\"og:description\" content=\"PREDSEDNICA REPUBLIKE KOSOVO SE SASTALA SA PREDSEDNICOM SKUP&#138;TINE BAVARSKE - Predsednik Republike Kosovo - DR. VJOSA OSMANI - SADRIU -\" \/>\n<meta property=\"og:url\" content=\"https:\/\/president-ksgov.net\/presidentja-e-republikes-se-kosoves-takoi-kryetaren-e-kuvendit-te-bavarise\/\" \/>\n<meta property=\"og:site_name\" content=\"Predsednik Republike Kosovo - DR. VJOSA OSMANI - SADRIU\" \/>\n<meta property=\"article:published_time\" content=\"2012-02-03T13:43:49+00:00\" \/>\n<meta property=\"og:image\" content=\"https:\/\/president-ksgov.net\/wp-content\/uploads\/03.02.2012-Takimi_me_Kreytaren_e_Kuvendit_0.jpg\" \/>\n\t<meta property=\"og:image:width\" content=\"1000\" \/>\n\t<meta property=\"og:image:height\" content=\"667\" \/>\n\t<meta property=\"og:image:type\" content=\"image\/jpeg\" \/>\n<meta name=\"author\" content=\"admin\" \/>\n<meta name=\"twitter:card\" content=\"summary_large_image\" \/>\n<meta name=\"twitter:label1\" content=\"\u041d\u0430\u043f\u0438\u0441\u0430\u043d\u043e \u043e\u0434\" \/>\n\t<meta name=\"twitter:data1\" content=\"admin\" \/>\n\t<meta name=\"twitter:label2\" content=\"\u041f\u0440\u043e\u0446\u0435\u045a\u0435\u043d\u043e \u0432\u0440\u0435\u043c\u0435 \u0447\u0438\u0442\u0430\u045a\u0430\" \/>\n\t<meta name=\"twitter:data2\" content=\"1 \u043c\u0438\u043d\u0443\u0442\" \/>\n<script type=\"application\/ld+json\" class=\"yoast-schema-graph\">{\"@context\":\"https:\/\/schema.org\",\"@graph\":[{\"@type\":\"WebPage\",\"@id\":\"https:\/\/president-ksgov.net\/presidentja-e-republikes-se-kosoves-takoi-kryetaren-e-kuvendit-te-bavarise\/\",\"url\":\"https:\/\/president-ksgov.net\/presidentja-e-republikes-se-kosoves-takoi-kryetaren-e-kuvendit-te-bavarise\/\",\"name\":\"PREDSEDNICA REPUBLIKE KOSOVO SE SASTALA SA PREDSEDNICOM SKUP&#138;TINE BAVARSKE - Predsednik Republike Kosovo - DR. VJOSA OSMANI - SADRIU\",\"isPartOf\":{\"@id\":\"https:\/\/president-ksgov.net\/#website\"},\"primaryImageOfPage\":{\"@id\":\"https:\/\/president-ksgov.net\/presidentja-e-republikes-se-kosoves-takoi-kryetaren-e-kuvendit-te-bavarise\/#primaryimage\"},\"image\":{\"@id\":\"https:\/\/president-ksgov.net\/presidentja-e-republikes-se-kosoves-takoi-kryetaren-e-kuvendit-te-bavarise\/#primaryimage\"},\"thumbnailUrl\":\"https:\/\/president-ksgov.net\/wp-content\/uploads\/03.02.2012-Takimi_me_Kreytaren_e_Kuvendit_0.jpg\",\"datePublished\":\"2012-02-03T13:43:49+00:00\",\"dateModified\":\"2012-02-03T13:43:49+00:00\",\"author\":{\"@id\":\"https:\/\/president-ksgov.net\/#\/schema\/person\/bb4337a5fb147cb2046d80548172cbee\"},\"description\":\"PREDSEDNICA REPUBLIKE KOSOVO SE SASTALA SA PREDSEDNICOM SKUP&#138;TINE BAVARSKE - Predsednik Republike Kosovo - DR. VJOSA OSMANI - SADRIU -\",\"breadcrumb\":{\"@id\":\"https:\/\/president-ksgov.net\/presidentja-e-republikes-se-kosoves-takoi-kryetaren-e-kuvendit-te-bavarise\/#breadcrumb\"},\"inLanguage\":\"sr-RS\",\"potentialAction\":[{\"@type\":\"ReadAction\",\"target\":[\"https:\/\/president-ksgov.net\/presidentja-e-republikes-se-kosoves-takoi-kryetaren-e-kuvendit-te-bavarise\/\"]}]},{\"@type\":\"ImageObject\",\"inLanguage\":\"sr-RS\",\"@id\":\"https:\/\/president-ksgov.net\/presidentja-e-republikes-se-kosoves-takoi-kryetaren-e-kuvendit-te-bavarise\/#primaryimage\",\"url\":\"https:\/\/president-ksgov.net\/wp-content\/uploads\/03.02.2012-Takimi_me_Kreytaren_e_Kuvendit_0.jpg\",\"contentUrl\":\"https:\/\/president-ksgov.net\/wp-content\/uploads\/03.02.2012-Takimi_me_Kreytaren_e_Kuvendit_0.jpg\",\"width\":1000,\"height\":667},{\"@type\":\"BreadcrumbList\",\"@id\":\"https:\/\/president-ksgov.net\/presidentja-e-republikes-se-kosoves-takoi-kryetaren-e-kuvendit-te-bavarise\/#breadcrumb\",\"itemListElement\":[{\"@type\":\"ListItem\",\"position\":1,\"name\":\"Home\",\"item\":\"https:\/\/president-ksgov.net\/sr\/\"},{\"@type\":\"ListItem\",\"position\":2,\"name\":\"PREDSEDNICA REPUBLIKE KOSOVO SE SASTALA SA PREDSEDNICOM SKUP&#138;TINE BAVARSKE\"}]},{\"@type\":\"WebSite\",\"@id\":\"https:\/\/president-ksgov.net\/#website\",\"url\":\"https:\/\/president-ksgov.net\/\",\"name\":\"Presidente e Republik\u00ebs s\u00eb Kosov\u00ebs\",\"description\":\"Presidente e Republik\u00ebs s\u00eb Kosov\u00ebs\",\"alternateName\":\"DR. VJOSA OSMANI - SADRIU\",\"potentialAction\":[{\"@type\":\"SearchAction\",\"target\":{\"@type\":\"EntryPoint\",\"urlTemplate\":\"https:\/\/president-ksgov.net\/?s={search_term_string}\"},\"query-input\":{\"@type\":\"PropertyValueSpecification\",\"valueRequired\":true,\"valueName\":\"search_term_string\"}}],\"inLanguage\":\"sr-RS\"},{\"@type\":\"Person\",\"@id\":\"https:\/\/president-ksgov.net\/#\/schema\/person\/bb4337a5fb147cb2046d80548172cbee\",\"name\":\"admin\",\"image\":{\"@type\":\"ImageObject\",\"inLanguage\":\"sr-RS\",\"@id\":\"https:\/\/president-ksgov.net\/#\/schema\/person\/image\/\",\"url\":\"https:\/\/secure.gravatar.com\/avatar\/36156ca0fa3b8d9d25174f146e16beea0cf28f37adf1b9e19b6c9c279a7c9dd3?s=96&d=mm&r=g\",\"contentUrl\":\"https:\/\/secure.gravatar.com\/avatar\/36156ca0fa3b8d9d25174f146e16beea0cf28f37adf1b9e19b6c9c279a7c9dd3?s=96&d=mm&r=g\",\"caption\":\"admin\"},\"sameAs\":[\"https:\/\/president-ksgov.net\"]}]}<\/script>\n<!-- \/ Yoast SEO plugin. -->","yoast_head_json":{"title":"PREDSEDNICA REPUBLIKE KOSOVO SE SASTALA SA PREDSEDNICOM SKUP&#138;TINE BAVARSKE - Predsednik Republike Kosovo - DR. VJOSA OSMANI - SADRIU","description":"PREDSEDNICA REPUBLIKE KOSOVO SE SASTALA SA PREDSEDNICOM SKUP&#138;TINE BAVARSKE - Predsednik Republike Kosovo - DR. VJOSA OSMANI - SADRIU -","robots":{"index":"index","follow":"follow","max-snippet":"max-snippet:-1","max-image-preview":"max-image-preview:large","max-video-preview":"max-video-preview:-1"},"canonical":"https:\/\/president-ksgov.net\/presidentja-e-republikes-se-kosoves-takoi-kryetaren-e-kuvendit-te-bavarise\/","og_locale":"sr_RS","og_type":"article","og_title":"PREDSEDNICA REPUBLIKE KOSOVO SE SASTALA SA PREDSEDNICOM SKUP&#138;TINE BAVARSKE - Predsednik Republike Kosovo - DR. VJOSA OSMANI - SADRIU","og_description":"PREDSEDNICA REPUBLIKE KOSOVO SE SASTALA SA PREDSEDNICOM SKUP&#138;TINE BAVARSKE - Predsednik Republike Kosovo - DR. VJOSA OSMANI - SADRIU -","og_url":"https:\/\/president-ksgov.net\/presidentja-e-republikes-se-kosoves-takoi-kryetaren-e-kuvendit-te-bavarise\/","og_site_name":"Predsednik Republike Kosovo - DR. VJOSA OSMANI - SADRIU","article_published_time":"2012-02-03T13:43:49+00:00","og_image":[{"width":1000,"height":667,"url":"https:\/\/president-ksgov.net\/wp-content\/uploads\/03.02.2012-Takimi_me_Kreytaren_e_Kuvendit_0.jpg","type":"image\/jpeg"}],"author":"admin","twitter_card":"summary_large_image","twitter_misc":{"\u041d\u0430\u043f\u0438\u0441\u0430\u043d\u043e \u043e\u0434":"admin","\u041f\u0440\u043e\u0446\u0435\u045a\u0435\u043d\u043e \u0432\u0440\u0435\u043c\u0435 \u0447\u0438\u0442\u0430\u045a\u0430":"1 \u043c\u0438\u043d\u0443\u0442"},"schema":{"@context":"https:\/\/schema.org","@graph":[{"@type":"WebPage","@id":"https:\/\/president-ksgov.net\/presidentja-e-republikes-se-kosoves-takoi-kryetaren-e-kuvendit-te-bavarise\/","url":"https:\/\/president-ksgov.net\/presidentja-e-republikes-se-kosoves-takoi-kryetaren-e-kuvendit-te-bavarise\/","name":"PREDSEDNICA REPUBLIKE KOSOVO SE SASTALA SA PREDSEDNICOM SKUP&#138;TINE BAVARSKE - Predsednik Republike Kosovo - DR. VJOSA OSMANI - SADRIU","isPartOf":{"@id":"https:\/\/president-ksgov.net\/#website"},"primaryImageOfPage":{"@id":"https:\/\/president-ksgov.net\/presidentja-e-republikes-se-kosoves-takoi-kryetaren-e-kuvendit-te-bavarise\/#primaryimage"},"image":{"@id":"https:\/\/president-ksgov.net\/presidentja-e-republikes-se-kosoves-takoi-kryetaren-e-kuvendit-te-bavarise\/#primaryimage"},"thumbnailUrl":"https:\/\/president-ksgov.net\/wp-content\/uploads\/03.02.2012-Takimi_me_Kreytaren_e_Kuvendit_0.jpg","datePublished":"2012-02-03T13:43:49+00:00","dateModified":"2012-02-03T13:43:49+00:00","author":{"@id":"https:\/\/president-ksgov.net\/#\/schema\/person\/bb4337a5fb147cb2046d80548172cbee"},"description":"PREDSEDNICA REPUBLIKE KOSOVO SE SASTALA SA PREDSEDNICOM SKUP&#138;TINE BAVARSKE - Predsednik Republike Kosovo - DR. VJOSA OSMANI - SADRIU -","breadcrumb":{"@id":"https:\/\/president-ksgov.net\/presidentja-e-republikes-se-kosoves-takoi-kryetaren-e-kuvendit-te-bavarise\/#breadcrumb"},"inLanguage":"sr-RS","potentialAction":[{"@type":"ReadAction","target":["https:\/\/president-ksgov.net\/presidentja-e-republikes-se-kosoves-takoi-kryetaren-e-kuvendit-te-bavarise\/"]}]},{"@type":"ImageObject","inLanguage":"sr-RS","@id":"https:\/\/president-ksgov.net\/presidentja-e-republikes-se-kosoves-takoi-kryetaren-e-kuvendit-te-bavarise\/#primaryimage","url":"https:\/\/president-ksgov.net\/wp-content\/uploads\/03.02.2012-Takimi_me_Kreytaren_e_Kuvendit_0.jpg","contentUrl":"https:\/\/president-ksgov.net\/wp-content\/uploads\/03.02.2012-Takimi_me_Kreytaren_e_Kuvendit_0.jpg","width":1000,"height":667},{"@type":"BreadcrumbList","@id":"https:\/\/president-ksgov.net\/presidentja-e-republikes-se-kosoves-takoi-kryetaren-e-kuvendit-te-bavarise\/#breadcrumb","itemListElement":[{"@type":"ListItem","position":1,"name":"Home","item":"https:\/\/president-ksgov.net\/sr\/"},{"@type":"ListItem","position":2,"name":"PREDSEDNICA REPUBLIKE KOSOVO SE SASTALA SA PREDSEDNICOM SKUP&#138;TINE BAVARSKE"}]},{"@type":"WebSite","@id":"https:\/\/president-ksgov.net\/#website","url":"https:\/\/president-ksgov.net\/","name":"Presidente e Republik\u00ebs s\u00eb Kosov\u00ebs","description":"Presidente e Republik\u00ebs s\u00eb Kosov\u00ebs","alternateName":"DR. VJOSA OSMANI - SADRIU","potentialAction":[{"@type":"SearchAction","target":{"@type":"EntryPoint","urlTemplate":"https:\/\/president-ksgov.net\/?s={search_term_string}"},"query-input":{"@type":"PropertyValueSpecification","valueRequired":true,"valueName":"search_term_string"}}],"inLanguage":"sr-RS"},{"@type":"Person","@id":"https:\/\/president-ksgov.net\/#\/schema\/person\/bb4337a5fb147cb2046d80548172cbee","name":"admin","image":{"@type":"ImageObject","inLanguage":"sr-RS","@id":"https:\/\/president-ksgov.net\/#\/schema\/person\/image\/","url":"https:\/\/secure.gravatar.com\/avatar\/36156ca0fa3b8d9d25174f146e16beea0cf28f37adf1b9e19b6c9c279a7c9dd3?s=96&d=mm&r=g","contentUrl":"https:\/\/secure.gravatar.com\/avatar\/36156ca0fa3b8d9d25174f146e16beea0cf28f37adf1b9e19b6c9c279a7c9dd3?s=96&d=mm&r=g","caption":"admin"},"sameAs":["https:\/\/president-ksgov.net"]}]}},"_links":{"self":[{"href":"https:\/\/president-ksgov.net\/sr\/wp-json\/wp\/v2\/posts\/79187","targetHints":{"allow":["GET"]}}],"collection":[{"href":"https:\/\/president-ksgov.net\/sr\/wp-json\/wp\/v2\/posts"}],"about":[{"href":"https:\/\/president-ksgov.net\/sr\/wp-json\/wp\/v2\/types\/post"}],"author":[{"embeddable":true,"href":"https:\/\/president-ksgov.net\/sr\/wp-json\/wp\/v2\/users\/1"}],"replies":[{"embeddable":true,"href":"https:\/\/president-ksgov.net\/sr\/wp-json\/wp\/v2\/comments?post=79187"}],"version-history":[{"count":0,"href":"https:\/\/president-ksgov.net\/sr\/wp-json\/wp\/v2\/posts\/79187\/revisions"}],"wp:featuredmedia":[{"embeddable":true,"href":"https:\/\/president-ksgov.net\/sr\/wp-json\/wp\/v2\/media\/57603"}],"wp:attachment":[{"href":"https:\/\/president-ksgov.net\/sr\/wp-json\/wp\/v2\/media?parent=79187"}],"wp:term":[{"taxonomy":"category","embeddable":true,"href":"https:\/\/president-ksgov.net\/sr\/wp-json\/wp\/v2\/categories?post=79187"},{"taxonomy":"post_tag","embeddable":true,"href":"https:\/\/president-ksgov.net\/sr\/wp-json\/wp\/v2\/tags?post=79187"}],"curies":[{"name":"wp","href":"https:\/\/api.w.org\/{rel}","templated":true}]}}