{"id":79186,"date":"2012-02-03T18:37:55","date_gmt":"2012-02-03T18:37:55","guid":{"rendered":"https:\/\/dev.president-ksgov.net\/predsednica-republike-kosovo-gospodja-atifete-jahjaga-se-sastala-sa-komisionerom-za-proirenje-evropske-zajednice-stefan-fule\/"},"modified":"2012-02-03T18:37:55","modified_gmt":"2012-02-03T18:37:55","slug":"predsednica-republike-kosovo-gospodja-atifete-jahjaga-se-sastala-sa-komisionerom-za-proirenje-evropske-zajednice-stefan-fule","status":"publish","type":"post","link":"https:\/\/president-ksgov.net\/sr\/predsednica-republike-kosovo-gospodja-atifete-jahjaga-se-sastala-sa-komisionerom-za-proirenje-evropske-zajednice-stefan-fule\/","title":{"rendered":"PREDSEDNICA REPUBLIKE KOSOVO, GOSPO\u0110A ATIFETE JAHJAGA SE SASTALA SA KOMISIONEROM ZA PRO&#138;IRENJE EVROPSKE ZAJEDNICE, STEFAN FULE"},"content":{"rendered":"<p>Predsednica Republike Kosovo, gospo\u0111a Atifete Jahjaga se sastala sa Komisionerom za pro&#353;irenje Evropske Zajednice, Stefan Fyle sa kojim je diskutovala o evropskoj perspektivi Kosova, procesu dijaloga za liberalizaciju viza, zahtev Kosova za kontraktualne odnose sa Evropskom Zajednicom i o pomo\u0107i i podr&#353;ci EZ-e za evropsku agendu Kosova.<\/p>\n<p>Predsednica Jahjaga se zahvalila g. Fule za po\u010detak dijaloga o procesu liberalizacije viza, cene\u0107i ovo kao jedno zajedni\u010dko dostignu\u0107e koje signalizira evropsko posve\u0107enje za jasan put Kosova u pravcu integracije i jasne perspektive za gra\u0111ane Kosova.<\/p>\n<p>Istovremeno, Predsednica Jahjaga je obnovila posve\u0107enje institucija Kosova za proces dijaloga izme\u0111u me\u0111u Republike Kosovo i Republike Srbije radi adresiranja problema i iznala&#382;enja re&#353;enja koja pobolj&#353;aju &#382;ivot gra\u0111ana sa obe strane granice.<\/p>\n<p>Na sastanku, Predsednica Jahjaga je naglasila da re&#353;enje nastalog stanja u tri severne op&#353;tine Kosova stoji u potpunom sprovo\u0111enju ustavnosti i zakonitosti Kosova i Paketa Ahtisaari. Predsednica je zahtevala da se na ovaj deo Kosova organizuju lokalni izbori, koji bi omogu\u0107ili izbor legalnih i legitimnih predstavnika koji bi pravedno predstavili\u00a0 interese gra\u0111ana Srba sa Kosova. <\/p>\n<p>Predsednica Jahjaga je isto tako obavestila g. Fule o uspostavljanju dva nacionalnih ve\u0107a pri Predsednici, Ve\u0107e protiv korupcije i Ve\u0107e za evropske integracije, za koje je dobila podr&#353;ku Komisionera, koji je obe\u0107ao njegovo u\u010de&#353;\u0107e u inauguraciji ve\u0107a koja cilja preciziranje, ubrzanje i koordinaciju evropske agende Kosova.<br \/>\n\u00a0<br \/>\nOvaj sastanak je odr&#382;an u okviru 48-e Konferencije o bezbednosti u Mynihu Nema\u010dke, koja predstavlja najve\u0107i sastanak za pitanja politike bezbednosti u Evropi i koja je ovom prilikom sakupila 70 vladinih delegacija iz celog sveta, lidere dr&#382;ava i stru\u010dnjake oblasti bezbednosti.<\/p>\n<p>Predsednica Jahjaga, je imala i niz drugih sastanaka u marginama ove konferencije.\u00a0<\/p>\n","protected":false},"excerpt":{"rendered":"<p>Predsednica Republike Kosovo, gospo\u0111a Atifete Jahjaga se sastala sa Komisionerom za pro&#353;irenje Evropske Zajednice, Stefan Fyle sa kojim je diskutovala o evropskoj perspektivi Kosova, procesu dijaloga za liberalizaciju viza, zahtev Kosova za kontraktualne odnose sa Evropskom Zajednicom i o pomo\u0107i i podr&#353;ci EZ-e za evropsku agendu Kosova.<\/p>\n","protected":false},"author":1,"featured_media":57569,"comment_status":"open","ping_status":"closed","sticky":false,"template":"","format":"standard","meta":{"_eb_attr":"","footnotes":""},"categories":[101],"tags":[],"class_list":["post-79186","post","type-post","status-publish","format-standard","has-post-thumbnail","hentry","category-vesti"],"yoast_head":"<!-- This site is optimized with the Yoast SEO plugin v23.5 - https:\/\/yoast.com\/wordpress\/plugins\/seo\/ -->\n<title>PREDSEDNICA REPUBLIKE KOSOVO, GOSPO\u0110A ATIFETE JAHJAGA SE SASTALA SA KOMISIONEROM ZA PRO&#138;IRENJE EVROPSKE ZAJEDNICE, STEFAN FULE - Predsednik Republike Kosovo - DR. VJOSA OSMANI - SADRIU<\/title>\n<meta name=\"description\" content=\"PREDSEDNICA REPUBLIKE KOSOVO, GOSPO\u0110A ATIFETE JAHJAGA SE SASTALA SA KOMISIONEROM ZA PRO&#138;IRENJE EVROPSKE ZAJEDNICE, STEFAN FULE - Predsednik Republike Kosovo - DR. VJOSA OSMANI - SADRIU -\" \/>\n<meta name=\"robots\" content=\"index, follow, max-snippet:-1, max-image-preview:large, max-video-preview:-1\" \/>\n<link rel=\"canonical\" href=\"https:\/\/president-ksgov.net\/presidentja-e-republikes-se-kosoves-zonja-atifete-jahjaga-takoi-komisioneri-per-zgjerim-i-bashkimit-evropian-stefan-fule\/\" \/>\n<meta property=\"og:locale\" content=\"sr_RS\" \/>\n<meta property=\"og:type\" content=\"article\" \/>\n<meta property=\"og:title\" content=\"PREDSEDNICA REPUBLIKE KOSOVO, GOSPO\u0110A ATIFETE JAHJAGA SE SASTALA SA KOMISIONEROM ZA PRO&#138;IRENJE EVROPSKE ZAJEDNICE, STEFAN FULE - Predsednik Republike Kosovo - DR. VJOSA OSMANI - SADRIU\" \/>\n<meta property=\"og:description\" content=\"PREDSEDNICA REPUBLIKE KOSOVO, GOSPO\u0110A ATIFETE JAHJAGA SE SASTALA SA KOMISIONEROM ZA PRO&#138;IRENJE EVROPSKE ZAJEDNICE, STEFAN FULE - Predsednik Republike Kosovo - DR. VJOSA OSMANI - SADRIU -\" \/>\n<meta property=\"og:url\" content=\"https:\/\/president-ksgov.net\/presidentja-e-republikes-se-kosoves-zonja-atifete-jahjaga-takoi-komisioneri-per-zgjerim-i-bashkimit-evropian-stefan-fule\/\" \/>\n<meta property=\"og:site_name\" content=\"Predsednik Republike Kosovo - DR. VJOSA OSMANI - SADRIU\" \/>\n<meta property=\"article:published_time\" content=\"2012-02-03T18:37:55+00:00\" \/>\n<meta property=\"og:image\" content=\"https:\/\/president-ksgov.net\/wp-content\/uploads\/03.02.2012_takimi_me_Fylen_1.jpg\" \/>\n\t<meta property=\"og:image:width\" content=\"1000\" \/>\n\t<meta property=\"og:image:height\" content=\"702\" \/>\n\t<meta property=\"og:image:type\" content=\"image\/jpeg\" \/>\n<meta name=\"author\" content=\"admin\" \/>\n<meta name=\"twitter:card\" content=\"summary_large_image\" \/>\n<meta name=\"twitter:label1\" content=\"\u041d\u0430\u043f\u0438\u0441\u0430\u043d\u043e \u043e\u0434\" \/>\n\t<meta name=\"twitter:data1\" content=\"admin\" \/>\n\t<meta name=\"twitter:label2\" content=\"\u041f\u0440\u043e\u0446\u0435\u045a\u0435\u043d\u043e \u0432\u0440\u0435\u043c\u0435 \u0447\u0438\u0442\u0430\u045a\u0430\" \/>\n\t<meta name=\"twitter:data2\" content=\"2 \u043c\u0438\u043d\u0443\u0442\u0430\" \/>\n<script type=\"application\/ld+json\" class=\"yoast-schema-graph\">{\"@context\":\"https:\/\/schema.org\",\"@graph\":[{\"@type\":\"WebPage\",\"@id\":\"https:\/\/president-ksgov.net\/presidentja-e-republikes-se-kosoves-zonja-atifete-jahjaga-takoi-komisioneri-per-zgjerim-i-bashkimit-evropian-stefan-fule\/\",\"url\":\"https:\/\/president-ksgov.net\/presidentja-e-republikes-se-kosoves-zonja-atifete-jahjaga-takoi-komisioneri-per-zgjerim-i-bashkimit-evropian-stefan-fule\/\",\"name\":\"PREDSEDNICA REPUBLIKE KOSOVO, GOSPO\u0110A ATIFETE JAHJAGA SE SASTALA SA KOMISIONEROM ZA PRO&#138;IRENJE EVROPSKE ZAJEDNICE, STEFAN FULE - Predsednik Republike Kosovo - DR. VJOSA OSMANI - SADRIU\",\"isPartOf\":{\"@id\":\"https:\/\/president-ksgov.net\/#website\"},\"primaryImageOfPage\":{\"@id\":\"https:\/\/president-ksgov.net\/presidentja-e-republikes-se-kosoves-zonja-atifete-jahjaga-takoi-komisioneri-per-zgjerim-i-bashkimit-evropian-stefan-fule\/#primaryimage\"},\"image\":{\"@id\":\"https:\/\/president-ksgov.net\/presidentja-e-republikes-se-kosoves-zonja-atifete-jahjaga-takoi-komisioneri-per-zgjerim-i-bashkimit-evropian-stefan-fule\/#primaryimage\"},\"thumbnailUrl\":\"https:\/\/president-ksgov.net\/wp-content\/uploads\/03.02.2012_takimi_me_Fylen_1.jpg\",\"datePublished\":\"2012-02-03T18:37:55+00:00\",\"dateModified\":\"2012-02-03T18:37:55+00:00\",\"author\":{\"@id\":\"https:\/\/president-ksgov.net\/#\/schema\/person\/bb4337a5fb147cb2046d80548172cbee\"},\"description\":\"PREDSEDNICA REPUBLIKE KOSOVO, GOSPO\u0110A ATIFETE JAHJAGA SE SASTALA SA KOMISIONEROM ZA PRO&#138;IRENJE EVROPSKE ZAJEDNICE, STEFAN FULE - Predsednik Republike Kosovo - DR. VJOSA OSMANI - SADRIU -\",\"breadcrumb\":{\"@id\":\"https:\/\/president-ksgov.net\/presidentja-e-republikes-se-kosoves-zonja-atifete-jahjaga-takoi-komisioneri-per-zgjerim-i-bashkimit-evropian-stefan-fule\/#breadcrumb\"},\"inLanguage\":\"sr-RS\",\"potentialAction\":[{\"@type\":\"ReadAction\",\"target\":[\"https:\/\/president-ksgov.net\/presidentja-e-republikes-se-kosoves-zonja-atifete-jahjaga-takoi-komisioneri-per-zgjerim-i-bashkimit-evropian-stefan-fule\/\"]}]},{\"@type\":\"ImageObject\",\"inLanguage\":\"sr-RS\",\"@id\":\"https:\/\/president-ksgov.net\/presidentja-e-republikes-se-kosoves-zonja-atifete-jahjaga-takoi-komisioneri-per-zgjerim-i-bashkimit-evropian-stefan-fule\/#primaryimage\",\"url\":\"https:\/\/president-ksgov.net\/wp-content\/uploads\/03.02.2012_takimi_me_Fylen_1.jpg\",\"contentUrl\":\"https:\/\/president-ksgov.net\/wp-content\/uploads\/03.02.2012_takimi_me_Fylen_1.jpg\",\"width\":1000,\"height\":702},{\"@type\":\"BreadcrumbList\",\"@id\":\"https:\/\/president-ksgov.net\/presidentja-e-republikes-se-kosoves-zonja-atifete-jahjaga-takoi-komisioneri-per-zgjerim-i-bashkimit-evropian-stefan-fule\/#breadcrumb\",\"itemListElement\":[{\"@type\":\"ListItem\",\"position\":1,\"name\":\"Home\",\"item\":\"https:\/\/president-ksgov.net\/sr\/\"},{\"@type\":\"ListItem\",\"position\":2,\"name\":\"PREDSEDNICA REPUBLIKE KOSOVO, GOSPO\u0110A ATIFETE JAHJAGA SE SASTALA SA KOMISIONEROM ZA PRO&#138;IRENJE EVROPSKE ZAJEDNICE, STEFAN FULE\"}]},{\"@type\":\"WebSite\",\"@id\":\"https:\/\/president-ksgov.net\/#website\",\"url\":\"https:\/\/president-ksgov.net\/\",\"name\":\"Presidente e Republik\u00ebs s\u00eb Kosov\u00ebs\",\"description\":\"Presidente e Republik\u00ebs s\u00eb Kosov\u00ebs\",\"alternateName\":\"DR. VJOSA OSMANI - SADRIU\",\"potentialAction\":[{\"@type\":\"SearchAction\",\"target\":{\"@type\":\"EntryPoint\",\"urlTemplate\":\"https:\/\/president-ksgov.net\/?s={search_term_string}\"},\"query-input\":{\"@type\":\"PropertyValueSpecification\",\"valueRequired\":true,\"valueName\":\"search_term_string\"}}],\"inLanguage\":\"sr-RS\"},{\"@type\":\"Person\",\"@id\":\"https:\/\/president-ksgov.net\/#\/schema\/person\/bb4337a5fb147cb2046d80548172cbee\",\"name\":\"admin\",\"image\":{\"@type\":\"ImageObject\",\"inLanguage\":\"sr-RS\",\"@id\":\"https:\/\/president-ksgov.net\/#\/schema\/person\/image\/\",\"url\":\"https:\/\/secure.gravatar.com\/avatar\/36156ca0fa3b8d9d25174f146e16beea0cf28f37adf1b9e19b6c9c279a7c9dd3?s=96&d=mm&r=g\",\"contentUrl\":\"https:\/\/secure.gravatar.com\/avatar\/36156ca0fa3b8d9d25174f146e16beea0cf28f37adf1b9e19b6c9c279a7c9dd3?s=96&d=mm&r=g\",\"caption\":\"admin\"},\"sameAs\":[\"https:\/\/president-ksgov.net\"]}]}<\/script>\n<!-- \/ Yoast SEO plugin. -->","yoast_head_json":{"title":"PREDSEDNICA REPUBLIKE KOSOVO, GOSPO\u0110A ATIFETE JAHJAGA SE SASTALA SA KOMISIONEROM ZA PRO&#138;IRENJE EVROPSKE ZAJEDNICE, STEFAN FULE - Predsednik Republike Kosovo - DR. VJOSA OSMANI - SADRIU","description":"PREDSEDNICA REPUBLIKE KOSOVO, GOSPO\u0110A ATIFETE JAHJAGA SE SASTALA SA KOMISIONEROM ZA PRO&#138;IRENJE EVROPSKE ZAJEDNICE, STEFAN FULE - Predsednik Republike Kosovo - DR. VJOSA OSMANI - SADRIU -","robots":{"index":"index","follow":"follow","max-snippet":"max-snippet:-1","max-image-preview":"max-image-preview:large","max-video-preview":"max-video-preview:-1"},"canonical":"https:\/\/president-ksgov.net\/presidentja-e-republikes-se-kosoves-zonja-atifete-jahjaga-takoi-komisioneri-per-zgjerim-i-bashkimit-evropian-stefan-fule\/","og_locale":"sr_RS","og_type":"article","og_title":"PREDSEDNICA REPUBLIKE KOSOVO, GOSPO\u0110A ATIFETE JAHJAGA SE SASTALA SA KOMISIONEROM ZA PRO&#138;IRENJE EVROPSKE ZAJEDNICE, STEFAN FULE - Predsednik Republike Kosovo - DR. VJOSA OSMANI - SADRIU","og_description":"PREDSEDNICA REPUBLIKE KOSOVO, GOSPO\u0110A ATIFETE JAHJAGA SE SASTALA SA KOMISIONEROM ZA PRO&#138;IRENJE EVROPSKE ZAJEDNICE, STEFAN FULE - Predsednik Republike Kosovo - DR. VJOSA OSMANI - SADRIU -","og_url":"https:\/\/president-ksgov.net\/presidentja-e-republikes-se-kosoves-zonja-atifete-jahjaga-takoi-komisioneri-per-zgjerim-i-bashkimit-evropian-stefan-fule\/","og_site_name":"Predsednik Republike Kosovo - DR. VJOSA OSMANI - SADRIU","article_published_time":"2012-02-03T18:37:55+00:00","og_image":[{"width":1000,"height":702,"url":"https:\/\/president-ksgov.net\/wp-content\/uploads\/03.02.2012_takimi_me_Fylen_1.jpg","type":"image\/jpeg"}],"author":"admin","twitter_card":"summary_large_image","twitter_misc":{"\u041d\u0430\u043f\u0438\u0441\u0430\u043d\u043e \u043e\u0434":"admin","\u041f\u0440\u043e\u0446\u0435\u045a\u0435\u043d\u043e \u0432\u0440\u0435\u043c\u0435 \u0447\u0438\u0442\u0430\u045a\u0430":"2 \u043c\u0438\u043d\u0443\u0442\u0430"},"schema":{"@context":"https:\/\/schema.org","@graph":[{"@type":"WebPage","@id":"https:\/\/president-ksgov.net\/presidentja-e-republikes-se-kosoves-zonja-atifete-jahjaga-takoi-komisioneri-per-zgjerim-i-bashkimit-evropian-stefan-fule\/","url":"https:\/\/president-ksgov.net\/presidentja-e-republikes-se-kosoves-zonja-atifete-jahjaga-takoi-komisioneri-per-zgjerim-i-bashkimit-evropian-stefan-fule\/","name":"PREDSEDNICA REPUBLIKE KOSOVO, GOSPO\u0110A ATIFETE JAHJAGA SE SASTALA SA KOMISIONEROM ZA PRO&#138;IRENJE EVROPSKE ZAJEDNICE, STEFAN FULE - Predsednik Republike Kosovo - DR. VJOSA OSMANI - SADRIU","isPartOf":{"@id":"https:\/\/president-ksgov.net\/#website"},"primaryImageOfPage":{"@id":"https:\/\/president-ksgov.net\/presidentja-e-republikes-se-kosoves-zonja-atifete-jahjaga-takoi-komisioneri-per-zgjerim-i-bashkimit-evropian-stefan-fule\/#primaryimage"},"image":{"@id":"https:\/\/president-ksgov.net\/presidentja-e-republikes-se-kosoves-zonja-atifete-jahjaga-takoi-komisioneri-per-zgjerim-i-bashkimit-evropian-stefan-fule\/#primaryimage"},"thumbnailUrl":"https:\/\/president-ksgov.net\/wp-content\/uploads\/03.02.2012_takimi_me_Fylen_1.jpg","datePublished":"2012-02-03T18:37:55+00:00","dateModified":"2012-02-03T18:37:55+00:00","author":{"@id":"https:\/\/president-ksgov.net\/#\/schema\/person\/bb4337a5fb147cb2046d80548172cbee"},"description":"PREDSEDNICA REPUBLIKE KOSOVO, GOSPO\u0110A ATIFETE JAHJAGA SE SASTALA SA KOMISIONEROM ZA PRO&#138;IRENJE EVROPSKE ZAJEDNICE, STEFAN FULE - Predsednik Republike Kosovo - DR. VJOSA OSMANI - SADRIU -","breadcrumb":{"@id":"https:\/\/president-ksgov.net\/presidentja-e-republikes-se-kosoves-zonja-atifete-jahjaga-takoi-komisioneri-per-zgjerim-i-bashkimit-evropian-stefan-fule\/#breadcrumb"},"inLanguage":"sr-RS","potentialAction":[{"@type":"ReadAction","target":["https:\/\/president-ksgov.net\/presidentja-e-republikes-se-kosoves-zonja-atifete-jahjaga-takoi-komisioneri-per-zgjerim-i-bashkimit-evropian-stefan-fule\/"]}]},{"@type":"ImageObject","inLanguage":"sr-RS","@id":"https:\/\/president-ksgov.net\/presidentja-e-republikes-se-kosoves-zonja-atifete-jahjaga-takoi-komisioneri-per-zgjerim-i-bashkimit-evropian-stefan-fule\/#primaryimage","url":"https:\/\/president-ksgov.net\/wp-content\/uploads\/03.02.2012_takimi_me_Fylen_1.jpg","contentUrl":"https:\/\/president-ksgov.net\/wp-content\/uploads\/03.02.2012_takimi_me_Fylen_1.jpg","width":1000,"height":702},{"@type":"BreadcrumbList","@id":"https:\/\/president-ksgov.net\/presidentja-e-republikes-se-kosoves-zonja-atifete-jahjaga-takoi-komisioneri-per-zgjerim-i-bashkimit-evropian-stefan-fule\/#breadcrumb","itemListElement":[{"@type":"ListItem","position":1,"name":"Home","item":"https:\/\/president-ksgov.net\/sr\/"},{"@type":"ListItem","position":2,"name":"PREDSEDNICA REPUBLIKE KOSOVO, GOSPO\u0110A ATIFETE JAHJAGA SE SASTALA SA KOMISIONEROM ZA PRO&#138;IRENJE EVROPSKE ZAJEDNICE, STEFAN FULE"}]},{"@type":"WebSite","@id":"https:\/\/president-ksgov.net\/#website","url":"https:\/\/president-ksgov.net\/","name":"Presidente e Republik\u00ebs s\u00eb Kosov\u00ebs","description":"Presidente e Republik\u00ebs s\u00eb Kosov\u00ebs","alternateName":"DR. VJOSA OSMANI - SADRIU","potentialAction":[{"@type":"SearchAction","target":{"@type":"EntryPoint","urlTemplate":"https:\/\/president-ksgov.net\/?s={search_term_string}"},"query-input":{"@type":"PropertyValueSpecification","valueRequired":true,"valueName":"search_term_string"}}],"inLanguage":"sr-RS"},{"@type":"Person","@id":"https:\/\/president-ksgov.net\/#\/schema\/person\/bb4337a5fb147cb2046d80548172cbee","name":"admin","image":{"@type":"ImageObject","inLanguage":"sr-RS","@id":"https:\/\/president-ksgov.net\/#\/schema\/person\/image\/","url":"https:\/\/secure.gravatar.com\/avatar\/36156ca0fa3b8d9d25174f146e16beea0cf28f37adf1b9e19b6c9c279a7c9dd3?s=96&d=mm&r=g","contentUrl":"https:\/\/secure.gravatar.com\/avatar\/36156ca0fa3b8d9d25174f146e16beea0cf28f37adf1b9e19b6c9c279a7c9dd3?s=96&d=mm&r=g","caption":"admin"},"sameAs":["https:\/\/president-ksgov.net"]}]}},"_links":{"self":[{"href":"https:\/\/president-ksgov.net\/sr\/wp-json\/wp\/v2\/posts\/79186","targetHints":{"allow":["GET"]}}],"collection":[{"href":"https:\/\/president-ksgov.net\/sr\/wp-json\/wp\/v2\/posts"}],"about":[{"href":"https:\/\/president-ksgov.net\/sr\/wp-json\/wp\/v2\/types\/post"}],"author":[{"embeddable":true,"href":"https:\/\/president-ksgov.net\/sr\/wp-json\/wp\/v2\/users\/1"}],"replies":[{"embeddable":true,"href":"https:\/\/president-ksgov.net\/sr\/wp-json\/wp\/v2\/comments?post=79186"}],"version-history":[{"count":0,"href":"https:\/\/president-ksgov.net\/sr\/wp-json\/wp\/v2\/posts\/79186\/revisions"}],"wp:featuredmedia":[{"embeddable":true,"href":"https:\/\/president-ksgov.net\/sr\/wp-json\/wp\/v2\/media\/57569"}],"wp:attachment":[{"href":"https:\/\/president-ksgov.net\/sr\/wp-json\/wp\/v2\/media?parent=79186"}],"wp:term":[{"taxonomy":"category","embeddable":true,"href":"https:\/\/president-ksgov.net\/sr\/wp-json\/wp\/v2\/categories?post=79186"},{"taxonomy":"post_tag","embeddable":true,"href":"https:\/\/president-ksgov.net\/sr\/wp-json\/wp\/v2\/tags?post=79186"}],"curies":[{"name":"wp","href":"https:\/\/api.w.org\/{rel}","templated":true}]}}