{"id":79170,"date":"2012-02-11T19:19:15","date_gmt":"2012-02-11T19:19:15","guid":{"rendered":"https:\/\/dev.president-ksgov.net\/izjava-predsednice-jahjaga-povodom-tragedije-u-selo-restelijca-dragaa\/"},"modified":"2012-02-11T19:19:15","modified_gmt":"2012-02-11T19:19:15","slug":"izjava-predsednice-jahjaga-povodom-tragedije-u-selo-restelijca-dragaa","status":"publish","type":"post","link":"https:\/\/president-ksgov.net\/sr\/izjava-predsednice-jahjaga-povodom-tragedije-u-selo-restelijca-dragaa\/","title":{"rendered":"Izjava Predsednice Jahjaga povodom tragedije u selo Restelijca  Draga&#154;a"},"content":{"rendered":"<p>Predsednica Republike Kosovo, gospo\u0111a Atifete Jahjaga, putem jedne izjave, je izrazila njenu duboku bol za izgubljene &#382;ivote \u010dlanova porodice Reka iz sela Resteljica Draga&#353;a, kao posledica sne&#382;ne lavine, i o sudbini lica koji su ostali zatrpani  u njihovima ku\u0107ama.<\/p>\n<p>U izjavi se ka&#382;e:<br \/>\n\u00a0<br \/>\nSmrt \u010dlanova porodice Reka i zatrpanje sne&#382;nom lavinom nekoliko drugih \u010dlanova\u00a0 ovih porodica , jeste te&#382;ak i stra&#353;an doga\u0111aj..<br \/>\n\u00a0<br \/>\nOse\u0107aju\u0107i sna&#382;nu bol za poginule, anga&#382;ujem se svim snagama da se spa&#353;avaju ostali gra\u0111ani od posledica ove tragedije.<br \/>\n\u00a0<br \/>\nInstitucije Republike Kosovo i me\u0111unarodni mehanizmi, \u010dine sve &#353;to je mogu\u0107e da se zatrpani &#353;to pre izvuku. Razgovarala sam sa Ministrom Snage Bezbednosti Kosova i sa Komandantom snage mira, KFOR-a, za pru&#382;anje sve mogu\u0107u pomo\u0107i za spa&#353;avanje &#382;ivota zatrpanih gra\u0111ana.<\/p>\n<p>Visoko cenim posve\u0107enje svih pripadnika SBK-a za njihovo vanredno anga&#382;ovanje za otvaranje puta u pravcu sela Resteljice za pru&#382;anje pomo\u0107i gra\u0111anima ovoga podru\u010dja. Biti \u0107u u stalnom kontaktu sa svim institucijama i posebno sa SBK i podr&#382;a\u0107u gra\u0111ane Republike Kosovo u ovim vrlo lo&#353;im danima vremenskih neprilika koje su vremenske neprilike zahvatile na&#353;u zemlju.<br \/>\n\u00a0<br \/>\nAtifete Jahjaga,<br \/>\nPredsednica Republike Kosovo\u00a0<\/p>\n","protected":false},"excerpt":{"rendered":"<p>Predsednica Republike Kosovo, gospo\u0111a Atifete Jahjaga, putem jedne izjave, je izrazila njenu duboku bol za izgubljene &#382;ivote \u010dlanova porodice Reka iz sela Resteljica Draga&#353;a, kao posledica sne&#382;ne lavine, i o sudbini lica koji su ostali zatrpani  u njihovima ku\u0107ama.<\/p>\n","protected":false},"author":1,"featured_media":86338,"comment_status":"open","ping_status":"closed","sticky":false,"template":"","format":"standard","meta":{"_eb_attr":"","footnotes":""},"categories":[101],"tags":[],"class_list":["post-79170","post","type-post","status-publish","format-standard","has-post-thumbnail","hentry","category-vesti"],"yoast_head":"<!-- This site is optimized with the Yoast SEO plugin v23.5 - https:\/\/yoast.com\/wordpress\/plugins\/seo\/ -->\n<title>Izjava Predsednice Jahjaga povodom tragedije u selo Restelijca Draga&#154;a - Predsednik Republike Kosovo - DR. VJOSA OSMANI - SADRIU<\/title>\n<meta name=\"description\" content=\"Izjava Predsednice Jahjaga povodom tragedije u selo Restelijca Draga&#154;a - Predsednik Republike Kosovo - DR. VJOSA OSMANI - SADRIU -\" \/>\n<meta name=\"robots\" content=\"index, follow, max-snippet:-1, max-image-preview:large, max-video-preview:-1\" \/>\n<link rel=\"canonical\" href=\"https:\/\/president-ksgov.net\/deklarata-e-presidentes-jahjaga-me-rastin-e-tragjedise-ne-fshatin-restelice-te-dragashit\/\" \/>\n<meta property=\"og:locale\" content=\"sr_RS\" \/>\n<meta property=\"og:type\" content=\"article\" \/>\n<meta property=\"og:title\" content=\"Izjava Predsednice Jahjaga povodom tragedije u selo Restelijca Draga&#154;a - Predsednik Republike Kosovo - DR. VJOSA OSMANI - SADRIU\" \/>\n<meta property=\"og:description\" content=\"Izjava Predsednice Jahjaga povodom tragedije u selo Restelijca Draga&#154;a - Predsednik Republike Kosovo - DR. VJOSA OSMANI - SADRIU -\" \/>\n<meta property=\"og:url\" content=\"https:\/\/president-ksgov.net\/deklarata-e-presidentes-jahjaga-me-rastin-e-tragjedise-ne-fshatin-restelice-te-dragashit\/\" \/>\n<meta property=\"og:site_name\" content=\"Predsednik Republike Kosovo - DR. VJOSA OSMANI - SADRIU\" \/>\n<meta property=\"article:published_time\" content=\"2012-02-11T19:19:15+00:00\" \/>\n<meta property=\"og:image\" content=\"https:\/\/president-ksgov.net\/wp-content\/uploads\/Zyra-e-Presidentes-Featured-Image1-e1678970937938.png\" \/>\n\t<meta property=\"og:image:width\" content=\"1024\" \/>\n\t<meta property=\"og:image:height\" content=\"716\" \/>\n\t<meta property=\"og:image:type\" content=\"image\/png\" \/>\n<meta name=\"author\" content=\"admin\" \/>\n<meta name=\"twitter:card\" content=\"summary_large_image\" \/>\n<meta name=\"twitter:label1\" content=\"\u041d\u0430\u043f\u0438\u0441\u0430\u043d\u043e \u043e\u0434\" \/>\n\t<meta name=\"twitter:data1\" content=\"admin\" \/>\n\t<meta name=\"twitter:label2\" content=\"\u041f\u0440\u043e\u0446\u0435\u045a\u0435\u043d\u043e \u0432\u0440\u0435\u043c\u0435 \u0447\u0438\u0442\u0430\u045a\u0430\" \/>\n\t<meta name=\"twitter:data2\" content=\"1 \u043c\u0438\u043d\u0443\u0442\" \/>\n<script type=\"application\/ld+json\" class=\"yoast-schema-graph\">{\"@context\":\"https:\/\/schema.org\",\"@graph\":[{\"@type\":\"WebPage\",\"@id\":\"https:\/\/president-ksgov.net\/deklarata-e-presidentes-jahjaga-me-rastin-e-tragjedise-ne-fshatin-restelice-te-dragashit\/\",\"url\":\"https:\/\/president-ksgov.net\/deklarata-e-presidentes-jahjaga-me-rastin-e-tragjedise-ne-fshatin-restelice-te-dragashit\/\",\"name\":\"Izjava Predsednice Jahjaga povodom tragedije u selo Restelijca Draga&#154;a - Predsednik Republike Kosovo - DR. VJOSA OSMANI - SADRIU\",\"isPartOf\":{\"@id\":\"https:\/\/president-ksgov.net\/#website\"},\"primaryImageOfPage\":{\"@id\":\"https:\/\/president-ksgov.net\/deklarata-e-presidentes-jahjaga-me-rastin-e-tragjedise-ne-fshatin-restelice-te-dragashit\/#primaryimage\"},\"image\":{\"@id\":\"https:\/\/president-ksgov.net\/deklarata-e-presidentes-jahjaga-me-rastin-e-tragjedise-ne-fshatin-restelice-te-dragashit\/#primaryimage\"},\"thumbnailUrl\":\"https:\/\/president-ksgov.net\/wp-content\/uploads\/Zyra-e-Presidentes-Featured-Image1-e1678970937938.png\",\"datePublished\":\"2012-02-11T19:19:15+00:00\",\"dateModified\":\"2012-02-11T19:19:15+00:00\",\"author\":{\"@id\":\"https:\/\/president-ksgov.net\/#\/schema\/person\/bb4337a5fb147cb2046d80548172cbee\"},\"description\":\"Izjava Predsednice Jahjaga povodom tragedije u selo Restelijca Draga&#154;a - Predsednik Republike Kosovo - DR. VJOSA OSMANI - SADRIU -\",\"breadcrumb\":{\"@id\":\"https:\/\/president-ksgov.net\/deklarata-e-presidentes-jahjaga-me-rastin-e-tragjedise-ne-fshatin-restelice-te-dragashit\/#breadcrumb\"},\"inLanguage\":\"sr-RS\",\"potentialAction\":[{\"@type\":\"ReadAction\",\"target\":[\"https:\/\/president-ksgov.net\/deklarata-e-presidentes-jahjaga-me-rastin-e-tragjedise-ne-fshatin-restelice-te-dragashit\/\"]}]},{\"@type\":\"ImageObject\",\"inLanguage\":\"sr-RS\",\"@id\":\"https:\/\/president-ksgov.net\/deklarata-e-presidentes-jahjaga-me-rastin-e-tragjedise-ne-fshatin-restelice-te-dragashit\/#primaryimage\",\"url\":\"https:\/\/president-ksgov.net\/wp-content\/uploads\/Zyra-e-Presidentes-Featured-Image1-e1678970937938.png\",\"contentUrl\":\"https:\/\/president-ksgov.net\/wp-content\/uploads\/Zyra-e-Presidentes-Featured-Image1-e1678970937938.png\",\"width\":1024,\"height\":716},{\"@type\":\"BreadcrumbList\",\"@id\":\"https:\/\/president-ksgov.net\/deklarata-e-presidentes-jahjaga-me-rastin-e-tragjedise-ne-fshatin-restelice-te-dragashit\/#breadcrumb\",\"itemListElement\":[{\"@type\":\"ListItem\",\"position\":1,\"name\":\"Home\",\"item\":\"https:\/\/president-ksgov.net\/sr\/\"},{\"@type\":\"ListItem\",\"position\":2,\"name\":\"Izjava Predsednice Jahjaga povodom tragedije u selo Restelijca Draga&#154;a\"}]},{\"@type\":\"WebSite\",\"@id\":\"https:\/\/president-ksgov.net\/#website\",\"url\":\"https:\/\/president-ksgov.net\/\",\"name\":\"Presidente e Republik\u00ebs s\u00eb Kosov\u00ebs\",\"description\":\"Presidente e Republik\u00ebs s\u00eb Kosov\u00ebs\",\"alternateName\":\"DR. VJOSA OSMANI - SADRIU\",\"potentialAction\":[{\"@type\":\"SearchAction\",\"target\":{\"@type\":\"EntryPoint\",\"urlTemplate\":\"https:\/\/president-ksgov.net\/?s={search_term_string}\"},\"query-input\":{\"@type\":\"PropertyValueSpecification\",\"valueRequired\":true,\"valueName\":\"search_term_string\"}}],\"inLanguage\":\"sr-RS\"},{\"@type\":\"Person\",\"@id\":\"https:\/\/president-ksgov.net\/#\/schema\/person\/bb4337a5fb147cb2046d80548172cbee\",\"name\":\"admin\",\"image\":{\"@type\":\"ImageObject\",\"inLanguage\":\"sr-RS\",\"@id\":\"https:\/\/president-ksgov.net\/#\/schema\/person\/image\/\",\"url\":\"https:\/\/secure.gravatar.com\/avatar\/36156ca0fa3b8d9d25174f146e16beea0cf28f37adf1b9e19b6c9c279a7c9dd3?s=96&d=mm&r=g\",\"contentUrl\":\"https:\/\/secure.gravatar.com\/avatar\/36156ca0fa3b8d9d25174f146e16beea0cf28f37adf1b9e19b6c9c279a7c9dd3?s=96&d=mm&r=g\",\"caption\":\"admin\"},\"sameAs\":[\"https:\/\/president-ksgov.net\"]}]}<\/script>\n<!-- \/ Yoast SEO plugin. -->","yoast_head_json":{"title":"Izjava Predsednice Jahjaga povodom tragedije u selo Restelijca Draga&#154;a - Predsednik Republike Kosovo - DR. VJOSA OSMANI - SADRIU","description":"Izjava Predsednice Jahjaga povodom tragedije u selo Restelijca Draga&#154;a - Predsednik Republike Kosovo - DR. VJOSA OSMANI - SADRIU -","robots":{"index":"index","follow":"follow","max-snippet":"max-snippet:-1","max-image-preview":"max-image-preview:large","max-video-preview":"max-video-preview:-1"},"canonical":"https:\/\/president-ksgov.net\/deklarata-e-presidentes-jahjaga-me-rastin-e-tragjedise-ne-fshatin-restelice-te-dragashit\/","og_locale":"sr_RS","og_type":"article","og_title":"Izjava Predsednice Jahjaga povodom tragedije u selo Restelijca Draga&#154;a - Predsednik Republike Kosovo - DR. VJOSA OSMANI - SADRIU","og_description":"Izjava Predsednice Jahjaga povodom tragedije u selo Restelijca Draga&#154;a - Predsednik Republike Kosovo - DR. VJOSA OSMANI - SADRIU -","og_url":"https:\/\/president-ksgov.net\/deklarata-e-presidentes-jahjaga-me-rastin-e-tragjedise-ne-fshatin-restelice-te-dragashit\/","og_site_name":"Predsednik Republike Kosovo - DR. VJOSA OSMANI - SADRIU","article_published_time":"2012-02-11T19:19:15+00:00","og_image":[{"width":1024,"height":716,"url":"https:\/\/president-ksgov.net\/wp-content\/uploads\/Zyra-e-Presidentes-Featured-Image1-e1678970937938.png","type":"image\/png"}],"author":"admin","twitter_card":"summary_large_image","twitter_misc":{"\u041d\u0430\u043f\u0438\u0441\u0430\u043d\u043e \u043e\u0434":"admin","\u041f\u0440\u043e\u0446\u0435\u045a\u0435\u043d\u043e \u0432\u0440\u0435\u043c\u0435 \u0447\u0438\u0442\u0430\u045a\u0430":"1 \u043c\u0438\u043d\u0443\u0442"},"schema":{"@context":"https:\/\/schema.org","@graph":[{"@type":"WebPage","@id":"https:\/\/president-ksgov.net\/deklarata-e-presidentes-jahjaga-me-rastin-e-tragjedise-ne-fshatin-restelice-te-dragashit\/","url":"https:\/\/president-ksgov.net\/deklarata-e-presidentes-jahjaga-me-rastin-e-tragjedise-ne-fshatin-restelice-te-dragashit\/","name":"Izjava Predsednice Jahjaga povodom tragedije u selo Restelijca Draga&#154;a - Predsednik Republike Kosovo - DR. VJOSA OSMANI - SADRIU","isPartOf":{"@id":"https:\/\/president-ksgov.net\/#website"},"primaryImageOfPage":{"@id":"https:\/\/president-ksgov.net\/deklarata-e-presidentes-jahjaga-me-rastin-e-tragjedise-ne-fshatin-restelice-te-dragashit\/#primaryimage"},"image":{"@id":"https:\/\/president-ksgov.net\/deklarata-e-presidentes-jahjaga-me-rastin-e-tragjedise-ne-fshatin-restelice-te-dragashit\/#primaryimage"},"thumbnailUrl":"https:\/\/president-ksgov.net\/wp-content\/uploads\/Zyra-e-Presidentes-Featured-Image1-e1678970937938.png","datePublished":"2012-02-11T19:19:15+00:00","dateModified":"2012-02-11T19:19:15+00:00","author":{"@id":"https:\/\/president-ksgov.net\/#\/schema\/person\/bb4337a5fb147cb2046d80548172cbee"},"description":"Izjava Predsednice Jahjaga povodom tragedije u selo Restelijca Draga&#154;a - Predsednik Republike Kosovo - DR. VJOSA OSMANI - SADRIU -","breadcrumb":{"@id":"https:\/\/president-ksgov.net\/deklarata-e-presidentes-jahjaga-me-rastin-e-tragjedise-ne-fshatin-restelice-te-dragashit\/#breadcrumb"},"inLanguage":"sr-RS","potentialAction":[{"@type":"ReadAction","target":["https:\/\/president-ksgov.net\/deklarata-e-presidentes-jahjaga-me-rastin-e-tragjedise-ne-fshatin-restelice-te-dragashit\/"]}]},{"@type":"ImageObject","inLanguage":"sr-RS","@id":"https:\/\/president-ksgov.net\/deklarata-e-presidentes-jahjaga-me-rastin-e-tragjedise-ne-fshatin-restelice-te-dragashit\/#primaryimage","url":"https:\/\/president-ksgov.net\/wp-content\/uploads\/Zyra-e-Presidentes-Featured-Image1-e1678970937938.png","contentUrl":"https:\/\/president-ksgov.net\/wp-content\/uploads\/Zyra-e-Presidentes-Featured-Image1-e1678970937938.png","width":1024,"height":716},{"@type":"BreadcrumbList","@id":"https:\/\/president-ksgov.net\/deklarata-e-presidentes-jahjaga-me-rastin-e-tragjedise-ne-fshatin-restelice-te-dragashit\/#breadcrumb","itemListElement":[{"@type":"ListItem","position":1,"name":"Home","item":"https:\/\/president-ksgov.net\/sr\/"},{"@type":"ListItem","position":2,"name":"Izjava Predsednice Jahjaga povodom tragedije u selo Restelijca Draga&#154;a"}]},{"@type":"WebSite","@id":"https:\/\/president-ksgov.net\/#website","url":"https:\/\/president-ksgov.net\/","name":"Presidente e Republik\u00ebs s\u00eb Kosov\u00ebs","description":"Presidente e Republik\u00ebs s\u00eb Kosov\u00ebs","alternateName":"DR. VJOSA OSMANI - SADRIU","potentialAction":[{"@type":"SearchAction","target":{"@type":"EntryPoint","urlTemplate":"https:\/\/president-ksgov.net\/?s={search_term_string}"},"query-input":{"@type":"PropertyValueSpecification","valueRequired":true,"valueName":"search_term_string"}}],"inLanguage":"sr-RS"},{"@type":"Person","@id":"https:\/\/president-ksgov.net\/#\/schema\/person\/bb4337a5fb147cb2046d80548172cbee","name":"admin","image":{"@type":"ImageObject","inLanguage":"sr-RS","@id":"https:\/\/president-ksgov.net\/#\/schema\/person\/image\/","url":"https:\/\/secure.gravatar.com\/avatar\/36156ca0fa3b8d9d25174f146e16beea0cf28f37adf1b9e19b6c9c279a7c9dd3?s=96&d=mm&r=g","contentUrl":"https:\/\/secure.gravatar.com\/avatar\/36156ca0fa3b8d9d25174f146e16beea0cf28f37adf1b9e19b6c9c279a7c9dd3?s=96&d=mm&r=g","caption":"admin"},"sameAs":["https:\/\/president-ksgov.net"]}]}},"_links":{"self":[{"href":"https:\/\/president-ksgov.net\/sr\/wp-json\/wp\/v2\/posts\/79170","targetHints":{"allow":["GET"]}}],"collection":[{"href":"https:\/\/president-ksgov.net\/sr\/wp-json\/wp\/v2\/posts"}],"about":[{"href":"https:\/\/president-ksgov.net\/sr\/wp-json\/wp\/v2\/types\/post"}],"author":[{"embeddable":true,"href":"https:\/\/president-ksgov.net\/sr\/wp-json\/wp\/v2\/users\/1"}],"replies":[{"embeddable":true,"href":"https:\/\/president-ksgov.net\/sr\/wp-json\/wp\/v2\/comments?post=79170"}],"version-history":[{"count":0,"href":"https:\/\/president-ksgov.net\/sr\/wp-json\/wp\/v2\/posts\/79170\/revisions"}],"wp:featuredmedia":[{"embeddable":true,"href":"https:\/\/president-ksgov.net\/sr\/wp-json\/wp\/v2\/media\/86338"}],"wp:attachment":[{"href":"https:\/\/president-ksgov.net\/sr\/wp-json\/wp\/v2\/media?parent=79170"}],"wp:term":[{"taxonomy":"category","embeddable":true,"href":"https:\/\/president-ksgov.net\/sr\/wp-json\/wp\/v2\/categories?post=79170"},{"taxonomy":"post_tag","embeddable":true,"href":"https:\/\/president-ksgov.net\/sr\/wp-json\/wp\/v2\/tags?post=79170"}],"curies":[{"name":"wp","href":"https:\/\/api.w.org\/{rel}","templated":true}]}}